{"id":24359,"date":"2014-10-09T08:56:37","date_gmt":"2014-10-09T11:56:37","guid":{"rendered":"http:\/\/www.notibras.com\/site\/?p=24359"},"modified":"2014-10-09T08:58:39","modified_gmt":"2014-10-09T11:58:39","slug":"prassa-volta-ao-gol-segura-tudo-e-palmeiras-derrota-botafogo","status":"publish","type":"post","link":"https:\/\/www.notibras.com\/site\/prassa-volta-ao-gol-segura-tudo-e-palmeiras-derrota-botafogo\/","title":{"rendered":"Prass volta ao gol, segura tudo e Palmeiras derrota Botafogo"},"content":{"rendered":"<p>O Palmeiras deu um importante passo para se livrar do fantasma do rebaixamento, e complicou o Botafogo na mesma luta contra a S\u00e9rie B. Nesta quarta-feira, no Est\u00e1dio do Maracan\u00e3, o time alviverde superou o rival alvinegro por 1 a 0, em duelo v\u00e1lido pela 27\u00aa rodada do Campeonato Brasileiro, e respirou na tabela.<\/p>\n<p class=\"text\">Henrique foi mais uma vez um dos her\u00f3is do Palmeiras, ao balan\u00e7ar as redes no come\u00e7o do segundo tempo. Com os tr\u00eas pontos somados, o time treinado\u00a0por Dorival J\u00fanior alcan\u00e7ou os 31 e subiu para o 12\u00ba lugar (podendo cair algumas posi\u00e7\u00f5es ainda, dependendo do complemento da rodada). J\u00e1 o Botafogo, foi parar na lanterna da S\u00e9rie A, com 26 pontos. E pior: n\u00e3o consegue sair da zona de\u00a0risco nem na\u00a0pr\u00f3xima rodada.<\/p>\n<p class=\"text\">No fim de semana, mais precisamente no s\u00e1bado, o Palmeiras pega o Gr\u00eamio, \u00e0s 21h (de Bras\u00edlia), no Est\u00e1dio Pacaembu. J\u00e1 o Botafogo busca uma arrancada no mesmo dia, contra o Corinthians, na Arena Amaz\u00f4nia.<\/p>\n<p class=\"text\">O primeiro tempo foi equilibrado em grande parte do tempo, com ligeira superioridade do Palmeiras, que teve mais volume. Usando sempre o chileno Vald\u00edvia para armar as jogadas ofensivas, o time visitante criou boas chances. Al\u00e9m disso, quando o Botafogo tentava responder, encontrava em Fernando Prass, de volta ao gol alviverde ap\u00f3s cinco meses ausente por les\u00e3o, um rival bastante inspirado.<\/p>\n<p class=\"text\">Aos 28min, Vald\u00edvia recebeu passe na entrada da \u00e1rea, se livrou dos marcadores em\u00a0velocidade e arrematou forte, mas para fora. O troco botafoguense veio aos\u00a036min. Rog\u00e9rio avan\u00e7ou\u00a0pela esquerda, ajeitou\u00a0para o meio e concluiu forte. Prass espalmou para o lado. Logo na sequ\u00eancia, J\u00fanior C\u00e9sar al\u00e7ou a bola, Matheus escorou\u00a0para o meio e Andr\u00e9 Bahia, sem marca\u00e7\u00e3o, resvalou rente ao poste esquerdo, perdendo \u00f3tima oportunidade.<\/p>\n<p class=\"text\">A resposta palmeirense foi aos\u00a043min. E por pouco Wesley n\u00e3o marcou. Ele finalizou\u00a0da entrada da \u00e1rea e a bola saiu perto da trave direita do goleiro Helton Leite, substituto de Jefferson, na Sele\u00e7\u00e3o Brasileira, e Andrey, na Sele\u00e7\u00e3o Ol\u00edmpica. A \u00faltima chance da etapa inicial tamb\u00e9m foi alviverde. Valdivia achou Cristaldo na \u00e1rea e a cabe\u00e7ada foi forte, mas Helton Leite\u00a0fez linda defesa.<\/p>\n<blockquote>\n<p class=\"text\">Na etapa final, o Palmeiras voltou com uma altera\u00e7\u00e3o: Leandro no lugar de Cristaldo. E a vis\u00e3o de Dorival J\u00fanior funcionou logo aos 4min. Leandro brigou pela bola na ponta esquerda e tocou para Vald\u00edvia. O chileno protegeu bem, girou sob a marca\u00e7\u00e3o dupla e cruzou para Henrique. Mesmo desajeitado, o centroavante bateu no canto e abriu o marcador no Maracan\u00e3. Foi o 13\u00ba gol dele na S\u00e9rie A 2014, se tornando o artilheiro ao lado do cruzeirense Marcelo Moreno.<\/p>\n<\/blockquote>\n<p class=\"text\">O Botafogo respondeu e assustou aos 19min.\u00a0Wallyson carregou pelo meio e arriscou forte chute de fora. A bola passou \u00e0 esquerda de\u00a0Prass. A resposta palmeirense demorou a vir, mas quase foi fatal ao Botafogo. Aos 35min, ap\u00f3s mais uma boa jogada de Vald\u00edvia,\u00a0Leandro recebeu na marca do p\u00eanalti e chutou convicto, mas a bola desviou na zaga e foi para fora.<\/p>\n<p class=\"text\">Com o Botafogo em busca do empate, a partida ganhou em emo\u00e7\u00e3o. Aos 38min, Rog\u00e9rio arriscou da entrada da \u00e1rea e Prass mostrou que est\u00e1 recuperado de les\u00e3o ao fazer excelente defesa. Da\u00ed at\u00e9 o apito final do \u00e1rbitro, o Botafogo manteve a press\u00e3o em busca da igualdade, enquanto o Palmeiras assustava sempre em contra-ataques. Melhor para os visitantes, que conseguiram os tr\u00eas pontos e alcan\u00e7aram a segunda vit\u00f3ria seguida na competi\u00e7\u00e3o, fato que n\u00e3o ocorria desde 18 de maio, com a sequ\u00eancia contra Goi\u00e1s e Vit\u00f3ria.<\/p>\n","protected":false},"excerpt":{"rendered":"<p>O Palmeiras deu um importante passo para se livrar do fantasma do rebaixamento, e complicou o Botafogo na mesma luta contra a S\u00e9rie B. Nesta quarta-feira, no Est\u00e1dio do Maracan\u00e3, o time alviverde superou o rival alvinegro por 1 a 0, em duelo v\u00e1lido pela 27\u00aa rodada do Campeonato Brasileiro, e respirou na tabela. Henrique [&hellip;]<\/p>\n","protected":false},"author":2,"featured_media":24360,"comment_status":"open","ping_status":"closed","sticky":false,"template":"","format":"standard","meta":{"_acf_changed":false,"footnotes":""},"categories":[19,29],"tags":[],"class_list":["post-24359","post","type-post","status-publish","format-standard","has-post-thumbnail","hentry","category-esportes","category-futebol"],"acf":[],"yoast_head":"<!-- This site is optimized with the Yoast SEO plugin v27.2 - https:\/\/yoast.com\/product\/yoast-seo-wordpress\/ -->\n<title>Prass volta ao gol, segura tudo e Palmeiras derrota Botafogo - Notibras<\/title>\n<meta name=\"robots\" content=\"index, follow, max-snippet:-1, max-image-preview:large, max-video-preview:-1\" \/>\n<link rel=\"canonical\" href=\"https:\/\/www.notibras.com\/site\/prassa-volta-ao-gol-segura-tudo-e-palmeiras-derrota-botafogo\/\" \/>\n<meta property=\"og:locale\" content=\"pt_BR\" \/>\n<meta property=\"og:type\" content=\"article\" \/>\n<meta property=\"og:title\" content=\"Prass volta ao gol, segura tudo e Palmeiras derrota Botafogo - Notibras\" \/>\n<meta property=\"og:description\" content=\"O Palmeiras deu um importante passo para se livrar do fantasma do rebaixamento, e complicou o Botafogo na mesma luta contra a S\u00e9rie B. Nesta quarta-feira, no Est\u00e1dio do Maracan\u00e3, o time alviverde superou o rival alvinegro por 1 a 0, em duelo v\u00e1lido pela 27\u00aa rodada do Campeonato Brasileiro, e respirou na tabela. Henrique [&hellip;]\" \/>\n<meta property=\"og:url\" content=\"https:\/\/www.notibras.com\/site\/prassa-volta-ao-gol-segura-tudo-e-palmeiras-derrota-botafogo\/\" \/>\n<meta property=\"og:site_name\" content=\"Notibras\" \/>\n<meta property=\"article:publisher\" content=\"https:\/\/www.facebook.com\/notibras\/\" \/>\n<meta property=\"article:published_time\" content=\"2014-10-09T11:56:37+00:00\" \/>\n<meta property=\"article:modified_time\" content=\"2014-10-09T11:58:39+00:00\" \/>\n<meta property=\"og:image\" content=\"https:\/\/www.notibras.com\/site\/wp-content\/uploads\/2014\/10\/08prassdevoltapalmeirasdhavidnormandofp.jpg\" \/>\n\t<meta property=\"og:image:width\" content=\"460\" \/>\n\t<meta property=\"og:image:height\" content=\"340\" \/>\n\t<meta property=\"og:image:type\" content=\"image\/jpeg\" \/>\n<meta name=\"author\" content=\"Reda\u00e7\u00e3o\" \/>\n<meta name=\"twitter:card\" content=\"summary_large_image\" \/>\n<meta name=\"twitter:creator\" content=\"@Notibras\" \/>\n<meta name=\"twitter:site\" content=\"@Notibras\" \/>\n<meta name=\"twitter:label1\" content=\"Escrito por\" \/>\n\t<meta name=\"twitter:data1\" content=\"Reda\u00e7\u00e3o\" \/>\n\t<meta name=\"twitter:label2\" content=\"Est. tempo de leitura\" \/>\n\t<meta name=\"twitter:data2\" content=\"3 minutos\" \/>\n<script type=\"application\/ld+json\" class=\"yoast-schema-graph\">{\"@context\":\"https:\/\/schema.org\",\"@graph\":[{\"@type\":\"Article\",\"@id\":\"https:\/\/www.notibras.com\/site\/prassa-volta-ao-gol-segura-tudo-e-palmeiras-derrota-botafogo\/#article\",\"isPartOf\":{\"@id\":\"https:\/\/www.notibras.com\/site\/prassa-volta-ao-gol-segura-tudo-e-palmeiras-derrota-botafogo\/\"},\"author\":{\"name\":\"Reda\u00e7\u00e3o\",\"@id\":\"https:\/\/www.notibras.com\/site\/#\/schema\/person\/36ab0979449956132d3e5b517ea76ac8\"},\"headline\":\"Prass volta ao gol, segura tudo e Palmeiras derrota Botafogo\",\"datePublished\":\"2014-10-09T11:56:37+00:00\",\"dateModified\":\"2014-10-09T11:58:39+00:00\",\"mainEntityOfPage\":{\"@id\":\"https:\/\/www.notibras.com\/site\/prassa-volta-ao-gol-segura-tudo-e-palmeiras-derrota-botafogo\/\"},\"wordCount\":648,\"commentCount\":0,\"publisher\":{\"@id\":\"https:\/\/www.notibras.com\/site\/#organization\"},\"image\":{\"@id\":\"https:\/\/www.notibras.com\/site\/prassa-volta-ao-gol-segura-tudo-e-palmeiras-derrota-botafogo\/#primaryimage\"},\"thumbnailUrl\":\"https:\/\/www.notibras.com\/site\/wp-content\/uploads\/2014\/10\/08prassdevoltapalmeirasdhavidnormandofp.jpg\",\"articleSection\":[\"Esportes\",\"Futebol\"],\"inLanguage\":\"pt-BR\",\"potentialAction\":[{\"@type\":\"CommentAction\",\"name\":\"Comment\",\"target\":[\"https:\/\/www.notibras.com\/site\/prassa-volta-ao-gol-segura-tudo-e-palmeiras-derrota-botafogo\/#respond\"]}]},{\"@type\":\"WebPage\",\"@id\":\"https:\/\/www.notibras.com\/site\/prassa-volta-ao-gol-segura-tudo-e-palmeiras-derrota-botafogo\/\",\"url\":\"https:\/\/www.notibras.com\/site\/prassa-volta-ao-gol-segura-tudo-e-palmeiras-derrota-botafogo\/\",\"name\":\"Prass volta ao gol, segura tudo e Palmeiras derrota Botafogo - Notibras\",\"isPartOf\":{\"@id\":\"https:\/\/www.notibras.com\/site\/#website\"},\"primaryImageOfPage\":{\"@id\":\"https:\/\/www.notibras.com\/site\/prassa-volta-ao-gol-segura-tudo-e-palmeiras-derrota-botafogo\/#primaryimage\"},\"image\":{\"@id\":\"https:\/\/www.notibras.com\/site\/prassa-volta-ao-gol-segura-tudo-e-palmeiras-derrota-botafogo\/#primaryimage\"},\"thumbnailUrl\":\"https:\/\/www.notibras.com\/site\/wp-content\/uploads\/2014\/10\/08prassdevoltapalmeirasdhavidnormandofp.jpg\",\"datePublished\":\"2014-10-09T11:56:37+00:00\",\"dateModified\":\"2014-10-09T11:58:39+00:00\",\"breadcrumb\":{\"@id\":\"https:\/\/www.notibras.com\/site\/prassa-volta-ao-gol-segura-tudo-e-palmeiras-derrota-botafogo\/#breadcrumb\"},\"inLanguage\":\"pt-BR\",\"potentialAction\":[{\"@type\":\"ReadAction\",\"target\":[\"https:\/\/www.notibras.com\/site\/prassa-volta-ao-gol-segura-tudo-e-palmeiras-derrota-botafogo\/\"]}]},{\"@type\":\"ImageObject\",\"inLanguage\":\"pt-BR\",\"@id\":\"https:\/\/www.notibras.com\/site\/prassa-volta-ao-gol-segura-tudo-e-palmeiras-derrota-botafogo\/#primaryimage\",\"url\":\"https:\/\/www.notibras.com\/site\/wp-content\/uploads\/2014\/10\/08prassdevoltapalmeirasdhavidnormandofp.jpg\",\"contentUrl\":\"https:\/\/www.notibras.com\/site\/wp-content\/uploads\/2014\/10\/08prassdevoltapalmeirasdhavidnormandofp.jpg\",\"width\":460,\"height\":340},{\"@type\":\"BreadcrumbList\",\"@id\":\"https:\/\/www.notibras.com\/site\/prassa-volta-ao-gol-segura-tudo-e-palmeiras-derrota-botafogo\/#breadcrumb\",\"itemListElement\":[{\"@type\":\"ListItem\",\"position\":1,\"name\":\"In\u00edcio\",\"item\":\"https:\/\/www.notibras.com\/site\/\"},{\"@type\":\"ListItem\",\"position\":2,\"name\":\"Prass volta ao gol, segura tudo e Palmeiras derrota Botafogo\"}]},{\"@type\":\"WebSite\",\"@id\":\"https:\/\/www.notibras.com\/site\/#website\",\"url\":\"https:\/\/www.notibras.com\/site\/\",\"name\":\"Notibras\",\"description\":\"Not\u00edcias de Bras\u00edlia, do Brasil e do Mundo\",\"publisher\":{\"@id\":\"https:\/\/www.notibras.com\/site\/#organization\"},\"potentialAction\":[{\"@type\":\"SearchAction\",\"target\":{\"@type\":\"EntryPoint\",\"urlTemplate\":\"https:\/\/www.notibras.com\/site\/?s={search_term_string}\"},\"query-input\":{\"@type\":\"PropertyValueSpecification\",\"valueRequired\":true,\"valueName\":\"search_term_string\"}}],\"inLanguage\":\"pt-BR\"},{\"@type\":\"Organization\",\"@id\":\"https:\/\/www.notibras.com\/site\/#organization\",\"name\":\"Grupo Notibras de Comunica\u00e7\u00e3o\",\"url\":\"https:\/\/www.notibras.com\/site\/\",\"logo\":{\"@type\":\"ImageObject\",\"inLanguage\":\"pt-BR\",\"@id\":\"https:\/\/www.notibras.com\/site\/#\/schema\/logo\/image\/\",\"url\":\"https:\/\/www.notibras.com\/site\/wp-content\/uploads\/2023\/01\/notibras23.png\",\"contentUrl\":\"https:\/\/www.notibras.com\/site\/wp-content\/uploads\/2023\/01\/notibras23.png\",\"width\":350,\"height\":87,\"caption\":\"Grupo Notibras de Comunica\u00e7\u00e3o\"},\"image\":{\"@id\":\"https:\/\/www.notibras.com\/site\/#\/schema\/logo\/image\/\"},\"sameAs\":[\"https:\/\/www.facebook.com\/notibras\/\",\"https:\/\/x.com\/Notibras\",\"https:\/\/www.instagram.com\/notibras\/\"]},{\"@type\":\"Person\",\"@id\":\"https:\/\/www.notibras.com\/site\/#\/schema\/person\/36ab0979449956132d3e5b517ea76ac8\",\"name\":\"Reda\u00e7\u00e3o\",\"image\":{\"@type\":\"ImageObject\",\"inLanguage\":\"pt-BR\",\"@id\":\"https:\/\/secure.gravatar.com\/avatar\/e0a867bdedb85fd243eadf09663511f96fc81e0720a4a42581f334ad4303aa6b?s=96&d=mm&r=g\",\"url\":\"https:\/\/secure.gravatar.com\/avatar\/e0a867bdedb85fd243eadf09663511f96fc81e0720a4a42581f334ad4303aa6b?s=96&d=mm&r=g\",\"contentUrl\":\"https:\/\/secure.gravatar.com\/avatar\/e0a867bdedb85fd243eadf09663511f96fc81e0720a4a42581f334ad4303aa6b?s=96&d=mm&r=g\",\"caption\":\"Reda\u00e7\u00e3o\"}}]}<\/script>\n<!-- \/ Yoast SEO plugin. -->","yoast_head_json":{"title":"Prass volta ao gol, segura tudo e Palmeiras derrota Botafogo - Notibras","robots":{"index":"index","follow":"follow","max-snippet":"max-snippet:-1","max-image-preview":"max-image-preview:large","max-video-preview":"max-video-preview:-1"},"canonical":"https:\/\/www.notibras.com\/site\/prassa-volta-ao-gol-segura-tudo-e-palmeiras-derrota-botafogo\/","og_locale":"pt_BR","og_type":"article","og_title":"Prass volta ao gol, segura tudo e Palmeiras derrota Botafogo - Notibras","og_description":"O Palmeiras deu um importante passo para se livrar do fantasma do rebaixamento, e complicou o Botafogo na mesma luta contra a S\u00e9rie B. Nesta quarta-feira, no Est\u00e1dio do Maracan\u00e3, o time alviverde superou o rival alvinegro por 1 a 0, em duelo v\u00e1lido pela 27\u00aa rodada do Campeonato Brasileiro, e respirou na tabela. Henrique [&hellip;]","og_url":"https:\/\/www.notibras.com\/site\/prassa-volta-ao-gol-segura-tudo-e-palmeiras-derrota-botafogo\/","og_site_name":"Notibras","article_publisher":"https:\/\/www.facebook.com\/notibras\/","article_published_time":"2014-10-09T11:56:37+00:00","article_modified_time":"2014-10-09T11:58:39+00:00","og_image":[{"width":460,"height":340,"url":"https:\/\/www.notibras.com\/site\/wp-content\/uploads\/2014\/10\/08prassdevoltapalmeirasdhavidnormandofp.jpg","type":"image\/jpeg"}],"author":"Reda\u00e7\u00e3o","twitter_card":"summary_large_image","twitter_creator":"@Notibras","twitter_site":"@Notibras","twitter_misc":{"Escrito por":"Reda\u00e7\u00e3o","Est. tempo de leitura":"3 minutos"},"schema":{"@context":"https:\/\/schema.org","@graph":[{"@type":"Article","@id":"https:\/\/www.notibras.com\/site\/prassa-volta-ao-gol-segura-tudo-e-palmeiras-derrota-botafogo\/#article","isPartOf":{"@id":"https:\/\/www.notibras.com\/site\/prassa-volta-ao-gol-segura-tudo-e-palmeiras-derrota-botafogo\/"},"author":{"name":"Reda\u00e7\u00e3o","@id":"https:\/\/www.notibras.com\/site\/#\/schema\/person\/36ab0979449956132d3e5b517ea76ac8"},"headline":"Prass volta ao gol, segura tudo e Palmeiras derrota Botafogo","datePublished":"2014-10-09T11:56:37+00:00","dateModified":"2014-10-09T11:58:39+00:00","mainEntityOfPage":{"@id":"https:\/\/www.notibras.com\/site\/prassa-volta-ao-gol-segura-tudo-e-palmeiras-derrota-botafogo\/"},"wordCount":648,"commentCount":0,"publisher":{"@id":"https:\/\/www.notibras.com\/site\/#organization"},"image":{"@id":"https:\/\/www.notibras.com\/site\/prassa-volta-ao-gol-segura-tudo-e-palmeiras-derrota-botafogo\/#primaryimage"},"thumbnailUrl":"https:\/\/www.notibras.com\/site\/wp-content\/uploads\/2014\/10\/08prassdevoltapalmeirasdhavidnormandofp.jpg","articleSection":["Esportes","Futebol"],"inLanguage":"pt-BR","potentialAction":[{"@type":"CommentAction","name":"Comment","target":["https:\/\/www.notibras.com\/site\/prassa-volta-ao-gol-segura-tudo-e-palmeiras-derrota-botafogo\/#respond"]}]},{"@type":"WebPage","@id":"https:\/\/www.notibras.com\/site\/prassa-volta-ao-gol-segura-tudo-e-palmeiras-derrota-botafogo\/","url":"https:\/\/www.notibras.com\/site\/prassa-volta-ao-gol-segura-tudo-e-palmeiras-derrota-botafogo\/","name":"Prass volta ao gol, segura tudo e Palmeiras derrota Botafogo - Notibras","isPartOf":{"@id":"https:\/\/www.notibras.com\/site\/#website"},"primaryImageOfPage":{"@id":"https:\/\/www.notibras.com\/site\/prassa-volta-ao-gol-segura-tudo-e-palmeiras-derrota-botafogo\/#primaryimage"},"image":{"@id":"https:\/\/www.notibras.com\/site\/prassa-volta-ao-gol-segura-tudo-e-palmeiras-derrota-botafogo\/#primaryimage"},"thumbnailUrl":"https:\/\/www.notibras.com\/site\/wp-content\/uploads\/2014\/10\/08prassdevoltapalmeirasdhavidnormandofp.jpg","datePublished":"2014-10-09T11:56:37+00:00","dateModified":"2014-10-09T11:58:39+00:00","breadcrumb":{"@id":"https:\/\/www.notibras.com\/site\/prassa-volta-ao-gol-segura-tudo-e-palmeiras-derrota-botafogo\/#breadcrumb"},"inLanguage":"pt-BR","potentialAction":[{"@type":"ReadAction","target":["https:\/\/www.notibras.com\/site\/prassa-volta-ao-gol-segura-tudo-e-palmeiras-derrota-botafogo\/"]}]},{"@type":"ImageObject","inLanguage":"pt-BR","@id":"https:\/\/www.notibras.com\/site\/prassa-volta-ao-gol-segura-tudo-e-palmeiras-derrota-botafogo\/#primaryimage","url":"https:\/\/www.notibras.com\/site\/wp-content\/uploads\/2014\/10\/08prassdevoltapalmeirasdhavidnormandofp.jpg","contentUrl":"https:\/\/www.notibras.com\/site\/wp-content\/uploads\/2014\/10\/08prassdevoltapalmeirasdhavidnormandofp.jpg","width":460,"height":340},{"@type":"BreadcrumbList","@id":"https:\/\/www.notibras.com\/site\/prassa-volta-ao-gol-segura-tudo-e-palmeiras-derrota-botafogo\/#breadcrumb","itemListElement":[{"@type":"ListItem","position":1,"name":"In\u00edcio","item":"https:\/\/www.notibras.com\/site\/"},{"@type":"ListItem","position":2,"name":"Prass volta ao gol, segura tudo e Palmeiras derrota Botafogo"}]},{"@type":"WebSite","@id":"https:\/\/www.notibras.com\/site\/#website","url":"https:\/\/www.notibras.com\/site\/","name":"Notibras","description":"Not\u00edcias de Bras\u00edlia, do Brasil e do Mundo","publisher":{"@id":"https:\/\/www.notibras.com\/site\/#organization"},"potentialAction":[{"@type":"SearchAction","target":{"@type":"EntryPoint","urlTemplate":"https:\/\/www.notibras.com\/site\/?s={search_term_string}"},"query-input":{"@type":"PropertyValueSpecification","valueRequired":true,"valueName":"search_term_string"}}],"inLanguage":"pt-BR"},{"@type":"Organization","@id":"https:\/\/www.notibras.com\/site\/#organization","name":"Grupo Notibras de Comunica\u00e7\u00e3o","url":"https:\/\/www.notibras.com\/site\/","logo":{"@type":"ImageObject","inLanguage":"pt-BR","@id":"https:\/\/www.notibras.com\/site\/#\/schema\/logo\/image\/","url":"https:\/\/www.notibras.com\/site\/wp-content\/uploads\/2023\/01\/notibras23.png","contentUrl":"https:\/\/www.notibras.com\/site\/wp-content\/uploads\/2023\/01\/notibras23.png","width":350,"height":87,"caption":"Grupo Notibras de Comunica\u00e7\u00e3o"},"image":{"@id":"https:\/\/www.notibras.com\/site\/#\/schema\/logo\/image\/"},"sameAs":["https:\/\/www.facebook.com\/notibras\/","https:\/\/x.com\/Notibras","https:\/\/www.instagram.com\/notibras\/"]},{"@type":"Person","@id":"https:\/\/www.notibras.com\/site\/#\/schema\/person\/36ab0979449956132d3e5b517ea76ac8","name":"Reda\u00e7\u00e3o","image":{"@type":"ImageObject","inLanguage":"pt-BR","@id":"https:\/\/secure.gravatar.com\/avatar\/e0a867bdedb85fd243eadf09663511f96fc81e0720a4a42581f334ad4303aa6b?s=96&d=mm&r=g","url":"https:\/\/secure.gravatar.com\/avatar\/e0a867bdedb85fd243eadf09663511f96fc81e0720a4a42581f334ad4303aa6b?s=96&d=mm&r=g","contentUrl":"https:\/\/secure.gravatar.com\/avatar\/e0a867bdedb85fd243eadf09663511f96fc81e0720a4a42581f334ad4303aa6b?s=96&d=mm&r=g","caption":"Reda\u00e7\u00e3o"}}]}},"amp_enabled":true,"_links":{"self":[{"href":"https:\/\/www.notibras.com\/site\/wp-json\/wp\/v2\/posts\/24359","targetHints":{"allow":["GET"]}}],"collection":[{"href":"https:\/\/www.notibras.com\/site\/wp-json\/wp\/v2\/posts"}],"about":[{"href":"https:\/\/www.notibras.com\/site\/wp-json\/wp\/v2\/types\/post"}],"author":[{"embeddable":true,"href":"https:\/\/www.notibras.com\/site\/wp-json\/wp\/v2\/users\/2"}],"replies":[{"embeddable":true,"href":"https:\/\/www.notibras.com\/site\/wp-json\/wp\/v2\/comments?post=24359"}],"version-history":[{"count":0,"href":"https:\/\/www.notibras.com\/site\/wp-json\/wp\/v2\/posts\/24359\/revisions"}],"wp:featuredmedia":[{"embeddable":true,"href":"https:\/\/www.notibras.com\/site\/wp-json\/wp\/v2\/media\/24360"}],"wp:attachment":[{"href":"https:\/\/www.notibras.com\/site\/wp-json\/wp\/v2\/media?parent=24359"}],"wp:term":[{"taxonomy":"category","embeddable":true,"href":"https:\/\/www.notibras.com\/site\/wp-json\/wp\/v2\/categories?post=24359"},{"taxonomy":"post_tag","embeddable":true,"href":"https:\/\/www.notibras.com\/site\/wp-json\/wp\/v2\/tags?post=24359"}],"curies":[{"name":"wp","href":"https:\/\/api.w.org\/{rel}","templated":true}]}}