{"id":24403,"date":"2014-10-09T20:17:56","date_gmt":"2014-10-09T23:17:56","guid":{"rendered":"http:\/\/www.notibras.com\/site\/?p=24403"},"modified":"2014-10-10T09:52:27","modified_gmt":"2014-10-10T12:52:27","slug":"paulo-roberto-detona-bomba-da-propina-da-petrobras-e-estilhacos-devem-atingir-dilma-rousseff","status":"publish","type":"post","link":"https:\/\/www.notibras.com\/site\/paulo-roberto-detona-bomba-da-propina-da-petrobras-e-estilhacos-devem-atingir-dilma-rousseff\/","title":{"rendered":"Estilha\u00e7os da bomba da propina da Petrobras devem atingir Dilma"},"content":{"rendered":"<p>As revela\u00e7\u00f5es de Paulo Roberto Costa, ex-diretor da Petrobras que ganhou liberdade com a dela\u00e7\u00e3o premiada do esquema de propinas na estatal, ca\u00edram como uma bomba de fragmenta\u00e7\u00e3o na campanha da presidente Dilma Rousseff, que tenta a reelei\u00e7\u00e3o. E sobrou estilha\u00e7os para o PT e o PMDB. Os danos, no in\u00edcio da campanha do segundo turno, podem ser irrepar\u00e1veis.<\/p>\n<p>\u00c1udios com o depoimento de Paulo Roberto foram vazados e colocador no ar pela Globonews. O PT recebia propina. &#8220;Em rela\u00e7\u00e3o \u00e0 Diretoria de Servi\u00e7os, todos sabiam que eu tinha um percentual desses contratos da \u00e1rea de Abastecimento. Dos 3%, 2% eram para atender ao PT, atrav\u00e9s da Diretoria de Servi\u00e7os&#8221;, disse Paulo Roberto.<\/p>\n<p>A\u00e9cio Neves, candidato do PSDB \u00e0 Presid\u00eancia da Rep\u00fablica, disse que o esc\u00e2ndalo da Petrobras \u00e9 &#8220;o maior da hist\u00f3ria&#8221;. Em entrevista no comit\u00ea de campanha no Rio de Janeiro, o senador tucano afirmou que o governo do PT promoveu um aparelhamento sem igual da m\u00e1quina p\u00fablica.<\/p>\n<blockquote><p>&#8220;Estamos assistindo ao maior esc\u00e2ndalo da hist\u00f3ria. Houve o aparelhamento de Estado a tal ponto de que o compromisso das institui\u00e7\u00f5es passou a ser com a &#8216;companheirada&#8217;, e n\u00e3o com a sociedade ou o povo brasileiro. Teremos que fazer o desmonte desse aparelhamento sem igual da m\u00e1quina p\u00fablica. [O esc\u00e2ndalo mostra que] deixou de ser uma quest\u00e3o pessoal para se tornar uma articula\u00e7\u00e3o de partido. Esse castelo de cartas em que se transformou o governo do PT est\u00e1 desmoronando&#8221;, enfatizou A\u00e9cio.<\/p><\/blockquote>\n<p>Em Aracaju, onde cumpriu agenda \u00e0 tarde, Dilma evitou comentar o esc\u00e2ndalo. Como tem feito nos \u00faltimos dias, Dilma voltou a criticar o ex-presidente Fernando Henrique Cardoso (PSDB). &#8220;Quero aqui manifestar meu rep\u00fadio por uma fala preconceituosa de um ex-presidente&#8221;. Ela n\u00e3o deu entrevista aos jornalistas.<\/p>\n<p>Em nota assinada pelo deputado Rui Falc\u00e3o, presidente da legenda, o PT garantiu que as acusa\u00e7\u00f5es \u2018s\u00e3o caluniosas e que o partido repudia com veem\u00eancia e indigna\u00e7\u00e3o as declara\u00e7\u00f5es\u2019.<\/p>\n","protected":false},"excerpt":{"rendered":"<p>As revela\u00e7\u00f5es de Paulo Roberto Costa, ex-diretor da Petrobras que ganhou liberdade com a dela\u00e7\u00e3o premiada do esquema de propinas na estatal, ca\u00edram como uma bomba de fragmenta\u00e7\u00e3o na campanha da presidente Dilma Rousseff, que tenta a reelei\u00e7\u00e3o. E sobrou estilha\u00e7os para o PT e o PMDB. Os danos, no in\u00edcio da campanha do segundo [&hellip;]<\/p>\n","protected":false},"author":2,"featured_media":24404,"comment_status":"open","ping_status":"closed","sticky":false,"template":"","format":"standard","meta":{"_acf_changed":false,"footnotes":""},"categories":[33],"tags":[],"class_list":["post-24403","post","type-post","status-publish","format-standard","has-post-thumbnail","hentry","category-eleicoes-2014"],"acf":[],"yoast_head":"<!-- This site is optimized with the Yoast SEO plugin v27.5 - https:\/\/yoast.com\/product\/yoast-seo-wordpress\/ -->\n<title>Estilha\u00e7os da bomba da propina da Petrobras devem atingir Dilma - Notibras<\/title>\n<meta name=\"robots\" content=\"index, follow, max-snippet:-1, max-image-preview:large, max-video-preview:-1\" \/>\n<link rel=\"canonical\" href=\"https:\/\/www.notibras.com\/site\/paulo-roberto-detona-bomba-da-propina-da-petrobras-e-estilhacos-devem-atingir-dilma-rousseff\/\" \/>\n<meta property=\"og:locale\" content=\"pt_BR\" \/>\n<meta property=\"og:type\" content=\"article\" \/>\n<meta property=\"og:title\" content=\"Estilha\u00e7os da bomba da propina da Petrobras devem atingir Dilma - Notibras\" \/>\n<meta property=\"og:description\" content=\"As revela\u00e7\u00f5es de Paulo Roberto Costa, ex-diretor da Petrobras que ganhou liberdade com a dela\u00e7\u00e3o premiada do esquema de propinas na estatal, ca\u00edram como uma bomba de fragmenta\u00e7\u00e3o na campanha da presidente Dilma Rousseff, que tenta a reelei\u00e7\u00e3o. E sobrou estilha\u00e7os para o PT e o PMDB. Os danos, no in\u00edcio da campanha do segundo [&hellip;]\" \/>\n<meta property=\"og:url\" content=\"https:\/\/www.notibras.com\/site\/paulo-roberto-detona-bomba-da-propina-da-petrobras-e-estilhacos-devem-atingir-dilma-rousseff\/\" \/>\n<meta property=\"og:site_name\" content=\"Notibras\" \/>\n<meta property=\"article:publisher\" content=\"https:\/\/www.facebook.com\/notibras\/\" \/>\n<meta property=\"article:published_time\" content=\"2014-10-09T23:17:56+00:00\" \/>\n<meta property=\"article:modified_time\" content=\"2014-10-10T12:52:27+00:00\" \/>\n<meta property=\"og:image\" content=\"https:\/\/www.notibras.com\/site\/wp-content\/uploads\/2014\/10\/Paulo-Roberto-Costa-REUTERS-Ueslei-Marcelino-17set1982.jpg\" \/>\n\t<meta property=\"og:image:width\" content=\"600\" \/>\n\t<meta property=\"og:image:height\" content=\"315\" \/>\n\t<meta property=\"og:image:type\" content=\"image\/jpeg\" \/>\n<meta name=\"author\" content=\"Reda\u00e7\u00e3o\" \/>\n<meta name=\"twitter:card\" content=\"summary_large_image\" \/>\n<meta name=\"twitter:creator\" content=\"@Notibras\" \/>\n<meta name=\"twitter:site\" content=\"@Notibras\" \/>\n<meta name=\"twitter:label1\" content=\"Escrito por\" \/>\n\t<meta name=\"twitter:data1\" content=\"Reda\u00e7\u00e3o\" \/>\n\t<meta name=\"twitter:label2\" content=\"Est. tempo de leitura\" \/>\n\t<meta name=\"twitter:data2\" content=\"2 minutos\" \/>\n<script type=\"application\/ld+json\" class=\"yoast-schema-graph\">{\"@context\":\"https:\\\/\\\/schema.org\",\"@graph\":[{\"@type\":\"Article\",\"@id\":\"https:\\\/\\\/www.notibras.com\\\/site\\\/paulo-roberto-detona-bomba-da-propina-da-petrobras-e-estilhacos-devem-atingir-dilma-rousseff\\\/#article\",\"isPartOf\":{\"@id\":\"https:\\\/\\\/www.notibras.com\\\/site\\\/paulo-roberto-detona-bomba-da-propina-da-petrobras-e-estilhacos-devem-atingir-dilma-rousseff\\\/\"},\"author\":{\"name\":\"Reda\u00e7\u00e3o\",\"@id\":\"https:\\\/\\\/www.notibras.com\\\/site\\\/#\\\/schema\\\/person\\\/36ab0979449956132d3e5b517ea76ac8\"},\"headline\":\"Estilha\u00e7os da bomba da propina da Petrobras devem atingir Dilma\",\"datePublished\":\"2014-10-09T23:17:56+00:00\",\"dateModified\":\"2014-10-10T12:52:27+00:00\",\"mainEntityOfPage\":{\"@id\":\"https:\\\/\\\/www.notibras.com\\\/site\\\/paulo-roberto-detona-bomba-da-propina-da-petrobras-e-estilhacos-devem-atingir-dilma-rousseff\\\/\"},\"wordCount\":359,\"commentCount\":0,\"publisher\":{\"@id\":\"https:\\\/\\\/www.notibras.com\\\/site\\\/#organization\"},\"image\":{\"@id\":\"https:\\\/\\\/www.notibras.com\\\/site\\\/paulo-roberto-detona-bomba-da-propina-da-petrobras-e-estilhacos-devem-atingir-dilma-rousseff\\\/#primaryimage\"},\"thumbnailUrl\":\"https:\\\/\\\/www.notibras.com\\\/site\\\/wp-content\\\/uploads\\\/2014\\\/10\\\/Paulo-Roberto-Costa-REUTERS-Ueslei-Marcelino-17set1982.jpg\",\"articleSection\":[\"Elei\u00e7\u00f5es 2014\"],\"inLanguage\":\"pt-BR\",\"potentialAction\":[{\"@type\":\"CommentAction\",\"name\":\"Comment\",\"target\":[\"https:\\\/\\\/www.notibras.com\\\/site\\\/paulo-roberto-detona-bomba-da-propina-da-petrobras-e-estilhacos-devem-atingir-dilma-rousseff\\\/#respond\"]}]},{\"@type\":\"WebPage\",\"@id\":\"https:\\\/\\\/www.notibras.com\\\/site\\\/paulo-roberto-detona-bomba-da-propina-da-petrobras-e-estilhacos-devem-atingir-dilma-rousseff\\\/\",\"url\":\"https:\\\/\\\/www.notibras.com\\\/site\\\/paulo-roberto-detona-bomba-da-propina-da-petrobras-e-estilhacos-devem-atingir-dilma-rousseff\\\/\",\"name\":\"Estilha\u00e7os da bomba da propina da Petrobras devem atingir Dilma - Notibras\",\"isPartOf\":{\"@id\":\"https:\\\/\\\/www.notibras.com\\\/site\\\/#website\"},\"primaryImageOfPage\":{\"@id\":\"https:\\\/\\\/www.notibras.com\\\/site\\\/paulo-roberto-detona-bomba-da-propina-da-petrobras-e-estilhacos-devem-atingir-dilma-rousseff\\\/#primaryimage\"},\"image\":{\"@id\":\"https:\\\/\\\/www.notibras.com\\\/site\\\/paulo-roberto-detona-bomba-da-propina-da-petrobras-e-estilhacos-devem-atingir-dilma-rousseff\\\/#primaryimage\"},\"thumbnailUrl\":\"https:\\\/\\\/www.notibras.com\\\/site\\\/wp-content\\\/uploads\\\/2014\\\/10\\\/Paulo-Roberto-Costa-REUTERS-Ueslei-Marcelino-17set1982.jpg\",\"datePublished\":\"2014-10-09T23:17:56+00:00\",\"dateModified\":\"2014-10-10T12:52:27+00:00\",\"breadcrumb\":{\"@id\":\"https:\\\/\\\/www.notibras.com\\\/site\\\/paulo-roberto-detona-bomba-da-propina-da-petrobras-e-estilhacos-devem-atingir-dilma-rousseff\\\/#breadcrumb\"},\"inLanguage\":\"pt-BR\",\"potentialAction\":[{\"@type\":\"ReadAction\",\"target\":[\"https:\\\/\\\/www.notibras.com\\\/site\\\/paulo-roberto-detona-bomba-da-propina-da-petrobras-e-estilhacos-devem-atingir-dilma-rousseff\\\/\"]}]},{\"@type\":\"ImageObject\",\"inLanguage\":\"pt-BR\",\"@id\":\"https:\\\/\\\/www.notibras.com\\\/site\\\/paulo-roberto-detona-bomba-da-propina-da-petrobras-e-estilhacos-devem-atingir-dilma-rousseff\\\/#primaryimage\",\"url\":\"https:\\\/\\\/www.notibras.com\\\/site\\\/wp-content\\\/uploads\\\/2014\\\/10\\\/Paulo-Roberto-Costa-REUTERS-Ueslei-Marcelino-17set1982.jpg\",\"contentUrl\":\"https:\\\/\\\/www.notibras.com\\\/site\\\/wp-content\\\/uploads\\\/2014\\\/10\\\/Paulo-Roberto-Costa-REUTERS-Ueslei-Marcelino-17set1982.jpg\",\"width\":600,\"height\":315},{\"@type\":\"BreadcrumbList\",\"@id\":\"https:\\\/\\\/www.notibras.com\\\/site\\\/paulo-roberto-detona-bomba-da-propina-da-petrobras-e-estilhacos-devem-atingir-dilma-rousseff\\\/#breadcrumb\",\"itemListElement\":[{\"@type\":\"ListItem\",\"position\":1,\"name\":\"In\u00edcio\",\"item\":\"https:\\\/\\\/www.notibras.com\\\/site\\\/\"},{\"@type\":\"ListItem\",\"position\":2,\"name\":\"Estilha\u00e7os da bomba da propina da Petrobras devem atingir Dilma\"}]},{\"@type\":\"WebSite\",\"@id\":\"https:\\\/\\\/www.notibras.com\\\/site\\\/#website\",\"url\":\"https:\\\/\\\/www.notibras.com\\\/site\\\/\",\"name\":\"Notibras\",\"description\":\"Not\u00edcias de Bras\u00edlia, do Brasil e do Mundo\",\"publisher\":{\"@id\":\"https:\\\/\\\/www.notibras.com\\\/site\\\/#organization\"},\"potentialAction\":[{\"@type\":\"SearchAction\",\"target\":{\"@type\":\"EntryPoint\",\"urlTemplate\":\"https:\\\/\\\/www.notibras.com\\\/site\\\/?s={search_term_string}\"},\"query-input\":{\"@type\":\"PropertyValueSpecification\",\"valueRequired\":true,\"valueName\":\"search_term_string\"}}],\"inLanguage\":\"pt-BR\"},{\"@type\":\"Organization\",\"@id\":\"https:\\\/\\\/www.notibras.com\\\/site\\\/#organization\",\"name\":\"Grupo Notibras de Comunica\u00e7\u00e3o\",\"url\":\"https:\\\/\\\/www.notibras.com\\\/site\\\/\",\"logo\":{\"@type\":\"ImageObject\",\"inLanguage\":\"pt-BR\",\"@id\":\"https:\\\/\\\/www.notibras.com\\\/site\\\/#\\\/schema\\\/logo\\\/image\\\/\",\"url\":\"https:\\\/\\\/www.notibras.com\\\/site\\\/wp-content\\\/uploads\\\/2023\\\/01\\\/notibras23.png\",\"contentUrl\":\"https:\\\/\\\/www.notibras.com\\\/site\\\/wp-content\\\/uploads\\\/2023\\\/01\\\/notibras23.png\",\"width\":350,\"height\":87,\"caption\":\"Grupo Notibras de Comunica\u00e7\u00e3o\"},\"image\":{\"@id\":\"https:\\\/\\\/www.notibras.com\\\/site\\\/#\\\/schema\\\/logo\\\/image\\\/\"},\"sameAs\":[\"https:\\\/\\\/www.facebook.com\\\/notibras\\\/\",\"https:\\\/\\\/x.com\\\/Notibras\",\"https:\\\/\\\/www.instagram.com\\\/notibras\\\/\"]},{\"@type\":\"Person\",\"@id\":\"https:\\\/\\\/www.notibras.com\\\/site\\\/#\\\/schema\\\/person\\\/36ab0979449956132d3e5b517ea76ac8\",\"name\":\"Reda\u00e7\u00e3o\",\"image\":{\"@type\":\"ImageObject\",\"inLanguage\":\"pt-BR\",\"@id\":\"https:\\\/\\\/secure.gravatar.com\\\/avatar\\\/e0a867bdedb85fd243eadf09663511f96fc81e0720a4a42581f334ad4303aa6b?s=96&d=mm&r=g\",\"url\":\"https:\\\/\\\/secure.gravatar.com\\\/avatar\\\/e0a867bdedb85fd243eadf09663511f96fc81e0720a4a42581f334ad4303aa6b?s=96&d=mm&r=g\",\"contentUrl\":\"https:\\\/\\\/secure.gravatar.com\\\/avatar\\\/e0a867bdedb85fd243eadf09663511f96fc81e0720a4a42581f334ad4303aa6b?s=96&d=mm&r=g\",\"caption\":\"Reda\u00e7\u00e3o\"}}]}<\/script>\n<!-- \/ Yoast SEO plugin. -->","yoast_head_json":{"title":"Estilha\u00e7os da bomba da propina da Petrobras devem atingir Dilma - Notibras","robots":{"index":"index","follow":"follow","max-snippet":"max-snippet:-1","max-image-preview":"max-image-preview:large","max-video-preview":"max-video-preview:-1"},"canonical":"https:\/\/www.notibras.com\/site\/paulo-roberto-detona-bomba-da-propina-da-petrobras-e-estilhacos-devem-atingir-dilma-rousseff\/","og_locale":"pt_BR","og_type":"article","og_title":"Estilha\u00e7os da bomba da propina da Petrobras devem atingir Dilma - Notibras","og_description":"As revela\u00e7\u00f5es de Paulo Roberto Costa, ex-diretor da Petrobras que ganhou liberdade com a dela\u00e7\u00e3o premiada do esquema de propinas na estatal, ca\u00edram como uma bomba de fragmenta\u00e7\u00e3o na campanha da presidente Dilma Rousseff, que tenta a reelei\u00e7\u00e3o. E sobrou estilha\u00e7os para o PT e o PMDB. Os danos, no in\u00edcio da campanha do segundo [&hellip;]","og_url":"https:\/\/www.notibras.com\/site\/paulo-roberto-detona-bomba-da-propina-da-petrobras-e-estilhacos-devem-atingir-dilma-rousseff\/","og_site_name":"Notibras","article_publisher":"https:\/\/www.facebook.com\/notibras\/","article_published_time":"2014-10-09T23:17:56+00:00","article_modified_time":"2014-10-10T12:52:27+00:00","og_image":[{"width":600,"height":315,"url":"https:\/\/www.notibras.com\/site\/wp-content\/uploads\/2014\/10\/Paulo-Roberto-Costa-REUTERS-Ueslei-Marcelino-17set1982.jpg","type":"image\/jpeg"}],"author":"Reda\u00e7\u00e3o","twitter_card":"summary_large_image","twitter_creator":"@Notibras","twitter_site":"@Notibras","twitter_misc":{"Escrito por":"Reda\u00e7\u00e3o","Est. tempo de leitura":"2 minutos"},"schema":{"@context":"https:\/\/schema.org","@graph":[{"@type":"Article","@id":"https:\/\/www.notibras.com\/site\/paulo-roberto-detona-bomba-da-propina-da-petrobras-e-estilhacos-devem-atingir-dilma-rousseff\/#article","isPartOf":{"@id":"https:\/\/www.notibras.com\/site\/paulo-roberto-detona-bomba-da-propina-da-petrobras-e-estilhacos-devem-atingir-dilma-rousseff\/"},"author":{"name":"Reda\u00e7\u00e3o","@id":"https:\/\/www.notibras.com\/site\/#\/schema\/person\/36ab0979449956132d3e5b517ea76ac8"},"headline":"Estilha\u00e7os da bomba da propina da Petrobras devem atingir Dilma","datePublished":"2014-10-09T23:17:56+00:00","dateModified":"2014-10-10T12:52:27+00:00","mainEntityOfPage":{"@id":"https:\/\/www.notibras.com\/site\/paulo-roberto-detona-bomba-da-propina-da-petrobras-e-estilhacos-devem-atingir-dilma-rousseff\/"},"wordCount":359,"commentCount":0,"publisher":{"@id":"https:\/\/www.notibras.com\/site\/#organization"},"image":{"@id":"https:\/\/www.notibras.com\/site\/paulo-roberto-detona-bomba-da-propina-da-petrobras-e-estilhacos-devem-atingir-dilma-rousseff\/#primaryimage"},"thumbnailUrl":"https:\/\/www.notibras.com\/site\/wp-content\/uploads\/2014\/10\/Paulo-Roberto-Costa-REUTERS-Ueslei-Marcelino-17set1982.jpg","articleSection":["Elei\u00e7\u00f5es 2014"],"inLanguage":"pt-BR","potentialAction":[{"@type":"CommentAction","name":"Comment","target":["https:\/\/www.notibras.com\/site\/paulo-roberto-detona-bomba-da-propina-da-petrobras-e-estilhacos-devem-atingir-dilma-rousseff\/#respond"]}]},{"@type":"WebPage","@id":"https:\/\/www.notibras.com\/site\/paulo-roberto-detona-bomba-da-propina-da-petrobras-e-estilhacos-devem-atingir-dilma-rousseff\/","url":"https:\/\/www.notibras.com\/site\/paulo-roberto-detona-bomba-da-propina-da-petrobras-e-estilhacos-devem-atingir-dilma-rousseff\/","name":"Estilha\u00e7os da bomba da propina da Petrobras devem atingir Dilma - Notibras","isPartOf":{"@id":"https:\/\/www.notibras.com\/site\/#website"},"primaryImageOfPage":{"@id":"https:\/\/www.notibras.com\/site\/paulo-roberto-detona-bomba-da-propina-da-petrobras-e-estilhacos-devem-atingir-dilma-rousseff\/#primaryimage"},"image":{"@id":"https:\/\/www.notibras.com\/site\/paulo-roberto-detona-bomba-da-propina-da-petrobras-e-estilhacos-devem-atingir-dilma-rousseff\/#primaryimage"},"thumbnailUrl":"https:\/\/www.notibras.com\/site\/wp-content\/uploads\/2014\/10\/Paulo-Roberto-Costa-REUTERS-Ueslei-Marcelino-17set1982.jpg","datePublished":"2014-10-09T23:17:56+00:00","dateModified":"2014-10-10T12:52:27+00:00","breadcrumb":{"@id":"https:\/\/www.notibras.com\/site\/paulo-roberto-detona-bomba-da-propina-da-petrobras-e-estilhacos-devem-atingir-dilma-rousseff\/#breadcrumb"},"inLanguage":"pt-BR","potentialAction":[{"@type":"ReadAction","target":["https:\/\/www.notibras.com\/site\/paulo-roberto-detona-bomba-da-propina-da-petrobras-e-estilhacos-devem-atingir-dilma-rousseff\/"]}]},{"@type":"ImageObject","inLanguage":"pt-BR","@id":"https:\/\/www.notibras.com\/site\/paulo-roberto-detona-bomba-da-propina-da-petrobras-e-estilhacos-devem-atingir-dilma-rousseff\/#primaryimage","url":"https:\/\/www.notibras.com\/site\/wp-content\/uploads\/2014\/10\/Paulo-Roberto-Costa-REUTERS-Ueslei-Marcelino-17set1982.jpg","contentUrl":"https:\/\/www.notibras.com\/site\/wp-content\/uploads\/2014\/10\/Paulo-Roberto-Costa-REUTERS-Ueslei-Marcelino-17set1982.jpg","width":600,"height":315},{"@type":"BreadcrumbList","@id":"https:\/\/www.notibras.com\/site\/paulo-roberto-detona-bomba-da-propina-da-petrobras-e-estilhacos-devem-atingir-dilma-rousseff\/#breadcrumb","itemListElement":[{"@type":"ListItem","position":1,"name":"In\u00edcio","item":"https:\/\/www.notibras.com\/site\/"},{"@type":"ListItem","position":2,"name":"Estilha\u00e7os da bomba da propina da Petrobras devem atingir Dilma"}]},{"@type":"WebSite","@id":"https:\/\/www.notibras.com\/site\/#website","url":"https:\/\/www.notibras.com\/site\/","name":"Notibras","description":"Not\u00edcias de Bras\u00edlia, do Brasil e do Mundo","publisher":{"@id":"https:\/\/www.notibras.com\/site\/#organization"},"potentialAction":[{"@type":"SearchAction","target":{"@type":"EntryPoint","urlTemplate":"https:\/\/www.notibras.com\/site\/?s={search_term_string}"},"query-input":{"@type":"PropertyValueSpecification","valueRequired":true,"valueName":"search_term_string"}}],"inLanguage":"pt-BR"},{"@type":"Organization","@id":"https:\/\/www.notibras.com\/site\/#organization","name":"Grupo Notibras de Comunica\u00e7\u00e3o","url":"https:\/\/www.notibras.com\/site\/","logo":{"@type":"ImageObject","inLanguage":"pt-BR","@id":"https:\/\/www.notibras.com\/site\/#\/schema\/logo\/image\/","url":"https:\/\/www.notibras.com\/site\/wp-content\/uploads\/2023\/01\/notibras23.png","contentUrl":"https:\/\/www.notibras.com\/site\/wp-content\/uploads\/2023\/01\/notibras23.png","width":350,"height":87,"caption":"Grupo Notibras de Comunica\u00e7\u00e3o"},"image":{"@id":"https:\/\/www.notibras.com\/site\/#\/schema\/logo\/image\/"},"sameAs":["https:\/\/www.facebook.com\/notibras\/","https:\/\/x.com\/Notibras","https:\/\/www.instagram.com\/notibras\/"]},{"@type":"Person","@id":"https:\/\/www.notibras.com\/site\/#\/schema\/person\/36ab0979449956132d3e5b517ea76ac8","name":"Reda\u00e7\u00e3o","image":{"@type":"ImageObject","inLanguage":"pt-BR","@id":"https:\/\/secure.gravatar.com\/avatar\/e0a867bdedb85fd243eadf09663511f96fc81e0720a4a42581f334ad4303aa6b?s=96&d=mm&r=g","url":"https:\/\/secure.gravatar.com\/avatar\/e0a867bdedb85fd243eadf09663511f96fc81e0720a4a42581f334ad4303aa6b?s=96&d=mm&r=g","contentUrl":"https:\/\/secure.gravatar.com\/avatar\/e0a867bdedb85fd243eadf09663511f96fc81e0720a4a42581f334ad4303aa6b?s=96&d=mm&r=g","caption":"Reda\u00e7\u00e3o"}}]}},"amp_enabled":true,"_links":{"self":[{"href":"https:\/\/www.notibras.com\/site\/wp-json\/wp\/v2\/posts\/24403","targetHints":{"allow":["GET"]}}],"collection":[{"href":"https:\/\/www.notibras.com\/site\/wp-json\/wp\/v2\/posts"}],"about":[{"href":"https:\/\/www.notibras.com\/site\/wp-json\/wp\/v2\/types\/post"}],"author":[{"embeddable":true,"href":"https:\/\/www.notibras.com\/site\/wp-json\/wp\/v2\/users\/2"}],"replies":[{"embeddable":true,"href":"https:\/\/www.notibras.com\/site\/wp-json\/wp\/v2\/comments?post=24403"}],"version-history":[{"count":0,"href":"https:\/\/www.notibras.com\/site\/wp-json\/wp\/v2\/posts\/24403\/revisions"}],"wp:featuredmedia":[{"embeddable":true,"href":"https:\/\/www.notibras.com\/site\/wp-json\/wp\/v2\/media\/24404"}],"wp:attachment":[{"href":"https:\/\/www.notibras.com\/site\/wp-json\/wp\/v2\/media?parent=24403"}],"wp:term":[{"taxonomy":"category","embeddable":true,"href":"https:\/\/www.notibras.com\/site\/wp-json\/wp\/v2\/categories?post=24403"},{"taxonomy":"post_tag","embeddable":true,"href":"https:\/\/www.notibras.com\/site\/wp-json\/wp\/v2\/tags?post=24403"}],"curies":[{"name":"wp","href":"https:\/\/api.w.org\/{rel}","templated":true}]}}