{"id":24439,"date":"2014-10-09T22:50:55","date_gmt":"2014-10-10T01:50:55","guid":{"rendered":"http:\/\/www.notibras.com\/site\/?p=24439"},"modified":"2014-10-09T23:54:35","modified_gmt":"2014-10-10T02:54:35","slug":"policia-prende-mae-de-crianca-torturada-por-padrasto","status":"publish","type":"post","link":"https:\/\/www.notibras.com\/site\/policia-prende-mae-de-crianca-torturada-por-padrasto\/","title":{"rendered":"Pol\u00edcia prende m\u00e3e de crian\u00e7a que apanhava do padrasto"},"content":{"rendered":"<p class=\"text\">A m\u00e3e de uma menina de tr\u00eas anos filmada sofrendo maus-tratos pelo padrasto, em Ara\u00e7atuba (SP), teve a pris\u00e3o preventiva decretada nesta quinta-feira, 9. O\u00a0Minist\u00e9rio P\u00fablico alegou que ela participou das filmagens e\u00a0poderia atrapalhar o andamento do processo.<\/p>\n<p class=\"text\">Segundo o despacho do juiz Emerson Sumariva J\u00fanior, da 3\u00aa Vara Criminal, onde corre a den\u00fancia criminal de tortura contra o padrasto, a m\u00e3e sabia das filmagens feitas pelo marido &#8211;e teria at\u00e9 mesmo participado de algumas&#8211; e n\u00e3o tomado nenhuma atitude.<\/p>\n<blockquote>\n<p class=\"text\">\u201cAs imputa\u00e7\u00f5es contidas na den\u00fancia s\u00e3o grav\u00edssimas\u201d, afirma o juiz, em seu despacho, acrescentando que a v\u00edtima est\u00e1 em seguran\u00e7a porque o padrasto est\u00e1 preso cautelarmente,\u00a0e que \u201cmanter a m\u00e3e solta \u00e9 colocar em risco a integridade f\u00edsica da menina\u201d.<\/p>\n<\/blockquote>\n<p class=\"text\">No entendimento do juiz, \u201ca ordem p\u00fablica se encontra totalmente amea\u00e7ada\u201d e \u201ca sociedade est\u00e1 em choque\u201d. Para o juiz, \u201cas imagens na m\u00eddia s\u00e3o muito fortes\u201d, expondo a crian\u00e7a.<\/p>\n","protected":false},"excerpt":{"rendered":"<p>A m\u00e3e de uma menina de tr\u00eas anos filmada sofrendo maus-tratos pelo padrasto, em Ara\u00e7atuba (SP), teve a pris\u00e3o preventiva decretada nesta quinta-feira, 9. O\u00a0Minist\u00e9rio P\u00fablico alegou que ela participou das filmagens e\u00a0poderia atrapalhar o andamento do processo. Segundo o despacho do juiz Emerson Sumariva J\u00fanior, da 3\u00aa Vara Criminal, onde corre a den\u00fancia criminal [&hellip;]<\/p>\n","protected":false},"author":2,"featured_media":24440,"comment_status":"open","ping_status":"closed","sticky":false,"template":"","format":"standard","meta":{"_acf_changed":false,"footnotes":""},"categories":[16],"tags":[],"class_list":["post-24439","post","type-post","status-publish","format-standard","has-post-thumbnail","hentry","category-brasil"],"acf":[],"yoast_head":"<!-- This site is optimized with the Yoast SEO plugin v27.5 - https:\/\/yoast.com\/product\/yoast-seo-wordpress\/ -->\n<title>Pol\u00edcia prende m\u00e3e de crian\u00e7a que apanhava do padrasto - Notibras<\/title>\n<meta name=\"robots\" content=\"index, follow, max-snippet:-1, max-image-preview:large, max-video-preview:-1\" \/>\n<link rel=\"canonical\" href=\"https:\/\/www.notibras.com\/site\/policia-prende-mae-de-crianca-torturada-por-padrasto\/\" \/>\n<meta property=\"og:locale\" content=\"pt_BR\" \/>\n<meta property=\"og:type\" content=\"article\" \/>\n<meta property=\"og:title\" content=\"Pol\u00edcia prende m\u00e3e de crian\u00e7a que apanhava do padrasto - Notibras\" \/>\n<meta property=\"og:description\" content=\"A m\u00e3e de uma menina de tr\u00eas anos filmada sofrendo maus-tratos pelo padrasto, em Ara\u00e7atuba (SP), teve a pris\u00e3o preventiva decretada nesta quinta-feira, 9. O\u00a0Minist\u00e9rio P\u00fablico alegou que ela participou das filmagens e\u00a0poderia atrapalhar o andamento do processo. Segundo o despacho do juiz Emerson Sumariva J\u00fanior, da 3\u00aa Vara Criminal, onde corre a den\u00fancia criminal [&hellip;]\" \/>\n<meta property=\"og:url\" content=\"https:\/\/www.notibras.com\/site\/policia-prende-mae-de-crianca-torturada-por-padrasto\/\" \/>\n<meta property=\"og:site_name\" content=\"Notibras\" \/>\n<meta property=\"article:publisher\" content=\"https:\/\/www.facebook.com\/notibras\/\" \/>\n<meta property=\"article:published_time\" content=\"2014-10-10T01:50:55+00:00\" \/>\n<meta property=\"article:modified_time\" content=\"2014-10-10T02:54:35+00:00\" \/>\n<meta property=\"og:image\" content=\"https:\/\/www.notibras.com\/site\/wp-content\/uploads\/2014\/10\/img1336.jpg\" \/>\n\t<meta property=\"og:image:width\" content=\"460\" \/>\n\t<meta property=\"og:image:height\" content=\"340\" \/>\n\t<meta property=\"og:image:type\" content=\"image\/jpeg\" \/>\n<meta name=\"author\" content=\"Reda\u00e7\u00e3o\" \/>\n<meta name=\"twitter:card\" content=\"summary_large_image\" \/>\n<meta name=\"twitter:creator\" content=\"@Notibras\" \/>\n<meta name=\"twitter:site\" content=\"@Notibras\" \/>\n<meta name=\"twitter:label1\" content=\"Escrito por\" \/>\n\t<meta name=\"twitter:data1\" content=\"Reda\u00e7\u00e3o\" \/>\n\t<meta name=\"twitter:label2\" content=\"Est. tempo de leitura\" \/>\n\t<meta name=\"twitter:data2\" content=\"1 minuto\" \/>\n<script type=\"application\/ld+json\" class=\"yoast-schema-graph\">{\"@context\":\"https:\\\/\\\/schema.org\",\"@graph\":[{\"@type\":\"Article\",\"@id\":\"https:\\\/\\\/www.notibras.com\\\/site\\\/policia-prende-mae-de-crianca-torturada-por-padrasto\\\/#article\",\"isPartOf\":{\"@id\":\"https:\\\/\\\/www.notibras.com\\\/site\\\/policia-prende-mae-de-crianca-torturada-por-padrasto\\\/\"},\"author\":{\"name\":\"Reda\u00e7\u00e3o\",\"@id\":\"https:\\\/\\\/www.notibras.com\\\/site\\\/#\\\/schema\\\/person\\\/36ab0979449956132d3e5b517ea76ac8\"},\"headline\":\"Pol\u00edcia prende m\u00e3e de crian\u00e7a que apanhava do padrasto\",\"datePublished\":\"2014-10-10T01:50:55+00:00\",\"dateModified\":\"2014-10-10T02:54:35+00:00\",\"mainEntityOfPage\":{\"@id\":\"https:\\\/\\\/www.notibras.com\\\/site\\\/policia-prende-mae-de-crianca-torturada-por-padrasto\\\/\"},\"wordCount\":185,\"commentCount\":0,\"publisher\":{\"@id\":\"https:\\\/\\\/www.notibras.com\\\/site\\\/#organization\"},\"image\":{\"@id\":\"https:\\\/\\\/www.notibras.com\\\/site\\\/policia-prende-mae-de-crianca-torturada-por-padrasto\\\/#primaryimage\"},\"thumbnailUrl\":\"https:\\\/\\\/www.notibras.com\\\/site\\\/wp-content\\\/uploads\\\/2014\\\/10\\\/img1336.jpg\",\"articleSection\":[\"Brasil\"],\"inLanguage\":\"pt-BR\",\"potentialAction\":[{\"@type\":\"CommentAction\",\"name\":\"Comment\",\"target\":[\"https:\\\/\\\/www.notibras.com\\\/site\\\/policia-prende-mae-de-crianca-torturada-por-padrasto\\\/#respond\"]}]},{\"@type\":\"WebPage\",\"@id\":\"https:\\\/\\\/www.notibras.com\\\/site\\\/policia-prende-mae-de-crianca-torturada-por-padrasto\\\/\",\"url\":\"https:\\\/\\\/www.notibras.com\\\/site\\\/policia-prende-mae-de-crianca-torturada-por-padrasto\\\/\",\"name\":\"Pol\u00edcia prende m\u00e3e de crian\u00e7a que apanhava do padrasto - Notibras\",\"isPartOf\":{\"@id\":\"https:\\\/\\\/www.notibras.com\\\/site\\\/#website\"},\"primaryImageOfPage\":{\"@id\":\"https:\\\/\\\/www.notibras.com\\\/site\\\/policia-prende-mae-de-crianca-torturada-por-padrasto\\\/#primaryimage\"},\"image\":{\"@id\":\"https:\\\/\\\/www.notibras.com\\\/site\\\/policia-prende-mae-de-crianca-torturada-por-padrasto\\\/#primaryimage\"},\"thumbnailUrl\":\"https:\\\/\\\/www.notibras.com\\\/site\\\/wp-content\\\/uploads\\\/2014\\\/10\\\/img1336.jpg\",\"datePublished\":\"2014-10-10T01:50:55+00:00\",\"dateModified\":\"2014-10-10T02:54:35+00:00\",\"breadcrumb\":{\"@id\":\"https:\\\/\\\/www.notibras.com\\\/site\\\/policia-prende-mae-de-crianca-torturada-por-padrasto\\\/#breadcrumb\"},\"inLanguage\":\"pt-BR\",\"potentialAction\":[{\"@type\":\"ReadAction\",\"target\":[\"https:\\\/\\\/www.notibras.com\\\/site\\\/policia-prende-mae-de-crianca-torturada-por-padrasto\\\/\"]}]},{\"@type\":\"ImageObject\",\"inLanguage\":\"pt-BR\",\"@id\":\"https:\\\/\\\/www.notibras.com\\\/site\\\/policia-prende-mae-de-crianca-torturada-por-padrasto\\\/#primaryimage\",\"url\":\"https:\\\/\\\/www.notibras.com\\\/site\\\/wp-content\\\/uploads\\\/2014\\\/10\\\/img1336.jpg\",\"contentUrl\":\"https:\\\/\\\/www.notibras.com\\\/site\\\/wp-content\\\/uploads\\\/2014\\\/10\\\/img1336.jpg\",\"width\":460,\"height\":340},{\"@type\":\"BreadcrumbList\",\"@id\":\"https:\\\/\\\/www.notibras.com\\\/site\\\/policia-prende-mae-de-crianca-torturada-por-padrasto\\\/#breadcrumb\",\"itemListElement\":[{\"@type\":\"ListItem\",\"position\":1,\"name\":\"In\u00edcio\",\"item\":\"https:\\\/\\\/www.notibras.com\\\/site\\\/\"},{\"@type\":\"ListItem\",\"position\":2,\"name\":\"Pol\u00edcia prende m\u00e3e de crian\u00e7a que apanhava do padrasto\"}]},{\"@type\":\"WebSite\",\"@id\":\"https:\\\/\\\/www.notibras.com\\\/site\\\/#website\",\"url\":\"https:\\\/\\\/www.notibras.com\\\/site\\\/\",\"name\":\"Notibras\",\"description\":\"Not\u00edcias de Bras\u00edlia, do Brasil e do Mundo\",\"publisher\":{\"@id\":\"https:\\\/\\\/www.notibras.com\\\/site\\\/#organization\"},\"potentialAction\":[{\"@type\":\"SearchAction\",\"target\":{\"@type\":\"EntryPoint\",\"urlTemplate\":\"https:\\\/\\\/www.notibras.com\\\/site\\\/?s={search_term_string}\"},\"query-input\":{\"@type\":\"PropertyValueSpecification\",\"valueRequired\":true,\"valueName\":\"search_term_string\"}}],\"inLanguage\":\"pt-BR\"},{\"@type\":\"Organization\",\"@id\":\"https:\\\/\\\/www.notibras.com\\\/site\\\/#organization\",\"name\":\"Grupo Notibras de Comunica\u00e7\u00e3o\",\"url\":\"https:\\\/\\\/www.notibras.com\\\/site\\\/\",\"logo\":{\"@type\":\"ImageObject\",\"inLanguage\":\"pt-BR\",\"@id\":\"https:\\\/\\\/www.notibras.com\\\/site\\\/#\\\/schema\\\/logo\\\/image\\\/\",\"url\":\"https:\\\/\\\/www.notibras.com\\\/site\\\/wp-content\\\/uploads\\\/2023\\\/01\\\/notibras23.png\",\"contentUrl\":\"https:\\\/\\\/www.notibras.com\\\/site\\\/wp-content\\\/uploads\\\/2023\\\/01\\\/notibras23.png\",\"width\":350,\"height\":87,\"caption\":\"Grupo Notibras de Comunica\u00e7\u00e3o\"},\"image\":{\"@id\":\"https:\\\/\\\/www.notibras.com\\\/site\\\/#\\\/schema\\\/logo\\\/image\\\/\"},\"sameAs\":[\"https:\\\/\\\/www.facebook.com\\\/notibras\\\/\",\"https:\\\/\\\/x.com\\\/Notibras\",\"https:\\\/\\\/www.instagram.com\\\/notibras\\\/\"]},{\"@type\":\"Person\",\"@id\":\"https:\\\/\\\/www.notibras.com\\\/site\\\/#\\\/schema\\\/person\\\/36ab0979449956132d3e5b517ea76ac8\",\"name\":\"Reda\u00e7\u00e3o\",\"image\":{\"@type\":\"ImageObject\",\"inLanguage\":\"pt-BR\",\"@id\":\"https:\\\/\\\/secure.gravatar.com\\\/avatar\\\/e0a867bdedb85fd243eadf09663511f96fc81e0720a4a42581f334ad4303aa6b?s=96&d=mm&r=g\",\"url\":\"https:\\\/\\\/secure.gravatar.com\\\/avatar\\\/e0a867bdedb85fd243eadf09663511f96fc81e0720a4a42581f334ad4303aa6b?s=96&d=mm&r=g\",\"contentUrl\":\"https:\\\/\\\/secure.gravatar.com\\\/avatar\\\/e0a867bdedb85fd243eadf09663511f96fc81e0720a4a42581f334ad4303aa6b?s=96&d=mm&r=g\",\"caption\":\"Reda\u00e7\u00e3o\"}}]}<\/script>\n<!-- \/ Yoast SEO plugin. -->","yoast_head_json":{"title":"Pol\u00edcia prende m\u00e3e de crian\u00e7a que apanhava do padrasto - Notibras","robots":{"index":"index","follow":"follow","max-snippet":"max-snippet:-1","max-image-preview":"max-image-preview:large","max-video-preview":"max-video-preview:-1"},"canonical":"https:\/\/www.notibras.com\/site\/policia-prende-mae-de-crianca-torturada-por-padrasto\/","og_locale":"pt_BR","og_type":"article","og_title":"Pol\u00edcia prende m\u00e3e de crian\u00e7a que apanhava do padrasto - Notibras","og_description":"A m\u00e3e de uma menina de tr\u00eas anos filmada sofrendo maus-tratos pelo padrasto, em Ara\u00e7atuba (SP), teve a pris\u00e3o preventiva decretada nesta quinta-feira, 9. O\u00a0Minist\u00e9rio P\u00fablico alegou que ela participou das filmagens e\u00a0poderia atrapalhar o andamento do processo. Segundo o despacho do juiz Emerson Sumariva J\u00fanior, da 3\u00aa Vara Criminal, onde corre a den\u00fancia criminal [&hellip;]","og_url":"https:\/\/www.notibras.com\/site\/policia-prende-mae-de-crianca-torturada-por-padrasto\/","og_site_name":"Notibras","article_publisher":"https:\/\/www.facebook.com\/notibras\/","article_published_time":"2014-10-10T01:50:55+00:00","article_modified_time":"2014-10-10T02:54:35+00:00","og_image":[{"width":460,"height":340,"url":"https:\/\/www.notibras.com\/site\/wp-content\/uploads\/2014\/10\/img1336.jpg","type":"image\/jpeg"}],"author":"Reda\u00e7\u00e3o","twitter_card":"summary_large_image","twitter_creator":"@Notibras","twitter_site":"@Notibras","twitter_misc":{"Escrito por":"Reda\u00e7\u00e3o","Est. tempo de leitura":"1 minuto"},"schema":{"@context":"https:\/\/schema.org","@graph":[{"@type":"Article","@id":"https:\/\/www.notibras.com\/site\/policia-prende-mae-de-crianca-torturada-por-padrasto\/#article","isPartOf":{"@id":"https:\/\/www.notibras.com\/site\/policia-prende-mae-de-crianca-torturada-por-padrasto\/"},"author":{"name":"Reda\u00e7\u00e3o","@id":"https:\/\/www.notibras.com\/site\/#\/schema\/person\/36ab0979449956132d3e5b517ea76ac8"},"headline":"Pol\u00edcia prende m\u00e3e de crian\u00e7a que apanhava do padrasto","datePublished":"2014-10-10T01:50:55+00:00","dateModified":"2014-10-10T02:54:35+00:00","mainEntityOfPage":{"@id":"https:\/\/www.notibras.com\/site\/policia-prende-mae-de-crianca-torturada-por-padrasto\/"},"wordCount":185,"commentCount":0,"publisher":{"@id":"https:\/\/www.notibras.com\/site\/#organization"},"image":{"@id":"https:\/\/www.notibras.com\/site\/policia-prende-mae-de-crianca-torturada-por-padrasto\/#primaryimage"},"thumbnailUrl":"https:\/\/www.notibras.com\/site\/wp-content\/uploads\/2014\/10\/img1336.jpg","articleSection":["Brasil"],"inLanguage":"pt-BR","potentialAction":[{"@type":"CommentAction","name":"Comment","target":["https:\/\/www.notibras.com\/site\/policia-prende-mae-de-crianca-torturada-por-padrasto\/#respond"]}]},{"@type":"WebPage","@id":"https:\/\/www.notibras.com\/site\/policia-prende-mae-de-crianca-torturada-por-padrasto\/","url":"https:\/\/www.notibras.com\/site\/policia-prende-mae-de-crianca-torturada-por-padrasto\/","name":"Pol\u00edcia prende m\u00e3e de crian\u00e7a que apanhava do padrasto - Notibras","isPartOf":{"@id":"https:\/\/www.notibras.com\/site\/#website"},"primaryImageOfPage":{"@id":"https:\/\/www.notibras.com\/site\/policia-prende-mae-de-crianca-torturada-por-padrasto\/#primaryimage"},"image":{"@id":"https:\/\/www.notibras.com\/site\/policia-prende-mae-de-crianca-torturada-por-padrasto\/#primaryimage"},"thumbnailUrl":"https:\/\/www.notibras.com\/site\/wp-content\/uploads\/2014\/10\/img1336.jpg","datePublished":"2014-10-10T01:50:55+00:00","dateModified":"2014-10-10T02:54:35+00:00","breadcrumb":{"@id":"https:\/\/www.notibras.com\/site\/policia-prende-mae-de-crianca-torturada-por-padrasto\/#breadcrumb"},"inLanguage":"pt-BR","potentialAction":[{"@type":"ReadAction","target":["https:\/\/www.notibras.com\/site\/policia-prende-mae-de-crianca-torturada-por-padrasto\/"]}]},{"@type":"ImageObject","inLanguage":"pt-BR","@id":"https:\/\/www.notibras.com\/site\/policia-prende-mae-de-crianca-torturada-por-padrasto\/#primaryimage","url":"https:\/\/www.notibras.com\/site\/wp-content\/uploads\/2014\/10\/img1336.jpg","contentUrl":"https:\/\/www.notibras.com\/site\/wp-content\/uploads\/2014\/10\/img1336.jpg","width":460,"height":340},{"@type":"BreadcrumbList","@id":"https:\/\/www.notibras.com\/site\/policia-prende-mae-de-crianca-torturada-por-padrasto\/#breadcrumb","itemListElement":[{"@type":"ListItem","position":1,"name":"In\u00edcio","item":"https:\/\/www.notibras.com\/site\/"},{"@type":"ListItem","position":2,"name":"Pol\u00edcia prende m\u00e3e de crian\u00e7a que apanhava do padrasto"}]},{"@type":"WebSite","@id":"https:\/\/www.notibras.com\/site\/#website","url":"https:\/\/www.notibras.com\/site\/","name":"Notibras","description":"Not\u00edcias de Bras\u00edlia, do Brasil e do Mundo","publisher":{"@id":"https:\/\/www.notibras.com\/site\/#organization"},"potentialAction":[{"@type":"SearchAction","target":{"@type":"EntryPoint","urlTemplate":"https:\/\/www.notibras.com\/site\/?s={search_term_string}"},"query-input":{"@type":"PropertyValueSpecification","valueRequired":true,"valueName":"search_term_string"}}],"inLanguage":"pt-BR"},{"@type":"Organization","@id":"https:\/\/www.notibras.com\/site\/#organization","name":"Grupo Notibras de Comunica\u00e7\u00e3o","url":"https:\/\/www.notibras.com\/site\/","logo":{"@type":"ImageObject","inLanguage":"pt-BR","@id":"https:\/\/www.notibras.com\/site\/#\/schema\/logo\/image\/","url":"https:\/\/www.notibras.com\/site\/wp-content\/uploads\/2023\/01\/notibras23.png","contentUrl":"https:\/\/www.notibras.com\/site\/wp-content\/uploads\/2023\/01\/notibras23.png","width":350,"height":87,"caption":"Grupo Notibras de Comunica\u00e7\u00e3o"},"image":{"@id":"https:\/\/www.notibras.com\/site\/#\/schema\/logo\/image\/"},"sameAs":["https:\/\/www.facebook.com\/notibras\/","https:\/\/x.com\/Notibras","https:\/\/www.instagram.com\/notibras\/"]},{"@type":"Person","@id":"https:\/\/www.notibras.com\/site\/#\/schema\/person\/36ab0979449956132d3e5b517ea76ac8","name":"Reda\u00e7\u00e3o","image":{"@type":"ImageObject","inLanguage":"pt-BR","@id":"https:\/\/secure.gravatar.com\/avatar\/e0a867bdedb85fd243eadf09663511f96fc81e0720a4a42581f334ad4303aa6b?s=96&d=mm&r=g","url":"https:\/\/secure.gravatar.com\/avatar\/e0a867bdedb85fd243eadf09663511f96fc81e0720a4a42581f334ad4303aa6b?s=96&d=mm&r=g","contentUrl":"https:\/\/secure.gravatar.com\/avatar\/e0a867bdedb85fd243eadf09663511f96fc81e0720a4a42581f334ad4303aa6b?s=96&d=mm&r=g","caption":"Reda\u00e7\u00e3o"}}]}},"amp_enabled":true,"_links":{"self":[{"href":"https:\/\/www.notibras.com\/site\/wp-json\/wp\/v2\/posts\/24439","targetHints":{"allow":["GET"]}}],"collection":[{"href":"https:\/\/www.notibras.com\/site\/wp-json\/wp\/v2\/posts"}],"about":[{"href":"https:\/\/www.notibras.com\/site\/wp-json\/wp\/v2\/types\/post"}],"author":[{"embeddable":true,"href":"https:\/\/www.notibras.com\/site\/wp-json\/wp\/v2\/users\/2"}],"replies":[{"embeddable":true,"href":"https:\/\/www.notibras.com\/site\/wp-json\/wp\/v2\/comments?post=24439"}],"version-history":[{"count":0,"href":"https:\/\/www.notibras.com\/site\/wp-json\/wp\/v2\/posts\/24439\/revisions"}],"wp:featuredmedia":[{"embeddable":true,"href":"https:\/\/www.notibras.com\/site\/wp-json\/wp\/v2\/media\/24440"}],"wp:attachment":[{"href":"https:\/\/www.notibras.com\/site\/wp-json\/wp\/v2\/media?parent=24439"}],"wp:term":[{"taxonomy":"category","embeddable":true,"href":"https:\/\/www.notibras.com\/site\/wp-json\/wp\/v2\/categories?post=24439"},{"taxonomy":"post_tag","embeddable":true,"href":"https:\/\/www.notibras.com\/site\/wp-json\/wp\/v2\/tags?post=24439"}],"curies":[{"name":"wp","href":"https:\/\/api.w.org\/{rel}","templated":true}]}}