{"id":244537,"date":"2020-11-06T11:36:08","date_gmt":"2020-11-06T14:36:08","guid":{"rendered":"https:\/\/www.notibras.com\/site\/?p=244537"},"modified":"2020-11-06T11:37:41","modified_gmt":"2020-11-06T14:37:41","slug":"biden-vai-virando-e-onda-azul-cobre-os-estados-unidos","status":"publish","type":"post","link":"https:\/\/www.notibras.com\/site\/biden-vai-virando-e-onda-azul-cobre-os-estados-unidos\/","title":{"rendered":"Biden vai virando e onda azul cobre os Estados Unidos"},"content":{"rendered":"<p>O candidato democrata Joe Biden passou o presidente Donald Trump na Pensilv\u00e2nia nesta sexta-feira (6). Caso Biden ven\u00e7a neste estado, vai ultrapassar os 270 votos necess\u00e1rios para ser eleito presidente dos Estados Unidos no Col\u00e9gio Eleitoral.<\/p>\n<p>A virada na Pensilv\u00e2nia ocorre em meio a uma s\u00e9rie de processos impetrados na Justi\u00e7a pela campanha de Trump para interromper a apura\u00e7\u00e3o em alguns estados e at\u00e9 mesmo recontar votos.<\/p>\n<p>De acordo com as apura\u00e7\u00f5es parciais em estados-chave, al\u00e9m de c\u00e1lculos estat\u00edsticos e demogr\u00e1ficos sobre a propor\u00e7\u00e3o de urnas ainda n\u00e3o apuradas, j\u00e1 n\u00e3o \u00e9 mais poss\u00edvel para Trump chegar a 270 delegados no Col\u00e9gio Eleitoral.<\/p>\n<p>A demora na apura\u00e7\u00e3o e a virada de Biden em alguns estados \u00e9 explicada pela vota\u00e7\u00e3o por correio. Boa parte dos eleitores republicanos foi \u00e0s urnas presencialmente e, por isso, tiveram votos computados primeiro. J\u00e1 os eleitores de Biden votaram massivamente pelo correio, o que atrasou a computa\u00e7\u00e3o dos votos.<\/p>\n<p>Conforme eles iam sendo contabilizados, Biden virou o jogo, primeiro em Michigan e em Wisconsin, na quarta-feira (4), e na Pensilv\u00e2nia, nesta sexta.<\/p>\n<p>A apura\u00e7\u00e3o, no entanto, continua. Biden ainda lidera em Nevada e no Arizona e est\u00e1 tecnicamente empatado com Trump na Ge\u00f3rgia. O presidente lidera no Alasca e na Carolina do Norte.<\/p>\n<p>Caso essa tend\u00eancia se confirme, o democrata pode ampliar sua vantagem no Col\u00e9gio Eleitoral. Isso enfraqueceria politicamente a estrat\u00e9gia de Trump de contestar o resultado das elei\u00e7\u00f5es na Justi\u00e7a. Nessa quinta, ju\u00edzes de Michigan, Ge\u00f3rgia e Filad\u00e9lfia rejeitaram pedidos da campanha republicana para paralisar a apura\u00e7\u00e3o.<\/p>\n","protected":false},"excerpt":{"rendered":"<p>O candidato democrata Joe Biden passou o presidente Donald Trump na Pensilv\u00e2nia nesta sexta-feira (6). Caso Biden ven\u00e7a neste estado, vai ultrapassar os 270 votos necess\u00e1rios para ser eleito presidente dos Estados Unidos no Col\u00e9gio Eleitoral. A virada na Pensilv\u00e2nia ocorre em meio a uma s\u00e9rie de processos impetrados na Justi\u00e7a pela campanha de Trump [&hellip;]<\/p>\n","protected":false},"author":2,"featured_media":244538,"comment_status":"closed","ping_status":"closed","sticky":false,"template":"","format":"standard","meta":{"_acf_changed":false,"footnotes":""},"categories":[17],"tags":[95],"class_list":["post-244537","post","type-post","status-publish","format-standard","has-post-thumbnail","hentry","category-mundo","tag-capa"],"acf":[],"yoast_head":"<!-- This site is optimized with the Yoast SEO plugin v27.2 - https:\/\/yoast.com\/product\/yoast-seo-wordpress\/ -->\n<title>Biden vai virando e onda azul cobre os Estados Unidos - Notibras<\/title>\n<meta name=\"robots\" content=\"index, follow, max-snippet:-1, max-image-preview:large, max-video-preview:-1\" \/>\n<link rel=\"canonical\" href=\"https:\/\/www.notibras.com\/site\/biden-vai-virando-e-onda-azul-cobre-os-estados-unidos\/\" \/>\n<meta property=\"og:locale\" content=\"pt_BR\" \/>\n<meta property=\"og:type\" content=\"article\" \/>\n<meta property=\"og:title\" content=\"Biden vai virando e onda azul cobre os Estados Unidos - Notibras\" \/>\n<meta property=\"og:description\" content=\"O candidato democrata Joe Biden passou o presidente Donald Trump na Pensilv\u00e2nia nesta sexta-feira (6). Caso Biden ven\u00e7a neste estado, vai ultrapassar os 270 votos necess\u00e1rios para ser eleito presidente dos Estados Unidos no Col\u00e9gio Eleitoral. A virada na Pensilv\u00e2nia ocorre em meio a uma s\u00e9rie de processos impetrados na Justi\u00e7a pela campanha de Trump [&hellip;]\" \/>\n<meta property=\"og:url\" content=\"https:\/\/www.notibras.com\/site\/biden-vai-virando-e-onda-azul-cobre-os-estados-unidos\/\" \/>\n<meta property=\"og:site_name\" content=\"Notibras\" \/>\n<meta property=\"article:publisher\" content=\"https:\/\/www.facebook.com\/notibras\/\" \/>\n<meta property=\"article:published_time\" content=\"2020-11-06T14:36:08+00:00\" \/>\n<meta property=\"article:modified_time\" content=\"2020-11-06T14:37:41+00:00\" \/>\n<meta property=\"og:image\" content=\"https:\/\/www.notibras.com\/site\/wp-content\/uploads\/2020\/11\/18030_E2AD1A51A769F0D6.jpeg\" \/>\n\t<meta property=\"og:image:width\" content=\"1920\" \/>\n\t<meta property=\"og:image:height\" content=\"1080\" \/>\n\t<meta property=\"og:image:type\" content=\"image\/jpeg\" \/>\n<meta name=\"author\" content=\"Reda\u00e7\u00e3o\" \/>\n<meta name=\"twitter:card\" content=\"summary_large_image\" \/>\n<meta name=\"twitter:creator\" content=\"@Notibras\" \/>\n<meta name=\"twitter:site\" content=\"@Notibras\" \/>\n<meta name=\"twitter:label1\" content=\"Escrito por\" \/>\n\t<meta name=\"twitter:data1\" content=\"Reda\u00e7\u00e3o\" \/>\n\t<meta name=\"twitter:label2\" content=\"Est. tempo de leitura\" \/>\n\t<meta name=\"twitter:data2\" content=\"1 minuto\" \/>\n<script type=\"application\/ld+json\" class=\"yoast-schema-graph\">{\"@context\":\"https:\/\/schema.org\",\"@graph\":[{\"@type\":\"Article\",\"@id\":\"https:\/\/www.notibras.com\/site\/biden-vai-virando-e-onda-azul-cobre-os-estados-unidos\/#article\",\"isPartOf\":{\"@id\":\"https:\/\/www.notibras.com\/site\/biden-vai-virando-e-onda-azul-cobre-os-estados-unidos\/\"},\"author\":{\"name\":\"Reda\u00e7\u00e3o\",\"@id\":\"https:\/\/www.notibras.com\/site\/#\/schema\/person\/36ab0979449956132d3e5b517ea76ac8\"},\"headline\":\"Biden vai virando e onda azul cobre os Estados Unidos\",\"datePublished\":\"2020-11-06T14:36:08+00:00\",\"dateModified\":\"2020-11-06T14:37:41+00:00\",\"mainEntityOfPage\":{\"@id\":\"https:\/\/www.notibras.com\/site\/biden-vai-virando-e-onda-azul-cobre-os-estados-unidos\/\"},\"wordCount\":290,\"publisher\":{\"@id\":\"https:\/\/www.notibras.com\/site\/#organization\"},\"image\":{\"@id\":\"https:\/\/www.notibras.com\/site\/biden-vai-virando-e-onda-azul-cobre-os-estados-unidos\/#primaryimage\"},\"thumbnailUrl\":\"https:\/\/www.notibras.com\/site\/wp-content\/uploads\/2020\/11\/18030_E2AD1A51A769F0D6.jpeg\",\"keywords\":[\"capa\"],\"articleSection\":[\"Mundo\"],\"inLanguage\":\"pt-BR\"},{\"@type\":\"WebPage\",\"@id\":\"https:\/\/www.notibras.com\/site\/biden-vai-virando-e-onda-azul-cobre-os-estados-unidos\/\",\"url\":\"https:\/\/www.notibras.com\/site\/biden-vai-virando-e-onda-azul-cobre-os-estados-unidos\/\",\"name\":\"Biden vai virando e onda azul cobre os Estados Unidos - Notibras\",\"isPartOf\":{\"@id\":\"https:\/\/www.notibras.com\/site\/#website\"},\"primaryImageOfPage\":{\"@id\":\"https:\/\/www.notibras.com\/site\/biden-vai-virando-e-onda-azul-cobre-os-estados-unidos\/#primaryimage\"},\"image\":{\"@id\":\"https:\/\/www.notibras.com\/site\/biden-vai-virando-e-onda-azul-cobre-os-estados-unidos\/#primaryimage\"},\"thumbnailUrl\":\"https:\/\/www.notibras.com\/site\/wp-content\/uploads\/2020\/11\/18030_E2AD1A51A769F0D6.jpeg\",\"datePublished\":\"2020-11-06T14:36:08+00:00\",\"dateModified\":\"2020-11-06T14:37:41+00:00\",\"breadcrumb\":{\"@id\":\"https:\/\/www.notibras.com\/site\/biden-vai-virando-e-onda-azul-cobre-os-estados-unidos\/#breadcrumb\"},\"inLanguage\":\"pt-BR\",\"potentialAction\":[{\"@type\":\"ReadAction\",\"target\":[\"https:\/\/www.notibras.com\/site\/biden-vai-virando-e-onda-azul-cobre-os-estados-unidos\/\"]}]},{\"@type\":\"ImageObject\",\"inLanguage\":\"pt-BR\",\"@id\":\"https:\/\/www.notibras.com\/site\/biden-vai-virando-e-onda-azul-cobre-os-estados-unidos\/#primaryimage\",\"url\":\"https:\/\/www.notibras.com\/site\/wp-content\/uploads\/2020\/11\/18030_E2AD1A51A769F0D6.jpeg\",\"contentUrl\":\"https:\/\/www.notibras.com\/site\/wp-content\/uploads\/2020\/11\/18030_E2AD1A51A769F0D6.jpeg\",\"width\":1920,\"height\":1080},{\"@type\":\"BreadcrumbList\",\"@id\":\"https:\/\/www.notibras.com\/site\/biden-vai-virando-e-onda-azul-cobre-os-estados-unidos\/#breadcrumb\",\"itemListElement\":[{\"@type\":\"ListItem\",\"position\":1,\"name\":\"In\u00edcio\",\"item\":\"https:\/\/www.notibras.com\/site\/\"},{\"@type\":\"ListItem\",\"position\":2,\"name\":\"Biden vai virando e onda azul cobre os Estados Unidos\"}]},{\"@type\":\"WebSite\",\"@id\":\"https:\/\/www.notibras.com\/site\/#website\",\"url\":\"https:\/\/www.notibras.com\/site\/\",\"name\":\"Notibras\",\"description\":\"Not\u00edcias de Bras\u00edlia, do Brasil e do Mundo\",\"publisher\":{\"@id\":\"https:\/\/www.notibras.com\/site\/#organization\"},\"potentialAction\":[{\"@type\":\"SearchAction\",\"target\":{\"@type\":\"EntryPoint\",\"urlTemplate\":\"https:\/\/www.notibras.com\/site\/?s={search_term_string}\"},\"query-input\":{\"@type\":\"PropertyValueSpecification\",\"valueRequired\":true,\"valueName\":\"search_term_string\"}}],\"inLanguage\":\"pt-BR\"},{\"@type\":\"Organization\",\"@id\":\"https:\/\/www.notibras.com\/site\/#organization\",\"name\":\"Grupo Notibras de Comunica\u00e7\u00e3o\",\"url\":\"https:\/\/www.notibras.com\/site\/\",\"logo\":{\"@type\":\"ImageObject\",\"inLanguage\":\"pt-BR\",\"@id\":\"https:\/\/www.notibras.com\/site\/#\/schema\/logo\/image\/\",\"url\":\"https:\/\/www.notibras.com\/site\/wp-content\/uploads\/2023\/01\/notibras23.png\",\"contentUrl\":\"https:\/\/www.notibras.com\/site\/wp-content\/uploads\/2023\/01\/notibras23.png\",\"width\":350,\"height\":87,\"caption\":\"Grupo Notibras de Comunica\u00e7\u00e3o\"},\"image\":{\"@id\":\"https:\/\/www.notibras.com\/site\/#\/schema\/logo\/image\/\"},\"sameAs\":[\"https:\/\/www.facebook.com\/notibras\/\",\"https:\/\/x.com\/Notibras\",\"https:\/\/www.instagram.com\/notibras\/\"]},{\"@type\":\"Person\",\"@id\":\"https:\/\/www.notibras.com\/site\/#\/schema\/person\/36ab0979449956132d3e5b517ea76ac8\",\"name\":\"Reda\u00e7\u00e3o\",\"image\":{\"@type\":\"ImageObject\",\"inLanguage\":\"pt-BR\",\"@id\":\"https:\/\/secure.gravatar.com\/avatar\/e0a867bdedb85fd243eadf09663511f96fc81e0720a4a42581f334ad4303aa6b?s=96&d=mm&r=g\",\"url\":\"https:\/\/secure.gravatar.com\/avatar\/e0a867bdedb85fd243eadf09663511f96fc81e0720a4a42581f334ad4303aa6b?s=96&d=mm&r=g\",\"contentUrl\":\"https:\/\/secure.gravatar.com\/avatar\/e0a867bdedb85fd243eadf09663511f96fc81e0720a4a42581f334ad4303aa6b?s=96&d=mm&r=g\",\"caption\":\"Reda\u00e7\u00e3o\"}}]}<\/script>\n<!-- \/ Yoast SEO plugin. -->","yoast_head_json":{"title":"Biden vai virando e onda azul cobre os Estados Unidos - Notibras","robots":{"index":"index","follow":"follow","max-snippet":"max-snippet:-1","max-image-preview":"max-image-preview:large","max-video-preview":"max-video-preview:-1"},"canonical":"https:\/\/www.notibras.com\/site\/biden-vai-virando-e-onda-azul-cobre-os-estados-unidos\/","og_locale":"pt_BR","og_type":"article","og_title":"Biden vai virando e onda azul cobre os Estados Unidos - Notibras","og_description":"O candidato democrata Joe Biden passou o presidente Donald Trump na Pensilv\u00e2nia nesta sexta-feira (6). Caso Biden ven\u00e7a neste estado, vai ultrapassar os 270 votos necess\u00e1rios para ser eleito presidente dos Estados Unidos no Col\u00e9gio Eleitoral. A virada na Pensilv\u00e2nia ocorre em meio a uma s\u00e9rie de processos impetrados na Justi\u00e7a pela campanha de Trump [&hellip;]","og_url":"https:\/\/www.notibras.com\/site\/biden-vai-virando-e-onda-azul-cobre-os-estados-unidos\/","og_site_name":"Notibras","article_publisher":"https:\/\/www.facebook.com\/notibras\/","article_published_time":"2020-11-06T14:36:08+00:00","article_modified_time":"2020-11-06T14:37:41+00:00","og_image":[{"width":1920,"height":1080,"url":"https:\/\/www.notibras.com\/site\/wp-content\/uploads\/2020\/11\/18030_E2AD1A51A769F0D6.jpeg","type":"image\/jpeg"}],"author":"Reda\u00e7\u00e3o","twitter_card":"summary_large_image","twitter_creator":"@Notibras","twitter_site":"@Notibras","twitter_misc":{"Escrito por":"Reda\u00e7\u00e3o","Est. tempo de leitura":"1 minuto"},"schema":{"@context":"https:\/\/schema.org","@graph":[{"@type":"Article","@id":"https:\/\/www.notibras.com\/site\/biden-vai-virando-e-onda-azul-cobre-os-estados-unidos\/#article","isPartOf":{"@id":"https:\/\/www.notibras.com\/site\/biden-vai-virando-e-onda-azul-cobre-os-estados-unidos\/"},"author":{"name":"Reda\u00e7\u00e3o","@id":"https:\/\/www.notibras.com\/site\/#\/schema\/person\/36ab0979449956132d3e5b517ea76ac8"},"headline":"Biden vai virando e onda azul cobre os Estados Unidos","datePublished":"2020-11-06T14:36:08+00:00","dateModified":"2020-11-06T14:37:41+00:00","mainEntityOfPage":{"@id":"https:\/\/www.notibras.com\/site\/biden-vai-virando-e-onda-azul-cobre-os-estados-unidos\/"},"wordCount":290,"publisher":{"@id":"https:\/\/www.notibras.com\/site\/#organization"},"image":{"@id":"https:\/\/www.notibras.com\/site\/biden-vai-virando-e-onda-azul-cobre-os-estados-unidos\/#primaryimage"},"thumbnailUrl":"https:\/\/www.notibras.com\/site\/wp-content\/uploads\/2020\/11\/18030_E2AD1A51A769F0D6.jpeg","keywords":["capa"],"articleSection":["Mundo"],"inLanguage":"pt-BR"},{"@type":"WebPage","@id":"https:\/\/www.notibras.com\/site\/biden-vai-virando-e-onda-azul-cobre-os-estados-unidos\/","url":"https:\/\/www.notibras.com\/site\/biden-vai-virando-e-onda-azul-cobre-os-estados-unidos\/","name":"Biden vai virando e onda azul cobre os Estados Unidos - Notibras","isPartOf":{"@id":"https:\/\/www.notibras.com\/site\/#website"},"primaryImageOfPage":{"@id":"https:\/\/www.notibras.com\/site\/biden-vai-virando-e-onda-azul-cobre-os-estados-unidos\/#primaryimage"},"image":{"@id":"https:\/\/www.notibras.com\/site\/biden-vai-virando-e-onda-azul-cobre-os-estados-unidos\/#primaryimage"},"thumbnailUrl":"https:\/\/www.notibras.com\/site\/wp-content\/uploads\/2020\/11\/18030_E2AD1A51A769F0D6.jpeg","datePublished":"2020-11-06T14:36:08+00:00","dateModified":"2020-11-06T14:37:41+00:00","breadcrumb":{"@id":"https:\/\/www.notibras.com\/site\/biden-vai-virando-e-onda-azul-cobre-os-estados-unidos\/#breadcrumb"},"inLanguage":"pt-BR","potentialAction":[{"@type":"ReadAction","target":["https:\/\/www.notibras.com\/site\/biden-vai-virando-e-onda-azul-cobre-os-estados-unidos\/"]}]},{"@type":"ImageObject","inLanguage":"pt-BR","@id":"https:\/\/www.notibras.com\/site\/biden-vai-virando-e-onda-azul-cobre-os-estados-unidos\/#primaryimage","url":"https:\/\/www.notibras.com\/site\/wp-content\/uploads\/2020\/11\/18030_E2AD1A51A769F0D6.jpeg","contentUrl":"https:\/\/www.notibras.com\/site\/wp-content\/uploads\/2020\/11\/18030_E2AD1A51A769F0D6.jpeg","width":1920,"height":1080},{"@type":"BreadcrumbList","@id":"https:\/\/www.notibras.com\/site\/biden-vai-virando-e-onda-azul-cobre-os-estados-unidos\/#breadcrumb","itemListElement":[{"@type":"ListItem","position":1,"name":"In\u00edcio","item":"https:\/\/www.notibras.com\/site\/"},{"@type":"ListItem","position":2,"name":"Biden vai virando e onda azul cobre os Estados Unidos"}]},{"@type":"WebSite","@id":"https:\/\/www.notibras.com\/site\/#website","url":"https:\/\/www.notibras.com\/site\/","name":"Notibras","description":"Not\u00edcias de Bras\u00edlia, do Brasil e do Mundo","publisher":{"@id":"https:\/\/www.notibras.com\/site\/#organization"},"potentialAction":[{"@type":"SearchAction","target":{"@type":"EntryPoint","urlTemplate":"https:\/\/www.notibras.com\/site\/?s={search_term_string}"},"query-input":{"@type":"PropertyValueSpecification","valueRequired":true,"valueName":"search_term_string"}}],"inLanguage":"pt-BR"},{"@type":"Organization","@id":"https:\/\/www.notibras.com\/site\/#organization","name":"Grupo Notibras de Comunica\u00e7\u00e3o","url":"https:\/\/www.notibras.com\/site\/","logo":{"@type":"ImageObject","inLanguage":"pt-BR","@id":"https:\/\/www.notibras.com\/site\/#\/schema\/logo\/image\/","url":"https:\/\/www.notibras.com\/site\/wp-content\/uploads\/2023\/01\/notibras23.png","contentUrl":"https:\/\/www.notibras.com\/site\/wp-content\/uploads\/2023\/01\/notibras23.png","width":350,"height":87,"caption":"Grupo Notibras de Comunica\u00e7\u00e3o"},"image":{"@id":"https:\/\/www.notibras.com\/site\/#\/schema\/logo\/image\/"},"sameAs":["https:\/\/www.facebook.com\/notibras\/","https:\/\/x.com\/Notibras","https:\/\/www.instagram.com\/notibras\/"]},{"@type":"Person","@id":"https:\/\/www.notibras.com\/site\/#\/schema\/person\/36ab0979449956132d3e5b517ea76ac8","name":"Reda\u00e7\u00e3o","image":{"@type":"ImageObject","inLanguage":"pt-BR","@id":"https:\/\/secure.gravatar.com\/avatar\/e0a867bdedb85fd243eadf09663511f96fc81e0720a4a42581f334ad4303aa6b?s=96&d=mm&r=g","url":"https:\/\/secure.gravatar.com\/avatar\/e0a867bdedb85fd243eadf09663511f96fc81e0720a4a42581f334ad4303aa6b?s=96&d=mm&r=g","contentUrl":"https:\/\/secure.gravatar.com\/avatar\/e0a867bdedb85fd243eadf09663511f96fc81e0720a4a42581f334ad4303aa6b?s=96&d=mm&r=g","caption":"Reda\u00e7\u00e3o"}}]}},"amp_enabled":true,"_links":{"self":[{"href":"https:\/\/www.notibras.com\/site\/wp-json\/wp\/v2\/posts\/244537","targetHints":{"allow":["GET"]}}],"collection":[{"href":"https:\/\/www.notibras.com\/site\/wp-json\/wp\/v2\/posts"}],"about":[{"href":"https:\/\/www.notibras.com\/site\/wp-json\/wp\/v2\/types\/post"}],"author":[{"embeddable":true,"href":"https:\/\/www.notibras.com\/site\/wp-json\/wp\/v2\/users\/2"}],"replies":[{"embeddable":true,"href":"https:\/\/www.notibras.com\/site\/wp-json\/wp\/v2\/comments?post=244537"}],"version-history":[{"count":3,"href":"https:\/\/www.notibras.com\/site\/wp-json\/wp\/v2\/posts\/244537\/revisions"}],"predecessor-version":[{"id":244541,"href":"https:\/\/www.notibras.com\/site\/wp-json\/wp\/v2\/posts\/244537\/revisions\/244541"}],"wp:featuredmedia":[{"embeddable":true,"href":"https:\/\/www.notibras.com\/site\/wp-json\/wp\/v2\/media\/244538"}],"wp:attachment":[{"href":"https:\/\/www.notibras.com\/site\/wp-json\/wp\/v2\/media?parent=244537"}],"wp:term":[{"taxonomy":"category","embeddable":true,"href":"https:\/\/www.notibras.com\/site\/wp-json\/wp\/v2\/categories?post=244537"},{"taxonomy":"post_tag","embeddable":true,"href":"https:\/\/www.notibras.com\/site\/wp-json\/wp\/v2\/tags?post=244537"}],"curies":[{"name":"wp","href":"https:\/\/api.w.org\/{rel}","templated":true}]}}