{"id":24456,"date":"2014-10-10T05:29:36","date_gmt":"2014-10-10T08:29:36","guid":{"rendered":"http:\/\/www.notibras.com\/site\/?p=24456"},"modified":"2014-10-10T08:36:46","modified_gmt":"2014-10-10T11:36:46","slug":"godofredo-se-liga-no-amanha-apostando-no-discurso-etico","status":"publish","type":"post","link":"https:\/\/www.notibras.com\/site\/godofredo-se-liga-no-amanha-apostando-no-discurso-etico\/","title":{"rendered":"Godofredo se liga no amanh\u00e3, apostando no discurso \u00e9tico"},"content":{"rendered":"<p>Godofredo Filho, que disputou uma cadeira na C\u00e2mara Legislativa pelo PRP, foi ao encontro do candidato Rodrigo Rollemberg (PSB), a quem prometeu transferir, com seu discurso \u00e9tico, a totalidade dos 9 mil votos que conquistou nas urnas. Com esse refor\u00e7o na campanha do candidato socialista, &#8216;o homem dos cursos gratuitos para o extrato de baixa renda&#8217; mant\u00e9m de p\u00e9 sua bandeira. Saindo vitorioso, Rollemberg deve levar adiante as propostas de Godofredo, que n\u00e3o se elegeu desta vez, mas que, pelos servi\u00e7os que presta \u00e0 sociedade, logo ter\u00e1 uma corrente maior de eleitores.<\/p>\n","protected":false},"excerpt":{"rendered":"<p>Godofredo Filho, que disputou uma cadeira na C\u00e2mara Legislativa pelo PRP, foi ao encontro do candidato Rodrigo Rollemberg (PSB), a quem prometeu transferir, com seu discurso \u00e9tico, a totalidade dos 9 mil votos que conquistou nas urnas. Com esse refor\u00e7o na campanha do candidato socialista, &#8216;o homem dos cursos gratuitos para o extrato de baixa [&hellip;]<\/p>\n","protected":false},"author":2,"featured_media":24457,"comment_status":"open","ping_status":"closed","sticky":false,"template":"","format":"standard","meta":{"_acf_changed":false,"footnotes":""},"categories":[26],"tags":[],"class_list":["post-24456","post","type-post","status-publish","format-standard","has-post-thumbnail","hentry","category-eleicoes-2022"],"acf":[],"yoast_head":"<!-- This site is optimized with the Yoast SEO plugin v27.2 - https:\/\/yoast.com\/product\/yoast-seo-wordpress\/ -->\n<title>Godofredo se liga no amanh\u00e3, apostando no discurso \u00e9tico - Notibras<\/title>\n<meta name=\"robots\" content=\"index, follow, max-snippet:-1, max-image-preview:large, max-video-preview:-1\" \/>\n<link rel=\"canonical\" href=\"https:\/\/www.notibras.com\/site\/godofredo-se-liga-no-amanha-apostando-no-discurso-etico\/\" \/>\n<meta property=\"og:locale\" content=\"pt_BR\" \/>\n<meta property=\"og:type\" content=\"article\" \/>\n<meta property=\"og:title\" content=\"Godofredo se liga no amanh\u00e3, apostando no discurso \u00e9tico - Notibras\" \/>\n<meta property=\"og:description\" content=\"Godofredo Filho, que disputou uma cadeira na C\u00e2mara Legislativa pelo PRP, foi ao encontro do candidato Rodrigo Rollemberg (PSB), a quem prometeu transferir, com seu discurso \u00e9tico, a totalidade dos 9 mil votos que conquistou nas urnas. Com esse refor\u00e7o na campanha do candidato socialista, &#8216;o homem dos cursos gratuitos para o extrato de baixa [&hellip;]\" \/>\n<meta property=\"og:url\" content=\"https:\/\/www.notibras.com\/site\/godofredo-se-liga-no-amanha-apostando-no-discurso-etico\/\" \/>\n<meta property=\"og:site_name\" content=\"Notibras\" \/>\n<meta property=\"article:publisher\" content=\"https:\/\/www.facebook.com\/notibras\/\" \/>\n<meta property=\"article:published_time\" content=\"2014-10-10T08:29:36+00:00\" \/>\n<meta property=\"article:modified_time\" content=\"2014-10-10T11:36:46+00:00\" \/>\n<meta property=\"og:image\" content=\"https:\/\/www.notibras.com\/site\/wp-content\/uploads\/2014\/10\/godofredo-filho.jpg\" \/>\n\t<meta property=\"og:image:width\" content=\"300\" \/>\n\t<meta property=\"og:image:height\" content=\"225\" \/>\n\t<meta property=\"og:image:type\" content=\"image\/jpeg\" \/>\n<meta name=\"author\" content=\"Reda\u00e7\u00e3o\" \/>\n<meta name=\"twitter:card\" content=\"summary_large_image\" \/>\n<meta name=\"twitter:creator\" content=\"@Notibras\" \/>\n<meta name=\"twitter:site\" content=\"@Notibras\" \/>\n<meta name=\"twitter:label1\" content=\"Escrito por\" \/>\n\t<meta name=\"twitter:data1\" content=\"Reda\u00e7\u00e3o\" \/>\n<script type=\"application\/ld+json\" class=\"yoast-schema-graph\">{\"@context\":\"https:\/\/schema.org\",\"@graph\":[{\"@type\":\"Article\",\"@id\":\"https:\/\/www.notibras.com\/site\/godofredo-se-liga-no-amanha-apostando-no-discurso-etico\/#article\",\"isPartOf\":{\"@id\":\"https:\/\/www.notibras.com\/site\/godofredo-se-liga-no-amanha-apostando-no-discurso-etico\/\"},\"author\":{\"name\":\"Reda\u00e7\u00e3o\",\"@id\":\"https:\/\/www.notibras.com\/site\/#\/schema\/person\/36ab0979449956132d3e5b517ea76ac8\"},\"headline\":\"Godofredo se liga no amanh\u00e3, apostando no discurso \u00e9tico\",\"datePublished\":\"2014-10-10T08:29:36+00:00\",\"dateModified\":\"2014-10-10T11:36:46+00:00\",\"mainEntityOfPage\":{\"@id\":\"https:\/\/www.notibras.com\/site\/godofredo-se-liga-no-amanha-apostando-no-discurso-etico\/\"},\"wordCount\":104,\"commentCount\":0,\"publisher\":{\"@id\":\"https:\/\/www.notibras.com\/site\/#organization\"},\"image\":{\"@id\":\"https:\/\/www.notibras.com\/site\/godofredo-se-liga-no-amanha-apostando-no-discurso-etico\/#primaryimage\"},\"thumbnailUrl\":\"https:\/\/www.notibras.com\/site\/wp-content\/uploads\/2014\/10\/godofredo-filho.jpg\",\"articleSection\":[\"Elei\u00e7\u00f5es 2022\"],\"inLanguage\":\"pt-BR\",\"potentialAction\":[{\"@type\":\"CommentAction\",\"name\":\"Comment\",\"target\":[\"https:\/\/www.notibras.com\/site\/godofredo-se-liga-no-amanha-apostando-no-discurso-etico\/#respond\"]}]},{\"@type\":\"WebPage\",\"@id\":\"https:\/\/www.notibras.com\/site\/godofredo-se-liga-no-amanha-apostando-no-discurso-etico\/\",\"url\":\"https:\/\/www.notibras.com\/site\/godofredo-se-liga-no-amanha-apostando-no-discurso-etico\/\",\"name\":\"Godofredo se liga no amanh\u00e3, apostando no discurso \u00e9tico - Notibras\",\"isPartOf\":{\"@id\":\"https:\/\/www.notibras.com\/site\/#website\"},\"primaryImageOfPage\":{\"@id\":\"https:\/\/www.notibras.com\/site\/godofredo-se-liga-no-amanha-apostando-no-discurso-etico\/#primaryimage\"},\"image\":{\"@id\":\"https:\/\/www.notibras.com\/site\/godofredo-se-liga-no-amanha-apostando-no-discurso-etico\/#primaryimage\"},\"thumbnailUrl\":\"https:\/\/www.notibras.com\/site\/wp-content\/uploads\/2014\/10\/godofredo-filho.jpg\",\"datePublished\":\"2014-10-10T08:29:36+00:00\",\"dateModified\":\"2014-10-10T11:36:46+00:00\",\"breadcrumb\":{\"@id\":\"https:\/\/www.notibras.com\/site\/godofredo-se-liga-no-amanha-apostando-no-discurso-etico\/#breadcrumb\"},\"inLanguage\":\"pt-BR\",\"potentialAction\":[{\"@type\":\"ReadAction\",\"target\":[\"https:\/\/www.notibras.com\/site\/godofredo-se-liga-no-amanha-apostando-no-discurso-etico\/\"]}]},{\"@type\":\"ImageObject\",\"inLanguage\":\"pt-BR\",\"@id\":\"https:\/\/www.notibras.com\/site\/godofredo-se-liga-no-amanha-apostando-no-discurso-etico\/#primaryimage\",\"url\":\"https:\/\/www.notibras.com\/site\/wp-content\/uploads\/2014\/10\/godofredo-filho.jpg\",\"contentUrl\":\"https:\/\/www.notibras.com\/site\/wp-content\/uploads\/2014\/10\/godofredo-filho.jpg\",\"width\":300,\"height\":225},{\"@type\":\"BreadcrumbList\",\"@id\":\"https:\/\/www.notibras.com\/site\/godofredo-se-liga-no-amanha-apostando-no-discurso-etico\/#breadcrumb\",\"itemListElement\":[{\"@type\":\"ListItem\",\"position\":1,\"name\":\"In\u00edcio\",\"item\":\"https:\/\/www.notibras.com\/site\/\"},{\"@type\":\"ListItem\",\"position\":2,\"name\":\"Godofredo se liga no amanh\u00e3, apostando no discurso \u00e9tico\"}]},{\"@type\":\"WebSite\",\"@id\":\"https:\/\/www.notibras.com\/site\/#website\",\"url\":\"https:\/\/www.notibras.com\/site\/\",\"name\":\"Notibras\",\"description\":\"Not\u00edcias de Bras\u00edlia, do Brasil e do Mundo\",\"publisher\":{\"@id\":\"https:\/\/www.notibras.com\/site\/#organization\"},\"potentialAction\":[{\"@type\":\"SearchAction\",\"target\":{\"@type\":\"EntryPoint\",\"urlTemplate\":\"https:\/\/www.notibras.com\/site\/?s={search_term_string}\"},\"query-input\":{\"@type\":\"PropertyValueSpecification\",\"valueRequired\":true,\"valueName\":\"search_term_string\"}}],\"inLanguage\":\"pt-BR\"},{\"@type\":\"Organization\",\"@id\":\"https:\/\/www.notibras.com\/site\/#organization\",\"name\":\"Grupo Notibras de Comunica\u00e7\u00e3o\",\"url\":\"https:\/\/www.notibras.com\/site\/\",\"logo\":{\"@type\":\"ImageObject\",\"inLanguage\":\"pt-BR\",\"@id\":\"https:\/\/www.notibras.com\/site\/#\/schema\/logo\/image\/\",\"url\":\"https:\/\/www.notibras.com\/site\/wp-content\/uploads\/2023\/01\/notibras23.png\",\"contentUrl\":\"https:\/\/www.notibras.com\/site\/wp-content\/uploads\/2023\/01\/notibras23.png\",\"width\":350,\"height\":87,\"caption\":\"Grupo Notibras de Comunica\u00e7\u00e3o\"},\"image\":{\"@id\":\"https:\/\/www.notibras.com\/site\/#\/schema\/logo\/image\/\"},\"sameAs\":[\"https:\/\/www.facebook.com\/notibras\/\",\"https:\/\/x.com\/Notibras\",\"https:\/\/www.instagram.com\/notibras\/\"]},{\"@type\":\"Person\",\"@id\":\"https:\/\/www.notibras.com\/site\/#\/schema\/person\/36ab0979449956132d3e5b517ea76ac8\",\"name\":\"Reda\u00e7\u00e3o\",\"image\":{\"@type\":\"ImageObject\",\"inLanguage\":\"pt-BR\",\"@id\":\"https:\/\/secure.gravatar.com\/avatar\/e0a867bdedb85fd243eadf09663511f96fc81e0720a4a42581f334ad4303aa6b?s=96&d=mm&r=g\",\"url\":\"https:\/\/secure.gravatar.com\/avatar\/e0a867bdedb85fd243eadf09663511f96fc81e0720a4a42581f334ad4303aa6b?s=96&d=mm&r=g\",\"contentUrl\":\"https:\/\/secure.gravatar.com\/avatar\/e0a867bdedb85fd243eadf09663511f96fc81e0720a4a42581f334ad4303aa6b?s=96&d=mm&r=g\",\"caption\":\"Reda\u00e7\u00e3o\"}}]}<\/script>\n<!-- \/ Yoast SEO plugin. -->","yoast_head_json":{"title":"Godofredo se liga no amanh\u00e3, apostando no discurso \u00e9tico - Notibras","robots":{"index":"index","follow":"follow","max-snippet":"max-snippet:-1","max-image-preview":"max-image-preview:large","max-video-preview":"max-video-preview:-1"},"canonical":"https:\/\/www.notibras.com\/site\/godofredo-se-liga-no-amanha-apostando-no-discurso-etico\/","og_locale":"pt_BR","og_type":"article","og_title":"Godofredo se liga no amanh\u00e3, apostando no discurso \u00e9tico - Notibras","og_description":"Godofredo Filho, que disputou uma cadeira na C\u00e2mara Legislativa pelo PRP, foi ao encontro do candidato Rodrigo Rollemberg (PSB), a quem prometeu transferir, com seu discurso \u00e9tico, a totalidade dos 9 mil votos que conquistou nas urnas. Com esse refor\u00e7o na campanha do candidato socialista, &#8216;o homem dos cursos gratuitos para o extrato de baixa [&hellip;]","og_url":"https:\/\/www.notibras.com\/site\/godofredo-se-liga-no-amanha-apostando-no-discurso-etico\/","og_site_name":"Notibras","article_publisher":"https:\/\/www.facebook.com\/notibras\/","article_published_time":"2014-10-10T08:29:36+00:00","article_modified_time":"2014-10-10T11:36:46+00:00","og_image":[{"width":300,"height":225,"url":"https:\/\/www.notibras.com\/site\/wp-content\/uploads\/2014\/10\/godofredo-filho.jpg","type":"image\/jpeg"}],"author":"Reda\u00e7\u00e3o","twitter_card":"summary_large_image","twitter_creator":"@Notibras","twitter_site":"@Notibras","twitter_misc":{"Escrito por":"Reda\u00e7\u00e3o"},"schema":{"@context":"https:\/\/schema.org","@graph":[{"@type":"Article","@id":"https:\/\/www.notibras.com\/site\/godofredo-se-liga-no-amanha-apostando-no-discurso-etico\/#article","isPartOf":{"@id":"https:\/\/www.notibras.com\/site\/godofredo-se-liga-no-amanha-apostando-no-discurso-etico\/"},"author":{"name":"Reda\u00e7\u00e3o","@id":"https:\/\/www.notibras.com\/site\/#\/schema\/person\/36ab0979449956132d3e5b517ea76ac8"},"headline":"Godofredo se liga no amanh\u00e3, apostando no discurso \u00e9tico","datePublished":"2014-10-10T08:29:36+00:00","dateModified":"2014-10-10T11:36:46+00:00","mainEntityOfPage":{"@id":"https:\/\/www.notibras.com\/site\/godofredo-se-liga-no-amanha-apostando-no-discurso-etico\/"},"wordCount":104,"commentCount":0,"publisher":{"@id":"https:\/\/www.notibras.com\/site\/#organization"},"image":{"@id":"https:\/\/www.notibras.com\/site\/godofredo-se-liga-no-amanha-apostando-no-discurso-etico\/#primaryimage"},"thumbnailUrl":"https:\/\/www.notibras.com\/site\/wp-content\/uploads\/2014\/10\/godofredo-filho.jpg","articleSection":["Elei\u00e7\u00f5es 2022"],"inLanguage":"pt-BR","potentialAction":[{"@type":"CommentAction","name":"Comment","target":["https:\/\/www.notibras.com\/site\/godofredo-se-liga-no-amanha-apostando-no-discurso-etico\/#respond"]}]},{"@type":"WebPage","@id":"https:\/\/www.notibras.com\/site\/godofredo-se-liga-no-amanha-apostando-no-discurso-etico\/","url":"https:\/\/www.notibras.com\/site\/godofredo-se-liga-no-amanha-apostando-no-discurso-etico\/","name":"Godofredo se liga no amanh\u00e3, apostando no discurso \u00e9tico - Notibras","isPartOf":{"@id":"https:\/\/www.notibras.com\/site\/#website"},"primaryImageOfPage":{"@id":"https:\/\/www.notibras.com\/site\/godofredo-se-liga-no-amanha-apostando-no-discurso-etico\/#primaryimage"},"image":{"@id":"https:\/\/www.notibras.com\/site\/godofredo-se-liga-no-amanha-apostando-no-discurso-etico\/#primaryimage"},"thumbnailUrl":"https:\/\/www.notibras.com\/site\/wp-content\/uploads\/2014\/10\/godofredo-filho.jpg","datePublished":"2014-10-10T08:29:36+00:00","dateModified":"2014-10-10T11:36:46+00:00","breadcrumb":{"@id":"https:\/\/www.notibras.com\/site\/godofredo-se-liga-no-amanha-apostando-no-discurso-etico\/#breadcrumb"},"inLanguage":"pt-BR","potentialAction":[{"@type":"ReadAction","target":["https:\/\/www.notibras.com\/site\/godofredo-se-liga-no-amanha-apostando-no-discurso-etico\/"]}]},{"@type":"ImageObject","inLanguage":"pt-BR","@id":"https:\/\/www.notibras.com\/site\/godofredo-se-liga-no-amanha-apostando-no-discurso-etico\/#primaryimage","url":"https:\/\/www.notibras.com\/site\/wp-content\/uploads\/2014\/10\/godofredo-filho.jpg","contentUrl":"https:\/\/www.notibras.com\/site\/wp-content\/uploads\/2014\/10\/godofredo-filho.jpg","width":300,"height":225},{"@type":"BreadcrumbList","@id":"https:\/\/www.notibras.com\/site\/godofredo-se-liga-no-amanha-apostando-no-discurso-etico\/#breadcrumb","itemListElement":[{"@type":"ListItem","position":1,"name":"In\u00edcio","item":"https:\/\/www.notibras.com\/site\/"},{"@type":"ListItem","position":2,"name":"Godofredo se liga no amanh\u00e3, apostando no discurso \u00e9tico"}]},{"@type":"WebSite","@id":"https:\/\/www.notibras.com\/site\/#website","url":"https:\/\/www.notibras.com\/site\/","name":"Notibras","description":"Not\u00edcias de Bras\u00edlia, do Brasil e do Mundo","publisher":{"@id":"https:\/\/www.notibras.com\/site\/#organization"},"potentialAction":[{"@type":"SearchAction","target":{"@type":"EntryPoint","urlTemplate":"https:\/\/www.notibras.com\/site\/?s={search_term_string}"},"query-input":{"@type":"PropertyValueSpecification","valueRequired":true,"valueName":"search_term_string"}}],"inLanguage":"pt-BR"},{"@type":"Organization","@id":"https:\/\/www.notibras.com\/site\/#organization","name":"Grupo Notibras de Comunica\u00e7\u00e3o","url":"https:\/\/www.notibras.com\/site\/","logo":{"@type":"ImageObject","inLanguage":"pt-BR","@id":"https:\/\/www.notibras.com\/site\/#\/schema\/logo\/image\/","url":"https:\/\/www.notibras.com\/site\/wp-content\/uploads\/2023\/01\/notibras23.png","contentUrl":"https:\/\/www.notibras.com\/site\/wp-content\/uploads\/2023\/01\/notibras23.png","width":350,"height":87,"caption":"Grupo Notibras de Comunica\u00e7\u00e3o"},"image":{"@id":"https:\/\/www.notibras.com\/site\/#\/schema\/logo\/image\/"},"sameAs":["https:\/\/www.facebook.com\/notibras\/","https:\/\/x.com\/Notibras","https:\/\/www.instagram.com\/notibras\/"]},{"@type":"Person","@id":"https:\/\/www.notibras.com\/site\/#\/schema\/person\/36ab0979449956132d3e5b517ea76ac8","name":"Reda\u00e7\u00e3o","image":{"@type":"ImageObject","inLanguage":"pt-BR","@id":"https:\/\/secure.gravatar.com\/avatar\/e0a867bdedb85fd243eadf09663511f96fc81e0720a4a42581f334ad4303aa6b?s=96&d=mm&r=g","url":"https:\/\/secure.gravatar.com\/avatar\/e0a867bdedb85fd243eadf09663511f96fc81e0720a4a42581f334ad4303aa6b?s=96&d=mm&r=g","contentUrl":"https:\/\/secure.gravatar.com\/avatar\/e0a867bdedb85fd243eadf09663511f96fc81e0720a4a42581f334ad4303aa6b?s=96&d=mm&r=g","caption":"Reda\u00e7\u00e3o"}}]}},"amp_enabled":true,"_links":{"self":[{"href":"https:\/\/www.notibras.com\/site\/wp-json\/wp\/v2\/posts\/24456","targetHints":{"allow":["GET"]}}],"collection":[{"href":"https:\/\/www.notibras.com\/site\/wp-json\/wp\/v2\/posts"}],"about":[{"href":"https:\/\/www.notibras.com\/site\/wp-json\/wp\/v2\/types\/post"}],"author":[{"embeddable":true,"href":"https:\/\/www.notibras.com\/site\/wp-json\/wp\/v2\/users\/2"}],"replies":[{"embeddable":true,"href":"https:\/\/www.notibras.com\/site\/wp-json\/wp\/v2\/comments?post=24456"}],"version-history":[{"count":0,"href":"https:\/\/www.notibras.com\/site\/wp-json\/wp\/v2\/posts\/24456\/revisions"}],"wp:featuredmedia":[{"embeddable":true,"href":"https:\/\/www.notibras.com\/site\/wp-json\/wp\/v2\/media\/24457"}],"wp:attachment":[{"href":"https:\/\/www.notibras.com\/site\/wp-json\/wp\/v2\/media?parent=24456"}],"wp:term":[{"taxonomy":"category","embeddable":true,"href":"https:\/\/www.notibras.com\/site\/wp-json\/wp\/v2\/categories?post=24456"},{"taxonomy":"post_tag","embeddable":true,"href":"https:\/\/www.notibras.com\/site\/wp-json\/wp\/v2\/tags?post=24456"}],"curies":[{"name":"wp","href":"https:\/\/api.w.org\/{rel}","templated":true}]}}