{"id":24459,"date":"2014-10-10T09:22:42","date_gmt":"2014-10-10T12:22:42","guid":{"rendered":"http:\/\/www.notibras.com\/site\/?p=24459"},"modified":"2014-10-11T11:11:25","modified_gmt":"2014-10-11T14:11:25","slug":"governo-transfere-do-parana-para-o-rio-paciente-com-sinais-de-contagio-do-virus-ebola","status":"publish","type":"post","link":"https:\/\/www.notibras.com\/site\/governo-transfere-do-parana-para-o-rio-paciente-com-sinais-de-contagio-do-virus-ebola\/","title":{"rendered":"Governo transfere do Paran\u00e1 para o Rio paciente com sinais do v\u00edrus Ebola"},"content":{"rendered":"<p>O paciente, de 47 anos, considerado suspeito de infec\u00e7\u00e3o por Ebola, j\u00e1 est\u00e1 na Funda\u00e7\u00e3o Oswaldo Cruz, em Manguinhos. Ele foi transferido, de avi\u00e3o, de Cascavel (PR) para a cidade do Rio nesta manh\u00e3. Uma ambul\u00e2ncia do Servi\u00e7o de Assist\u00eancia M\u00f3vel de Urg\u00eancia (Samu) e uma equipe do Corpo de Bombeiros acompanharam o paciente da Base A\u00e9rea do Gale\u00e3o, na Ilha do Governador, at\u00e9 a unidade de sa\u00fade. Ele ficar\u00e1 internado no Instituto Nacional de Infectologia Evandro Chagas, refer\u00eancia nacional para casos de ebola.<\/p>\n<p>O homem suspeito de infec\u00e7\u00e3o pelo v\u00edrus ebola chegou recentemente da Guin\u00e9, um dos tr\u00eas pa\u00edses que concentram, o surto da doen\u00e7a na \u00c1frica, juntamente com a Lib\u00e9ria e Serra Leoa, onde est\u00e3o concentrado o foco da doen\u00e7a.<\/p>\n<blockquote><p>A Secretaria Estadual de Sa\u00fade do Rio informou que o Rio de Janeiro est\u00e1 trabalhando de acordo com determina\u00e7\u00f5es do Minist\u00e9rio da Sa\u00fade para manter as unidades de sa\u00fade em alerta para a poss\u00edvel identifica\u00e7\u00e3o de sintomas relacionados ao v\u00edrus ebola. Um plano de conting\u00eancia j\u00e1 foi elaborado em parceria com as secretarias municipais de Sa\u00fade, Corpo de Bombeiros e Fiocruz. H\u00e1 equipamentos de prote\u00e7\u00e3o individual (EPIs) estocados para os profissionais de sa\u00fade.<\/p><\/blockquote>\n<p>Em caso de suspeita de paciente com o v\u00edrus, ele ser\u00e1 encaminhado pela unidade de emerg\u00eancia em que for atendido para o Instituto Nacional de Infectologia Evandro Chagas (Fiocruz), que \u00e9 a unidade de sa\u00fade de refer\u00eancia para isolamento e in\u00edcio dos cuidados m\u00e9dicos adequados. O ebola \u00e9 uma doen\u00e7a de notifica\u00e7\u00e3o compuls\u00f3ria imediata, que deve ser realizada pelo profissional de sa\u00fade ou pelo servi\u00e7o que prestar o primeiro atendimento ao paciente, pelo meio mais r\u00e1pido dispon\u00edvel, de acordo com a Portaria n\u00ba 1.271, de 6 de junho de 2014. Todo caso suspeito deve ser notificado imediatamente \u00e0s autoridades de sa\u00fade das secretarias municipais, estaduais e \u00e0 Secretaria de Vigil\u00e2ncia em Sa\u00fade do Minist\u00e9rio da Sa\u00fade.<\/p>\n<p>O Continente Africano registra surtos de ebola desde 1976. Entre os sintomas est\u00e3o hemorragia, v\u00f4mito e febre. A doen\u00e7a s\u00f3 \u00e9 transmitida por meio do contato com o sangue, tecidos ou fluidos corporais de indiv\u00edduos doentes, ou pelo contato com superf\u00edcies e objetos contaminados. O v\u00edrus \u00e9 transmitido quando surgem os sintomas.<\/p>\n<p><strong>Douglas Corr\u00eaa, ABr<br \/>\n<\/strong><\/p>\n","protected":false},"excerpt":{"rendered":"<p>O paciente, de 47 anos, considerado suspeito de infec\u00e7\u00e3o por Ebola, j\u00e1 est\u00e1 na Funda\u00e7\u00e3o Oswaldo Cruz, em Manguinhos. Ele foi transferido, de avi\u00e3o, de Cascavel (PR) para a cidade do Rio nesta manh\u00e3. Uma ambul\u00e2ncia do Servi\u00e7o de Assist\u00eancia M\u00f3vel de Urg\u00eancia (Samu) e uma equipe do Corpo de Bombeiros acompanharam o paciente da [&hellip;]<\/p>\n","protected":false},"author":2,"featured_media":24460,"comment_status":"open","ping_status":"closed","sticky":false,"template":"","format":"standard","meta":{"_acf_changed":false,"footnotes":""},"categories":[16],"tags":[],"class_list":["post-24459","post","type-post","status-publish","format-standard","has-post-thumbnail","hentry","category-brasil"],"acf":[],"yoast_head":"<!-- This site is optimized with the Yoast SEO plugin v27.5 - https:\/\/yoast.com\/product\/yoast-seo-wordpress\/ -->\n<title>Governo transfere do Paran\u00e1 para o Rio paciente com sinais do v\u00edrus Ebola - Notibras<\/title>\n<meta name=\"robots\" content=\"index, follow, max-snippet:-1, max-image-preview:large, max-video-preview:-1\" \/>\n<link rel=\"canonical\" href=\"https:\/\/www.notibras.com\/site\/governo-transfere-do-parana-para-o-rio-paciente-com-sinais-de-contagio-do-virus-ebola\/\" \/>\n<meta property=\"og:locale\" content=\"pt_BR\" \/>\n<meta property=\"og:type\" content=\"article\" \/>\n<meta property=\"og:title\" content=\"Governo transfere do Paran\u00e1 para o Rio paciente com sinais do v\u00edrus Ebola - Notibras\" \/>\n<meta property=\"og:description\" content=\"O paciente, de 47 anos, considerado suspeito de infec\u00e7\u00e3o por Ebola, j\u00e1 est\u00e1 na Funda\u00e7\u00e3o Oswaldo Cruz, em Manguinhos. Ele foi transferido, de avi\u00e3o, de Cascavel (PR) para a cidade do Rio nesta manh\u00e3. Uma ambul\u00e2ncia do Servi\u00e7o de Assist\u00eancia M\u00f3vel de Urg\u00eancia (Samu) e uma equipe do Corpo de Bombeiros acompanharam o paciente da [&hellip;]\" \/>\n<meta property=\"og:url\" content=\"https:\/\/www.notibras.com\/site\/governo-transfere-do-parana-para-o-rio-paciente-com-sinais-de-contagio-do-virus-ebola\/\" \/>\n<meta property=\"og:site_name\" content=\"Notibras\" \/>\n<meta property=\"article:publisher\" content=\"https:\/\/www.facebook.com\/notibras\/\" \/>\n<meta property=\"article:published_time\" content=\"2014-10-10T12:22:42+00:00\" \/>\n<meta property=\"article:modified_time\" content=\"2014-10-11T14:11:25+00:00\" \/>\n<meta property=\"og:image\" content=\"https:\/\/www.notibras.com\/site\/wp-content\/uploads\/2014\/10\/928154-ebola_7.jpg\" \/>\n\t<meta property=\"og:image:width\" content=\"576\" \/>\n\t<meta property=\"og:image:height\" content=\"264\" \/>\n\t<meta property=\"og:image:type\" content=\"image\/jpeg\" \/>\n<meta name=\"author\" content=\"Reda\u00e7\u00e3o\" \/>\n<meta name=\"twitter:card\" content=\"summary_large_image\" \/>\n<meta name=\"twitter:creator\" content=\"@Notibras\" \/>\n<meta name=\"twitter:site\" content=\"@Notibras\" \/>\n<meta name=\"twitter:label1\" content=\"Escrito por\" \/>\n\t<meta name=\"twitter:data1\" content=\"Reda\u00e7\u00e3o\" \/>\n\t<meta name=\"twitter:label2\" content=\"Est. tempo de leitura\" \/>\n\t<meta name=\"twitter:data2\" content=\"2 minutos\" \/>\n<script type=\"application\/ld+json\" class=\"yoast-schema-graph\">{\"@context\":\"https:\\\/\\\/schema.org\",\"@graph\":[{\"@type\":\"Article\",\"@id\":\"https:\\\/\\\/www.notibras.com\\\/site\\\/governo-transfere-do-parana-para-o-rio-paciente-com-sinais-de-contagio-do-virus-ebola\\\/#article\",\"isPartOf\":{\"@id\":\"https:\\\/\\\/www.notibras.com\\\/site\\\/governo-transfere-do-parana-para-o-rio-paciente-com-sinais-de-contagio-do-virus-ebola\\\/\"},\"author\":{\"name\":\"Reda\u00e7\u00e3o\",\"@id\":\"https:\\\/\\\/www.notibras.com\\\/site\\\/#\\\/schema\\\/person\\\/36ab0979449956132d3e5b517ea76ac8\"},\"headline\":\"Governo transfere do Paran\u00e1 para o Rio paciente com sinais do v\u00edrus Ebola\",\"datePublished\":\"2014-10-10T12:22:42+00:00\",\"dateModified\":\"2014-10-11T14:11:25+00:00\",\"mainEntityOfPage\":{\"@id\":\"https:\\\/\\\/www.notibras.com\\\/site\\\/governo-transfere-do-parana-para-o-rio-paciente-com-sinais-de-contagio-do-virus-ebola\\\/\"},\"wordCount\":427,\"commentCount\":0,\"publisher\":{\"@id\":\"https:\\\/\\\/www.notibras.com\\\/site\\\/#organization\"},\"image\":{\"@id\":\"https:\\\/\\\/www.notibras.com\\\/site\\\/governo-transfere-do-parana-para-o-rio-paciente-com-sinais-de-contagio-do-virus-ebola\\\/#primaryimage\"},\"thumbnailUrl\":\"https:\\\/\\\/www.notibras.com\\\/site\\\/wp-content\\\/uploads\\\/2014\\\/10\\\/928154-ebola_7.jpg\",\"articleSection\":[\"Brasil\"],\"inLanguage\":\"pt-BR\",\"potentialAction\":[{\"@type\":\"CommentAction\",\"name\":\"Comment\",\"target\":[\"https:\\\/\\\/www.notibras.com\\\/site\\\/governo-transfere-do-parana-para-o-rio-paciente-com-sinais-de-contagio-do-virus-ebola\\\/#respond\"]}]},{\"@type\":\"WebPage\",\"@id\":\"https:\\\/\\\/www.notibras.com\\\/site\\\/governo-transfere-do-parana-para-o-rio-paciente-com-sinais-de-contagio-do-virus-ebola\\\/\",\"url\":\"https:\\\/\\\/www.notibras.com\\\/site\\\/governo-transfere-do-parana-para-o-rio-paciente-com-sinais-de-contagio-do-virus-ebola\\\/\",\"name\":\"Governo transfere do Paran\u00e1 para o Rio paciente com sinais do v\u00edrus Ebola - Notibras\",\"isPartOf\":{\"@id\":\"https:\\\/\\\/www.notibras.com\\\/site\\\/#website\"},\"primaryImageOfPage\":{\"@id\":\"https:\\\/\\\/www.notibras.com\\\/site\\\/governo-transfere-do-parana-para-o-rio-paciente-com-sinais-de-contagio-do-virus-ebola\\\/#primaryimage\"},\"image\":{\"@id\":\"https:\\\/\\\/www.notibras.com\\\/site\\\/governo-transfere-do-parana-para-o-rio-paciente-com-sinais-de-contagio-do-virus-ebola\\\/#primaryimage\"},\"thumbnailUrl\":\"https:\\\/\\\/www.notibras.com\\\/site\\\/wp-content\\\/uploads\\\/2014\\\/10\\\/928154-ebola_7.jpg\",\"datePublished\":\"2014-10-10T12:22:42+00:00\",\"dateModified\":\"2014-10-11T14:11:25+00:00\",\"breadcrumb\":{\"@id\":\"https:\\\/\\\/www.notibras.com\\\/site\\\/governo-transfere-do-parana-para-o-rio-paciente-com-sinais-de-contagio-do-virus-ebola\\\/#breadcrumb\"},\"inLanguage\":\"pt-BR\",\"potentialAction\":[{\"@type\":\"ReadAction\",\"target\":[\"https:\\\/\\\/www.notibras.com\\\/site\\\/governo-transfere-do-parana-para-o-rio-paciente-com-sinais-de-contagio-do-virus-ebola\\\/\"]}]},{\"@type\":\"ImageObject\",\"inLanguage\":\"pt-BR\",\"@id\":\"https:\\\/\\\/www.notibras.com\\\/site\\\/governo-transfere-do-parana-para-o-rio-paciente-com-sinais-de-contagio-do-virus-ebola\\\/#primaryimage\",\"url\":\"https:\\\/\\\/www.notibras.com\\\/site\\\/wp-content\\\/uploads\\\/2014\\\/10\\\/928154-ebola_7.jpg\",\"contentUrl\":\"https:\\\/\\\/www.notibras.com\\\/site\\\/wp-content\\\/uploads\\\/2014\\\/10\\\/928154-ebola_7.jpg\",\"width\":576,\"height\":264},{\"@type\":\"BreadcrumbList\",\"@id\":\"https:\\\/\\\/www.notibras.com\\\/site\\\/governo-transfere-do-parana-para-o-rio-paciente-com-sinais-de-contagio-do-virus-ebola\\\/#breadcrumb\",\"itemListElement\":[{\"@type\":\"ListItem\",\"position\":1,\"name\":\"In\u00edcio\",\"item\":\"https:\\\/\\\/www.notibras.com\\\/site\\\/\"},{\"@type\":\"ListItem\",\"position\":2,\"name\":\"Governo transfere do Paran\u00e1 para o Rio paciente com sinais do v\u00edrus Ebola\"}]},{\"@type\":\"WebSite\",\"@id\":\"https:\\\/\\\/www.notibras.com\\\/site\\\/#website\",\"url\":\"https:\\\/\\\/www.notibras.com\\\/site\\\/\",\"name\":\"Notibras\",\"description\":\"Not\u00edcias de Bras\u00edlia, do Brasil e do Mundo\",\"publisher\":{\"@id\":\"https:\\\/\\\/www.notibras.com\\\/site\\\/#organization\"},\"potentialAction\":[{\"@type\":\"SearchAction\",\"target\":{\"@type\":\"EntryPoint\",\"urlTemplate\":\"https:\\\/\\\/www.notibras.com\\\/site\\\/?s={search_term_string}\"},\"query-input\":{\"@type\":\"PropertyValueSpecification\",\"valueRequired\":true,\"valueName\":\"search_term_string\"}}],\"inLanguage\":\"pt-BR\"},{\"@type\":\"Organization\",\"@id\":\"https:\\\/\\\/www.notibras.com\\\/site\\\/#organization\",\"name\":\"Grupo Notibras de Comunica\u00e7\u00e3o\",\"url\":\"https:\\\/\\\/www.notibras.com\\\/site\\\/\",\"logo\":{\"@type\":\"ImageObject\",\"inLanguage\":\"pt-BR\",\"@id\":\"https:\\\/\\\/www.notibras.com\\\/site\\\/#\\\/schema\\\/logo\\\/image\\\/\",\"url\":\"https:\\\/\\\/www.notibras.com\\\/site\\\/wp-content\\\/uploads\\\/2023\\\/01\\\/notibras23.png\",\"contentUrl\":\"https:\\\/\\\/www.notibras.com\\\/site\\\/wp-content\\\/uploads\\\/2023\\\/01\\\/notibras23.png\",\"width\":350,\"height\":87,\"caption\":\"Grupo Notibras de Comunica\u00e7\u00e3o\"},\"image\":{\"@id\":\"https:\\\/\\\/www.notibras.com\\\/site\\\/#\\\/schema\\\/logo\\\/image\\\/\"},\"sameAs\":[\"https:\\\/\\\/www.facebook.com\\\/notibras\\\/\",\"https:\\\/\\\/x.com\\\/Notibras\",\"https:\\\/\\\/www.instagram.com\\\/notibras\\\/\"]},{\"@type\":\"Person\",\"@id\":\"https:\\\/\\\/www.notibras.com\\\/site\\\/#\\\/schema\\\/person\\\/36ab0979449956132d3e5b517ea76ac8\",\"name\":\"Reda\u00e7\u00e3o\",\"image\":{\"@type\":\"ImageObject\",\"inLanguage\":\"pt-BR\",\"@id\":\"https:\\\/\\\/secure.gravatar.com\\\/avatar\\\/e0a867bdedb85fd243eadf09663511f96fc81e0720a4a42581f334ad4303aa6b?s=96&d=mm&r=g\",\"url\":\"https:\\\/\\\/secure.gravatar.com\\\/avatar\\\/e0a867bdedb85fd243eadf09663511f96fc81e0720a4a42581f334ad4303aa6b?s=96&d=mm&r=g\",\"contentUrl\":\"https:\\\/\\\/secure.gravatar.com\\\/avatar\\\/e0a867bdedb85fd243eadf09663511f96fc81e0720a4a42581f334ad4303aa6b?s=96&d=mm&r=g\",\"caption\":\"Reda\u00e7\u00e3o\"}}]}<\/script>\n<!-- \/ Yoast SEO plugin. -->","yoast_head_json":{"title":"Governo transfere do Paran\u00e1 para o Rio paciente com sinais do v\u00edrus Ebola - Notibras","robots":{"index":"index","follow":"follow","max-snippet":"max-snippet:-1","max-image-preview":"max-image-preview:large","max-video-preview":"max-video-preview:-1"},"canonical":"https:\/\/www.notibras.com\/site\/governo-transfere-do-parana-para-o-rio-paciente-com-sinais-de-contagio-do-virus-ebola\/","og_locale":"pt_BR","og_type":"article","og_title":"Governo transfere do Paran\u00e1 para o Rio paciente com sinais do v\u00edrus Ebola - Notibras","og_description":"O paciente, de 47 anos, considerado suspeito de infec\u00e7\u00e3o por Ebola, j\u00e1 est\u00e1 na Funda\u00e7\u00e3o Oswaldo Cruz, em Manguinhos. Ele foi transferido, de avi\u00e3o, de Cascavel (PR) para a cidade do Rio nesta manh\u00e3. Uma ambul\u00e2ncia do Servi\u00e7o de Assist\u00eancia M\u00f3vel de Urg\u00eancia (Samu) e uma equipe do Corpo de Bombeiros acompanharam o paciente da [&hellip;]","og_url":"https:\/\/www.notibras.com\/site\/governo-transfere-do-parana-para-o-rio-paciente-com-sinais-de-contagio-do-virus-ebola\/","og_site_name":"Notibras","article_publisher":"https:\/\/www.facebook.com\/notibras\/","article_published_time":"2014-10-10T12:22:42+00:00","article_modified_time":"2014-10-11T14:11:25+00:00","og_image":[{"width":576,"height":264,"url":"https:\/\/www.notibras.com\/site\/wp-content\/uploads\/2014\/10\/928154-ebola_7.jpg","type":"image\/jpeg"}],"author":"Reda\u00e7\u00e3o","twitter_card":"summary_large_image","twitter_creator":"@Notibras","twitter_site":"@Notibras","twitter_misc":{"Escrito por":"Reda\u00e7\u00e3o","Est. tempo de leitura":"2 minutos"},"schema":{"@context":"https:\/\/schema.org","@graph":[{"@type":"Article","@id":"https:\/\/www.notibras.com\/site\/governo-transfere-do-parana-para-o-rio-paciente-com-sinais-de-contagio-do-virus-ebola\/#article","isPartOf":{"@id":"https:\/\/www.notibras.com\/site\/governo-transfere-do-parana-para-o-rio-paciente-com-sinais-de-contagio-do-virus-ebola\/"},"author":{"name":"Reda\u00e7\u00e3o","@id":"https:\/\/www.notibras.com\/site\/#\/schema\/person\/36ab0979449956132d3e5b517ea76ac8"},"headline":"Governo transfere do Paran\u00e1 para o Rio paciente com sinais do v\u00edrus Ebola","datePublished":"2014-10-10T12:22:42+00:00","dateModified":"2014-10-11T14:11:25+00:00","mainEntityOfPage":{"@id":"https:\/\/www.notibras.com\/site\/governo-transfere-do-parana-para-o-rio-paciente-com-sinais-de-contagio-do-virus-ebola\/"},"wordCount":427,"commentCount":0,"publisher":{"@id":"https:\/\/www.notibras.com\/site\/#organization"},"image":{"@id":"https:\/\/www.notibras.com\/site\/governo-transfere-do-parana-para-o-rio-paciente-com-sinais-de-contagio-do-virus-ebola\/#primaryimage"},"thumbnailUrl":"https:\/\/www.notibras.com\/site\/wp-content\/uploads\/2014\/10\/928154-ebola_7.jpg","articleSection":["Brasil"],"inLanguage":"pt-BR","potentialAction":[{"@type":"CommentAction","name":"Comment","target":["https:\/\/www.notibras.com\/site\/governo-transfere-do-parana-para-o-rio-paciente-com-sinais-de-contagio-do-virus-ebola\/#respond"]}]},{"@type":"WebPage","@id":"https:\/\/www.notibras.com\/site\/governo-transfere-do-parana-para-o-rio-paciente-com-sinais-de-contagio-do-virus-ebola\/","url":"https:\/\/www.notibras.com\/site\/governo-transfere-do-parana-para-o-rio-paciente-com-sinais-de-contagio-do-virus-ebola\/","name":"Governo transfere do Paran\u00e1 para o Rio paciente com sinais do v\u00edrus Ebola - Notibras","isPartOf":{"@id":"https:\/\/www.notibras.com\/site\/#website"},"primaryImageOfPage":{"@id":"https:\/\/www.notibras.com\/site\/governo-transfere-do-parana-para-o-rio-paciente-com-sinais-de-contagio-do-virus-ebola\/#primaryimage"},"image":{"@id":"https:\/\/www.notibras.com\/site\/governo-transfere-do-parana-para-o-rio-paciente-com-sinais-de-contagio-do-virus-ebola\/#primaryimage"},"thumbnailUrl":"https:\/\/www.notibras.com\/site\/wp-content\/uploads\/2014\/10\/928154-ebola_7.jpg","datePublished":"2014-10-10T12:22:42+00:00","dateModified":"2014-10-11T14:11:25+00:00","breadcrumb":{"@id":"https:\/\/www.notibras.com\/site\/governo-transfere-do-parana-para-o-rio-paciente-com-sinais-de-contagio-do-virus-ebola\/#breadcrumb"},"inLanguage":"pt-BR","potentialAction":[{"@type":"ReadAction","target":["https:\/\/www.notibras.com\/site\/governo-transfere-do-parana-para-o-rio-paciente-com-sinais-de-contagio-do-virus-ebola\/"]}]},{"@type":"ImageObject","inLanguage":"pt-BR","@id":"https:\/\/www.notibras.com\/site\/governo-transfere-do-parana-para-o-rio-paciente-com-sinais-de-contagio-do-virus-ebola\/#primaryimage","url":"https:\/\/www.notibras.com\/site\/wp-content\/uploads\/2014\/10\/928154-ebola_7.jpg","contentUrl":"https:\/\/www.notibras.com\/site\/wp-content\/uploads\/2014\/10\/928154-ebola_7.jpg","width":576,"height":264},{"@type":"BreadcrumbList","@id":"https:\/\/www.notibras.com\/site\/governo-transfere-do-parana-para-o-rio-paciente-com-sinais-de-contagio-do-virus-ebola\/#breadcrumb","itemListElement":[{"@type":"ListItem","position":1,"name":"In\u00edcio","item":"https:\/\/www.notibras.com\/site\/"},{"@type":"ListItem","position":2,"name":"Governo transfere do Paran\u00e1 para o Rio paciente com sinais do v\u00edrus Ebola"}]},{"@type":"WebSite","@id":"https:\/\/www.notibras.com\/site\/#website","url":"https:\/\/www.notibras.com\/site\/","name":"Notibras","description":"Not\u00edcias de Bras\u00edlia, do Brasil e do Mundo","publisher":{"@id":"https:\/\/www.notibras.com\/site\/#organization"},"potentialAction":[{"@type":"SearchAction","target":{"@type":"EntryPoint","urlTemplate":"https:\/\/www.notibras.com\/site\/?s={search_term_string}"},"query-input":{"@type":"PropertyValueSpecification","valueRequired":true,"valueName":"search_term_string"}}],"inLanguage":"pt-BR"},{"@type":"Organization","@id":"https:\/\/www.notibras.com\/site\/#organization","name":"Grupo Notibras de Comunica\u00e7\u00e3o","url":"https:\/\/www.notibras.com\/site\/","logo":{"@type":"ImageObject","inLanguage":"pt-BR","@id":"https:\/\/www.notibras.com\/site\/#\/schema\/logo\/image\/","url":"https:\/\/www.notibras.com\/site\/wp-content\/uploads\/2023\/01\/notibras23.png","contentUrl":"https:\/\/www.notibras.com\/site\/wp-content\/uploads\/2023\/01\/notibras23.png","width":350,"height":87,"caption":"Grupo Notibras de Comunica\u00e7\u00e3o"},"image":{"@id":"https:\/\/www.notibras.com\/site\/#\/schema\/logo\/image\/"},"sameAs":["https:\/\/www.facebook.com\/notibras\/","https:\/\/x.com\/Notibras","https:\/\/www.instagram.com\/notibras\/"]},{"@type":"Person","@id":"https:\/\/www.notibras.com\/site\/#\/schema\/person\/36ab0979449956132d3e5b517ea76ac8","name":"Reda\u00e7\u00e3o","image":{"@type":"ImageObject","inLanguage":"pt-BR","@id":"https:\/\/secure.gravatar.com\/avatar\/e0a867bdedb85fd243eadf09663511f96fc81e0720a4a42581f334ad4303aa6b?s=96&d=mm&r=g","url":"https:\/\/secure.gravatar.com\/avatar\/e0a867bdedb85fd243eadf09663511f96fc81e0720a4a42581f334ad4303aa6b?s=96&d=mm&r=g","contentUrl":"https:\/\/secure.gravatar.com\/avatar\/e0a867bdedb85fd243eadf09663511f96fc81e0720a4a42581f334ad4303aa6b?s=96&d=mm&r=g","caption":"Reda\u00e7\u00e3o"}}]}},"amp_enabled":true,"_links":{"self":[{"href":"https:\/\/www.notibras.com\/site\/wp-json\/wp\/v2\/posts\/24459","targetHints":{"allow":["GET"]}}],"collection":[{"href":"https:\/\/www.notibras.com\/site\/wp-json\/wp\/v2\/posts"}],"about":[{"href":"https:\/\/www.notibras.com\/site\/wp-json\/wp\/v2\/types\/post"}],"author":[{"embeddable":true,"href":"https:\/\/www.notibras.com\/site\/wp-json\/wp\/v2\/users\/2"}],"replies":[{"embeddable":true,"href":"https:\/\/www.notibras.com\/site\/wp-json\/wp\/v2\/comments?post=24459"}],"version-history":[{"count":0,"href":"https:\/\/www.notibras.com\/site\/wp-json\/wp\/v2\/posts\/24459\/revisions"}],"wp:featuredmedia":[{"embeddable":true,"href":"https:\/\/www.notibras.com\/site\/wp-json\/wp\/v2\/media\/24460"}],"wp:attachment":[{"href":"https:\/\/www.notibras.com\/site\/wp-json\/wp\/v2\/media?parent=24459"}],"wp:term":[{"taxonomy":"category","embeddable":true,"href":"https:\/\/www.notibras.com\/site\/wp-json\/wp\/v2\/categories?post=24459"},{"taxonomy":"post_tag","embeddable":true,"href":"https:\/\/www.notibras.com\/site\/wp-json\/wp\/v2\/tags?post=24459"}],"curies":[{"name":"wp","href":"https:\/\/api.w.org\/{rel}","templated":true}]}}