{"id":244596,"date":"2020-11-07T10:40:03","date_gmt":"2020-11-07T13:40:03","guid":{"rendered":"https:\/\/www.notibras.com\/site\/?p=244596"},"modified":"2020-11-07T10:40:59","modified_gmt":"2020-11-07T13:40:59","slug":"necessaire-abre-seu-espaco-para-novos-cosmeticos","status":"publish","type":"post","link":"https:\/\/www.notibras.com\/site\/necessaire-abre-seu-espaco-para-novos-cosmeticos\/","title":{"rendered":"&#8216;Necessaire&#8217; abre seu espa\u00e7o para novos cosm\u00e9ticos"},"content":{"rendered":"<p>O setor de beleza, um dos mais promissores na \u00c1sia, estava em pleno crescimento quando foi impactado pela pandemia. S\u00f3 a China perdeu 25 bilh\u00f5es de yuans em vendas no primeiro semestre de 2020 por conta da Covid-19; ao mesmo tempo, vendas de produtos para cuidados com pele e cabelo ca\u00edram 49% na Coreia e compras de maquiagens foram reduzidas em 48% na Tail\u00e2ndia. No entanto, o segmento j\u00e1 apresenta sinais de retomada, mas com consider\u00e1veis mudan\u00e7as no comportamento do consumidor, segundo o estudo Asia Beauty, feito na Coreia, Taiwan, China, Tail\u00e2ndia, Vietn\u00e3, Filipinas, Indon\u00e9sia e Mal\u00e1sia pela Kantar, e que mira tend\u00eancias para at\u00e9 2025.<\/p>\n<p>De acordo com o levantamento, o consumo n\u00e3o voltar\u00e1 a ser como na era pr\u00e9-coronav\u00edrus e \u00e9 preciso abra\u00e7ar o \u201cnovo normal\u201d para reconstru\u00ed-lo. Skincare e hair care t\u00eam retomadas relativamente r\u00e1pidas, mas a recupera\u00e7\u00e3o lenta no consumo de maquiagem em toda a regi\u00e3o \u00e9 o que previne o setor de cuidados pessoais de registrar uma performance mais positiva atualmente.<\/p>\n<p>Um dos motivos para isso j\u00e1 \u00e9 o reflexo na mudan\u00e7a de posicionamento do shopper em rela\u00e7\u00e3o a cosm\u00e9ticos. O estudo define o comportamento como &#8216;Flex&#8217;: Fundamental, Local, E-commerce and Luxury. Ou seja, o foco muda para beleza voltada para sa\u00fade; marcas locais e personaliza\u00e7\u00e3o ganham cada vez mais for\u00e7a; e-commerce segue crescendo e oferecendo maior diversifica\u00e7\u00e3o e o luxo continua como importante vetor aspiracional para as vendas.<\/p>\n<p>A principal tend\u00eancia \u00e9 que o consumo de produtos de beleza se desloque cada vez mais da ideia do uso apenas para melhorar a apar\u00eancia e evolua para a preocupa\u00e7\u00e3o em proporcionar bem-estar e qualidade de vida. Em geral, os consumidores passam a buscar com mais frequ\u00eancia produtos que ofere\u00e7am efic\u00e1cia no tratamento, ingredientes naturais, controle de oleosidade e acne. Apenas na China, 13 milh\u00f5es de consumidoras disseram que est\u00e3o mudando a rotina de skincare para produtos que ofere\u00e7am recupera\u00e7\u00e3o da pele e n\u00e3o apenas resultado imediato.<\/p>\n<p>As vendas de produtos para cuidados com a pele, por exemplo, registraram o maior crescimento durante o lockdown e continuam ganhando penetra\u00e7\u00e3o em todos os mercados. Creme de limpeza facial, por exemplo, avan\u00e7ou 8 pontos de penetra\u00e7\u00e3o na Coreia. S\u00e9rum, hidratante e \u00e1gua micelar tamb\u00e9m ganharam mais espa\u00e7o nas necessaires em outros pa\u00edses da \u00c1sia. Ao lado delas, os produtores locais tamb\u00e9m se destacam, j\u00e1 que a efici\u00eancia do produto e conhecer bem o consumidor est\u00e3o no topo da lista de prioridades na hora de comprar. Na \u00c1sia, 70% das marcas com incremento de desempenho desde o in\u00edcio da pandemia s\u00e3o regionais.<\/p>\n<p>Al\u00e9m desses crit\u00e9rios, o luxo continua sendo um dos vetores aspiracionais do universo de beleza na regi\u00e3o. Na China, o segmento era l\u00edder pr\u00e9-pandemia e foi o que mais sofreu durante o lockdown, mas em junho j\u00e1 voltava \u00e0 primeira posi\u00e7\u00e3o nas escolhas dos shoppers com n\u00fameros pr\u00f3ximos ao antigo patamar. As classes mais altas s\u00e3o as grandes respons\u00e1veis por esse movimento, enquanto os grupos de m\u00e9dio poder aquisitivo reduziram as compras de marcas de luxo em 21%. Parte desses consumidores migrou para outra importante tend\u00eancia: o fortalecimento de marcas pr\u00f3prias com a busca por pre\u00e7os menores e melhor custo-benef\u00edcio.<\/p>\n<p>Ainda na China, ap\u00f3s o confinamento, as compras de p\u00f3 compacto e creme de limpeza facial de marcas pr\u00f3prias cresceram, respectivamente, 200% e 86%. Na Coreia, pre\u00e7o menor \u00e9 prioridade para compra de maquiagens em 28% das ocasi\u00f5es, junto com produtos de longa dura\u00e7\u00e3o em 20% dos casos.<\/p>\n<p>Mais um apontamento relevante \u00e9 que a aproxima\u00e7\u00e3o de beleza \u00e0 sa\u00fade \u00e9 puxada tamb\u00e9m por uma varia\u00e7\u00e3o na faixa et\u00e1ria de consumidores ativos. Os grupos de 30 a 39 anos e com mais de 50 anos s\u00e3o os com maior potencial, especialmente o segundo, que aumentou as compras online de cosm\u00e9ticos em 64% na China durante a pandemia.<\/p>\n<p>Quando o tema \u00e9 canal de compra, o e-commerce evolui em v\u00e1rios segmentos de bens de consumo massivo no mundo todo. Na China, 83% dos compradores o usam. Entre as categorias, beleza \u00e9 uma das que tem crescimento mais acelerado e investimento em evolu\u00e7\u00e3o t\u00e9cnica. No entanto, esse aumento n\u00e3o \u00e9 t\u00e3o org\u00e2nico quanto parece e exige que as plataformas decifrem os est\u00e1gios de intera\u00e7\u00e3o dos compradores para converter.<\/p>\n<p>Segundo o levantamento da Kantar, no in\u00edcio da pandemia, grande parte dos consumidores comprava online pela conveni\u00eancia de economizar tempo e n\u00e3o precisar enfrentar filas. Mas com a populariza\u00e7\u00e3o do canal e a quebra de barreiras emocionais que dificultavam a intera\u00e7\u00e3o, as miss\u00f5es de compra habituais deram espa\u00e7o para miss\u00f5es de impulso, emerg\u00eancia e descoberta. Depois disso, o pr\u00f3ximo est\u00e1gio \u00e9 que, estando mais confort\u00e1veis com o canal, os compradores ampliem o n\u00famero de lojas online visitadas e transfiram para o virtual o tradicional window shopping offline.<\/p>\n","protected":false},"excerpt":{"rendered":"<p>O setor de beleza, um dos mais promissores na \u00c1sia, estava em pleno crescimento quando foi impactado pela pandemia. S\u00f3 a China perdeu 25 bilh\u00f5es de yuans em vendas no primeiro semestre de 2020 por conta da Covid-19; ao mesmo tempo, vendas de produtos para cuidados com pele e cabelo ca\u00edram 49% na Coreia e [&hellip;]<\/p>\n","protected":false},"author":2,"featured_media":244597,"comment_status":"closed","ping_status":"closed","sticky":false,"template":"","format":"standard","meta":{"_acf_changed":false,"footnotes":""},"categories":[67],"tags":[95],"class_list":["post-244596","post","type-post","status-publish","format-standard","has-post-thumbnail","hentry","category-mulher","tag-capa"],"acf":[],"yoast_head":"<!-- This site is optimized with the Yoast SEO plugin v27.2 - https:\/\/yoast.com\/product\/yoast-seo-wordpress\/ -->\n<title>&#039;Necessaire&#039; abre seu espa\u00e7o para novos cosm\u00e9ticos - Notibras<\/title>\n<meta name=\"robots\" content=\"index, follow, max-snippet:-1, max-image-preview:large, max-video-preview:-1\" \/>\n<link rel=\"canonical\" href=\"https:\/\/www.notibras.com\/site\/necessaire-abre-seu-espaco-para-novos-cosmeticos\/\" \/>\n<meta property=\"og:locale\" content=\"pt_BR\" \/>\n<meta property=\"og:type\" content=\"article\" \/>\n<meta property=\"og:title\" content=\"&#039;Necessaire&#039; abre seu espa\u00e7o para novos cosm\u00e9ticos - Notibras\" \/>\n<meta property=\"og:description\" content=\"O setor de beleza, um dos mais promissores na \u00c1sia, estava em pleno crescimento quando foi impactado pela pandemia. S\u00f3 a China perdeu 25 bilh\u00f5es de yuans em vendas no primeiro semestre de 2020 por conta da Covid-19; ao mesmo tempo, vendas de produtos para cuidados com pele e cabelo ca\u00edram 49% na Coreia e [&hellip;]\" \/>\n<meta property=\"og:url\" content=\"https:\/\/www.notibras.com\/site\/necessaire-abre-seu-espaco-para-novos-cosmeticos\/\" \/>\n<meta property=\"og:site_name\" content=\"Notibras\" \/>\n<meta property=\"article:publisher\" content=\"https:\/\/www.facebook.com\/notibras\/\" \/>\n<meta property=\"article:published_time\" content=\"2020-11-07T13:40:03+00:00\" \/>\n<meta property=\"article:modified_time\" content=\"2020-11-07T13:40:59+00:00\" \/>\n<meta property=\"og:image\" content=\"https:\/\/www.notibras.com\/site\/wp-content\/uploads\/2020\/11\/cosmeticos.jpg\" \/>\n\t<meta property=\"og:image:width\" content=\"1326\" \/>\n\t<meta property=\"og:image:height\" content=\"756\" \/>\n\t<meta property=\"og:image:type\" content=\"image\/jpeg\" \/>\n<meta name=\"author\" content=\"Reda\u00e7\u00e3o\" \/>\n<meta name=\"twitter:card\" content=\"summary_large_image\" \/>\n<meta name=\"twitter:creator\" content=\"@Notibras\" \/>\n<meta name=\"twitter:site\" content=\"@Notibras\" \/>\n<meta name=\"twitter:label1\" content=\"Escrito por\" \/>\n\t<meta name=\"twitter:data1\" content=\"Reda\u00e7\u00e3o\" \/>\n\t<meta name=\"twitter:label2\" content=\"Est. tempo de leitura\" \/>\n\t<meta name=\"twitter:data2\" content=\"4 minutos\" \/>\n<script type=\"application\/ld+json\" class=\"yoast-schema-graph\">{\"@context\":\"https:\/\/schema.org\",\"@graph\":[{\"@type\":\"Article\",\"@id\":\"https:\/\/www.notibras.com\/site\/necessaire-abre-seu-espaco-para-novos-cosmeticos\/#article\",\"isPartOf\":{\"@id\":\"https:\/\/www.notibras.com\/site\/necessaire-abre-seu-espaco-para-novos-cosmeticos\/\"},\"author\":{\"name\":\"Reda\u00e7\u00e3o\",\"@id\":\"https:\/\/www.notibras.com\/site\/#\/schema\/person\/36ab0979449956132d3e5b517ea76ac8\"},\"headline\":\"&#8216;Necessaire&#8217; abre seu espa\u00e7o para novos cosm\u00e9ticos\",\"datePublished\":\"2020-11-07T13:40:03+00:00\",\"dateModified\":\"2020-11-07T13:40:59+00:00\",\"mainEntityOfPage\":{\"@id\":\"https:\/\/www.notibras.com\/site\/necessaire-abre-seu-espaco-para-novos-cosmeticos\/\"},\"wordCount\":860,\"publisher\":{\"@id\":\"https:\/\/www.notibras.com\/site\/#organization\"},\"image\":{\"@id\":\"https:\/\/www.notibras.com\/site\/necessaire-abre-seu-espaco-para-novos-cosmeticos\/#primaryimage\"},\"thumbnailUrl\":\"https:\/\/www.notibras.com\/site\/wp-content\/uploads\/2020\/11\/cosmeticos.jpg\",\"keywords\":[\"capa\"],\"articleSection\":[\"Mulher\"],\"inLanguage\":\"pt-BR\"},{\"@type\":\"WebPage\",\"@id\":\"https:\/\/www.notibras.com\/site\/necessaire-abre-seu-espaco-para-novos-cosmeticos\/\",\"url\":\"https:\/\/www.notibras.com\/site\/necessaire-abre-seu-espaco-para-novos-cosmeticos\/\",\"name\":\"'Necessaire' abre seu espa\u00e7o para novos cosm\u00e9ticos - Notibras\",\"isPartOf\":{\"@id\":\"https:\/\/www.notibras.com\/site\/#website\"},\"primaryImageOfPage\":{\"@id\":\"https:\/\/www.notibras.com\/site\/necessaire-abre-seu-espaco-para-novos-cosmeticos\/#primaryimage\"},\"image\":{\"@id\":\"https:\/\/www.notibras.com\/site\/necessaire-abre-seu-espaco-para-novos-cosmeticos\/#primaryimage\"},\"thumbnailUrl\":\"https:\/\/www.notibras.com\/site\/wp-content\/uploads\/2020\/11\/cosmeticos.jpg\",\"datePublished\":\"2020-11-07T13:40:03+00:00\",\"dateModified\":\"2020-11-07T13:40:59+00:00\",\"breadcrumb\":{\"@id\":\"https:\/\/www.notibras.com\/site\/necessaire-abre-seu-espaco-para-novos-cosmeticos\/#breadcrumb\"},\"inLanguage\":\"pt-BR\",\"potentialAction\":[{\"@type\":\"ReadAction\",\"target\":[\"https:\/\/www.notibras.com\/site\/necessaire-abre-seu-espaco-para-novos-cosmeticos\/\"]}]},{\"@type\":\"ImageObject\",\"inLanguage\":\"pt-BR\",\"@id\":\"https:\/\/www.notibras.com\/site\/necessaire-abre-seu-espaco-para-novos-cosmeticos\/#primaryimage\",\"url\":\"https:\/\/www.notibras.com\/site\/wp-content\/uploads\/2020\/11\/cosmeticos.jpg\",\"contentUrl\":\"https:\/\/www.notibras.com\/site\/wp-content\/uploads\/2020\/11\/cosmeticos.jpg\",\"width\":1326,\"height\":756},{\"@type\":\"BreadcrumbList\",\"@id\":\"https:\/\/www.notibras.com\/site\/necessaire-abre-seu-espaco-para-novos-cosmeticos\/#breadcrumb\",\"itemListElement\":[{\"@type\":\"ListItem\",\"position\":1,\"name\":\"In\u00edcio\",\"item\":\"https:\/\/www.notibras.com\/site\/\"},{\"@type\":\"ListItem\",\"position\":2,\"name\":\"&#8216;Necessaire&#8217; abre seu espa\u00e7o para novos cosm\u00e9ticos\"}]},{\"@type\":\"WebSite\",\"@id\":\"https:\/\/www.notibras.com\/site\/#website\",\"url\":\"https:\/\/www.notibras.com\/site\/\",\"name\":\"Notibras\",\"description\":\"Not\u00edcias de Bras\u00edlia, do Brasil e do Mundo\",\"publisher\":{\"@id\":\"https:\/\/www.notibras.com\/site\/#organization\"},\"potentialAction\":[{\"@type\":\"SearchAction\",\"target\":{\"@type\":\"EntryPoint\",\"urlTemplate\":\"https:\/\/www.notibras.com\/site\/?s={search_term_string}\"},\"query-input\":{\"@type\":\"PropertyValueSpecification\",\"valueRequired\":true,\"valueName\":\"search_term_string\"}}],\"inLanguage\":\"pt-BR\"},{\"@type\":\"Organization\",\"@id\":\"https:\/\/www.notibras.com\/site\/#organization\",\"name\":\"Grupo Notibras de Comunica\u00e7\u00e3o\",\"url\":\"https:\/\/www.notibras.com\/site\/\",\"logo\":{\"@type\":\"ImageObject\",\"inLanguage\":\"pt-BR\",\"@id\":\"https:\/\/www.notibras.com\/site\/#\/schema\/logo\/image\/\",\"url\":\"https:\/\/www.notibras.com\/site\/wp-content\/uploads\/2023\/01\/notibras23.png\",\"contentUrl\":\"https:\/\/www.notibras.com\/site\/wp-content\/uploads\/2023\/01\/notibras23.png\",\"width\":350,\"height\":87,\"caption\":\"Grupo Notibras de Comunica\u00e7\u00e3o\"},\"image\":{\"@id\":\"https:\/\/www.notibras.com\/site\/#\/schema\/logo\/image\/\"},\"sameAs\":[\"https:\/\/www.facebook.com\/notibras\/\",\"https:\/\/x.com\/Notibras\",\"https:\/\/www.instagram.com\/notibras\/\"]},{\"@type\":\"Person\",\"@id\":\"https:\/\/www.notibras.com\/site\/#\/schema\/person\/36ab0979449956132d3e5b517ea76ac8\",\"name\":\"Reda\u00e7\u00e3o\",\"image\":{\"@type\":\"ImageObject\",\"inLanguage\":\"pt-BR\",\"@id\":\"https:\/\/secure.gravatar.com\/avatar\/e0a867bdedb85fd243eadf09663511f96fc81e0720a4a42581f334ad4303aa6b?s=96&d=mm&r=g\",\"url\":\"https:\/\/secure.gravatar.com\/avatar\/e0a867bdedb85fd243eadf09663511f96fc81e0720a4a42581f334ad4303aa6b?s=96&d=mm&r=g\",\"contentUrl\":\"https:\/\/secure.gravatar.com\/avatar\/e0a867bdedb85fd243eadf09663511f96fc81e0720a4a42581f334ad4303aa6b?s=96&d=mm&r=g\",\"caption\":\"Reda\u00e7\u00e3o\"}}]}<\/script>\n<!-- \/ Yoast SEO plugin. -->","yoast_head_json":{"title":"'Necessaire' abre seu espa\u00e7o para novos cosm\u00e9ticos - Notibras","robots":{"index":"index","follow":"follow","max-snippet":"max-snippet:-1","max-image-preview":"max-image-preview:large","max-video-preview":"max-video-preview:-1"},"canonical":"https:\/\/www.notibras.com\/site\/necessaire-abre-seu-espaco-para-novos-cosmeticos\/","og_locale":"pt_BR","og_type":"article","og_title":"'Necessaire' abre seu espa\u00e7o para novos cosm\u00e9ticos - Notibras","og_description":"O setor de beleza, um dos mais promissores na \u00c1sia, estava em pleno crescimento quando foi impactado pela pandemia. S\u00f3 a China perdeu 25 bilh\u00f5es de yuans em vendas no primeiro semestre de 2020 por conta da Covid-19; ao mesmo tempo, vendas de produtos para cuidados com pele e cabelo ca\u00edram 49% na Coreia e [&hellip;]","og_url":"https:\/\/www.notibras.com\/site\/necessaire-abre-seu-espaco-para-novos-cosmeticos\/","og_site_name":"Notibras","article_publisher":"https:\/\/www.facebook.com\/notibras\/","article_published_time":"2020-11-07T13:40:03+00:00","article_modified_time":"2020-11-07T13:40:59+00:00","og_image":[{"width":1326,"height":756,"url":"https:\/\/www.notibras.com\/site\/wp-content\/uploads\/2020\/11\/cosmeticos.jpg","type":"image\/jpeg"}],"author":"Reda\u00e7\u00e3o","twitter_card":"summary_large_image","twitter_creator":"@Notibras","twitter_site":"@Notibras","twitter_misc":{"Escrito por":"Reda\u00e7\u00e3o","Est. tempo de leitura":"4 minutos"},"schema":{"@context":"https:\/\/schema.org","@graph":[{"@type":"Article","@id":"https:\/\/www.notibras.com\/site\/necessaire-abre-seu-espaco-para-novos-cosmeticos\/#article","isPartOf":{"@id":"https:\/\/www.notibras.com\/site\/necessaire-abre-seu-espaco-para-novos-cosmeticos\/"},"author":{"name":"Reda\u00e7\u00e3o","@id":"https:\/\/www.notibras.com\/site\/#\/schema\/person\/36ab0979449956132d3e5b517ea76ac8"},"headline":"&#8216;Necessaire&#8217; abre seu espa\u00e7o para novos cosm\u00e9ticos","datePublished":"2020-11-07T13:40:03+00:00","dateModified":"2020-11-07T13:40:59+00:00","mainEntityOfPage":{"@id":"https:\/\/www.notibras.com\/site\/necessaire-abre-seu-espaco-para-novos-cosmeticos\/"},"wordCount":860,"publisher":{"@id":"https:\/\/www.notibras.com\/site\/#organization"},"image":{"@id":"https:\/\/www.notibras.com\/site\/necessaire-abre-seu-espaco-para-novos-cosmeticos\/#primaryimage"},"thumbnailUrl":"https:\/\/www.notibras.com\/site\/wp-content\/uploads\/2020\/11\/cosmeticos.jpg","keywords":["capa"],"articleSection":["Mulher"],"inLanguage":"pt-BR"},{"@type":"WebPage","@id":"https:\/\/www.notibras.com\/site\/necessaire-abre-seu-espaco-para-novos-cosmeticos\/","url":"https:\/\/www.notibras.com\/site\/necessaire-abre-seu-espaco-para-novos-cosmeticos\/","name":"'Necessaire' abre seu espa\u00e7o para novos cosm\u00e9ticos - Notibras","isPartOf":{"@id":"https:\/\/www.notibras.com\/site\/#website"},"primaryImageOfPage":{"@id":"https:\/\/www.notibras.com\/site\/necessaire-abre-seu-espaco-para-novos-cosmeticos\/#primaryimage"},"image":{"@id":"https:\/\/www.notibras.com\/site\/necessaire-abre-seu-espaco-para-novos-cosmeticos\/#primaryimage"},"thumbnailUrl":"https:\/\/www.notibras.com\/site\/wp-content\/uploads\/2020\/11\/cosmeticos.jpg","datePublished":"2020-11-07T13:40:03+00:00","dateModified":"2020-11-07T13:40:59+00:00","breadcrumb":{"@id":"https:\/\/www.notibras.com\/site\/necessaire-abre-seu-espaco-para-novos-cosmeticos\/#breadcrumb"},"inLanguage":"pt-BR","potentialAction":[{"@type":"ReadAction","target":["https:\/\/www.notibras.com\/site\/necessaire-abre-seu-espaco-para-novos-cosmeticos\/"]}]},{"@type":"ImageObject","inLanguage":"pt-BR","@id":"https:\/\/www.notibras.com\/site\/necessaire-abre-seu-espaco-para-novos-cosmeticos\/#primaryimage","url":"https:\/\/www.notibras.com\/site\/wp-content\/uploads\/2020\/11\/cosmeticos.jpg","contentUrl":"https:\/\/www.notibras.com\/site\/wp-content\/uploads\/2020\/11\/cosmeticos.jpg","width":1326,"height":756},{"@type":"BreadcrumbList","@id":"https:\/\/www.notibras.com\/site\/necessaire-abre-seu-espaco-para-novos-cosmeticos\/#breadcrumb","itemListElement":[{"@type":"ListItem","position":1,"name":"In\u00edcio","item":"https:\/\/www.notibras.com\/site\/"},{"@type":"ListItem","position":2,"name":"&#8216;Necessaire&#8217; abre seu espa\u00e7o para novos cosm\u00e9ticos"}]},{"@type":"WebSite","@id":"https:\/\/www.notibras.com\/site\/#website","url":"https:\/\/www.notibras.com\/site\/","name":"Notibras","description":"Not\u00edcias de Bras\u00edlia, do Brasil e do Mundo","publisher":{"@id":"https:\/\/www.notibras.com\/site\/#organization"},"potentialAction":[{"@type":"SearchAction","target":{"@type":"EntryPoint","urlTemplate":"https:\/\/www.notibras.com\/site\/?s={search_term_string}"},"query-input":{"@type":"PropertyValueSpecification","valueRequired":true,"valueName":"search_term_string"}}],"inLanguage":"pt-BR"},{"@type":"Organization","@id":"https:\/\/www.notibras.com\/site\/#organization","name":"Grupo Notibras de Comunica\u00e7\u00e3o","url":"https:\/\/www.notibras.com\/site\/","logo":{"@type":"ImageObject","inLanguage":"pt-BR","@id":"https:\/\/www.notibras.com\/site\/#\/schema\/logo\/image\/","url":"https:\/\/www.notibras.com\/site\/wp-content\/uploads\/2023\/01\/notibras23.png","contentUrl":"https:\/\/www.notibras.com\/site\/wp-content\/uploads\/2023\/01\/notibras23.png","width":350,"height":87,"caption":"Grupo Notibras de Comunica\u00e7\u00e3o"},"image":{"@id":"https:\/\/www.notibras.com\/site\/#\/schema\/logo\/image\/"},"sameAs":["https:\/\/www.facebook.com\/notibras\/","https:\/\/x.com\/Notibras","https:\/\/www.instagram.com\/notibras\/"]},{"@type":"Person","@id":"https:\/\/www.notibras.com\/site\/#\/schema\/person\/36ab0979449956132d3e5b517ea76ac8","name":"Reda\u00e7\u00e3o","image":{"@type":"ImageObject","inLanguage":"pt-BR","@id":"https:\/\/secure.gravatar.com\/avatar\/e0a867bdedb85fd243eadf09663511f96fc81e0720a4a42581f334ad4303aa6b?s=96&d=mm&r=g","url":"https:\/\/secure.gravatar.com\/avatar\/e0a867bdedb85fd243eadf09663511f96fc81e0720a4a42581f334ad4303aa6b?s=96&d=mm&r=g","contentUrl":"https:\/\/secure.gravatar.com\/avatar\/e0a867bdedb85fd243eadf09663511f96fc81e0720a4a42581f334ad4303aa6b?s=96&d=mm&r=g","caption":"Reda\u00e7\u00e3o"}}]}},"amp_enabled":true,"_links":{"self":[{"href":"https:\/\/www.notibras.com\/site\/wp-json\/wp\/v2\/posts\/244596","targetHints":{"allow":["GET"]}}],"collection":[{"href":"https:\/\/www.notibras.com\/site\/wp-json\/wp\/v2\/posts"}],"about":[{"href":"https:\/\/www.notibras.com\/site\/wp-json\/wp\/v2\/types\/post"}],"author":[{"embeddable":true,"href":"https:\/\/www.notibras.com\/site\/wp-json\/wp\/v2\/users\/2"}],"replies":[{"embeddable":true,"href":"https:\/\/www.notibras.com\/site\/wp-json\/wp\/v2\/comments?post=244596"}],"version-history":[{"count":2,"href":"https:\/\/www.notibras.com\/site\/wp-json\/wp\/v2\/posts\/244596\/revisions"}],"predecessor-version":[{"id":244599,"href":"https:\/\/www.notibras.com\/site\/wp-json\/wp\/v2\/posts\/244596\/revisions\/244599"}],"wp:featuredmedia":[{"embeddable":true,"href":"https:\/\/www.notibras.com\/site\/wp-json\/wp\/v2\/media\/244597"}],"wp:attachment":[{"href":"https:\/\/www.notibras.com\/site\/wp-json\/wp\/v2\/media?parent=244596"}],"wp:term":[{"taxonomy":"category","embeddable":true,"href":"https:\/\/www.notibras.com\/site\/wp-json\/wp\/v2\/categories?post=244596"},{"taxonomy":"post_tag","embeddable":true,"href":"https:\/\/www.notibras.com\/site\/wp-json\/wp\/v2\/tags?post=244596"}],"curies":[{"name":"wp","href":"https:\/\/api.w.org\/{rel}","templated":true}]}}