{"id":244833,"date":"2020-11-10T11:22:05","date_gmt":"2020-11-10T14:22:05","guid":{"rendered":"https:\/\/www.notibras.com\/site\/?p=244833"},"modified":"2020-11-10T11:22:05","modified_gmt":"2020-11-10T14:22:05","slug":"novo-primo-dos-humanos-abre-a-porta-da-historia","status":"publish","type":"post","link":"https:\/\/www.notibras.com\/site\/novo-primo-dos-humanos-abre-a-porta-da-historia\/","title":{"rendered":"Novo primo dos humanos abre a porta da hist\u00f3ria"},"content":{"rendered":"<p>Pesquisadores australianos dizem que a descoberta de um cr\u00e2nio de dois milh\u00f5es de anos na \u00c1frica do Sul lan\u00e7a mais luz sobre a evolu\u00e7\u00e3o humana.<\/p>\n<p>O cr\u00e2nio era de um Paranthropus robustus macho, uma &#8220;esp\u00e9cie prima&#8221; do Homo erectus \u2014 uma esp\u00e9cie que se pensava ser ancestral direto dos humanos modernos.<\/p>\n<p>As duas esp\u00e9cies viveram na mesma \u00e9poca, mas o Paranthropus robustus desapareceu mais cedo. A equipe de pesquisa disse que a descoberta \u00e9 emocionante.<\/p>\n<p>&#8220;A maior parte do registro f\u00f3ssil \u00e9 apenas um \u00fanico dente aqui e ali, ent\u00e3o ter algo assim \u00e9 muito raro, muita sorte&#8221;, disse Angeline Leece \u00e0 <em>BBCNews<\/em>.<\/p>\n<p>Os pesquisadores, da Universidade La Trobe de Melbourne, encontraram os fragmentos do cr\u00e2nio em 2018 no s\u00edtio arqueol\u00f3gico Drimolen ao norte de Johanesburgo.<\/p>\n<p>Os arque\u00f3logos ent\u00e3o passaram os \u00faltimos anos juntando pe\u00e7as e analisando o f\u00f3ssil. Suas descobertas foram publicadas na revista Nature, Ecology and Evolution nesta ter\u00e7a-feira, 11.<\/p>\n<p>O co-pesquisador Jesse Martin disse \u00e0 BBC que manusear as pe\u00e7as f\u00f3sseis \u00e9 como trabalhar com &#8220;papel\u00e3o \u00famido&#8221;, acrescentando que usou canudos de pl\u00e1stico para sugar os \u00faltimos vest\u00edgios de sujeira deles.<\/p>\n<p>Ele foi descoberto a poucos metros de um local onde um cr\u00e2nio de crian\u00e7a Homo erectus com idade semelhante havia sido descoberto em 2015.<\/p>\n<p><strong>&#8216;Esp\u00e9cies concorrentes&#8217;<\/strong><br \/>\nAcredita-se que tr\u00eas esp\u00e9cies de homin\u00eddeos (criaturas semelhantes aos humanos) viveram na \u00c1frica do Sul ao mesmo tempo, competindo entre si. A descoberta do cr\u00e2nio seria um raro exemplo de &#8220;microevolu\u00e7\u00e3o&#8221; dentro da linhagem humana, disse Martin.<\/p>\n<p>Paranthropus robustus tinha dentes grandes e c\u00e9rebros pequenos, diferindo do Homo erectus, que tinha c\u00e9rebros grandes e dentes pequenos. Acredita-se que a dieta do primeiro envolveu comer principalmente plantas duras, como tub\u00e9rculos e casca.<\/p>\n<p>&#8220;Com o tempo, o Paranthropus robustus provavelmente evoluiu para gerar e suportar for\u00e7as superiores produzidas durante a mordida e a mastiga\u00e7\u00e3o de alimentos que eram dif\u00edceis ou mecanicamente desafiadores de processar com suas mand\u00edbulas e dentes&#8221;, disse Leece.<\/p>\n<p>Os cientistas disseram que \u00e9 poss\u00edvel que um ambiente mais \u00famido causado pela mudan\u00e7a clim\u00e1tica possa ter reduzido a quantidade de alimentos dispon\u00edveis para eles.<\/p>\n<p>Enquanto isso, o Homo erectus, com seus dentes menores, tinha maior possibilidade de comer tanto plantas quanto carne.<\/p>\n<p>&#8220;Essas duas esp\u00e9cies muito diferentes (&#8230;) representam experimentos evolutivos divergentes&#8221;, disse Leece.<\/p>\n<p>&#8220;Embora sejamos a linhagem que venceu no final, h\u00e1 dois milh\u00f5es de anos o registro f\u00f3ssil sugere que Paranthropus robustus era muito mais comum do que o Homo erectus.&#8221;<\/p>\n","protected":false},"excerpt":{"rendered":"<p>Pesquisadores australianos dizem que a descoberta de um cr\u00e2nio de dois milh\u00f5es de anos na \u00c1frica do Sul lan\u00e7a mais luz sobre a evolu\u00e7\u00e3o humana. O cr\u00e2nio era de um Paranthropus robustus macho, uma &#8220;esp\u00e9cie prima&#8221; do Homo erectus \u2014 uma esp\u00e9cie que se pensava ser ancestral direto dos humanos modernos. As duas esp\u00e9cies viveram [&hellip;]<\/p>\n","protected":false},"author":2,"featured_media":244834,"comment_status":"closed","ping_status":"closed","sticky":false,"template":"","format":"standard","meta":{"_acf_changed":false,"footnotes":""},"categories":[71],"tags":[95],"class_list":["post-244833","post","type-post","status-publish","format-standard","has-post-thumbnail","hentry","category-curiosidades","tag-capa"],"acf":[],"yoast_head":"<!-- This site is optimized with the Yoast SEO plugin v27.2 - https:\/\/yoast.com\/product\/yoast-seo-wordpress\/ -->\n<title>Novo primo dos humanos abre a porta da hist\u00f3ria - Notibras<\/title>\n<meta name=\"robots\" content=\"index, follow, max-snippet:-1, max-image-preview:large, max-video-preview:-1\" \/>\n<link rel=\"canonical\" href=\"https:\/\/www.notibras.com\/site\/novo-primo-dos-humanos-abre-a-porta-da-historia\/\" \/>\n<meta property=\"og:locale\" content=\"pt_BR\" \/>\n<meta property=\"og:type\" content=\"article\" \/>\n<meta property=\"og:title\" content=\"Novo primo dos humanos abre a porta da hist\u00f3ria - Notibras\" \/>\n<meta property=\"og:description\" content=\"Pesquisadores australianos dizem que a descoberta de um cr\u00e2nio de dois milh\u00f5es de anos na \u00c1frica do Sul lan\u00e7a mais luz sobre a evolu\u00e7\u00e3o humana. O cr\u00e2nio era de um Paranthropus robustus macho, uma &#8220;esp\u00e9cie prima&#8221; do Homo erectus \u2014 uma esp\u00e9cie que se pensava ser ancestral direto dos humanos modernos. As duas esp\u00e9cies viveram [&hellip;]\" \/>\n<meta property=\"og:url\" content=\"https:\/\/www.notibras.com\/site\/novo-primo-dos-humanos-abre-a-porta-da-historia\/\" \/>\n<meta property=\"og:site_name\" content=\"Notibras\" \/>\n<meta property=\"article:publisher\" content=\"https:\/\/www.facebook.com\/notibras\/\" \/>\n<meta property=\"article:published_time\" content=\"2020-11-10T14:22:05+00:00\" \/>\n<meta property=\"og:image\" content=\"https:\/\/www.notibras.com\/site\/wp-content\/uploads\/2020\/11\/115334450_i7codfye.jpg\" \/>\n\t<meta property=\"og:image:width\" content=\"800\" \/>\n\t<meta property=\"og:image:height\" content=\"450\" \/>\n\t<meta property=\"og:image:type\" content=\"image\/jpeg\" \/>\n<meta name=\"author\" content=\"Reda\u00e7\u00e3o\" \/>\n<meta name=\"twitter:card\" content=\"summary_large_image\" \/>\n<meta name=\"twitter:creator\" content=\"@Notibras\" \/>\n<meta name=\"twitter:site\" content=\"@Notibras\" \/>\n<meta name=\"twitter:label1\" content=\"Escrito por\" \/>\n\t<meta name=\"twitter:data1\" content=\"Reda\u00e7\u00e3o\" \/>\n\t<meta name=\"twitter:label2\" content=\"Est. tempo de leitura\" \/>\n\t<meta name=\"twitter:data2\" content=\"2 minutos\" \/>\n<script type=\"application\/ld+json\" class=\"yoast-schema-graph\">{\"@context\":\"https:\/\/schema.org\",\"@graph\":[{\"@type\":\"Article\",\"@id\":\"https:\/\/www.notibras.com\/site\/novo-primo-dos-humanos-abre-a-porta-da-historia\/#article\",\"isPartOf\":{\"@id\":\"https:\/\/www.notibras.com\/site\/novo-primo-dos-humanos-abre-a-porta-da-historia\/\"},\"author\":{\"name\":\"Reda\u00e7\u00e3o\",\"@id\":\"https:\/\/www.notibras.com\/site\/#\/schema\/person\/36ab0979449956132d3e5b517ea76ac8\"},\"headline\":\"Novo primo dos humanos abre a porta da hist\u00f3ria\",\"datePublished\":\"2020-11-10T14:22:05+00:00\",\"mainEntityOfPage\":{\"@id\":\"https:\/\/www.notibras.com\/site\/novo-primo-dos-humanos-abre-a-porta-da-historia\/\"},\"wordCount\":446,\"publisher\":{\"@id\":\"https:\/\/www.notibras.com\/site\/#organization\"},\"image\":{\"@id\":\"https:\/\/www.notibras.com\/site\/novo-primo-dos-humanos-abre-a-porta-da-historia\/#primaryimage\"},\"thumbnailUrl\":\"https:\/\/www.notibras.com\/site\/wp-content\/uploads\/2020\/11\/115334450_i7codfye.jpg\",\"keywords\":[\"capa\"],\"articleSection\":[\"Curiosidades\"],\"inLanguage\":\"pt-BR\"},{\"@type\":\"WebPage\",\"@id\":\"https:\/\/www.notibras.com\/site\/novo-primo-dos-humanos-abre-a-porta-da-historia\/\",\"url\":\"https:\/\/www.notibras.com\/site\/novo-primo-dos-humanos-abre-a-porta-da-historia\/\",\"name\":\"Novo primo dos humanos abre a porta da hist\u00f3ria - Notibras\",\"isPartOf\":{\"@id\":\"https:\/\/www.notibras.com\/site\/#website\"},\"primaryImageOfPage\":{\"@id\":\"https:\/\/www.notibras.com\/site\/novo-primo-dos-humanos-abre-a-porta-da-historia\/#primaryimage\"},\"image\":{\"@id\":\"https:\/\/www.notibras.com\/site\/novo-primo-dos-humanos-abre-a-porta-da-historia\/#primaryimage\"},\"thumbnailUrl\":\"https:\/\/www.notibras.com\/site\/wp-content\/uploads\/2020\/11\/115334450_i7codfye.jpg\",\"datePublished\":\"2020-11-10T14:22:05+00:00\",\"breadcrumb\":{\"@id\":\"https:\/\/www.notibras.com\/site\/novo-primo-dos-humanos-abre-a-porta-da-historia\/#breadcrumb\"},\"inLanguage\":\"pt-BR\",\"potentialAction\":[{\"@type\":\"ReadAction\",\"target\":[\"https:\/\/www.notibras.com\/site\/novo-primo-dos-humanos-abre-a-porta-da-historia\/\"]}]},{\"@type\":\"ImageObject\",\"inLanguage\":\"pt-BR\",\"@id\":\"https:\/\/www.notibras.com\/site\/novo-primo-dos-humanos-abre-a-porta-da-historia\/#primaryimage\",\"url\":\"https:\/\/www.notibras.com\/site\/wp-content\/uploads\/2020\/11\/115334450_i7codfye.jpg\",\"contentUrl\":\"https:\/\/www.notibras.com\/site\/wp-content\/uploads\/2020\/11\/115334450_i7codfye.jpg\",\"width\":800,\"height\":450},{\"@type\":\"BreadcrumbList\",\"@id\":\"https:\/\/www.notibras.com\/site\/novo-primo-dos-humanos-abre-a-porta-da-historia\/#breadcrumb\",\"itemListElement\":[{\"@type\":\"ListItem\",\"position\":1,\"name\":\"In\u00edcio\",\"item\":\"https:\/\/www.notibras.com\/site\/\"},{\"@type\":\"ListItem\",\"position\":2,\"name\":\"Novo primo dos humanos abre a porta da hist\u00f3ria\"}]},{\"@type\":\"WebSite\",\"@id\":\"https:\/\/www.notibras.com\/site\/#website\",\"url\":\"https:\/\/www.notibras.com\/site\/\",\"name\":\"Notibras\",\"description\":\"Not\u00edcias de Bras\u00edlia, do Brasil e do Mundo\",\"publisher\":{\"@id\":\"https:\/\/www.notibras.com\/site\/#organization\"},\"potentialAction\":[{\"@type\":\"SearchAction\",\"target\":{\"@type\":\"EntryPoint\",\"urlTemplate\":\"https:\/\/www.notibras.com\/site\/?s={search_term_string}\"},\"query-input\":{\"@type\":\"PropertyValueSpecification\",\"valueRequired\":true,\"valueName\":\"search_term_string\"}}],\"inLanguage\":\"pt-BR\"},{\"@type\":\"Organization\",\"@id\":\"https:\/\/www.notibras.com\/site\/#organization\",\"name\":\"Grupo Notibras de Comunica\u00e7\u00e3o\",\"url\":\"https:\/\/www.notibras.com\/site\/\",\"logo\":{\"@type\":\"ImageObject\",\"inLanguage\":\"pt-BR\",\"@id\":\"https:\/\/www.notibras.com\/site\/#\/schema\/logo\/image\/\",\"url\":\"https:\/\/www.notibras.com\/site\/wp-content\/uploads\/2023\/01\/notibras23.png\",\"contentUrl\":\"https:\/\/www.notibras.com\/site\/wp-content\/uploads\/2023\/01\/notibras23.png\",\"width\":350,\"height\":87,\"caption\":\"Grupo Notibras de Comunica\u00e7\u00e3o\"},\"image\":{\"@id\":\"https:\/\/www.notibras.com\/site\/#\/schema\/logo\/image\/\"},\"sameAs\":[\"https:\/\/www.facebook.com\/notibras\/\",\"https:\/\/x.com\/Notibras\",\"https:\/\/www.instagram.com\/notibras\/\"]},{\"@type\":\"Person\",\"@id\":\"https:\/\/www.notibras.com\/site\/#\/schema\/person\/36ab0979449956132d3e5b517ea76ac8\",\"name\":\"Reda\u00e7\u00e3o\",\"image\":{\"@type\":\"ImageObject\",\"inLanguage\":\"pt-BR\",\"@id\":\"https:\/\/secure.gravatar.com\/avatar\/e0a867bdedb85fd243eadf09663511f96fc81e0720a4a42581f334ad4303aa6b?s=96&d=mm&r=g\",\"url\":\"https:\/\/secure.gravatar.com\/avatar\/e0a867bdedb85fd243eadf09663511f96fc81e0720a4a42581f334ad4303aa6b?s=96&d=mm&r=g\",\"contentUrl\":\"https:\/\/secure.gravatar.com\/avatar\/e0a867bdedb85fd243eadf09663511f96fc81e0720a4a42581f334ad4303aa6b?s=96&d=mm&r=g\",\"caption\":\"Reda\u00e7\u00e3o\"}}]}<\/script>\n<!-- \/ Yoast SEO plugin. -->","yoast_head_json":{"title":"Novo primo dos humanos abre a porta da hist\u00f3ria - Notibras","robots":{"index":"index","follow":"follow","max-snippet":"max-snippet:-1","max-image-preview":"max-image-preview:large","max-video-preview":"max-video-preview:-1"},"canonical":"https:\/\/www.notibras.com\/site\/novo-primo-dos-humanos-abre-a-porta-da-historia\/","og_locale":"pt_BR","og_type":"article","og_title":"Novo primo dos humanos abre a porta da hist\u00f3ria - Notibras","og_description":"Pesquisadores australianos dizem que a descoberta de um cr\u00e2nio de dois milh\u00f5es de anos na \u00c1frica do Sul lan\u00e7a mais luz sobre a evolu\u00e7\u00e3o humana. O cr\u00e2nio era de um Paranthropus robustus macho, uma &#8220;esp\u00e9cie prima&#8221; do Homo erectus \u2014 uma esp\u00e9cie que se pensava ser ancestral direto dos humanos modernos. As duas esp\u00e9cies viveram [&hellip;]","og_url":"https:\/\/www.notibras.com\/site\/novo-primo-dos-humanos-abre-a-porta-da-historia\/","og_site_name":"Notibras","article_publisher":"https:\/\/www.facebook.com\/notibras\/","article_published_time":"2020-11-10T14:22:05+00:00","og_image":[{"width":800,"height":450,"url":"https:\/\/www.notibras.com\/site\/wp-content\/uploads\/2020\/11\/115334450_i7codfye.jpg","type":"image\/jpeg"}],"author":"Reda\u00e7\u00e3o","twitter_card":"summary_large_image","twitter_creator":"@Notibras","twitter_site":"@Notibras","twitter_misc":{"Escrito por":"Reda\u00e7\u00e3o","Est. tempo de leitura":"2 minutos"},"schema":{"@context":"https:\/\/schema.org","@graph":[{"@type":"Article","@id":"https:\/\/www.notibras.com\/site\/novo-primo-dos-humanos-abre-a-porta-da-historia\/#article","isPartOf":{"@id":"https:\/\/www.notibras.com\/site\/novo-primo-dos-humanos-abre-a-porta-da-historia\/"},"author":{"name":"Reda\u00e7\u00e3o","@id":"https:\/\/www.notibras.com\/site\/#\/schema\/person\/36ab0979449956132d3e5b517ea76ac8"},"headline":"Novo primo dos humanos abre a porta da hist\u00f3ria","datePublished":"2020-11-10T14:22:05+00:00","mainEntityOfPage":{"@id":"https:\/\/www.notibras.com\/site\/novo-primo-dos-humanos-abre-a-porta-da-historia\/"},"wordCount":446,"publisher":{"@id":"https:\/\/www.notibras.com\/site\/#organization"},"image":{"@id":"https:\/\/www.notibras.com\/site\/novo-primo-dos-humanos-abre-a-porta-da-historia\/#primaryimage"},"thumbnailUrl":"https:\/\/www.notibras.com\/site\/wp-content\/uploads\/2020\/11\/115334450_i7codfye.jpg","keywords":["capa"],"articleSection":["Curiosidades"],"inLanguage":"pt-BR"},{"@type":"WebPage","@id":"https:\/\/www.notibras.com\/site\/novo-primo-dos-humanos-abre-a-porta-da-historia\/","url":"https:\/\/www.notibras.com\/site\/novo-primo-dos-humanos-abre-a-porta-da-historia\/","name":"Novo primo dos humanos abre a porta da hist\u00f3ria - Notibras","isPartOf":{"@id":"https:\/\/www.notibras.com\/site\/#website"},"primaryImageOfPage":{"@id":"https:\/\/www.notibras.com\/site\/novo-primo-dos-humanos-abre-a-porta-da-historia\/#primaryimage"},"image":{"@id":"https:\/\/www.notibras.com\/site\/novo-primo-dos-humanos-abre-a-porta-da-historia\/#primaryimage"},"thumbnailUrl":"https:\/\/www.notibras.com\/site\/wp-content\/uploads\/2020\/11\/115334450_i7codfye.jpg","datePublished":"2020-11-10T14:22:05+00:00","breadcrumb":{"@id":"https:\/\/www.notibras.com\/site\/novo-primo-dos-humanos-abre-a-porta-da-historia\/#breadcrumb"},"inLanguage":"pt-BR","potentialAction":[{"@type":"ReadAction","target":["https:\/\/www.notibras.com\/site\/novo-primo-dos-humanos-abre-a-porta-da-historia\/"]}]},{"@type":"ImageObject","inLanguage":"pt-BR","@id":"https:\/\/www.notibras.com\/site\/novo-primo-dos-humanos-abre-a-porta-da-historia\/#primaryimage","url":"https:\/\/www.notibras.com\/site\/wp-content\/uploads\/2020\/11\/115334450_i7codfye.jpg","contentUrl":"https:\/\/www.notibras.com\/site\/wp-content\/uploads\/2020\/11\/115334450_i7codfye.jpg","width":800,"height":450},{"@type":"BreadcrumbList","@id":"https:\/\/www.notibras.com\/site\/novo-primo-dos-humanos-abre-a-porta-da-historia\/#breadcrumb","itemListElement":[{"@type":"ListItem","position":1,"name":"In\u00edcio","item":"https:\/\/www.notibras.com\/site\/"},{"@type":"ListItem","position":2,"name":"Novo primo dos humanos abre a porta da hist\u00f3ria"}]},{"@type":"WebSite","@id":"https:\/\/www.notibras.com\/site\/#website","url":"https:\/\/www.notibras.com\/site\/","name":"Notibras","description":"Not\u00edcias de Bras\u00edlia, do Brasil e do Mundo","publisher":{"@id":"https:\/\/www.notibras.com\/site\/#organization"},"potentialAction":[{"@type":"SearchAction","target":{"@type":"EntryPoint","urlTemplate":"https:\/\/www.notibras.com\/site\/?s={search_term_string}"},"query-input":{"@type":"PropertyValueSpecification","valueRequired":true,"valueName":"search_term_string"}}],"inLanguage":"pt-BR"},{"@type":"Organization","@id":"https:\/\/www.notibras.com\/site\/#organization","name":"Grupo Notibras de Comunica\u00e7\u00e3o","url":"https:\/\/www.notibras.com\/site\/","logo":{"@type":"ImageObject","inLanguage":"pt-BR","@id":"https:\/\/www.notibras.com\/site\/#\/schema\/logo\/image\/","url":"https:\/\/www.notibras.com\/site\/wp-content\/uploads\/2023\/01\/notibras23.png","contentUrl":"https:\/\/www.notibras.com\/site\/wp-content\/uploads\/2023\/01\/notibras23.png","width":350,"height":87,"caption":"Grupo Notibras de Comunica\u00e7\u00e3o"},"image":{"@id":"https:\/\/www.notibras.com\/site\/#\/schema\/logo\/image\/"},"sameAs":["https:\/\/www.facebook.com\/notibras\/","https:\/\/x.com\/Notibras","https:\/\/www.instagram.com\/notibras\/"]},{"@type":"Person","@id":"https:\/\/www.notibras.com\/site\/#\/schema\/person\/36ab0979449956132d3e5b517ea76ac8","name":"Reda\u00e7\u00e3o","image":{"@type":"ImageObject","inLanguage":"pt-BR","@id":"https:\/\/secure.gravatar.com\/avatar\/e0a867bdedb85fd243eadf09663511f96fc81e0720a4a42581f334ad4303aa6b?s=96&d=mm&r=g","url":"https:\/\/secure.gravatar.com\/avatar\/e0a867bdedb85fd243eadf09663511f96fc81e0720a4a42581f334ad4303aa6b?s=96&d=mm&r=g","contentUrl":"https:\/\/secure.gravatar.com\/avatar\/e0a867bdedb85fd243eadf09663511f96fc81e0720a4a42581f334ad4303aa6b?s=96&d=mm&r=g","caption":"Reda\u00e7\u00e3o"}}]}},"amp_enabled":true,"_links":{"self":[{"href":"https:\/\/www.notibras.com\/site\/wp-json\/wp\/v2\/posts\/244833","targetHints":{"allow":["GET"]}}],"collection":[{"href":"https:\/\/www.notibras.com\/site\/wp-json\/wp\/v2\/posts"}],"about":[{"href":"https:\/\/www.notibras.com\/site\/wp-json\/wp\/v2\/types\/post"}],"author":[{"embeddable":true,"href":"https:\/\/www.notibras.com\/site\/wp-json\/wp\/v2\/users\/2"}],"replies":[{"embeddable":true,"href":"https:\/\/www.notibras.com\/site\/wp-json\/wp\/v2\/comments?post=244833"}],"version-history":[{"count":1,"href":"https:\/\/www.notibras.com\/site\/wp-json\/wp\/v2\/posts\/244833\/revisions"}],"predecessor-version":[{"id":244835,"href":"https:\/\/www.notibras.com\/site\/wp-json\/wp\/v2\/posts\/244833\/revisions\/244835"}],"wp:featuredmedia":[{"embeddable":true,"href":"https:\/\/www.notibras.com\/site\/wp-json\/wp\/v2\/media\/244834"}],"wp:attachment":[{"href":"https:\/\/www.notibras.com\/site\/wp-json\/wp\/v2\/media?parent=244833"}],"wp:term":[{"taxonomy":"category","embeddable":true,"href":"https:\/\/www.notibras.com\/site\/wp-json\/wp\/v2\/categories?post=244833"},{"taxonomy":"post_tag","embeddable":true,"href":"https:\/\/www.notibras.com\/site\/wp-json\/wp\/v2\/tags?post=244833"}],"curies":[{"name":"wp","href":"https:\/\/api.w.org\/{rel}","templated":true}]}}