{"id":24510,"date":"2014-10-10T12:32:48","date_gmt":"2014-10-10T15:32:48","guid":{"rendered":"http:\/\/www.notibras.com\/site\/?p=24510"},"modified":"2014-10-10T12:32:48","modified_gmt":"2014-10-10T15:32:48","slug":"buriti-suspende-calote-e-garis-voltam-a-limpar-sujeira-da-cidade","status":"publish","type":"post","link":"https:\/\/www.notibras.com\/site\/buriti-suspende-calote-e-garis-voltam-a-limpar-sujeira-da-cidade\/","title":{"rendered":"Buriti suspende calote e garis voltam a limpar sujeira da cidade"},"content":{"rendered":"<p>Garis de 17 regi\u00f5es do Distrito Federal, que fizeram paralisa\u00e7\u00e3o na quarta-feira (8) por falta de pagamento de sal\u00e1rio, retomaram as atividades nesta sexta (10), informou a empresa Sustentare Servi\u00e7os Ambientais, respons\u00e1vel pelo contrato com o GDF. A companhia disse que recebeu o repasse do governo na tarde desta quinta-feira (9).<\/p>\n<p>A Sustentare trabalha com 2.074 funcion\u00e1rios. Al\u00e9m do sal\u00e1rio, a categoria reivindicava t\u00edquete-alimenta\u00e7\u00e3o e vale transporte relativos a setembro.<\/p>\n<p>De acordo com o sindicato, o sal\u00e1rio deveria ter sido pago at\u00e9 o quinto dia do m\u00eas. Os atrasos est\u00e3o acontecendo h\u00e1 cinco meses, afirmam. O grupo chegou a fazer um protesto durante a manh\u00e3, fechando a Avenida das Na\u00e7\u00f5es, na Asa Sul, mas decidiu aguardar at\u00e9 o fim do dia pelo repasse.<\/p>\n<blockquote><p>Por nota, a empresa Sustentare informou que a SLU atrasou o repasse do dinheiro neste m\u00eas e que por isso n\u00e3o tinha feito o pagamento ainda. A companhia p\u00fablica disse que n\u00e3o recebeu os recursos da Secretaria de Fazenda, mas que n\u00e3o h\u00e1 d\u00edvidas anteriores, e que notificou a empresa para retomar o servi\u00e7o, sob pena de multa.<\/p><\/blockquote>\n","protected":false},"excerpt":{"rendered":"<p>Garis de 17 regi\u00f5es do Distrito Federal, que fizeram paralisa\u00e7\u00e3o na quarta-feira (8) por falta de pagamento de sal\u00e1rio, retomaram as atividades nesta sexta (10), informou a empresa Sustentare Servi\u00e7os Ambientais, respons\u00e1vel pelo contrato com o GDF. A companhia disse que recebeu o repasse do governo na tarde desta quinta-feira (9). A Sustentare trabalha com [&hellip;]<\/p>\n","protected":false},"author":2,"featured_media":24511,"comment_status":"open","ping_status":"closed","sticky":false,"template":"","format":"standard","meta":{"_acf_changed":false,"footnotes":""},"categories":[1],"tags":[],"class_list":["post-24510","post","type-post","status-publish","format-standard","has-post-thumbnail","hentry","category-brasilia"],"acf":[],"yoast_head":"<!-- This site is optimized with the Yoast SEO plugin v27.5 - https:\/\/yoast.com\/product\/yoast-seo-wordpress\/ -->\n<title>Buriti suspende calote e garis voltam a limpar sujeira da cidade - Notibras<\/title>\n<meta name=\"robots\" content=\"index, follow, max-snippet:-1, max-image-preview:large, max-video-preview:-1\" \/>\n<link rel=\"canonical\" href=\"https:\/\/www.notibras.com\/site\/buriti-suspende-calote-e-garis-voltam-a-limpar-sujeira-da-cidade\/\" \/>\n<meta property=\"og:locale\" content=\"pt_BR\" \/>\n<meta property=\"og:type\" content=\"article\" \/>\n<meta property=\"og:title\" content=\"Buriti suspende calote e garis voltam a limpar sujeira da cidade - Notibras\" \/>\n<meta property=\"og:description\" content=\"Garis de 17 regi\u00f5es do Distrito Federal, que fizeram paralisa\u00e7\u00e3o na quarta-feira (8) por falta de pagamento de sal\u00e1rio, retomaram as atividades nesta sexta (10), informou a empresa Sustentare Servi\u00e7os Ambientais, respons\u00e1vel pelo contrato com o GDF. A companhia disse que recebeu o repasse do governo na tarde desta quinta-feira (9). A Sustentare trabalha com [&hellip;]\" \/>\n<meta property=\"og:url\" content=\"https:\/\/www.notibras.com\/site\/buriti-suspende-calote-e-garis-voltam-a-limpar-sujeira-da-cidade\/\" \/>\n<meta property=\"og:site_name\" content=\"Notibras\" \/>\n<meta property=\"article:publisher\" content=\"https:\/\/www.facebook.com\/notibras\/\" \/>\n<meta property=\"article:published_time\" content=\"2014-10-10T15:32:48+00:00\" \/>\n<meta property=\"og:image\" content=\"https:\/\/www.notibras.com\/site\/wp-content\/uploads\/2014\/10\/df12.jpg\" \/>\n\t<meta property=\"og:image:width\" content=\"463\" \/>\n\t<meta property=\"og:image:height\" content=\"302\" \/>\n\t<meta property=\"og:image:type\" content=\"image\/jpeg\" \/>\n<meta name=\"author\" content=\"Reda\u00e7\u00e3o\" \/>\n<meta name=\"twitter:card\" content=\"summary_large_image\" \/>\n<meta name=\"twitter:creator\" content=\"@Notibras\" \/>\n<meta name=\"twitter:site\" content=\"@Notibras\" \/>\n<meta name=\"twitter:label1\" content=\"Escrito por\" \/>\n\t<meta name=\"twitter:data1\" content=\"Reda\u00e7\u00e3o\" \/>\n\t<meta name=\"twitter:label2\" content=\"Est. tempo de leitura\" \/>\n\t<meta name=\"twitter:data2\" content=\"1 minuto\" \/>\n<script type=\"application\/ld+json\" class=\"yoast-schema-graph\">{\"@context\":\"https:\\\/\\\/schema.org\",\"@graph\":[{\"@type\":\"Article\",\"@id\":\"https:\\\/\\\/www.notibras.com\\\/site\\\/buriti-suspende-calote-e-garis-voltam-a-limpar-sujeira-da-cidade\\\/#article\",\"isPartOf\":{\"@id\":\"https:\\\/\\\/www.notibras.com\\\/site\\\/buriti-suspende-calote-e-garis-voltam-a-limpar-sujeira-da-cidade\\\/\"},\"author\":{\"name\":\"Reda\u00e7\u00e3o\",\"@id\":\"https:\\\/\\\/www.notibras.com\\\/site\\\/#\\\/schema\\\/person\\\/36ab0979449956132d3e5b517ea76ac8\"},\"headline\":\"Buriti suspende calote e garis voltam a limpar sujeira da cidade\",\"datePublished\":\"2014-10-10T15:32:48+00:00\",\"mainEntityOfPage\":{\"@id\":\"https:\\\/\\\/www.notibras.com\\\/site\\\/buriti-suspende-calote-e-garis-voltam-a-limpar-sujeira-da-cidade\\\/\"},\"wordCount\":208,\"commentCount\":0,\"publisher\":{\"@id\":\"https:\\\/\\\/www.notibras.com\\\/site\\\/#organization\"},\"image\":{\"@id\":\"https:\\\/\\\/www.notibras.com\\\/site\\\/buriti-suspende-calote-e-garis-voltam-a-limpar-sujeira-da-cidade\\\/#primaryimage\"},\"thumbnailUrl\":\"https:\\\/\\\/www.notibras.com\\\/site\\\/wp-content\\\/uploads\\\/2014\\\/10\\\/df12.jpg\",\"articleSection\":[\"Bras\u00edlia\"],\"inLanguage\":\"pt-BR\",\"potentialAction\":[{\"@type\":\"CommentAction\",\"name\":\"Comment\",\"target\":[\"https:\\\/\\\/www.notibras.com\\\/site\\\/buriti-suspende-calote-e-garis-voltam-a-limpar-sujeira-da-cidade\\\/#respond\"]}]},{\"@type\":\"WebPage\",\"@id\":\"https:\\\/\\\/www.notibras.com\\\/site\\\/buriti-suspende-calote-e-garis-voltam-a-limpar-sujeira-da-cidade\\\/\",\"url\":\"https:\\\/\\\/www.notibras.com\\\/site\\\/buriti-suspende-calote-e-garis-voltam-a-limpar-sujeira-da-cidade\\\/\",\"name\":\"Buriti suspende calote e garis voltam a limpar sujeira da cidade - Notibras\",\"isPartOf\":{\"@id\":\"https:\\\/\\\/www.notibras.com\\\/site\\\/#website\"},\"primaryImageOfPage\":{\"@id\":\"https:\\\/\\\/www.notibras.com\\\/site\\\/buriti-suspende-calote-e-garis-voltam-a-limpar-sujeira-da-cidade\\\/#primaryimage\"},\"image\":{\"@id\":\"https:\\\/\\\/www.notibras.com\\\/site\\\/buriti-suspende-calote-e-garis-voltam-a-limpar-sujeira-da-cidade\\\/#primaryimage\"},\"thumbnailUrl\":\"https:\\\/\\\/www.notibras.com\\\/site\\\/wp-content\\\/uploads\\\/2014\\\/10\\\/df12.jpg\",\"datePublished\":\"2014-10-10T15:32:48+00:00\",\"breadcrumb\":{\"@id\":\"https:\\\/\\\/www.notibras.com\\\/site\\\/buriti-suspende-calote-e-garis-voltam-a-limpar-sujeira-da-cidade\\\/#breadcrumb\"},\"inLanguage\":\"pt-BR\",\"potentialAction\":[{\"@type\":\"ReadAction\",\"target\":[\"https:\\\/\\\/www.notibras.com\\\/site\\\/buriti-suspende-calote-e-garis-voltam-a-limpar-sujeira-da-cidade\\\/\"]}]},{\"@type\":\"ImageObject\",\"inLanguage\":\"pt-BR\",\"@id\":\"https:\\\/\\\/www.notibras.com\\\/site\\\/buriti-suspende-calote-e-garis-voltam-a-limpar-sujeira-da-cidade\\\/#primaryimage\",\"url\":\"https:\\\/\\\/www.notibras.com\\\/site\\\/wp-content\\\/uploads\\\/2014\\\/10\\\/df12.jpg\",\"contentUrl\":\"https:\\\/\\\/www.notibras.com\\\/site\\\/wp-content\\\/uploads\\\/2014\\\/10\\\/df12.jpg\",\"width\":463,\"height\":302},{\"@type\":\"BreadcrumbList\",\"@id\":\"https:\\\/\\\/www.notibras.com\\\/site\\\/buriti-suspende-calote-e-garis-voltam-a-limpar-sujeira-da-cidade\\\/#breadcrumb\",\"itemListElement\":[{\"@type\":\"ListItem\",\"position\":1,\"name\":\"In\u00edcio\",\"item\":\"https:\\\/\\\/www.notibras.com\\\/site\\\/\"},{\"@type\":\"ListItem\",\"position\":2,\"name\":\"Buriti suspende calote e garis voltam a limpar sujeira da cidade\"}]},{\"@type\":\"WebSite\",\"@id\":\"https:\\\/\\\/www.notibras.com\\\/site\\\/#website\",\"url\":\"https:\\\/\\\/www.notibras.com\\\/site\\\/\",\"name\":\"Notibras\",\"description\":\"Not\u00edcias de Bras\u00edlia, do Brasil e do Mundo\",\"publisher\":{\"@id\":\"https:\\\/\\\/www.notibras.com\\\/site\\\/#organization\"},\"potentialAction\":[{\"@type\":\"SearchAction\",\"target\":{\"@type\":\"EntryPoint\",\"urlTemplate\":\"https:\\\/\\\/www.notibras.com\\\/site\\\/?s={search_term_string}\"},\"query-input\":{\"@type\":\"PropertyValueSpecification\",\"valueRequired\":true,\"valueName\":\"search_term_string\"}}],\"inLanguage\":\"pt-BR\"},{\"@type\":\"Organization\",\"@id\":\"https:\\\/\\\/www.notibras.com\\\/site\\\/#organization\",\"name\":\"Grupo Notibras de Comunica\u00e7\u00e3o\",\"url\":\"https:\\\/\\\/www.notibras.com\\\/site\\\/\",\"logo\":{\"@type\":\"ImageObject\",\"inLanguage\":\"pt-BR\",\"@id\":\"https:\\\/\\\/www.notibras.com\\\/site\\\/#\\\/schema\\\/logo\\\/image\\\/\",\"url\":\"https:\\\/\\\/www.notibras.com\\\/site\\\/wp-content\\\/uploads\\\/2023\\\/01\\\/notibras23.png\",\"contentUrl\":\"https:\\\/\\\/www.notibras.com\\\/site\\\/wp-content\\\/uploads\\\/2023\\\/01\\\/notibras23.png\",\"width\":350,\"height\":87,\"caption\":\"Grupo Notibras de Comunica\u00e7\u00e3o\"},\"image\":{\"@id\":\"https:\\\/\\\/www.notibras.com\\\/site\\\/#\\\/schema\\\/logo\\\/image\\\/\"},\"sameAs\":[\"https:\\\/\\\/www.facebook.com\\\/notibras\\\/\",\"https:\\\/\\\/x.com\\\/Notibras\",\"https:\\\/\\\/www.instagram.com\\\/notibras\\\/\"]},{\"@type\":\"Person\",\"@id\":\"https:\\\/\\\/www.notibras.com\\\/site\\\/#\\\/schema\\\/person\\\/36ab0979449956132d3e5b517ea76ac8\",\"name\":\"Reda\u00e7\u00e3o\",\"image\":{\"@type\":\"ImageObject\",\"inLanguage\":\"pt-BR\",\"@id\":\"https:\\\/\\\/secure.gravatar.com\\\/avatar\\\/e0a867bdedb85fd243eadf09663511f96fc81e0720a4a42581f334ad4303aa6b?s=96&d=mm&r=g\",\"url\":\"https:\\\/\\\/secure.gravatar.com\\\/avatar\\\/e0a867bdedb85fd243eadf09663511f96fc81e0720a4a42581f334ad4303aa6b?s=96&d=mm&r=g\",\"contentUrl\":\"https:\\\/\\\/secure.gravatar.com\\\/avatar\\\/e0a867bdedb85fd243eadf09663511f96fc81e0720a4a42581f334ad4303aa6b?s=96&d=mm&r=g\",\"caption\":\"Reda\u00e7\u00e3o\"}}]}<\/script>\n<!-- \/ Yoast SEO plugin. -->","yoast_head_json":{"title":"Buriti suspende calote e garis voltam a limpar sujeira da cidade - Notibras","robots":{"index":"index","follow":"follow","max-snippet":"max-snippet:-1","max-image-preview":"max-image-preview:large","max-video-preview":"max-video-preview:-1"},"canonical":"https:\/\/www.notibras.com\/site\/buriti-suspende-calote-e-garis-voltam-a-limpar-sujeira-da-cidade\/","og_locale":"pt_BR","og_type":"article","og_title":"Buriti suspende calote e garis voltam a limpar sujeira da cidade - Notibras","og_description":"Garis de 17 regi\u00f5es do Distrito Federal, que fizeram paralisa\u00e7\u00e3o na quarta-feira (8) por falta de pagamento de sal\u00e1rio, retomaram as atividades nesta sexta (10), informou a empresa Sustentare Servi\u00e7os Ambientais, respons\u00e1vel pelo contrato com o GDF. A companhia disse que recebeu o repasse do governo na tarde desta quinta-feira (9). A Sustentare trabalha com [&hellip;]","og_url":"https:\/\/www.notibras.com\/site\/buriti-suspende-calote-e-garis-voltam-a-limpar-sujeira-da-cidade\/","og_site_name":"Notibras","article_publisher":"https:\/\/www.facebook.com\/notibras\/","article_published_time":"2014-10-10T15:32:48+00:00","og_image":[{"width":463,"height":302,"url":"https:\/\/www.notibras.com\/site\/wp-content\/uploads\/2014\/10\/df12.jpg","type":"image\/jpeg"}],"author":"Reda\u00e7\u00e3o","twitter_card":"summary_large_image","twitter_creator":"@Notibras","twitter_site":"@Notibras","twitter_misc":{"Escrito por":"Reda\u00e7\u00e3o","Est. tempo de leitura":"1 minuto"},"schema":{"@context":"https:\/\/schema.org","@graph":[{"@type":"Article","@id":"https:\/\/www.notibras.com\/site\/buriti-suspende-calote-e-garis-voltam-a-limpar-sujeira-da-cidade\/#article","isPartOf":{"@id":"https:\/\/www.notibras.com\/site\/buriti-suspende-calote-e-garis-voltam-a-limpar-sujeira-da-cidade\/"},"author":{"name":"Reda\u00e7\u00e3o","@id":"https:\/\/www.notibras.com\/site\/#\/schema\/person\/36ab0979449956132d3e5b517ea76ac8"},"headline":"Buriti suspende calote e garis voltam a limpar sujeira da cidade","datePublished":"2014-10-10T15:32:48+00:00","mainEntityOfPage":{"@id":"https:\/\/www.notibras.com\/site\/buriti-suspende-calote-e-garis-voltam-a-limpar-sujeira-da-cidade\/"},"wordCount":208,"commentCount":0,"publisher":{"@id":"https:\/\/www.notibras.com\/site\/#organization"},"image":{"@id":"https:\/\/www.notibras.com\/site\/buriti-suspende-calote-e-garis-voltam-a-limpar-sujeira-da-cidade\/#primaryimage"},"thumbnailUrl":"https:\/\/www.notibras.com\/site\/wp-content\/uploads\/2014\/10\/df12.jpg","articleSection":["Bras\u00edlia"],"inLanguage":"pt-BR","potentialAction":[{"@type":"CommentAction","name":"Comment","target":["https:\/\/www.notibras.com\/site\/buriti-suspende-calote-e-garis-voltam-a-limpar-sujeira-da-cidade\/#respond"]}]},{"@type":"WebPage","@id":"https:\/\/www.notibras.com\/site\/buriti-suspende-calote-e-garis-voltam-a-limpar-sujeira-da-cidade\/","url":"https:\/\/www.notibras.com\/site\/buriti-suspende-calote-e-garis-voltam-a-limpar-sujeira-da-cidade\/","name":"Buriti suspende calote e garis voltam a limpar sujeira da cidade - Notibras","isPartOf":{"@id":"https:\/\/www.notibras.com\/site\/#website"},"primaryImageOfPage":{"@id":"https:\/\/www.notibras.com\/site\/buriti-suspende-calote-e-garis-voltam-a-limpar-sujeira-da-cidade\/#primaryimage"},"image":{"@id":"https:\/\/www.notibras.com\/site\/buriti-suspende-calote-e-garis-voltam-a-limpar-sujeira-da-cidade\/#primaryimage"},"thumbnailUrl":"https:\/\/www.notibras.com\/site\/wp-content\/uploads\/2014\/10\/df12.jpg","datePublished":"2014-10-10T15:32:48+00:00","breadcrumb":{"@id":"https:\/\/www.notibras.com\/site\/buriti-suspende-calote-e-garis-voltam-a-limpar-sujeira-da-cidade\/#breadcrumb"},"inLanguage":"pt-BR","potentialAction":[{"@type":"ReadAction","target":["https:\/\/www.notibras.com\/site\/buriti-suspende-calote-e-garis-voltam-a-limpar-sujeira-da-cidade\/"]}]},{"@type":"ImageObject","inLanguage":"pt-BR","@id":"https:\/\/www.notibras.com\/site\/buriti-suspende-calote-e-garis-voltam-a-limpar-sujeira-da-cidade\/#primaryimage","url":"https:\/\/www.notibras.com\/site\/wp-content\/uploads\/2014\/10\/df12.jpg","contentUrl":"https:\/\/www.notibras.com\/site\/wp-content\/uploads\/2014\/10\/df12.jpg","width":463,"height":302},{"@type":"BreadcrumbList","@id":"https:\/\/www.notibras.com\/site\/buriti-suspende-calote-e-garis-voltam-a-limpar-sujeira-da-cidade\/#breadcrumb","itemListElement":[{"@type":"ListItem","position":1,"name":"In\u00edcio","item":"https:\/\/www.notibras.com\/site\/"},{"@type":"ListItem","position":2,"name":"Buriti suspende calote e garis voltam a limpar sujeira da cidade"}]},{"@type":"WebSite","@id":"https:\/\/www.notibras.com\/site\/#website","url":"https:\/\/www.notibras.com\/site\/","name":"Notibras","description":"Not\u00edcias de Bras\u00edlia, do Brasil e do Mundo","publisher":{"@id":"https:\/\/www.notibras.com\/site\/#organization"},"potentialAction":[{"@type":"SearchAction","target":{"@type":"EntryPoint","urlTemplate":"https:\/\/www.notibras.com\/site\/?s={search_term_string}"},"query-input":{"@type":"PropertyValueSpecification","valueRequired":true,"valueName":"search_term_string"}}],"inLanguage":"pt-BR"},{"@type":"Organization","@id":"https:\/\/www.notibras.com\/site\/#organization","name":"Grupo Notibras de Comunica\u00e7\u00e3o","url":"https:\/\/www.notibras.com\/site\/","logo":{"@type":"ImageObject","inLanguage":"pt-BR","@id":"https:\/\/www.notibras.com\/site\/#\/schema\/logo\/image\/","url":"https:\/\/www.notibras.com\/site\/wp-content\/uploads\/2023\/01\/notibras23.png","contentUrl":"https:\/\/www.notibras.com\/site\/wp-content\/uploads\/2023\/01\/notibras23.png","width":350,"height":87,"caption":"Grupo Notibras de Comunica\u00e7\u00e3o"},"image":{"@id":"https:\/\/www.notibras.com\/site\/#\/schema\/logo\/image\/"},"sameAs":["https:\/\/www.facebook.com\/notibras\/","https:\/\/x.com\/Notibras","https:\/\/www.instagram.com\/notibras\/"]},{"@type":"Person","@id":"https:\/\/www.notibras.com\/site\/#\/schema\/person\/36ab0979449956132d3e5b517ea76ac8","name":"Reda\u00e7\u00e3o","image":{"@type":"ImageObject","inLanguage":"pt-BR","@id":"https:\/\/secure.gravatar.com\/avatar\/e0a867bdedb85fd243eadf09663511f96fc81e0720a4a42581f334ad4303aa6b?s=96&d=mm&r=g","url":"https:\/\/secure.gravatar.com\/avatar\/e0a867bdedb85fd243eadf09663511f96fc81e0720a4a42581f334ad4303aa6b?s=96&d=mm&r=g","contentUrl":"https:\/\/secure.gravatar.com\/avatar\/e0a867bdedb85fd243eadf09663511f96fc81e0720a4a42581f334ad4303aa6b?s=96&d=mm&r=g","caption":"Reda\u00e7\u00e3o"}}]}},"amp_enabled":true,"_links":{"self":[{"href":"https:\/\/www.notibras.com\/site\/wp-json\/wp\/v2\/posts\/24510","targetHints":{"allow":["GET"]}}],"collection":[{"href":"https:\/\/www.notibras.com\/site\/wp-json\/wp\/v2\/posts"}],"about":[{"href":"https:\/\/www.notibras.com\/site\/wp-json\/wp\/v2\/types\/post"}],"author":[{"embeddable":true,"href":"https:\/\/www.notibras.com\/site\/wp-json\/wp\/v2\/users\/2"}],"replies":[{"embeddable":true,"href":"https:\/\/www.notibras.com\/site\/wp-json\/wp\/v2\/comments?post=24510"}],"version-history":[{"count":0,"href":"https:\/\/www.notibras.com\/site\/wp-json\/wp\/v2\/posts\/24510\/revisions"}],"wp:featuredmedia":[{"embeddable":true,"href":"https:\/\/www.notibras.com\/site\/wp-json\/wp\/v2\/media\/24511"}],"wp:attachment":[{"href":"https:\/\/www.notibras.com\/site\/wp-json\/wp\/v2\/media?parent=24510"}],"wp:term":[{"taxonomy":"category","embeddable":true,"href":"https:\/\/www.notibras.com\/site\/wp-json\/wp\/v2\/categories?post=24510"},{"taxonomy":"post_tag","embeddable":true,"href":"https:\/\/www.notibras.com\/site\/wp-json\/wp\/v2\/tags?post=24510"}],"curies":[{"name":"wp","href":"https:\/\/api.w.org\/{rel}","templated":true}]}}