{"id":24517,"date":"2014-10-10T00:39:25","date_gmt":"2014-10-10T03:39:25","guid":{"rendered":"http:\/\/www.notibras.com\/site\/?p=24517"},"modified":"2014-10-10T13:40:55","modified_gmt":"2014-10-10T16:40:55","slug":"patricio-apresenta-parecer-que-sugere-cassacao-de-benedito","status":"publish","type":"post","link":"https:\/\/www.notibras.com\/site\/patricio-apresenta-parecer-que-sugere-cassacao-de-benedito\/","title":{"rendered":"Patr\u00edcio apresenta parecer que sugere cassa\u00e7\u00e3o de Benedito"},"content":{"rendered":"<div class=\"ultimas_texto\">\n<p>O deputado Patr\u00edcio (PT), relator\u00a0do processo que apura suposta quebra de decoro parlamentar pelo distrital Benedito Domingos (PP), apresentou na tarde desta quinta-feira (9) relat\u00f3rio\u00a0pela cassa\u00e7\u00e3o\u00a0do mandato do parlamentar, acusado de participa\u00e7\u00e3o em fraudes na contrata\u00e7\u00e3o de decora\u00e7\u00e3o natalina, durante o governo Arruda, em 2009.<\/p>\n<p>Segundo sustentou o relator, a conduta do deputado investigado violou a Constitui\u00e7\u00e3o Federal, a Lei Org\u00e2nica do Distrito Federal e o C\u00f3digo de \u00c9tica dos distritais. &#8220;A quebra do decoro est\u00e1 configurada nos incisos II e \u00a7 1\u00ba do art. 63 da Lei Org\u00e2nica, e incisos III e XII do art. 6\u00ba do C\u00f3digo de \u00c9tica dos Deputados\u00a0 Distritais&#8221;, detalhou Patr\u00edcio.<\/p>\n<p>Ao pregar a cassa\u00e7\u00e3o, Patr\u00edcio rebateu\u00a0a tese da defesa de que n\u00e3o se pode perder o mandato sem o tr\u00e2nsito em julgado do processo judicial.\u00a0&#8220;O envolvimento com o crime prescinde de senten\u00e7a condenat\u00f3ria. E esse entendimento j\u00e1 tem precedente nesta Casa de Leis, inclusive nesta legislatura, que cassou deputado que tinha sido denunciado pelo Minist\u00e9rio P\u00fablico antes mesmo de a den\u00fancia ser recebida&#8221;, pregou.<\/p>\n<p>O relat\u00f3rio apresentado pelo deputado Patr\u00edcio segue para aprecia\u00e7\u00e3o dos membros da Comiss\u00e3o de\u00a0 \u00c9tica da Casa. Se for acatado pela maioria dos integrantes,\u00a0 ir\u00e1 para an\u00e1lise da Comiss\u00e3o de Constitui\u00e7\u00e3o e Justi\u00e7a (CCJ), que\u00a0dever\u00e1 se manifestar sobre a legalidade do processo. O mandato s\u00f3 poder\u00e1 ser cassado depois de aprecia\u00e7\u00e3o em plen\u00e1rio, em vota\u00e7\u00e3o aberta.<\/p>\n<\/div>\n<div class=\"ultimas_autor\"><span class=\"ultimas_nome_autor\"><strong> Zildenor Ferreira Dourado<\/strong> <\/span><\/div>\n","protected":false},"excerpt":{"rendered":"<p>O deputado Patr\u00edcio (PT), relator\u00a0do processo que apura suposta quebra de decoro parlamentar pelo distrital Benedito Domingos (PP), apresentou na tarde desta quinta-feira (9) relat\u00f3rio\u00a0pela cassa\u00e7\u00e3o\u00a0do mandato do parlamentar, acusado de participa\u00e7\u00e3o em fraudes na contrata\u00e7\u00e3o de decora\u00e7\u00e3o natalina, durante o governo Arruda, em 2009. Segundo sustentou o relator, a conduta do deputado investigado violou [&hellip;]<\/p>\n","protected":false},"author":2,"featured_media":24518,"comment_status":"open","ping_status":"closed","sticky":false,"template":"","format":"standard","meta":{"_acf_changed":false,"footnotes":""},"categories":[1],"tags":[],"class_list":["post-24517","post","type-post","status-publish","format-standard","has-post-thumbnail","hentry","category-brasilia"],"acf":[],"yoast_head":"<!-- This site is optimized with the Yoast SEO plugin v27.5 - https:\/\/yoast.com\/product\/yoast-seo-wordpress\/ -->\n<title>Patr\u00edcio apresenta parecer que sugere cassa\u00e7\u00e3o de Benedito - Notibras<\/title>\n<meta name=\"robots\" content=\"index, follow, max-snippet:-1, max-image-preview:large, max-video-preview:-1\" \/>\n<link rel=\"canonical\" href=\"https:\/\/www.notibras.com\/site\/patricio-apresenta-parecer-que-sugere-cassacao-de-benedito\/\" \/>\n<meta property=\"og:locale\" content=\"pt_BR\" \/>\n<meta property=\"og:type\" content=\"article\" \/>\n<meta property=\"og:title\" content=\"Patr\u00edcio apresenta parecer que sugere cassa\u00e7\u00e3o de Benedito - Notibras\" \/>\n<meta property=\"og:description\" content=\"O deputado Patr\u00edcio (PT), relator\u00a0do processo que apura suposta quebra de decoro parlamentar pelo distrital Benedito Domingos (PP), apresentou na tarde desta quinta-feira (9) relat\u00f3rio\u00a0pela cassa\u00e7\u00e3o\u00a0do mandato do parlamentar, acusado de participa\u00e7\u00e3o em fraudes na contrata\u00e7\u00e3o de decora\u00e7\u00e3o natalina, durante o governo Arruda, em 2009. Segundo sustentou o relator, a conduta do deputado investigado violou [&hellip;]\" \/>\n<meta property=\"og:url\" content=\"https:\/\/www.notibras.com\/site\/patricio-apresenta-parecer-que-sugere-cassacao-de-benedito\/\" \/>\n<meta property=\"og:site_name\" content=\"Notibras\" \/>\n<meta property=\"article:publisher\" content=\"https:\/\/www.facebook.com\/notibras\/\" \/>\n<meta property=\"article:published_time\" content=\"2014-10-10T03:39:25+00:00\" \/>\n<meta property=\"article:modified_time\" content=\"2014-10-10T16:40:55+00:00\" \/>\n<meta property=\"og:image\" content=\"https:\/\/www.notibras.com\/site\/wp-content\/uploads\/2014\/10\/cl.jpeg\" \/>\n\t<meta property=\"og:image:width\" content=\"800\" \/>\n\t<meta property=\"og:image:height\" content=\"532\" \/>\n\t<meta property=\"og:image:type\" content=\"image\/jpeg\" \/>\n<meta name=\"author\" content=\"Reda\u00e7\u00e3o\" \/>\n<meta name=\"twitter:card\" content=\"summary_large_image\" \/>\n<meta name=\"twitter:creator\" content=\"@Notibras\" \/>\n<meta name=\"twitter:site\" content=\"@Notibras\" \/>\n<meta name=\"twitter:label1\" content=\"Escrito por\" \/>\n\t<meta name=\"twitter:data1\" content=\"Reda\u00e7\u00e3o\" \/>\n\t<meta name=\"twitter:label2\" content=\"Est. tempo de leitura\" \/>\n\t<meta name=\"twitter:data2\" content=\"1 minuto\" \/>\n<script type=\"application\/ld+json\" class=\"yoast-schema-graph\">{\"@context\":\"https:\\\/\\\/schema.org\",\"@graph\":[{\"@type\":\"Article\",\"@id\":\"https:\\\/\\\/www.notibras.com\\\/site\\\/patricio-apresenta-parecer-que-sugere-cassacao-de-benedito\\\/#article\",\"isPartOf\":{\"@id\":\"https:\\\/\\\/www.notibras.com\\\/site\\\/patricio-apresenta-parecer-que-sugere-cassacao-de-benedito\\\/\"},\"author\":{\"name\":\"Reda\u00e7\u00e3o\",\"@id\":\"https:\\\/\\\/www.notibras.com\\\/site\\\/#\\\/schema\\\/person\\\/36ab0979449956132d3e5b517ea76ac8\"},\"headline\":\"Patr\u00edcio apresenta parecer que sugere cassa\u00e7\u00e3o de Benedito\",\"datePublished\":\"2014-10-10T03:39:25+00:00\",\"dateModified\":\"2014-10-10T16:40:55+00:00\",\"mainEntityOfPage\":{\"@id\":\"https:\\\/\\\/www.notibras.com\\\/site\\\/patricio-apresenta-parecer-que-sugere-cassacao-de-benedito\\\/\"},\"wordCount\":271,\"commentCount\":0,\"publisher\":{\"@id\":\"https:\\\/\\\/www.notibras.com\\\/site\\\/#organization\"},\"image\":{\"@id\":\"https:\\\/\\\/www.notibras.com\\\/site\\\/patricio-apresenta-parecer-que-sugere-cassacao-de-benedito\\\/#primaryimage\"},\"thumbnailUrl\":\"https:\\\/\\\/www.notibras.com\\\/site\\\/wp-content\\\/uploads\\\/2014\\\/10\\\/cl.jpeg\",\"articleSection\":[\"Bras\u00edlia\"],\"inLanguage\":\"pt-BR\",\"potentialAction\":[{\"@type\":\"CommentAction\",\"name\":\"Comment\",\"target\":[\"https:\\\/\\\/www.notibras.com\\\/site\\\/patricio-apresenta-parecer-que-sugere-cassacao-de-benedito\\\/#respond\"]}]},{\"@type\":\"WebPage\",\"@id\":\"https:\\\/\\\/www.notibras.com\\\/site\\\/patricio-apresenta-parecer-que-sugere-cassacao-de-benedito\\\/\",\"url\":\"https:\\\/\\\/www.notibras.com\\\/site\\\/patricio-apresenta-parecer-que-sugere-cassacao-de-benedito\\\/\",\"name\":\"Patr\u00edcio apresenta parecer que sugere cassa\u00e7\u00e3o de Benedito - Notibras\",\"isPartOf\":{\"@id\":\"https:\\\/\\\/www.notibras.com\\\/site\\\/#website\"},\"primaryImageOfPage\":{\"@id\":\"https:\\\/\\\/www.notibras.com\\\/site\\\/patricio-apresenta-parecer-que-sugere-cassacao-de-benedito\\\/#primaryimage\"},\"image\":{\"@id\":\"https:\\\/\\\/www.notibras.com\\\/site\\\/patricio-apresenta-parecer-que-sugere-cassacao-de-benedito\\\/#primaryimage\"},\"thumbnailUrl\":\"https:\\\/\\\/www.notibras.com\\\/site\\\/wp-content\\\/uploads\\\/2014\\\/10\\\/cl.jpeg\",\"datePublished\":\"2014-10-10T03:39:25+00:00\",\"dateModified\":\"2014-10-10T16:40:55+00:00\",\"breadcrumb\":{\"@id\":\"https:\\\/\\\/www.notibras.com\\\/site\\\/patricio-apresenta-parecer-que-sugere-cassacao-de-benedito\\\/#breadcrumb\"},\"inLanguage\":\"pt-BR\",\"potentialAction\":[{\"@type\":\"ReadAction\",\"target\":[\"https:\\\/\\\/www.notibras.com\\\/site\\\/patricio-apresenta-parecer-que-sugere-cassacao-de-benedito\\\/\"]}]},{\"@type\":\"ImageObject\",\"inLanguage\":\"pt-BR\",\"@id\":\"https:\\\/\\\/www.notibras.com\\\/site\\\/patricio-apresenta-parecer-que-sugere-cassacao-de-benedito\\\/#primaryimage\",\"url\":\"https:\\\/\\\/www.notibras.com\\\/site\\\/wp-content\\\/uploads\\\/2014\\\/10\\\/cl.jpeg\",\"contentUrl\":\"https:\\\/\\\/www.notibras.com\\\/site\\\/wp-content\\\/uploads\\\/2014\\\/10\\\/cl.jpeg\",\"width\":800,\"height\":532},{\"@type\":\"BreadcrumbList\",\"@id\":\"https:\\\/\\\/www.notibras.com\\\/site\\\/patricio-apresenta-parecer-que-sugere-cassacao-de-benedito\\\/#breadcrumb\",\"itemListElement\":[{\"@type\":\"ListItem\",\"position\":1,\"name\":\"In\u00edcio\",\"item\":\"https:\\\/\\\/www.notibras.com\\\/site\\\/\"},{\"@type\":\"ListItem\",\"position\":2,\"name\":\"Patr\u00edcio apresenta parecer que sugere cassa\u00e7\u00e3o de Benedito\"}]},{\"@type\":\"WebSite\",\"@id\":\"https:\\\/\\\/www.notibras.com\\\/site\\\/#website\",\"url\":\"https:\\\/\\\/www.notibras.com\\\/site\\\/\",\"name\":\"Notibras\",\"description\":\"Not\u00edcias de Bras\u00edlia, do Brasil e do Mundo\",\"publisher\":{\"@id\":\"https:\\\/\\\/www.notibras.com\\\/site\\\/#organization\"},\"potentialAction\":[{\"@type\":\"SearchAction\",\"target\":{\"@type\":\"EntryPoint\",\"urlTemplate\":\"https:\\\/\\\/www.notibras.com\\\/site\\\/?s={search_term_string}\"},\"query-input\":{\"@type\":\"PropertyValueSpecification\",\"valueRequired\":true,\"valueName\":\"search_term_string\"}}],\"inLanguage\":\"pt-BR\"},{\"@type\":\"Organization\",\"@id\":\"https:\\\/\\\/www.notibras.com\\\/site\\\/#organization\",\"name\":\"Grupo Notibras de Comunica\u00e7\u00e3o\",\"url\":\"https:\\\/\\\/www.notibras.com\\\/site\\\/\",\"logo\":{\"@type\":\"ImageObject\",\"inLanguage\":\"pt-BR\",\"@id\":\"https:\\\/\\\/www.notibras.com\\\/site\\\/#\\\/schema\\\/logo\\\/image\\\/\",\"url\":\"https:\\\/\\\/www.notibras.com\\\/site\\\/wp-content\\\/uploads\\\/2023\\\/01\\\/notibras23.png\",\"contentUrl\":\"https:\\\/\\\/www.notibras.com\\\/site\\\/wp-content\\\/uploads\\\/2023\\\/01\\\/notibras23.png\",\"width\":350,\"height\":87,\"caption\":\"Grupo Notibras de Comunica\u00e7\u00e3o\"},\"image\":{\"@id\":\"https:\\\/\\\/www.notibras.com\\\/site\\\/#\\\/schema\\\/logo\\\/image\\\/\"},\"sameAs\":[\"https:\\\/\\\/www.facebook.com\\\/notibras\\\/\",\"https:\\\/\\\/x.com\\\/Notibras\",\"https:\\\/\\\/www.instagram.com\\\/notibras\\\/\"]},{\"@type\":\"Person\",\"@id\":\"https:\\\/\\\/www.notibras.com\\\/site\\\/#\\\/schema\\\/person\\\/36ab0979449956132d3e5b517ea76ac8\",\"name\":\"Reda\u00e7\u00e3o\",\"image\":{\"@type\":\"ImageObject\",\"inLanguage\":\"pt-BR\",\"@id\":\"https:\\\/\\\/secure.gravatar.com\\\/avatar\\\/e0a867bdedb85fd243eadf09663511f96fc81e0720a4a42581f334ad4303aa6b?s=96&d=mm&r=g\",\"url\":\"https:\\\/\\\/secure.gravatar.com\\\/avatar\\\/e0a867bdedb85fd243eadf09663511f96fc81e0720a4a42581f334ad4303aa6b?s=96&d=mm&r=g\",\"contentUrl\":\"https:\\\/\\\/secure.gravatar.com\\\/avatar\\\/e0a867bdedb85fd243eadf09663511f96fc81e0720a4a42581f334ad4303aa6b?s=96&d=mm&r=g\",\"caption\":\"Reda\u00e7\u00e3o\"}}]}<\/script>\n<!-- \/ Yoast SEO plugin. -->","yoast_head_json":{"title":"Patr\u00edcio apresenta parecer que sugere cassa\u00e7\u00e3o de Benedito - Notibras","robots":{"index":"index","follow":"follow","max-snippet":"max-snippet:-1","max-image-preview":"max-image-preview:large","max-video-preview":"max-video-preview:-1"},"canonical":"https:\/\/www.notibras.com\/site\/patricio-apresenta-parecer-que-sugere-cassacao-de-benedito\/","og_locale":"pt_BR","og_type":"article","og_title":"Patr\u00edcio apresenta parecer que sugere cassa\u00e7\u00e3o de Benedito - Notibras","og_description":"O deputado Patr\u00edcio (PT), relator\u00a0do processo que apura suposta quebra de decoro parlamentar pelo distrital Benedito Domingos (PP), apresentou na tarde desta quinta-feira (9) relat\u00f3rio\u00a0pela cassa\u00e7\u00e3o\u00a0do mandato do parlamentar, acusado de participa\u00e7\u00e3o em fraudes na contrata\u00e7\u00e3o de decora\u00e7\u00e3o natalina, durante o governo Arruda, em 2009. Segundo sustentou o relator, a conduta do deputado investigado violou [&hellip;]","og_url":"https:\/\/www.notibras.com\/site\/patricio-apresenta-parecer-que-sugere-cassacao-de-benedito\/","og_site_name":"Notibras","article_publisher":"https:\/\/www.facebook.com\/notibras\/","article_published_time":"2014-10-10T03:39:25+00:00","article_modified_time":"2014-10-10T16:40:55+00:00","og_image":[{"width":800,"height":532,"url":"https:\/\/www.notibras.com\/site\/wp-content\/uploads\/2014\/10\/cl.jpeg","type":"image\/jpeg"}],"author":"Reda\u00e7\u00e3o","twitter_card":"summary_large_image","twitter_creator":"@Notibras","twitter_site":"@Notibras","twitter_misc":{"Escrito por":"Reda\u00e7\u00e3o","Est. tempo de leitura":"1 minuto"},"schema":{"@context":"https:\/\/schema.org","@graph":[{"@type":"Article","@id":"https:\/\/www.notibras.com\/site\/patricio-apresenta-parecer-que-sugere-cassacao-de-benedito\/#article","isPartOf":{"@id":"https:\/\/www.notibras.com\/site\/patricio-apresenta-parecer-que-sugere-cassacao-de-benedito\/"},"author":{"name":"Reda\u00e7\u00e3o","@id":"https:\/\/www.notibras.com\/site\/#\/schema\/person\/36ab0979449956132d3e5b517ea76ac8"},"headline":"Patr\u00edcio apresenta parecer que sugere cassa\u00e7\u00e3o de Benedito","datePublished":"2014-10-10T03:39:25+00:00","dateModified":"2014-10-10T16:40:55+00:00","mainEntityOfPage":{"@id":"https:\/\/www.notibras.com\/site\/patricio-apresenta-parecer-que-sugere-cassacao-de-benedito\/"},"wordCount":271,"commentCount":0,"publisher":{"@id":"https:\/\/www.notibras.com\/site\/#organization"},"image":{"@id":"https:\/\/www.notibras.com\/site\/patricio-apresenta-parecer-que-sugere-cassacao-de-benedito\/#primaryimage"},"thumbnailUrl":"https:\/\/www.notibras.com\/site\/wp-content\/uploads\/2014\/10\/cl.jpeg","articleSection":["Bras\u00edlia"],"inLanguage":"pt-BR","potentialAction":[{"@type":"CommentAction","name":"Comment","target":["https:\/\/www.notibras.com\/site\/patricio-apresenta-parecer-que-sugere-cassacao-de-benedito\/#respond"]}]},{"@type":"WebPage","@id":"https:\/\/www.notibras.com\/site\/patricio-apresenta-parecer-que-sugere-cassacao-de-benedito\/","url":"https:\/\/www.notibras.com\/site\/patricio-apresenta-parecer-que-sugere-cassacao-de-benedito\/","name":"Patr\u00edcio apresenta parecer que sugere cassa\u00e7\u00e3o de Benedito - Notibras","isPartOf":{"@id":"https:\/\/www.notibras.com\/site\/#website"},"primaryImageOfPage":{"@id":"https:\/\/www.notibras.com\/site\/patricio-apresenta-parecer-que-sugere-cassacao-de-benedito\/#primaryimage"},"image":{"@id":"https:\/\/www.notibras.com\/site\/patricio-apresenta-parecer-que-sugere-cassacao-de-benedito\/#primaryimage"},"thumbnailUrl":"https:\/\/www.notibras.com\/site\/wp-content\/uploads\/2014\/10\/cl.jpeg","datePublished":"2014-10-10T03:39:25+00:00","dateModified":"2014-10-10T16:40:55+00:00","breadcrumb":{"@id":"https:\/\/www.notibras.com\/site\/patricio-apresenta-parecer-que-sugere-cassacao-de-benedito\/#breadcrumb"},"inLanguage":"pt-BR","potentialAction":[{"@type":"ReadAction","target":["https:\/\/www.notibras.com\/site\/patricio-apresenta-parecer-que-sugere-cassacao-de-benedito\/"]}]},{"@type":"ImageObject","inLanguage":"pt-BR","@id":"https:\/\/www.notibras.com\/site\/patricio-apresenta-parecer-que-sugere-cassacao-de-benedito\/#primaryimage","url":"https:\/\/www.notibras.com\/site\/wp-content\/uploads\/2014\/10\/cl.jpeg","contentUrl":"https:\/\/www.notibras.com\/site\/wp-content\/uploads\/2014\/10\/cl.jpeg","width":800,"height":532},{"@type":"BreadcrumbList","@id":"https:\/\/www.notibras.com\/site\/patricio-apresenta-parecer-que-sugere-cassacao-de-benedito\/#breadcrumb","itemListElement":[{"@type":"ListItem","position":1,"name":"In\u00edcio","item":"https:\/\/www.notibras.com\/site\/"},{"@type":"ListItem","position":2,"name":"Patr\u00edcio apresenta parecer que sugere cassa\u00e7\u00e3o de Benedito"}]},{"@type":"WebSite","@id":"https:\/\/www.notibras.com\/site\/#website","url":"https:\/\/www.notibras.com\/site\/","name":"Notibras","description":"Not\u00edcias de Bras\u00edlia, do Brasil e do Mundo","publisher":{"@id":"https:\/\/www.notibras.com\/site\/#organization"},"potentialAction":[{"@type":"SearchAction","target":{"@type":"EntryPoint","urlTemplate":"https:\/\/www.notibras.com\/site\/?s={search_term_string}"},"query-input":{"@type":"PropertyValueSpecification","valueRequired":true,"valueName":"search_term_string"}}],"inLanguage":"pt-BR"},{"@type":"Organization","@id":"https:\/\/www.notibras.com\/site\/#organization","name":"Grupo Notibras de Comunica\u00e7\u00e3o","url":"https:\/\/www.notibras.com\/site\/","logo":{"@type":"ImageObject","inLanguage":"pt-BR","@id":"https:\/\/www.notibras.com\/site\/#\/schema\/logo\/image\/","url":"https:\/\/www.notibras.com\/site\/wp-content\/uploads\/2023\/01\/notibras23.png","contentUrl":"https:\/\/www.notibras.com\/site\/wp-content\/uploads\/2023\/01\/notibras23.png","width":350,"height":87,"caption":"Grupo Notibras de Comunica\u00e7\u00e3o"},"image":{"@id":"https:\/\/www.notibras.com\/site\/#\/schema\/logo\/image\/"},"sameAs":["https:\/\/www.facebook.com\/notibras\/","https:\/\/x.com\/Notibras","https:\/\/www.instagram.com\/notibras\/"]},{"@type":"Person","@id":"https:\/\/www.notibras.com\/site\/#\/schema\/person\/36ab0979449956132d3e5b517ea76ac8","name":"Reda\u00e7\u00e3o","image":{"@type":"ImageObject","inLanguage":"pt-BR","@id":"https:\/\/secure.gravatar.com\/avatar\/e0a867bdedb85fd243eadf09663511f96fc81e0720a4a42581f334ad4303aa6b?s=96&d=mm&r=g","url":"https:\/\/secure.gravatar.com\/avatar\/e0a867bdedb85fd243eadf09663511f96fc81e0720a4a42581f334ad4303aa6b?s=96&d=mm&r=g","contentUrl":"https:\/\/secure.gravatar.com\/avatar\/e0a867bdedb85fd243eadf09663511f96fc81e0720a4a42581f334ad4303aa6b?s=96&d=mm&r=g","caption":"Reda\u00e7\u00e3o"}}]}},"amp_enabled":true,"_links":{"self":[{"href":"https:\/\/www.notibras.com\/site\/wp-json\/wp\/v2\/posts\/24517","targetHints":{"allow":["GET"]}}],"collection":[{"href":"https:\/\/www.notibras.com\/site\/wp-json\/wp\/v2\/posts"}],"about":[{"href":"https:\/\/www.notibras.com\/site\/wp-json\/wp\/v2\/types\/post"}],"author":[{"embeddable":true,"href":"https:\/\/www.notibras.com\/site\/wp-json\/wp\/v2\/users\/2"}],"replies":[{"embeddable":true,"href":"https:\/\/www.notibras.com\/site\/wp-json\/wp\/v2\/comments?post=24517"}],"version-history":[{"count":0,"href":"https:\/\/www.notibras.com\/site\/wp-json\/wp\/v2\/posts\/24517\/revisions"}],"wp:featuredmedia":[{"embeddable":true,"href":"https:\/\/www.notibras.com\/site\/wp-json\/wp\/v2\/media\/24518"}],"wp:attachment":[{"href":"https:\/\/www.notibras.com\/site\/wp-json\/wp\/v2\/media?parent=24517"}],"wp:term":[{"taxonomy":"category","embeddable":true,"href":"https:\/\/www.notibras.com\/site\/wp-json\/wp\/v2\/categories?post=24517"},{"taxonomy":"post_tag","embeddable":true,"href":"https:\/\/www.notibras.com\/site\/wp-json\/wp\/v2\/tags?post=24517"}],"curies":[{"name":"wp","href":"https:\/\/api.w.org\/{rel}","templated":true}]}}