{"id":24520,"date":"2014-10-09T23:42:31","date_gmt":"2014-10-10T02:42:31","guid":{"rendered":"http:\/\/www.notibras.com\/site\/?p=24520"},"modified":"2014-10-10T13:44:26","modified_gmt":"2014-10-10T16:44:26","slug":"camara-ilumina-fachada-noturna-e-adere-ao-outubro-rosa","status":"publish","type":"post","link":"https:\/\/www.notibras.com\/site\/camara-ilumina-fachada-noturna-e-adere-ao-outubro-rosa\/","title":{"rendered":"C\u00e2mara ilumina a fachada noturna e adere ao Outubro Rosa"},"content":{"rendered":"<div class=\"ultimas_texto\">\n<p>Em outubro, edif\u00edcios p\u00fablicos e privados se iluminam de rosa para chamar a aten\u00e7\u00e3o para a preven\u00e7\u00e3o do c\u00e2ncer de mama. A C\u00e2mara Legislativa do Distrito Federal tamb\u00e9m se integra \u00e0 campanha e, durante todas as noites do m\u00eas, conta com ilumina\u00e7\u00e3o especial. O objetivo \u00e9 conscientizar para a import\u00e2ncia do diagn\u00f3stico precoce da doen\u00e7a, que segue como a forma mais comum de c\u00e2ncer entre mulheres no mundo.<\/p>\n<p>O movimento &#8220;Outubro Rosa&#8221; nasceu nos Estados Unidos, em 1997, e atualmente est\u00e1 presente em v\u00e1rios pa\u00edses. Al\u00e9m da ilumina\u00e7\u00e3o de pr\u00e9dios p\u00fablicos e monumentos, tamb\u00e9m \u00e9 incentivado o uso de la\u00e7o na cor rosa na lapela, em apoio \u00e0 causa.<\/p>\n<blockquote><p>A primeira iniciativa no Brasil em rela\u00e7\u00e3o ao &#8220;Outubro Rosa&#8221; foi a ilumina\u00e7\u00e3o, em 2002, do monumento conhecido como Obelisco do Ibirapuera, em S\u00e3o Paulo. Em 2008, diversas entidades relacionadas ao c\u00e2ncer de mama iluminaram monumentos e pr\u00e9dios em suas cidades. Naquele ano o s\u00edmbolo pelo qual o Brasil \u00e9 conhecido mundialmente, o Cristo Redentor, no Rio de Janeiro, tamb\u00e9m se iluminou. Da\u00ed em diante, se multiplicaram as a\u00e7\u00f5es e, aos poucos, o Brasil foi ficando rosa, durante todo o m\u00eas de outubro.<\/p><\/blockquote>\n<\/div>\n","protected":false},"excerpt":{"rendered":"<p>Em outubro, edif\u00edcios p\u00fablicos e privados se iluminam de rosa para chamar a aten\u00e7\u00e3o para a preven\u00e7\u00e3o do c\u00e2ncer de mama. A C\u00e2mara Legislativa do Distrito Federal tamb\u00e9m se integra \u00e0 campanha e, durante todas as noites do m\u00eas, conta com ilumina\u00e7\u00e3o especial. O objetivo \u00e9 conscientizar para a import\u00e2ncia do diagn\u00f3stico precoce da doen\u00e7a, [&hellip;]<\/p>\n","protected":false},"author":2,"featured_media":24521,"comment_status":"open","ping_status":"closed","sticky":false,"template":"","format":"standard","meta":{"_acf_changed":false,"footnotes":""},"categories":[1],"tags":[],"class_list":["post-24520","post","type-post","status-publish","format-standard","has-post-thumbnail","hentry","category-brasilia"],"acf":[],"yoast_head":"<!-- This site is optimized with the Yoast SEO plugin v27.5 - https:\/\/yoast.com\/product\/yoast-seo-wordpress\/ -->\n<title>C\u00e2mara ilumina a fachada noturna e adere ao Outubro Rosa - Notibras<\/title>\n<meta name=\"robots\" content=\"index, follow, max-snippet:-1, max-image-preview:large, max-video-preview:-1\" \/>\n<link rel=\"canonical\" href=\"https:\/\/www.notibras.com\/site\/camara-ilumina-fachada-noturna-e-adere-ao-outubro-rosa\/\" \/>\n<meta property=\"og:locale\" content=\"pt_BR\" \/>\n<meta property=\"og:type\" content=\"article\" \/>\n<meta property=\"og:title\" content=\"C\u00e2mara ilumina a fachada noturna e adere ao Outubro Rosa - Notibras\" \/>\n<meta property=\"og:description\" content=\"Em outubro, edif\u00edcios p\u00fablicos e privados se iluminam de rosa para chamar a aten\u00e7\u00e3o para a preven\u00e7\u00e3o do c\u00e2ncer de mama. A C\u00e2mara Legislativa do Distrito Federal tamb\u00e9m se integra \u00e0 campanha e, durante todas as noites do m\u00eas, conta com ilumina\u00e7\u00e3o especial. O objetivo \u00e9 conscientizar para a import\u00e2ncia do diagn\u00f3stico precoce da doen\u00e7a, [&hellip;]\" \/>\n<meta property=\"og:url\" content=\"https:\/\/www.notibras.com\/site\/camara-ilumina-fachada-noturna-e-adere-ao-outubro-rosa\/\" \/>\n<meta property=\"og:site_name\" content=\"Notibras\" \/>\n<meta property=\"article:publisher\" content=\"https:\/\/www.facebook.com\/notibras\/\" \/>\n<meta property=\"article:published_time\" content=\"2014-10-10T02:42:31+00:00\" \/>\n<meta property=\"article:modified_time\" content=\"2014-10-10T16:44:26+00:00\" \/>\n<meta property=\"og:image\" content=\"https:\/\/www.notibras.com\/site\/wp-content\/uploads\/2014\/10\/cldf.jpeg\" \/>\n\t<meta property=\"og:image:width\" content=\"1772\" \/>\n\t<meta property=\"og:image:height\" content=\"1179\" \/>\n\t<meta property=\"og:image:type\" content=\"image\/jpeg\" \/>\n<meta name=\"author\" content=\"Reda\u00e7\u00e3o\" \/>\n<meta name=\"twitter:card\" content=\"summary_large_image\" \/>\n<meta name=\"twitter:creator\" content=\"@Notibras\" \/>\n<meta name=\"twitter:site\" content=\"@Notibras\" \/>\n<meta name=\"twitter:label1\" content=\"Escrito por\" \/>\n\t<meta name=\"twitter:data1\" content=\"Reda\u00e7\u00e3o\" \/>\n\t<meta name=\"twitter:label2\" content=\"Est. tempo de leitura\" \/>\n\t<meta name=\"twitter:data2\" content=\"1 minuto\" \/>\n<script type=\"application\/ld+json\" class=\"yoast-schema-graph\">{\"@context\":\"https:\\\/\\\/schema.org\",\"@graph\":[{\"@type\":\"Article\",\"@id\":\"https:\\\/\\\/www.notibras.com\\\/site\\\/camara-ilumina-fachada-noturna-e-adere-ao-outubro-rosa\\\/#article\",\"isPartOf\":{\"@id\":\"https:\\\/\\\/www.notibras.com\\\/site\\\/camara-ilumina-fachada-noturna-e-adere-ao-outubro-rosa\\\/\"},\"author\":{\"name\":\"Reda\u00e7\u00e3o\",\"@id\":\"https:\\\/\\\/www.notibras.com\\\/site\\\/#\\\/schema\\\/person\\\/36ab0979449956132d3e5b517ea76ac8\"},\"headline\":\"C\u00e2mara ilumina a fachada noturna e adere ao Outubro Rosa\",\"datePublished\":\"2014-10-10T02:42:31+00:00\",\"dateModified\":\"2014-10-10T16:44:26+00:00\",\"mainEntityOfPage\":{\"@id\":\"https:\\\/\\\/www.notibras.com\\\/site\\\/camara-ilumina-fachada-noturna-e-adere-ao-outubro-rosa\\\/\"},\"wordCount\":225,\"commentCount\":0,\"publisher\":{\"@id\":\"https:\\\/\\\/www.notibras.com\\\/site\\\/#organization\"},\"image\":{\"@id\":\"https:\\\/\\\/www.notibras.com\\\/site\\\/camara-ilumina-fachada-noturna-e-adere-ao-outubro-rosa\\\/#primaryimage\"},\"thumbnailUrl\":\"https:\\\/\\\/www.notibras.com\\\/site\\\/wp-content\\\/uploads\\\/2014\\\/10\\\/cldf.jpeg\",\"articleSection\":[\"Bras\u00edlia\"],\"inLanguage\":\"pt-BR\",\"potentialAction\":[{\"@type\":\"CommentAction\",\"name\":\"Comment\",\"target\":[\"https:\\\/\\\/www.notibras.com\\\/site\\\/camara-ilumina-fachada-noturna-e-adere-ao-outubro-rosa\\\/#respond\"]}]},{\"@type\":\"WebPage\",\"@id\":\"https:\\\/\\\/www.notibras.com\\\/site\\\/camara-ilumina-fachada-noturna-e-adere-ao-outubro-rosa\\\/\",\"url\":\"https:\\\/\\\/www.notibras.com\\\/site\\\/camara-ilumina-fachada-noturna-e-adere-ao-outubro-rosa\\\/\",\"name\":\"C\u00e2mara ilumina a fachada noturna e adere ao Outubro Rosa - Notibras\",\"isPartOf\":{\"@id\":\"https:\\\/\\\/www.notibras.com\\\/site\\\/#website\"},\"primaryImageOfPage\":{\"@id\":\"https:\\\/\\\/www.notibras.com\\\/site\\\/camara-ilumina-fachada-noturna-e-adere-ao-outubro-rosa\\\/#primaryimage\"},\"image\":{\"@id\":\"https:\\\/\\\/www.notibras.com\\\/site\\\/camara-ilumina-fachada-noturna-e-adere-ao-outubro-rosa\\\/#primaryimage\"},\"thumbnailUrl\":\"https:\\\/\\\/www.notibras.com\\\/site\\\/wp-content\\\/uploads\\\/2014\\\/10\\\/cldf.jpeg\",\"datePublished\":\"2014-10-10T02:42:31+00:00\",\"dateModified\":\"2014-10-10T16:44:26+00:00\",\"breadcrumb\":{\"@id\":\"https:\\\/\\\/www.notibras.com\\\/site\\\/camara-ilumina-fachada-noturna-e-adere-ao-outubro-rosa\\\/#breadcrumb\"},\"inLanguage\":\"pt-BR\",\"potentialAction\":[{\"@type\":\"ReadAction\",\"target\":[\"https:\\\/\\\/www.notibras.com\\\/site\\\/camara-ilumina-fachada-noturna-e-adere-ao-outubro-rosa\\\/\"]}]},{\"@type\":\"ImageObject\",\"inLanguage\":\"pt-BR\",\"@id\":\"https:\\\/\\\/www.notibras.com\\\/site\\\/camara-ilumina-fachada-noturna-e-adere-ao-outubro-rosa\\\/#primaryimage\",\"url\":\"https:\\\/\\\/www.notibras.com\\\/site\\\/wp-content\\\/uploads\\\/2014\\\/10\\\/cldf.jpeg\",\"contentUrl\":\"https:\\\/\\\/www.notibras.com\\\/site\\\/wp-content\\\/uploads\\\/2014\\\/10\\\/cldf.jpeg\",\"width\":1772,\"height\":1179},{\"@type\":\"BreadcrumbList\",\"@id\":\"https:\\\/\\\/www.notibras.com\\\/site\\\/camara-ilumina-fachada-noturna-e-adere-ao-outubro-rosa\\\/#breadcrumb\",\"itemListElement\":[{\"@type\":\"ListItem\",\"position\":1,\"name\":\"In\u00edcio\",\"item\":\"https:\\\/\\\/www.notibras.com\\\/site\\\/\"},{\"@type\":\"ListItem\",\"position\":2,\"name\":\"C\u00e2mara ilumina a fachada noturna e adere ao Outubro Rosa\"}]},{\"@type\":\"WebSite\",\"@id\":\"https:\\\/\\\/www.notibras.com\\\/site\\\/#website\",\"url\":\"https:\\\/\\\/www.notibras.com\\\/site\\\/\",\"name\":\"Notibras\",\"description\":\"Not\u00edcias de Bras\u00edlia, do Brasil e do Mundo\",\"publisher\":{\"@id\":\"https:\\\/\\\/www.notibras.com\\\/site\\\/#organization\"},\"potentialAction\":[{\"@type\":\"SearchAction\",\"target\":{\"@type\":\"EntryPoint\",\"urlTemplate\":\"https:\\\/\\\/www.notibras.com\\\/site\\\/?s={search_term_string}\"},\"query-input\":{\"@type\":\"PropertyValueSpecification\",\"valueRequired\":true,\"valueName\":\"search_term_string\"}}],\"inLanguage\":\"pt-BR\"},{\"@type\":\"Organization\",\"@id\":\"https:\\\/\\\/www.notibras.com\\\/site\\\/#organization\",\"name\":\"Grupo Notibras de Comunica\u00e7\u00e3o\",\"url\":\"https:\\\/\\\/www.notibras.com\\\/site\\\/\",\"logo\":{\"@type\":\"ImageObject\",\"inLanguage\":\"pt-BR\",\"@id\":\"https:\\\/\\\/www.notibras.com\\\/site\\\/#\\\/schema\\\/logo\\\/image\\\/\",\"url\":\"https:\\\/\\\/www.notibras.com\\\/site\\\/wp-content\\\/uploads\\\/2023\\\/01\\\/notibras23.png\",\"contentUrl\":\"https:\\\/\\\/www.notibras.com\\\/site\\\/wp-content\\\/uploads\\\/2023\\\/01\\\/notibras23.png\",\"width\":350,\"height\":87,\"caption\":\"Grupo Notibras de Comunica\u00e7\u00e3o\"},\"image\":{\"@id\":\"https:\\\/\\\/www.notibras.com\\\/site\\\/#\\\/schema\\\/logo\\\/image\\\/\"},\"sameAs\":[\"https:\\\/\\\/www.facebook.com\\\/notibras\\\/\",\"https:\\\/\\\/x.com\\\/Notibras\",\"https:\\\/\\\/www.instagram.com\\\/notibras\\\/\"]},{\"@type\":\"Person\",\"@id\":\"https:\\\/\\\/www.notibras.com\\\/site\\\/#\\\/schema\\\/person\\\/36ab0979449956132d3e5b517ea76ac8\",\"name\":\"Reda\u00e7\u00e3o\",\"image\":{\"@type\":\"ImageObject\",\"inLanguage\":\"pt-BR\",\"@id\":\"https:\\\/\\\/secure.gravatar.com\\\/avatar\\\/e0a867bdedb85fd243eadf09663511f96fc81e0720a4a42581f334ad4303aa6b?s=96&d=mm&r=g\",\"url\":\"https:\\\/\\\/secure.gravatar.com\\\/avatar\\\/e0a867bdedb85fd243eadf09663511f96fc81e0720a4a42581f334ad4303aa6b?s=96&d=mm&r=g\",\"contentUrl\":\"https:\\\/\\\/secure.gravatar.com\\\/avatar\\\/e0a867bdedb85fd243eadf09663511f96fc81e0720a4a42581f334ad4303aa6b?s=96&d=mm&r=g\",\"caption\":\"Reda\u00e7\u00e3o\"}}]}<\/script>\n<!-- \/ Yoast SEO plugin. -->","yoast_head_json":{"title":"C\u00e2mara ilumina a fachada noturna e adere ao Outubro Rosa - Notibras","robots":{"index":"index","follow":"follow","max-snippet":"max-snippet:-1","max-image-preview":"max-image-preview:large","max-video-preview":"max-video-preview:-1"},"canonical":"https:\/\/www.notibras.com\/site\/camara-ilumina-fachada-noturna-e-adere-ao-outubro-rosa\/","og_locale":"pt_BR","og_type":"article","og_title":"C\u00e2mara ilumina a fachada noturna e adere ao Outubro Rosa - Notibras","og_description":"Em outubro, edif\u00edcios p\u00fablicos e privados se iluminam de rosa para chamar a aten\u00e7\u00e3o para a preven\u00e7\u00e3o do c\u00e2ncer de mama. A C\u00e2mara Legislativa do Distrito Federal tamb\u00e9m se integra \u00e0 campanha e, durante todas as noites do m\u00eas, conta com ilumina\u00e7\u00e3o especial. O objetivo \u00e9 conscientizar para a import\u00e2ncia do diagn\u00f3stico precoce da doen\u00e7a, [&hellip;]","og_url":"https:\/\/www.notibras.com\/site\/camara-ilumina-fachada-noturna-e-adere-ao-outubro-rosa\/","og_site_name":"Notibras","article_publisher":"https:\/\/www.facebook.com\/notibras\/","article_published_time":"2014-10-10T02:42:31+00:00","article_modified_time":"2014-10-10T16:44:26+00:00","og_image":[{"width":1772,"height":1179,"url":"https:\/\/www.notibras.com\/site\/wp-content\/uploads\/2014\/10\/cldf.jpeg","type":"image\/jpeg"}],"author":"Reda\u00e7\u00e3o","twitter_card":"summary_large_image","twitter_creator":"@Notibras","twitter_site":"@Notibras","twitter_misc":{"Escrito por":"Reda\u00e7\u00e3o","Est. tempo de leitura":"1 minuto"},"schema":{"@context":"https:\/\/schema.org","@graph":[{"@type":"Article","@id":"https:\/\/www.notibras.com\/site\/camara-ilumina-fachada-noturna-e-adere-ao-outubro-rosa\/#article","isPartOf":{"@id":"https:\/\/www.notibras.com\/site\/camara-ilumina-fachada-noturna-e-adere-ao-outubro-rosa\/"},"author":{"name":"Reda\u00e7\u00e3o","@id":"https:\/\/www.notibras.com\/site\/#\/schema\/person\/36ab0979449956132d3e5b517ea76ac8"},"headline":"C\u00e2mara ilumina a fachada noturna e adere ao Outubro Rosa","datePublished":"2014-10-10T02:42:31+00:00","dateModified":"2014-10-10T16:44:26+00:00","mainEntityOfPage":{"@id":"https:\/\/www.notibras.com\/site\/camara-ilumina-fachada-noturna-e-adere-ao-outubro-rosa\/"},"wordCount":225,"commentCount":0,"publisher":{"@id":"https:\/\/www.notibras.com\/site\/#organization"},"image":{"@id":"https:\/\/www.notibras.com\/site\/camara-ilumina-fachada-noturna-e-adere-ao-outubro-rosa\/#primaryimage"},"thumbnailUrl":"https:\/\/www.notibras.com\/site\/wp-content\/uploads\/2014\/10\/cldf.jpeg","articleSection":["Bras\u00edlia"],"inLanguage":"pt-BR","potentialAction":[{"@type":"CommentAction","name":"Comment","target":["https:\/\/www.notibras.com\/site\/camara-ilumina-fachada-noturna-e-adere-ao-outubro-rosa\/#respond"]}]},{"@type":"WebPage","@id":"https:\/\/www.notibras.com\/site\/camara-ilumina-fachada-noturna-e-adere-ao-outubro-rosa\/","url":"https:\/\/www.notibras.com\/site\/camara-ilumina-fachada-noturna-e-adere-ao-outubro-rosa\/","name":"C\u00e2mara ilumina a fachada noturna e adere ao Outubro Rosa - Notibras","isPartOf":{"@id":"https:\/\/www.notibras.com\/site\/#website"},"primaryImageOfPage":{"@id":"https:\/\/www.notibras.com\/site\/camara-ilumina-fachada-noturna-e-adere-ao-outubro-rosa\/#primaryimage"},"image":{"@id":"https:\/\/www.notibras.com\/site\/camara-ilumina-fachada-noturna-e-adere-ao-outubro-rosa\/#primaryimage"},"thumbnailUrl":"https:\/\/www.notibras.com\/site\/wp-content\/uploads\/2014\/10\/cldf.jpeg","datePublished":"2014-10-10T02:42:31+00:00","dateModified":"2014-10-10T16:44:26+00:00","breadcrumb":{"@id":"https:\/\/www.notibras.com\/site\/camara-ilumina-fachada-noturna-e-adere-ao-outubro-rosa\/#breadcrumb"},"inLanguage":"pt-BR","potentialAction":[{"@type":"ReadAction","target":["https:\/\/www.notibras.com\/site\/camara-ilumina-fachada-noturna-e-adere-ao-outubro-rosa\/"]}]},{"@type":"ImageObject","inLanguage":"pt-BR","@id":"https:\/\/www.notibras.com\/site\/camara-ilumina-fachada-noturna-e-adere-ao-outubro-rosa\/#primaryimage","url":"https:\/\/www.notibras.com\/site\/wp-content\/uploads\/2014\/10\/cldf.jpeg","contentUrl":"https:\/\/www.notibras.com\/site\/wp-content\/uploads\/2014\/10\/cldf.jpeg","width":1772,"height":1179},{"@type":"BreadcrumbList","@id":"https:\/\/www.notibras.com\/site\/camara-ilumina-fachada-noturna-e-adere-ao-outubro-rosa\/#breadcrumb","itemListElement":[{"@type":"ListItem","position":1,"name":"In\u00edcio","item":"https:\/\/www.notibras.com\/site\/"},{"@type":"ListItem","position":2,"name":"C\u00e2mara ilumina a fachada noturna e adere ao Outubro Rosa"}]},{"@type":"WebSite","@id":"https:\/\/www.notibras.com\/site\/#website","url":"https:\/\/www.notibras.com\/site\/","name":"Notibras","description":"Not\u00edcias de Bras\u00edlia, do Brasil e do Mundo","publisher":{"@id":"https:\/\/www.notibras.com\/site\/#organization"},"potentialAction":[{"@type":"SearchAction","target":{"@type":"EntryPoint","urlTemplate":"https:\/\/www.notibras.com\/site\/?s={search_term_string}"},"query-input":{"@type":"PropertyValueSpecification","valueRequired":true,"valueName":"search_term_string"}}],"inLanguage":"pt-BR"},{"@type":"Organization","@id":"https:\/\/www.notibras.com\/site\/#organization","name":"Grupo Notibras de Comunica\u00e7\u00e3o","url":"https:\/\/www.notibras.com\/site\/","logo":{"@type":"ImageObject","inLanguage":"pt-BR","@id":"https:\/\/www.notibras.com\/site\/#\/schema\/logo\/image\/","url":"https:\/\/www.notibras.com\/site\/wp-content\/uploads\/2023\/01\/notibras23.png","contentUrl":"https:\/\/www.notibras.com\/site\/wp-content\/uploads\/2023\/01\/notibras23.png","width":350,"height":87,"caption":"Grupo Notibras de Comunica\u00e7\u00e3o"},"image":{"@id":"https:\/\/www.notibras.com\/site\/#\/schema\/logo\/image\/"},"sameAs":["https:\/\/www.facebook.com\/notibras\/","https:\/\/x.com\/Notibras","https:\/\/www.instagram.com\/notibras\/"]},{"@type":"Person","@id":"https:\/\/www.notibras.com\/site\/#\/schema\/person\/36ab0979449956132d3e5b517ea76ac8","name":"Reda\u00e7\u00e3o","image":{"@type":"ImageObject","inLanguage":"pt-BR","@id":"https:\/\/secure.gravatar.com\/avatar\/e0a867bdedb85fd243eadf09663511f96fc81e0720a4a42581f334ad4303aa6b?s=96&d=mm&r=g","url":"https:\/\/secure.gravatar.com\/avatar\/e0a867bdedb85fd243eadf09663511f96fc81e0720a4a42581f334ad4303aa6b?s=96&d=mm&r=g","contentUrl":"https:\/\/secure.gravatar.com\/avatar\/e0a867bdedb85fd243eadf09663511f96fc81e0720a4a42581f334ad4303aa6b?s=96&d=mm&r=g","caption":"Reda\u00e7\u00e3o"}}]}},"amp_enabled":true,"_links":{"self":[{"href":"https:\/\/www.notibras.com\/site\/wp-json\/wp\/v2\/posts\/24520","targetHints":{"allow":["GET"]}}],"collection":[{"href":"https:\/\/www.notibras.com\/site\/wp-json\/wp\/v2\/posts"}],"about":[{"href":"https:\/\/www.notibras.com\/site\/wp-json\/wp\/v2\/types\/post"}],"author":[{"embeddable":true,"href":"https:\/\/www.notibras.com\/site\/wp-json\/wp\/v2\/users\/2"}],"replies":[{"embeddable":true,"href":"https:\/\/www.notibras.com\/site\/wp-json\/wp\/v2\/comments?post=24520"}],"version-history":[{"count":0,"href":"https:\/\/www.notibras.com\/site\/wp-json\/wp\/v2\/posts\/24520\/revisions"}],"wp:featuredmedia":[{"embeddable":true,"href":"https:\/\/www.notibras.com\/site\/wp-json\/wp\/v2\/media\/24521"}],"wp:attachment":[{"href":"https:\/\/www.notibras.com\/site\/wp-json\/wp\/v2\/media?parent=24520"}],"wp:term":[{"taxonomy":"category","embeddable":true,"href":"https:\/\/www.notibras.com\/site\/wp-json\/wp\/v2\/categories?post=24520"},{"taxonomy":"post_tag","embeddable":true,"href":"https:\/\/www.notibras.com\/site\/wp-json\/wp\/v2\/tags?post=24520"}],"curies":[{"name":"wp","href":"https:\/\/api.w.org\/{rel}","templated":true}]}}