{"id":24557,"date":"2014-10-10T22:15:33","date_gmt":"2014-10-11T01:15:33","guid":{"rendered":"http:\/\/www.notibras.com\/site\/?p=24557"},"modified":"2014-10-10T22:28:22","modified_gmt":"2014-10-11T01:28:22","slug":"vasco-passa-pelo-boa-esporte-vira-lider-e-seca-ponte-preta","status":"publish","type":"post","link":"https:\/\/www.notibras.com\/site\/vasco-passa-pelo-boa-esporte-vira-lider-e-seca-ponte-preta\/","title":{"rendered":"Vasco passa pelo Boa Esporte, vira l\u00edder e seca Ponte Preta"},"content":{"rendered":"<p>O Vasco sofreu para vencer o Boa Esporte nesta sexta-feira por 2 a 0, em S\u00e3o Janu\u00e1rio. O primeiro gol da partida saiu j\u00e1 no fim, aos 41min do segundo tempo, ap\u00f3s cobran\u00e7a de falta de Douglas. A bola passou por todo mundo e entrou sem ter tocado em ningu\u00e9m. J\u00e1 nos acr\u00e9scimos, Edmilson fez o segundo e encerrou o duelo.<\/p>\n<p>Com o resultado, o Vasco foi aos 54 pontos assumiu a lideran\u00e7a da S\u00e9rie B, pelo menos at\u00e9 esse s\u00e1bado. Para se manter na ponta, o Cruzmaltino ter\u00e1 que torcer contra a Ponte Preta, com 53, que recebe o Santa Cruz. Um empate em Campinas j\u00e1 favorece o rival, com n\u00famero de vit\u00f3rias superior ao dos cariocas.<\/p>\n<p>Mesmo jogando fora de casa, foi o Boa Esporte quem iniciou o jogo partindo para o ataque. Em dois minutos de jogo, os mineiros tiveram boas oportunidades para abrir o placar. A melhor foi com Betinho, que carimbou o travess\u00e3o de Jordi, substituto de Mart\u00edn Silva, na sele\u00e7\u00e3o uruguaia.<\/p>\n<blockquote><p>Ap\u00f3s o susto, o Vasco conseguiu equilibrar as a\u00e7\u00f5es. Kleber teve oportunidade de alegrar a torcida, mas pecou na finaliza\u00e7\u00e3o e acertou o goleiro Emerson. Mas quem estava mesmo querendo jogo era Maxi Rodr\u00edguez. O uruguaio estava arisco e armava as melhores jogadas do Cruzmaltino. Mas n\u00e3o foi o suficiente para conquistar a vit\u00f3ria provis\u00f3ria.<\/p><\/blockquote>\n<p>As equipes voltaram para o intervalo e mexeram nas escala\u00e7\u00f5es. Joel Santana colocou o Vasco ofensivo ao sacar o volante para a entrada do atacante Edimilson. J\u00e1 o Boa Esporte trocou de volantes: William Magr\u00e3o por Jalido. Os donos da casa passaram a povoar mais o campo ofensivo, mas tinha dificuldade na cria\u00e7\u00e3o das jogadas.<\/p>\n<p>Aos 10min, o Vasco teve sua melhor chance. Douglas apareceu na \u00e1rea e desviou ap\u00f3s cruzamento, mas a bola bateu caprichosamente no travess\u00e3o. Pressionado e repleto de desfalques, o Boa Esporte via o empate como bom resultado e passou a fazer cera a cada possibilidade.<\/p>\n<p>Joel Santana tentou mudar novamente a equipe. Sa\u00edram Maxi Rodr\u00edguez e Kleber para as entradas de Montoya e Lucas Crispim. A torcida n\u00e3o gostou e chamou o treinador de &#8220;burro&#8221;.\u00a0 Mas foi no fim do jogo que o Vasco deu alegria aos torcedores. Douglas cobrou falta aos 41min. A bola passou por todo mundo e estufou a rede para del\u00edrio dos vasca\u00ednos. Edmilson ainda marcou o segundo para dar n\u00fameros finais ao duelo.<\/p>\n","protected":false},"excerpt":{"rendered":"<p>O Vasco sofreu para vencer o Boa Esporte nesta sexta-feira por 2 a 0, em S\u00e3o Janu\u00e1rio. O primeiro gol da partida saiu j\u00e1 no fim, aos 41min do segundo tempo, ap\u00f3s cobran\u00e7a de falta de Douglas. A bola passou por todo mundo e entrou sem ter tocado em ningu\u00e9m. J\u00e1 nos acr\u00e9scimos, Edmilson fez [&hellip;]<\/p>\n","protected":false},"author":2,"featured_media":24558,"comment_status":"open","ping_status":"closed","sticky":false,"template":"","format":"standard","meta":{"_acf_changed":false,"footnotes":""},"categories":[19,29],"tags":[],"class_list":["post-24557","post","type-post","status-publish","format-standard","has-post-thumbnail","hentry","category-esportes","category-futebol"],"acf":[],"yoast_head":"<!-- This site is optimized with the Yoast SEO plugin v27.2 - https:\/\/yoast.com\/product\/yoast-seo-wordpress\/ -->\n<title>Vasco passa pelo Boa Esporte, vira l\u00edder e seca Ponte Preta - Notibras<\/title>\n<meta name=\"robots\" content=\"index, follow, max-snippet:-1, max-image-preview:large, max-video-preview:-1\" \/>\n<link rel=\"canonical\" href=\"https:\/\/www.notibras.com\/site\/vasco-passa-pelo-boa-esporte-vira-lider-e-seca-ponte-preta\/\" \/>\n<meta property=\"og:locale\" content=\"pt_BR\" \/>\n<meta property=\"og:type\" content=\"article\" \/>\n<meta property=\"og:title\" content=\"Vasco passa pelo Boa Esporte, vira l\u00edder e seca Ponte Preta - Notibras\" \/>\n<meta property=\"og:description\" content=\"O Vasco sofreu para vencer o Boa Esporte nesta sexta-feira por 2 a 0, em S\u00e3o Janu\u00e1rio. O primeiro gol da partida saiu j\u00e1 no fim, aos 41min do segundo tempo, ap\u00f3s cobran\u00e7a de falta de Douglas. A bola passou por todo mundo e entrou sem ter tocado em ningu\u00e9m. J\u00e1 nos acr\u00e9scimos, Edmilson fez [&hellip;]\" \/>\n<meta property=\"og:url\" content=\"https:\/\/www.notibras.com\/site\/vasco-passa-pelo-boa-esporte-vira-lider-e-seca-ponte-preta\/\" \/>\n<meta property=\"og:site_name\" content=\"Notibras\" \/>\n<meta property=\"article:publisher\" content=\"https:\/\/www.facebook.com\/notibras\/\" \/>\n<meta property=\"article:published_time\" content=\"2014-10-11T01:15:33+00:00\" \/>\n<meta property=\"article:modified_time\" content=\"2014-10-11T01:28:22+00:00\" \/>\n<meta property=\"og:image\" content=\"https:\/\/www.notibras.com\/site\/wp-content\/uploads\/2014\/10\/vas.jpg\" \/>\n\t<meta property=\"og:image:width\" content=\"615\" \/>\n\t<meta property=\"og:image:height\" content=\"300\" \/>\n\t<meta property=\"og:image:type\" content=\"image\/jpeg\" \/>\n<meta name=\"author\" content=\"Reda\u00e7\u00e3o\" \/>\n<meta name=\"twitter:card\" content=\"summary_large_image\" \/>\n<meta name=\"twitter:creator\" content=\"@Notibras\" \/>\n<meta name=\"twitter:site\" content=\"@Notibras\" \/>\n<meta name=\"twitter:label1\" content=\"Escrito por\" \/>\n\t<meta name=\"twitter:data1\" content=\"Reda\u00e7\u00e3o\" \/>\n\t<meta name=\"twitter:label2\" content=\"Est. tempo de leitura\" \/>\n\t<meta name=\"twitter:data2\" content=\"2 minutos\" \/>\n<script type=\"application\/ld+json\" class=\"yoast-schema-graph\">{\"@context\":\"https:\/\/schema.org\",\"@graph\":[{\"@type\":\"Article\",\"@id\":\"https:\/\/www.notibras.com\/site\/vasco-passa-pelo-boa-esporte-vira-lider-e-seca-ponte-preta\/#article\",\"isPartOf\":{\"@id\":\"https:\/\/www.notibras.com\/site\/vasco-passa-pelo-boa-esporte-vira-lider-e-seca-ponte-preta\/\"},\"author\":{\"name\":\"Reda\u00e7\u00e3o\",\"@id\":\"https:\/\/www.notibras.com\/site\/#\/schema\/person\/36ab0979449956132d3e5b517ea76ac8\"},\"headline\":\"Vasco passa pelo Boa Esporte, vira l\u00edder e seca Ponte Preta\",\"datePublished\":\"2014-10-11T01:15:33+00:00\",\"dateModified\":\"2014-10-11T01:28:22+00:00\",\"mainEntityOfPage\":{\"@id\":\"https:\/\/www.notibras.com\/site\/vasco-passa-pelo-boa-esporte-vira-lider-e-seca-ponte-preta\/\"},\"wordCount\":435,\"commentCount\":0,\"publisher\":{\"@id\":\"https:\/\/www.notibras.com\/site\/#organization\"},\"image\":{\"@id\":\"https:\/\/www.notibras.com\/site\/vasco-passa-pelo-boa-esporte-vira-lider-e-seca-ponte-preta\/#primaryimage\"},\"thumbnailUrl\":\"https:\/\/www.notibras.com\/site\/wp-content\/uploads\/2014\/10\/vas.jpg\",\"articleSection\":[\"Esportes\",\"Futebol\"],\"inLanguage\":\"pt-BR\",\"potentialAction\":[{\"@type\":\"CommentAction\",\"name\":\"Comment\",\"target\":[\"https:\/\/www.notibras.com\/site\/vasco-passa-pelo-boa-esporte-vira-lider-e-seca-ponte-preta\/#respond\"]}]},{\"@type\":\"WebPage\",\"@id\":\"https:\/\/www.notibras.com\/site\/vasco-passa-pelo-boa-esporte-vira-lider-e-seca-ponte-preta\/\",\"url\":\"https:\/\/www.notibras.com\/site\/vasco-passa-pelo-boa-esporte-vira-lider-e-seca-ponte-preta\/\",\"name\":\"Vasco passa pelo Boa Esporte, vira l\u00edder e seca Ponte Preta - Notibras\",\"isPartOf\":{\"@id\":\"https:\/\/www.notibras.com\/site\/#website\"},\"primaryImageOfPage\":{\"@id\":\"https:\/\/www.notibras.com\/site\/vasco-passa-pelo-boa-esporte-vira-lider-e-seca-ponte-preta\/#primaryimage\"},\"image\":{\"@id\":\"https:\/\/www.notibras.com\/site\/vasco-passa-pelo-boa-esporte-vira-lider-e-seca-ponte-preta\/#primaryimage\"},\"thumbnailUrl\":\"https:\/\/www.notibras.com\/site\/wp-content\/uploads\/2014\/10\/vas.jpg\",\"datePublished\":\"2014-10-11T01:15:33+00:00\",\"dateModified\":\"2014-10-11T01:28:22+00:00\",\"breadcrumb\":{\"@id\":\"https:\/\/www.notibras.com\/site\/vasco-passa-pelo-boa-esporte-vira-lider-e-seca-ponte-preta\/#breadcrumb\"},\"inLanguage\":\"pt-BR\",\"potentialAction\":[{\"@type\":\"ReadAction\",\"target\":[\"https:\/\/www.notibras.com\/site\/vasco-passa-pelo-boa-esporte-vira-lider-e-seca-ponte-preta\/\"]}]},{\"@type\":\"ImageObject\",\"inLanguage\":\"pt-BR\",\"@id\":\"https:\/\/www.notibras.com\/site\/vasco-passa-pelo-boa-esporte-vira-lider-e-seca-ponte-preta\/#primaryimage\",\"url\":\"https:\/\/www.notibras.com\/site\/wp-content\/uploads\/2014\/10\/vas.jpg\",\"contentUrl\":\"https:\/\/www.notibras.com\/site\/wp-content\/uploads\/2014\/10\/vas.jpg\",\"width\":615,\"height\":300},{\"@type\":\"BreadcrumbList\",\"@id\":\"https:\/\/www.notibras.com\/site\/vasco-passa-pelo-boa-esporte-vira-lider-e-seca-ponte-preta\/#breadcrumb\",\"itemListElement\":[{\"@type\":\"ListItem\",\"position\":1,\"name\":\"In\u00edcio\",\"item\":\"https:\/\/www.notibras.com\/site\/\"},{\"@type\":\"ListItem\",\"position\":2,\"name\":\"Vasco passa pelo Boa Esporte, vira l\u00edder e seca Ponte Preta\"}]},{\"@type\":\"WebSite\",\"@id\":\"https:\/\/www.notibras.com\/site\/#website\",\"url\":\"https:\/\/www.notibras.com\/site\/\",\"name\":\"Notibras\",\"description\":\"Not\u00edcias de Bras\u00edlia, do Brasil e do Mundo\",\"publisher\":{\"@id\":\"https:\/\/www.notibras.com\/site\/#organization\"},\"potentialAction\":[{\"@type\":\"SearchAction\",\"target\":{\"@type\":\"EntryPoint\",\"urlTemplate\":\"https:\/\/www.notibras.com\/site\/?s={search_term_string}\"},\"query-input\":{\"@type\":\"PropertyValueSpecification\",\"valueRequired\":true,\"valueName\":\"search_term_string\"}}],\"inLanguage\":\"pt-BR\"},{\"@type\":\"Organization\",\"@id\":\"https:\/\/www.notibras.com\/site\/#organization\",\"name\":\"Grupo Notibras de Comunica\u00e7\u00e3o\",\"url\":\"https:\/\/www.notibras.com\/site\/\",\"logo\":{\"@type\":\"ImageObject\",\"inLanguage\":\"pt-BR\",\"@id\":\"https:\/\/www.notibras.com\/site\/#\/schema\/logo\/image\/\",\"url\":\"https:\/\/www.notibras.com\/site\/wp-content\/uploads\/2023\/01\/notibras23.png\",\"contentUrl\":\"https:\/\/www.notibras.com\/site\/wp-content\/uploads\/2023\/01\/notibras23.png\",\"width\":350,\"height\":87,\"caption\":\"Grupo Notibras de Comunica\u00e7\u00e3o\"},\"image\":{\"@id\":\"https:\/\/www.notibras.com\/site\/#\/schema\/logo\/image\/\"},\"sameAs\":[\"https:\/\/www.facebook.com\/notibras\/\",\"https:\/\/x.com\/Notibras\",\"https:\/\/www.instagram.com\/notibras\/\"]},{\"@type\":\"Person\",\"@id\":\"https:\/\/www.notibras.com\/site\/#\/schema\/person\/36ab0979449956132d3e5b517ea76ac8\",\"name\":\"Reda\u00e7\u00e3o\",\"image\":{\"@type\":\"ImageObject\",\"inLanguage\":\"pt-BR\",\"@id\":\"https:\/\/secure.gravatar.com\/avatar\/e0a867bdedb85fd243eadf09663511f96fc81e0720a4a42581f334ad4303aa6b?s=96&d=mm&r=g\",\"url\":\"https:\/\/secure.gravatar.com\/avatar\/e0a867bdedb85fd243eadf09663511f96fc81e0720a4a42581f334ad4303aa6b?s=96&d=mm&r=g\",\"contentUrl\":\"https:\/\/secure.gravatar.com\/avatar\/e0a867bdedb85fd243eadf09663511f96fc81e0720a4a42581f334ad4303aa6b?s=96&d=mm&r=g\",\"caption\":\"Reda\u00e7\u00e3o\"}}]}<\/script>\n<!-- \/ Yoast SEO plugin. -->","yoast_head_json":{"title":"Vasco passa pelo Boa Esporte, vira l\u00edder e seca Ponte Preta - Notibras","robots":{"index":"index","follow":"follow","max-snippet":"max-snippet:-1","max-image-preview":"max-image-preview:large","max-video-preview":"max-video-preview:-1"},"canonical":"https:\/\/www.notibras.com\/site\/vasco-passa-pelo-boa-esporte-vira-lider-e-seca-ponte-preta\/","og_locale":"pt_BR","og_type":"article","og_title":"Vasco passa pelo Boa Esporte, vira l\u00edder e seca Ponte Preta - Notibras","og_description":"O Vasco sofreu para vencer o Boa Esporte nesta sexta-feira por 2 a 0, em S\u00e3o Janu\u00e1rio. O primeiro gol da partida saiu j\u00e1 no fim, aos 41min do segundo tempo, ap\u00f3s cobran\u00e7a de falta de Douglas. A bola passou por todo mundo e entrou sem ter tocado em ningu\u00e9m. J\u00e1 nos acr\u00e9scimos, Edmilson fez [&hellip;]","og_url":"https:\/\/www.notibras.com\/site\/vasco-passa-pelo-boa-esporte-vira-lider-e-seca-ponte-preta\/","og_site_name":"Notibras","article_publisher":"https:\/\/www.facebook.com\/notibras\/","article_published_time":"2014-10-11T01:15:33+00:00","article_modified_time":"2014-10-11T01:28:22+00:00","og_image":[{"width":615,"height":300,"url":"https:\/\/www.notibras.com\/site\/wp-content\/uploads\/2014\/10\/vas.jpg","type":"image\/jpeg"}],"author":"Reda\u00e7\u00e3o","twitter_card":"summary_large_image","twitter_creator":"@Notibras","twitter_site":"@Notibras","twitter_misc":{"Escrito por":"Reda\u00e7\u00e3o","Est. tempo de leitura":"2 minutos"},"schema":{"@context":"https:\/\/schema.org","@graph":[{"@type":"Article","@id":"https:\/\/www.notibras.com\/site\/vasco-passa-pelo-boa-esporte-vira-lider-e-seca-ponte-preta\/#article","isPartOf":{"@id":"https:\/\/www.notibras.com\/site\/vasco-passa-pelo-boa-esporte-vira-lider-e-seca-ponte-preta\/"},"author":{"name":"Reda\u00e7\u00e3o","@id":"https:\/\/www.notibras.com\/site\/#\/schema\/person\/36ab0979449956132d3e5b517ea76ac8"},"headline":"Vasco passa pelo Boa Esporte, vira l\u00edder e seca Ponte Preta","datePublished":"2014-10-11T01:15:33+00:00","dateModified":"2014-10-11T01:28:22+00:00","mainEntityOfPage":{"@id":"https:\/\/www.notibras.com\/site\/vasco-passa-pelo-boa-esporte-vira-lider-e-seca-ponte-preta\/"},"wordCount":435,"commentCount":0,"publisher":{"@id":"https:\/\/www.notibras.com\/site\/#organization"},"image":{"@id":"https:\/\/www.notibras.com\/site\/vasco-passa-pelo-boa-esporte-vira-lider-e-seca-ponte-preta\/#primaryimage"},"thumbnailUrl":"https:\/\/www.notibras.com\/site\/wp-content\/uploads\/2014\/10\/vas.jpg","articleSection":["Esportes","Futebol"],"inLanguage":"pt-BR","potentialAction":[{"@type":"CommentAction","name":"Comment","target":["https:\/\/www.notibras.com\/site\/vasco-passa-pelo-boa-esporte-vira-lider-e-seca-ponte-preta\/#respond"]}]},{"@type":"WebPage","@id":"https:\/\/www.notibras.com\/site\/vasco-passa-pelo-boa-esporte-vira-lider-e-seca-ponte-preta\/","url":"https:\/\/www.notibras.com\/site\/vasco-passa-pelo-boa-esporte-vira-lider-e-seca-ponte-preta\/","name":"Vasco passa pelo Boa Esporte, vira l\u00edder e seca Ponte Preta - Notibras","isPartOf":{"@id":"https:\/\/www.notibras.com\/site\/#website"},"primaryImageOfPage":{"@id":"https:\/\/www.notibras.com\/site\/vasco-passa-pelo-boa-esporte-vira-lider-e-seca-ponte-preta\/#primaryimage"},"image":{"@id":"https:\/\/www.notibras.com\/site\/vasco-passa-pelo-boa-esporte-vira-lider-e-seca-ponte-preta\/#primaryimage"},"thumbnailUrl":"https:\/\/www.notibras.com\/site\/wp-content\/uploads\/2014\/10\/vas.jpg","datePublished":"2014-10-11T01:15:33+00:00","dateModified":"2014-10-11T01:28:22+00:00","breadcrumb":{"@id":"https:\/\/www.notibras.com\/site\/vasco-passa-pelo-boa-esporte-vira-lider-e-seca-ponte-preta\/#breadcrumb"},"inLanguage":"pt-BR","potentialAction":[{"@type":"ReadAction","target":["https:\/\/www.notibras.com\/site\/vasco-passa-pelo-boa-esporte-vira-lider-e-seca-ponte-preta\/"]}]},{"@type":"ImageObject","inLanguage":"pt-BR","@id":"https:\/\/www.notibras.com\/site\/vasco-passa-pelo-boa-esporte-vira-lider-e-seca-ponte-preta\/#primaryimage","url":"https:\/\/www.notibras.com\/site\/wp-content\/uploads\/2014\/10\/vas.jpg","contentUrl":"https:\/\/www.notibras.com\/site\/wp-content\/uploads\/2014\/10\/vas.jpg","width":615,"height":300},{"@type":"BreadcrumbList","@id":"https:\/\/www.notibras.com\/site\/vasco-passa-pelo-boa-esporte-vira-lider-e-seca-ponte-preta\/#breadcrumb","itemListElement":[{"@type":"ListItem","position":1,"name":"In\u00edcio","item":"https:\/\/www.notibras.com\/site\/"},{"@type":"ListItem","position":2,"name":"Vasco passa pelo Boa Esporte, vira l\u00edder e seca Ponte Preta"}]},{"@type":"WebSite","@id":"https:\/\/www.notibras.com\/site\/#website","url":"https:\/\/www.notibras.com\/site\/","name":"Notibras","description":"Not\u00edcias de Bras\u00edlia, do Brasil e do Mundo","publisher":{"@id":"https:\/\/www.notibras.com\/site\/#organization"},"potentialAction":[{"@type":"SearchAction","target":{"@type":"EntryPoint","urlTemplate":"https:\/\/www.notibras.com\/site\/?s={search_term_string}"},"query-input":{"@type":"PropertyValueSpecification","valueRequired":true,"valueName":"search_term_string"}}],"inLanguage":"pt-BR"},{"@type":"Organization","@id":"https:\/\/www.notibras.com\/site\/#organization","name":"Grupo Notibras de Comunica\u00e7\u00e3o","url":"https:\/\/www.notibras.com\/site\/","logo":{"@type":"ImageObject","inLanguage":"pt-BR","@id":"https:\/\/www.notibras.com\/site\/#\/schema\/logo\/image\/","url":"https:\/\/www.notibras.com\/site\/wp-content\/uploads\/2023\/01\/notibras23.png","contentUrl":"https:\/\/www.notibras.com\/site\/wp-content\/uploads\/2023\/01\/notibras23.png","width":350,"height":87,"caption":"Grupo Notibras de Comunica\u00e7\u00e3o"},"image":{"@id":"https:\/\/www.notibras.com\/site\/#\/schema\/logo\/image\/"},"sameAs":["https:\/\/www.facebook.com\/notibras\/","https:\/\/x.com\/Notibras","https:\/\/www.instagram.com\/notibras\/"]},{"@type":"Person","@id":"https:\/\/www.notibras.com\/site\/#\/schema\/person\/36ab0979449956132d3e5b517ea76ac8","name":"Reda\u00e7\u00e3o","image":{"@type":"ImageObject","inLanguage":"pt-BR","@id":"https:\/\/secure.gravatar.com\/avatar\/e0a867bdedb85fd243eadf09663511f96fc81e0720a4a42581f334ad4303aa6b?s=96&d=mm&r=g","url":"https:\/\/secure.gravatar.com\/avatar\/e0a867bdedb85fd243eadf09663511f96fc81e0720a4a42581f334ad4303aa6b?s=96&d=mm&r=g","contentUrl":"https:\/\/secure.gravatar.com\/avatar\/e0a867bdedb85fd243eadf09663511f96fc81e0720a4a42581f334ad4303aa6b?s=96&d=mm&r=g","caption":"Reda\u00e7\u00e3o"}}]}},"amp_enabled":true,"_links":{"self":[{"href":"https:\/\/www.notibras.com\/site\/wp-json\/wp\/v2\/posts\/24557","targetHints":{"allow":["GET"]}}],"collection":[{"href":"https:\/\/www.notibras.com\/site\/wp-json\/wp\/v2\/posts"}],"about":[{"href":"https:\/\/www.notibras.com\/site\/wp-json\/wp\/v2\/types\/post"}],"author":[{"embeddable":true,"href":"https:\/\/www.notibras.com\/site\/wp-json\/wp\/v2\/users\/2"}],"replies":[{"embeddable":true,"href":"https:\/\/www.notibras.com\/site\/wp-json\/wp\/v2\/comments?post=24557"}],"version-history":[{"count":0,"href":"https:\/\/www.notibras.com\/site\/wp-json\/wp\/v2\/posts\/24557\/revisions"}],"wp:featuredmedia":[{"embeddable":true,"href":"https:\/\/www.notibras.com\/site\/wp-json\/wp\/v2\/media\/24558"}],"wp:attachment":[{"href":"https:\/\/www.notibras.com\/site\/wp-json\/wp\/v2\/media?parent=24557"}],"wp:term":[{"taxonomy":"category","embeddable":true,"href":"https:\/\/www.notibras.com\/site\/wp-json\/wp\/v2\/categories?post=24557"},{"taxonomy":"post_tag","embeddable":true,"href":"https:\/\/www.notibras.com\/site\/wp-json\/wp\/v2\/tags?post=24557"}],"curies":[{"name":"wp","href":"https:\/\/api.w.org\/{rel}","templated":true}]}}