{"id":24587,"date":"2014-10-11T11:14:32","date_gmt":"2014-10-11T14:14:32","guid":{"rendered":"http:\/\/www.notibras.com\/site\/?p=24587"},"modified":"2014-10-11T11:15:12","modified_gmt":"2014-10-11T14:15:12","slug":"bope-apreende-fuzil-ar-15-e-700-kg-de-maconha-em-morro-do-rio","status":"publish","type":"post","link":"https:\/\/www.notibras.com\/site\/bope-apreende-fuzil-ar-15-e-700-kg-de-maconha-em-morro-do-rio\/","title":{"rendered":"Bope apreende fuzil AR-15 e 700 kg de maconha em morro"},"content":{"rendered":"<p class=\"text\">Uma equipe do Batalh\u00e3o de Opera\u00e7\u00f5es Policiais Especiais (Bope) apreendeu um fuzil AR-15 e 710 quilos de maconha, al\u00e9m de muni\u00e7\u00f5es, no Morro da Provid\u00eancia, no Rio de Janeiro.<\/p>\n<blockquote>\n<p class=\"text\">Segundo a Pol\u00edcia Militar, por volta das 15h, a equipe do Bope, com o apoio do servi\u00e7o de intelig\u00eancia da Unidade de Pol\u00edcia Pacificadora (UPP) Provid\u00eancia, foram verificar uma informa\u00e7\u00e3o que chegou pelo Disque Den\u00fancia e encontraram o armamento em duas casas: uma na localidade conhecida como Beco do 60 e outra no Beco do Areal.<\/p>\n<\/blockquote>\n<p class=\"text\">Al\u00e9m da arma e da droga, a pol\u00edcia recolheu 59 muni\u00e7\u00f5es calibre 556, 150 muni\u00e7\u00f5es calibre 9mm e dois carregadores. O material apreendido foi levado para a 4\u00aa DP (Central do Brasil), onde a ocorr\u00eancia foi registrada. N\u00e3o h\u00e1 informa\u00e7\u00f5es sobre detidos.<\/p>\n","protected":false},"excerpt":{"rendered":"<p>Uma equipe do Batalh\u00e3o de Opera\u00e7\u00f5es Policiais Especiais (Bope) apreendeu um fuzil AR-15 e 710 quilos de maconha, al\u00e9m de muni\u00e7\u00f5es, no Morro da Provid\u00eancia, no Rio de Janeiro. Segundo a Pol\u00edcia Militar, por volta das 15h, a equipe do Bope, com o apoio do servi\u00e7o de intelig\u00eancia da Unidade de Pol\u00edcia Pacificadora (UPP) Provid\u00eancia, [&hellip;]<\/p>\n","protected":false},"author":2,"featured_media":24588,"comment_status":"open","ping_status":"closed","sticky":false,"template":"","format":"standard","meta":{"_acf_changed":false,"footnotes":""},"categories":[16],"tags":[],"class_list":["post-24587","post","type-post","status-publish","format-standard","has-post-thumbnail","hentry","category-brasil"],"acf":[],"yoast_head":"<!-- This site is optimized with the Yoast SEO plugin v27.5 - https:\/\/yoast.com\/product\/yoast-seo-wordpress\/ -->\n<title>Bope apreende fuzil AR-15 e 700 kg de maconha em morro - Notibras<\/title>\n<meta name=\"robots\" content=\"index, follow, max-snippet:-1, max-image-preview:large, max-video-preview:-1\" \/>\n<link rel=\"canonical\" href=\"https:\/\/www.notibras.com\/site\/bope-apreende-fuzil-ar-15-e-700-kg-de-maconha-em-morro-do-rio\/\" \/>\n<meta property=\"og:locale\" content=\"pt_BR\" \/>\n<meta property=\"og:type\" content=\"article\" \/>\n<meta property=\"og:title\" content=\"Bope apreende fuzil AR-15 e 700 kg de maconha em morro - Notibras\" \/>\n<meta property=\"og:description\" content=\"Uma equipe do Batalh\u00e3o de Opera\u00e7\u00f5es Policiais Especiais (Bope) apreendeu um fuzil AR-15 e 710 quilos de maconha, al\u00e9m de muni\u00e7\u00f5es, no Morro da Provid\u00eancia, no Rio de Janeiro. Segundo a Pol\u00edcia Militar, por volta das 15h, a equipe do Bope, com o apoio do servi\u00e7o de intelig\u00eancia da Unidade de Pol\u00edcia Pacificadora (UPP) Provid\u00eancia, [&hellip;]\" \/>\n<meta property=\"og:url\" content=\"https:\/\/www.notibras.com\/site\/bope-apreende-fuzil-ar-15-e-700-kg-de-maconha-em-morro-do-rio\/\" \/>\n<meta property=\"og:site_name\" content=\"Notibras\" \/>\n<meta property=\"article:publisher\" content=\"https:\/\/www.facebook.com\/notibras\/\" \/>\n<meta property=\"article:published_time\" content=\"2014-10-11T14:14:32+00:00\" \/>\n<meta property=\"article:modified_time\" content=\"2014-10-11T14:15:12+00:00\" \/>\n<meta property=\"og:image\" content=\"https:\/\/www.notibras.com\/site\/wp-content\/uploads\/2014\/10\/bopeapreensaofuzildiv.jpg\" \/>\n\t<meta property=\"og:image:width\" content=\"480\" \/>\n\t<meta property=\"og:image:height\" content=\"640\" \/>\n\t<meta property=\"og:image:type\" content=\"image\/jpeg\" \/>\n<meta name=\"author\" content=\"Reda\u00e7\u00e3o\" \/>\n<meta name=\"twitter:card\" content=\"summary_large_image\" \/>\n<meta name=\"twitter:creator\" content=\"@Notibras\" \/>\n<meta name=\"twitter:site\" content=\"@Notibras\" \/>\n<meta name=\"twitter:label1\" content=\"Escrito por\" \/>\n\t<meta name=\"twitter:data1\" content=\"Reda\u00e7\u00e3o\" \/>\n\t<meta name=\"twitter:label2\" content=\"Est. tempo de leitura\" \/>\n\t<meta name=\"twitter:data2\" content=\"1 minuto\" \/>\n<script type=\"application\/ld+json\" class=\"yoast-schema-graph\">{\"@context\":\"https:\\\/\\\/schema.org\",\"@graph\":[{\"@type\":\"Article\",\"@id\":\"https:\\\/\\\/www.notibras.com\\\/site\\\/bope-apreende-fuzil-ar-15-e-700-kg-de-maconha-em-morro-do-rio\\\/#article\",\"isPartOf\":{\"@id\":\"https:\\\/\\\/www.notibras.com\\\/site\\\/bope-apreende-fuzil-ar-15-e-700-kg-de-maconha-em-morro-do-rio\\\/\"},\"author\":{\"name\":\"Reda\u00e7\u00e3o\",\"@id\":\"https:\\\/\\\/www.notibras.com\\\/site\\\/#\\\/schema\\\/person\\\/36ab0979449956132d3e5b517ea76ac8\"},\"headline\":\"Bope apreende fuzil AR-15 e 700 kg de maconha em morro\",\"datePublished\":\"2014-10-11T14:14:32+00:00\",\"dateModified\":\"2014-10-11T14:15:12+00:00\",\"mainEntityOfPage\":{\"@id\":\"https:\\\/\\\/www.notibras.com\\\/site\\\/bope-apreende-fuzil-ar-15-e-700-kg-de-maconha-em-morro-do-rio\\\/\"},\"wordCount\":150,\"commentCount\":0,\"publisher\":{\"@id\":\"https:\\\/\\\/www.notibras.com\\\/site\\\/#organization\"},\"image\":{\"@id\":\"https:\\\/\\\/www.notibras.com\\\/site\\\/bope-apreende-fuzil-ar-15-e-700-kg-de-maconha-em-morro-do-rio\\\/#primaryimage\"},\"thumbnailUrl\":\"https:\\\/\\\/www.notibras.com\\\/site\\\/wp-content\\\/uploads\\\/2014\\\/10\\\/bopeapreensaofuzildiv.jpg\",\"articleSection\":[\"Brasil\"],\"inLanguage\":\"pt-BR\",\"potentialAction\":[{\"@type\":\"CommentAction\",\"name\":\"Comment\",\"target\":[\"https:\\\/\\\/www.notibras.com\\\/site\\\/bope-apreende-fuzil-ar-15-e-700-kg-de-maconha-em-morro-do-rio\\\/#respond\"]}]},{\"@type\":\"WebPage\",\"@id\":\"https:\\\/\\\/www.notibras.com\\\/site\\\/bope-apreende-fuzil-ar-15-e-700-kg-de-maconha-em-morro-do-rio\\\/\",\"url\":\"https:\\\/\\\/www.notibras.com\\\/site\\\/bope-apreende-fuzil-ar-15-e-700-kg-de-maconha-em-morro-do-rio\\\/\",\"name\":\"Bope apreende fuzil AR-15 e 700 kg de maconha em morro - Notibras\",\"isPartOf\":{\"@id\":\"https:\\\/\\\/www.notibras.com\\\/site\\\/#website\"},\"primaryImageOfPage\":{\"@id\":\"https:\\\/\\\/www.notibras.com\\\/site\\\/bope-apreende-fuzil-ar-15-e-700-kg-de-maconha-em-morro-do-rio\\\/#primaryimage\"},\"image\":{\"@id\":\"https:\\\/\\\/www.notibras.com\\\/site\\\/bope-apreende-fuzil-ar-15-e-700-kg-de-maconha-em-morro-do-rio\\\/#primaryimage\"},\"thumbnailUrl\":\"https:\\\/\\\/www.notibras.com\\\/site\\\/wp-content\\\/uploads\\\/2014\\\/10\\\/bopeapreensaofuzildiv.jpg\",\"datePublished\":\"2014-10-11T14:14:32+00:00\",\"dateModified\":\"2014-10-11T14:15:12+00:00\",\"breadcrumb\":{\"@id\":\"https:\\\/\\\/www.notibras.com\\\/site\\\/bope-apreende-fuzil-ar-15-e-700-kg-de-maconha-em-morro-do-rio\\\/#breadcrumb\"},\"inLanguage\":\"pt-BR\",\"potentialAction\":[{\"@type\":\"ReadAction\",\"target\":[\"https:\\\/\\\/www.notibras.com\\\/site\\\/bope-apreende-fuzil-ar-15-e-700-kg-de-maconha-em-morro-do-rio\\\/\"]}]},{\"@type\":\"ImageObject\",\"inLanguage\":\"pt-BR\",\"@id\":\"https:\\\/\\\/www.notibras.com\\\/site\\\/bope-apreende-fuzil-ar-15-e-700-kg-de-maconha-em-morro-do-rio\\\/#primaryimage\",\"url\":\"https:\\\/\\\/www.notibras.com\\\/site\\\/wp-content\\\/uploads\\\/2014\\\/10\\\/bopeapreensaofuzildiv.jpg\",\"contentUrl\":\"https:\\\/\\\/www.notibras.com\\\/site\\\/wp-content\\\/uploads\\\/2014\\\/10\\\/bopeapreensaofuzildiv.jpg\",\"width\":480,\"height\":640},{\"@type\":\"BreadcrumbList\",\"@id\":\"https:\\\/\\\/www.notibras.com\\\/site\\\/bope-apreende-fuzil-ar-15-e-700-kg-de-maconha-em-morro-do-rio\\\/#breadcrumb\",\"itemListElement\":[{\"@type\":\"ListItem\",\"position\":1,\"name\":\"In\u00edcio\",\"item\":\"https:\\\/\\\/www.notibras.com\\\/site\\\/\"},{\"@type\":\"ListItem\",\"position\":2,\"name\":\"Bope apreende fuzil AR-15 e 700 kg de maconha em morro\"}]},{\"@type\":\"WebSite\",\"@id\":\"https:\\\/\\\/www.notibras.com\\\/site\\\/#website\",\"url\":\"https:\\\/\\\/www.notibras.com\\\/site\\\/\",\"name\":\"Notibras\",\"description\":\"Not\u00edcias de Bras\u00edlia, do Brasil e do Mundo\",\"publisher\":{\"@id\":\"https:\\\/\\\/www.notibras.com\\\/site\\\/#organization\"},\"potentialAction\":[{\"@type\":\"SearchAction\",\"target\":{\"@type\":\"EntryPoint\",\"urlTemplate\":\"https:\\\/\\\/www.notibras.com\\\/site\\\/?s={search_term_string}\"},\"query-input\":{\"@type\":\"PropertyValueSpecification\",\"valueRequired\":true,\"valueName\":\"search_term_string\"}}],\"inLanguage\":\"pt-BR\"},{\"@type\":\"Organization\",\"@id\":\"https:\\\/\\\/www.notibras.com\\\/site\\\/#organization\",\"name\":\"Grupo Notibras de Comunica\u00e7\u00e3o\",\"url\":\"https:\\\/\\\/www.notibras.com\\\/site\\\/\",\"logo\":{\"@type\":\"ImageObject\",\"inLanguage\":\"pt-BR\",\"@id\":\"https:\\\/\\\/www.notibras.com\\\/site\\\/#\\\/schema\\\/logo\\\/image\\\/\",\"url\":\"https:\\\/\\\/www.notibras.com\\\/site\\\/wp-content\\\/uploads\\\/2023\\\/01\\\/notibras23.png\",\"contentUrl\":\"https:\\\/\\\/www.notibras.com\\\/site\\\/wp-content\\\/uploads\\\/2023\\\/01\\\/notibras23.png\",\"width\":350,\"height\":87,\"caption\":\"Grupo Notibras de Comunica\u00e7\u00e3o\"},\"image\":{\"@id\":\"https:\\\/\\\/www.notibras.com\\\/site\\\/#\\\/schema\\\/logo\\\/image\\\/\"},\"sameAs\":[\"https:\\\/\\\/www.facebook.com\\\/notibras\\\/\",\"https:\\\/\\\/x.com\\\/Notibras\",\"https:\\\/\\\/www.instagram.com\\\/notibras\\\/\"]},{\"@type\":\"Person\",\"@id\":\"https:\\\/\\\/www.notibras.com\\\/site\\\/#\\\/schema\\\/person\\\/36ab0979449956132d3e5b517ea76ac8\",\"name\":\"Reda\u00e7\u00e3o\",\"image\":{\"@type\":\"ImageObject\",\"inLanguage\":\"pt-BR\",\"@id\":\"https:\\\/\\\/secure.gravatar.com\\\/avatar\\\/e0a867bdedb85fd243eadf09663511f96fc81e0720a4a42581f334ad4303aa6b?s=96&d=mm&r=g\",\"url\":\"https:\\\/\\\/secure.gravatar.com\\\/avatar\\\/e0a867bdedb85fd243eadf09663511f96fc81e0720a4a42581f334ad4303aa6b?s=96&d=mm&r=g\",\"contentUrl\":\"https:\\\/\\\/secure.gravatar.com\\\/avatar\\\/e0a867bdedb85fd243eadf09663511f96fc81e0720a4a42581f334ad4303aa6b?s=96&d=mm&r=g\",\"caption\":\"Reda\u00e7\u00e3o\"}}]}<\/script>\n<!-- \/ Yoast SEO plugin. -->","yoast_head_json":{"title":"Bope apreende fuzil AR-15 e 700 kg de maconha em morro - Notibras","robots":{"index":"index","follow":"follow","max-snippet":"max-snippet:-1","max-image-preview":"max-image-preview:large","max-video-preview":"max-video-preview:-1"},"canonical":"https:\/\/www.notibras.com\/site\/bope-apreende-fuzil-ar-15-e-700-kg-de-maconha-em-morro-do-rio\/","og_locale":"pt_BR","og_type":"article","og_title":"Bope apreende fuzil AR-15 e 700 kg de maconha em morro - Notibras","og_description":"Uma equipe do Batalh\u00e3o de Opera\u00e7\u00f5es Policiais Especiais (Bope) apreendeu um fuzil AR-15 e 710 quilos de maconha, al\u00e9m de muni\u00e7\u00f5es, no Morro da Provid\u00eancia, no Rio de Janeiro. Segundo a Pol\u00edcia Militar, por volta das 15h, a equipe do Bope, com o apoio do servi\u00e7o de intelig\u00eancia da Unidade de Pol\u00edcia Pacificadora (UPP) Provid\u00eancia, [&hellip;]","og_url":"https:\/\/www.notibras.com\/site\/bope-apreende-fuzil-ar-15-e-700-kg-de-maconha-em-morro-do-rio\/","og_site_name":"Notibras","article_publisher":"https:\/\/www.facebook.com\/notibras\/","article_published_time":"2014-10-11T14:14:32+00:00","article_modified_time":"2014-10-11T14:15:12+00:00","og_image":[{"width":480,"height":640,"url":"https:\/\/www.notibras.com\/site\/wp-content\/uploads\/2014\/10\/bopeapreensaofuzildiv.jpg","type":"image\/jpeg"}],"author":"Reda\u00e7\u00e3o","twitter_card":"summary_large_image","twitter_creator":"@Notibras","twitter_site":"@Notibras","twitter_misc":{"Escrito por":"Reda\u00e7\u00e3o","Est. tempo de leitura":"1 minuto"},"schema":{"@context":"https:\/\/schema.org","@graph":[{"@type":"Article","@id":"https:\/\/www.notibras.com\/site\/bope-apreende-fuzil-ar-15-e-700-kg-de-maconha-em-morro-do-rio\/#article","isPartOf":{"@id":"https:\/\/www.notibras.com\/site\/bope-apreende-fuzil-ar-15-e-700-kg-de-maconha-em-morro-do-rio\/"},"author":{"name":"Reda\u00e7\u00e3o","@id":"https:\/\/www.notibras.com\/site\/#\/schema\/person\/36ab0979449956132d3e5b517ea76ac8"},"headline":"Bope apreende fuzil AR-15 e 700 kg de maconha em morro","datePublished":"2014-10-11T14:14:32+00:00","dateModified":"2014-10-11T14:15:12+00:00","mainEntityOfPage":{"@id":"https:\/\/www.notibras.com\/site\/bope-apreende-fuzil-ar-15-e-700-kg-de-maconha-em-morro-do-rio\/"},"wordCount":150,"commentCount":0,"publisher":{"@id":"https:\/\/www.notibras.com\/site\/#organization"},"image":{"@id":"https:\/\/www.notibras.com\/site\/bope-apreende-fuzil-ar-15-e-700-kg-de-maconha-em-morro-do-rio\/#primaryimage"},"thumbnailUrl":"https:\/\/www.notibras.com\/site\/wp-content\/uploads\/2014\/10\/bopeapreensaofuzildiv.jpg","articleSection":["Brasil"],"inLanguage":"pt-BR","potentialAction":[{"@type":"CommentAction","name":"Comment","target":["https:\/\/www.notibras.com\/site\/bope-apreende-fuzil-ar-15-e-700-kg-de-maconha-em-morro-do-rio\/#respond"]}]},{"@type":"WebPage","@id":"https:\/\/www.notibras.com\/site\/bope-apreende-fuzil-ar-15-e-700-kg-de-maconha-em-morro-do-rio\/","url":"https:\/\/www.notibras.com\/site\/bope-apreende-fuzil-ar-15-e-700-kg-de-maconha-em-morro-do-rio\/","name":"Bope apreende fuzil AR-15 e 700 kg de maconha em morro - Notibras","isPartOf":{"@id":"https:\/\/www.notibras.com\/site\/#website"},"primaryImageOfPage":{"@id":"https:\/\/www.notibras.com\/site\/bope-apreende-fuzil-ar-15-e-700-kg-de-maconha-em-morro-do-rio\/#primaryimage"},"image":{"@id":"https:\/\/www.notibras.com\/site\/bope-apreende-fuzil-ar-15-e-700-kg-de-maconha-em-morro-do-rio\/#primaryimage"},"thumbnailUrl":"https:\/\/www.notibras.com\/site\/wp-content\/uploads\/2014\/10\/bopeapreensaofuzildiv.jpg","datePublished":"2014-10-11T14:14:32+00:00","dateModified":"2014-10-11T14:15:12+00:00","breadcrumb":{"@id":"https:\/\/www.notibras.com\/site\/bope-apreende-fuzil-ar-15-e-700-kg-de-maconha-em-morro-do-rio\/#breadcrumb"},"inLanguage":"pt-BR","potentialAction":[{"@type":"ReadAction","target":["https:\/\/www.notibras.com\/site\/bope-apreende-fuzil-ar-15-e-700-kg-de-maconha-em-morro-do-rio\/"]}]},{"@type":"ImageObject","inLanguage":"pt-BR","@id":"https:\/\/www.notibras.com\/site\/bope-apreende-fuzil-ar-15-e-700-kg-de-maconha-em-morro-do-rio\/#primaryimage","url":"https:\/\/www.notibras.com\/site\/wp-content\/uploads\/2014\/10\/bopeapreensaofuzildiv.jpg","contentUrl":"https:\/\/www.notibras.com\/site\/wp-content\/uploads\/2014\/10\/bopeapreensaofuzildiv.jpg","width":480,"height":640},{"@type":"BreadcrumbList","@id":"https:\/\/www.notibras.com\/site\/bope-apreende-fuzil-ar-15-e-700-kg-de-maconha-em-morro-do-rio\/#breadcrumb","itemListElement":[{"@type":"ListItem","position":1,"name":"In\u00edcio","item":"https:\/\/www.notibras.com\/site\/"},{"@type":"ListItem","position":2,"name":"Bope apreende fuzil AR-15 e 700 kg de maconha em morro"}]},{"@type":"WebSite","@id":"https:\/\/www.notibras.com\/site\/#website","url":"https:\/\/www.notibras.com\/site\/","name":"Notibras","description":"Not\u00edcias de Bras\u00edlia, do Brasil e do Mundo","publisher":{"@id":"https:\/\/www.notibras.com\/site\/#organization"},"potentialAction":[{"@type":"SearchAction","target":{"@type":"EntryPoint","urlTemplate":"https:\/\/www.notibras.com\/site\/?s={search_term_string}"},"query-input":{"@type":"PropertyValueSpecification","valueRequired":true,"valueName":"search_term_string"}}],"inLanguage":"pt-BR"},{"@type":"Organization","@id":"https:\/\/www.notibras.com\/site\/#organization","name":"Grupo Notibras de Comunica\u00e7\u00e3o","url":"https:\/\/www.notibras.com\/site\/","logo":{"@type":"ImageObject","inLanguage":"pt-BR","@id":"https:\/\/www.notibras.com\/site\/#\/schema\/logo\/image\/","url":"https:\/\/www.notibras.com\/site\/wp-content\/uploads\/2023\/01\/notibras23.png","contentUrl":"https:\/\/www.notibras.com\/site\/wp-content\/uploads\/2023\/01\/notibras23.png","width":350,"height":87,"caption":"Grupo Notibras de Comunica\u00e7\u00e3o"},"image":{"@id":"https:\/\/www.notibras.com\/site\/#\/schema\/logo\/image\/"},"sameAs":["https:\/\/www.facebook.com\/notibras\/","https:\/\/x.com\/Notibras","https:\/\/www.instagram.com\/notibras\/"]},{"@type":"Person","@id":"https:\/\/www.notibras.com\/site\/#\/schema\/person\/36ab0979449956132d3e5b517ea76ac8","name":"Reda\u00e7\u00e3o","image":{"@type":"ImageObject","inLanguage":"pt-BR","@id":"https:\/\/secure.gravatar.com\/avatar\/e0a867bdedb85fd243eadf09663511f96fc81e0720a4a42581f334ad4303aa6b?s=96&d=mm&r=g","url":"https:\/\/secure.gravatar.com\/avatar\/e0a867bdedb85fd243eadf09663511f96fc81e0720a4a42581f334ad4303aa6b?s=96&d=mm&r=g","contentUrl":"https:\/\/secure.gravatar.com\/avatar\/e0a867bdedb85fd243eadf09663511f96fc81e0720a4a42581f334ad4303aa6b?s=96&d=mm&r=g","caption":"Reda\u00e7\u00e3o"}}]}},"amp_enabled":true,"_links":{"self":[{"href":"https:\/\/www.notibras.com\/site\/wp-json\/wp\/v2\/posts\/24587","targetHints":{"allow":["GET"]}}],"collection":[{"href":"https:\/\/www.notibras.com\/site\/wp-json\/wp\/v2\/posts"}],"about":[{"href":"https:\/\/www.notibras.com\/site\/wp-json\/wp\/v2\/types\/post"}],"author":[{"embeddable":true,"href":"https:\/\/www.notibras.com\/site\/wp-json\/wp\/v2\/users\/2"}],"replies":[{"embeddable":true,"href":"https:\/\/www.notibras.com\/site\/wp-json\/wp\/v2\/comments?post=24587"}],"version-history":[{"count":0,"href":"https:\/\/www.notibras.com\/site\/wp-json\/wp\/v2\/posts\/24587\/revisions"}],"wp:featuredmedia":[{"embeddable":true,"href":"https:\/\/www.notibras.com\/site\/wp-json\/wp\/v2\/media\/24588"}],"wp:attachment":[{"href":"https:\/\/www.notibras.com\/site\/wp-json\/wp\/v2\/media?parent=24587"}],"wp:term":[{"taxonomy":"category","embeddable":true,"href":"https:\/\/www.notibras.com\/site\/wp-json\/wp\/v2\/categories?post=24587"},{"taxonomy":"post_tag","embeddable":true,"href":"https:\/\/www.notibras.com\/site\/wp-json\/wp\/v2\/tags?post=24587"}],"curies":[{"name":"wp","href":"https:\/\/api.w.org\/{rel}","templated":true}]}}