{"id":24628,"date":"2014-10-11T16:04:29","date_gmt":"2014-10-11T19:04:29","guid":{"rendered":"http:\/\/www.notibras.com\/site\/?p=24628"},"modified":"2014-10-11T16:04:29","modified_gmt":"2014-10-11T19:04:29","slug":"como-se-perpetuar-no-poder-com-programas-assistencialistas","status":"publish","type":"post","link":"https:\/\/www.notibras.com\/site\/como-se-perpetuar-no-poder-com-programas-assistencialistas\/","title":{"rendered":"Como se perpetuar no poder com programas assistencialistas"},"content":{"rendered":"<p>Nos \u00faltimos 14 anos, de 2000 a 2013, o n\u00famero de beneficiados que passou a receber do governo federal ajuda financeira, pulou de aproximadamente 28,6 milh\u00f5es para 75,1milh\u00f5es, com um acr\u00e9scimo de 46,5 milh\u00f5es de habitantes que passaram a receber tais ajudas. Este numero representa mais de um ter\u00e7o da popula\u00e7\u00e3o, ou cerca de 37% da popula\u00e7\u00e3o brasileira, que atualmente \u00e9 de 200 milh\u00f5es de habitantes. Se a estes n\u00fameros somarmos outros benef\u00edcios, que s\u00e3o dados atrav\u00e9s de outros tipos de aux\u00edlio e de empr\u00e9stimos praticamente\u00a0a fundo perdido,\u00a0teremos certamente mais de 80 milh\u00f5es, que recebem algum tipo de beneficio do governo federal, sem contarmos o que \u00e9 distribu\u00eddo nas mesmas condi\u00e7\u00f5es e para as mesmas pessoas pelos governos estaduais e municipais.<\/p>\n<p>Registre-se que cerca de 88,6 % destes benefici\u00e1rios recebem e est\u00e3o na faixa do sal\u00e1rio m\u00ednimo, o que revela se tratar de um p\u00fablico cativo, que certamente sempre ir\u00e1 privilegiar e apoiar candidatos ligados ao nascimento destes programas assistencialistas, que defendem a sua manuten\u00e7\u00e3o e o seu desenvolvimento, a maioria muito satisfeita por n\u00e3o ter que trabalhar nem se preocupar com o dia seguinte.<\/p>\n<p>Assim, qualquer proje\u00e7\u00e3o que seja realizada para estas e para as futuras elei\u00e7\u00f5es presid\u00eancias, dever\u00e3o levar em conta estes n\u00fameros que s\u00e3o reveladores de uma imensa massa populacional, que ir\u00e1 garantir a presen\u00e7a do candidato governamental antecipadamente pelo menos no segundo turno e provavelmente poder\u00e1 ser o fator decisivo, para que este possa ser eleito ainda no primeiro turno, sem a necessidade de uma nova elei\u00e7\u00e3o com os dois candidatos mais votados.<\/p>\n<p>\u00c9 claro que para estas autoridades que se preocupam muito mais em se elegerem do que com as contas p\u00fablicas em seu desej\u00e1vel equil\u00edbrio, n\u00e3o levam em conta que essa quantidade de benef\u00edcios cresce justamente at\u00e9 a faixa salarial, que recebeu aumentos de mais de 70% acima da infla\u00e7\u00e3o.<\/p>\n<blockquote><p>Sob o ponto de vista macro econ\u00f4mica, a manuten\u00e7\u00e3o dessa pol\u00edtica e o seu incremento significa a produ\u00e7\u00e3o de um forte impacto no gasto p\u00fablico, com uma transfer\u00eancia de renda\u00a0\u00a0que pulou de 6% para 9,6% do Produto Interno Bruto, PIB, e que continua a subir em 2014 j\u00e1 atingindo cerca de 10%, n\u00famero inaceit\u00e1vel, quando se busca o de equil\u00edbrio destas contas p\u00fablicas. O\u00a0\u00a0aumento desmesurado e incontrol\u00e1vel dos impostos pagos por todos n\u00f3s nos \u00faltimos 30 anos levou a\u00a0 j\u00e1 em 2014, que no m\u00eas de agosto se alcan\u00e7asse a marca de um trilh\u00e3o de reais, carga tribut\u00e1ria que poucos anos atr\u00e1s s\u00f3 era alcan\u00e7ada no final de dezembro.<\/p><\/blockquote>\n<p>Tais transfer\u00eancias de renda, sem o compromisso de uma redu\u00e7\u00e3o substantiva de despesas, pelo contr\u00e1rio, ano ap\u00f3s ano aumentadas sem qualquer equacionamento ou disciplina, s\u00e3o em boa parte motivadas pela amplia\u00e7\u00e3o dos gastos em seguridade social com benef\u00edcios v\u00e1rios. Entre eles est\u00e3o\u00a0 aqueles como aposentadorias e pens\u00f5es, e os subs\u00eddios e os investimentos em sa\u00fade e educa\u00e7\u00e3o que em sua maior parte n\u00e3o s\u00e3o efetivamente usados, e se perdem nos meandros da corrup\u00e7\u00e3o, da irresponsabilidade e da incompet\u00eancia dos gestores nessas \u00e1reas.<\/p>\n<p>Sem uma pol\u00edtica e um compromisso r\u00edgido, voltado para a redu\u00e7\u00e3o de despesas, ligadas ao conjunto das transfer\u00eancias de renda, o cidad\u00e3o brasileiro se ver\u00e1 continuadamente diante do aumento da carga tribut\u00e1ria e de um clientelismo assistencialista, que cada vez mais crescer\u00e1 e representar\u00e1 n\u00fameros sempre maiores dentro do PIB brasileiro.<\/p>\n<p>A manuten\u00e7\u00e3o e o desenvolvimento de tais pol\u00edticas prejudicar\u00e1 a economia como um todo e a todos os que, como n\u00f3s, pagamos impostos cada vez vultosos.<\/p>\n<p>Alguns programas, como o seguro desemprego, o abono salarial, o Minha Casa Minha Vida,\u00a0etc,\u00a0necessariamente, deveriam ser reformulados,\u00a0ou at\u00e9 mesmo extintos. \u00c9 inconsequente e irrespons\u00e1vel n\u00e3o melhorar o desenho e a fiscaliza\u00e7\u00e3o de alguns benef\u00edcios\u00a0 concedidos, como auxilio doen\u00e7a, e pens\u00f5es por morte, entre outros. Tais altera\u00e7\u00f5es n\u00e3o s\u00e3o previs\u00edveis por raz\u00f5es eleitorais j\u00e1 que a manuten\u00e7\u00e3o da atual pol\u00edtica econ\u00f4mica serve de sustenta\u00e7\u00e3o para a reelei\u00e7\u00e3o do mesmo grupo pol\u00edtico que dirige o pa\u00eds\u00a0h\u00e1\u00a0mais de uma d\u00e9cada seguindo no rumo do caos e do descalabro financeiro e econ\u00f4mico.<\/p>\n<p>Essa situa\u00e7\u00e3o de fragilidade e de estagna\u00e7\u00e3o econ\u00f4mica que j\u00e1 se apresenta nos dias de hoje, foi prevista por quem de fato n\u00e3o \u00e9 comprometido com o poder, e sabe ver e analisar os sinais que se apresentam de forma clara, para todos. Ela foi e \u00e9 apontada pelo FMI, pelo Banco Mundial e pelas ag\u00eancias especializadas. Eles acenderam as luzes vermelhas, dando claramente um sinal e um aviso para o governo brasileiro mude de caminho pois, a continuar nele, a realidade econ\u00f4mica de nosso pa\u00eds ir\u00e1 se degradar e caminhar c\u00e9lere, para a estagna\u00e7\u00e3o e uma ainda maior infla\u00e7\u00e3o.<\/p>\n<p>A quest\u00e3o que se apresenta n\u00e3o \u00e9 aquela de serem retirados direitos aos brasileiros j\u00e1 consagrados na constitui\u00e7\u00e3o mas de estabelecer, de fato, prioridades e uma gest\u00e3o capaz de coloc\u00e1-los dentro de par\u00e2metros vi\u00e1veis, consequentes de forma plena e satisfat\u00f3ria,\u00a0objetivando\u00a0o alcance de\u00a0objetivos\u00a0econ\u00f4micos claros, seguros e predefinidos.<\/p>\n<p>Como o\u00a0objetivo\u00a0do atual governo \u00e9 o de se perpetuar no poder atrav\u00e9s do PT e dos partidos coligados de sustenta\u00e7\u00e3o, ningu\u00e9m em s\u00e3 consci\u00eancia acredita de fato que dentro do quadro atual poder\u00e1 acontecer uma mudan\u00e7a. Pensar que mais de 7% dos que recebem ajuda sob as mais variadas formas, n\u00e3o votar\u00e1 para Presidente em outro candidato, que n\u00e3o seja Dilma, \u00e9 desconhecer a realidade eleitoral em nosso pa\u00eds. Que cerca de 20 a 25% dos mais de cem milh\u00f5es de habitantes, representando 50% da popula\u00e7\u00e3o pertencentes as classes C e D tamb\u00e9m n\u00e3o o far\u00e3o \u00e9 acreditar em Papai Noel, Branca de Neve, Peter Pan, etc.<\/p>\n<blockquote><p>Assim como previmos um m\u00eas antes do in\u00edcio da Copa do Mundo ,que o Brasil n\u00e3o seria Campe\u00e3o, que faria um papel vexaminoso estimamos que infelizmente a Presidente Dilma ter\u00e1 no segundo turno entre cerca de 51 a 55% dos votos \u00fateis e\u00a0 portanto se reeleger\u00e1 para um novo mandato presidencial. Esta realidade pode ser alterada mas para tanto milh\u00f5es devem mudar seu voto, abandonando este barco que s\u00f3 trar\u00e1 para o Brasil atraso, corrup\u00e7\u00e3o, mis\u00e9ria, infla\u00e7\u00e3o, incompet\u00eancia e desmoraliza\u00e7\u00e3o internacional.<\/p><\/blockquote>\n<p>Prenuncia-se diante desse fato um 2015, que ser\u00e1 o pior entre os piores dos \u00faltimos anos, sem que perspectivas de melhorias econ\u00f4micas sejam esperadas nem poss\u00edveis de serem alcan\u00e7adas.<\/p>\n<p>Sobre essa realidade o economista Ricardo\u00a0Bergamini\u00a0em brilhante artigo revela\u00a0e afirma em uma s\u00e9rie de an\u00e1lises baseadas em dados oficiais de forma l\u00facida que:\u00a0<em>Nossa d\u00edvida externa nos \u00faltimos 12 meses custou 8,42% ao ano e nossas reservas s\u00e3o remuneradas por juros negativos em torno de 1,5% ao ano (juros americanos em 2014 tem previs\u00e3o de 0,50% ao ano e a infla\u00e7\u00e3o americana prevista para 2014 ser\u00e1 de 2,00%), assim sendo os juros ser\u00e3o negativos de 1,5% no ano de 2014.\u00a0 Captamos recursos ao custo de 8,42% ao ano e somos remunerados com juros negativos de nossas reservas em -1,5% ao ano.<\/em><\/p>\n<p>Tudo leva a crer que ap\u00f3s as elei\u00e7\u00f5es come\u00e7ar\u00e1 a surgir um pacote de \u201csurpresas\u201d que inclui entre outras o tarifa\u00e7o da energia el\u00e9trica, o aumento do pre\u00e7o dos combust\u00edveis e, pasmem, um novo aumento de impostos, dissimulado, como sempre fazem. Tudo isso, para mais uma vez enganar 90% da popula\u00e7\u00e3o que n\u00e3o possui entendimento, discernimento, nem compreens\u00e3o sobre economia.Ela n\u00e3o perceber\u00e1 mais uma vez o que estar\u00e1 a fazer seu governo, rec\u00e9m eleito.Um governo que ficar\u00e1 marcado em ferro e brasa nos cora\u00e7\u00f5es de todos os que sempre esperaram que nosso pa\u00eds viesse a ser governado por pol\u00edticos e por t\u00e9cnicos capazes, honestos e interessados no bem p\u00fablico e naquele de seus cidad\u00e3os.<\/p>\n<p><strong> Roberto Romanelli<\/strong><\/p>\n","protected":false},"excerpt":{"rendered":"<p>Nos \u00faltimos 14 anos, de 2000 a 2013, o n\u00famero de beneficiados que passou a receber do governo federal ajuda financeira, pulou de aproximadamente 28,6 milh\u00f5es para 75,1milh\u00f5es, com um acr\u00e9scimo de 46,5 milh\u00f5es de habitantes que passaram a receber tais ajudas. Este numero representa mais de um ter\u00e7o da popula\u00e7\u00e3o, ou cerca de 37% [&hellip;]<\/p>\n","protected":false},"author":2,"featured_media":24629,"comment_status":"open","ping_status":"closed","sticky":false,"template":"","format":"standard","meta":{"_acf_changed":false,"footnotes":""},"categories":[25],"tags":[],"class_list":["post-24628","post","type-post","status-publish","format-standard","has-post-thumbnail","hentry","category-opina-ai"],"acf":[],"yoast_head":"<!-- This site is optimized with the Yoast SEO plugin v27.5 - https:\/\/yoast.com\/product\/yoast-seo-wordpress\/ -->\n<title>Como se perpetuar no poder com programas assistencialistas - Notibras<\/title>\n<meta name=\"robots\" content=\"index, follow, max-snippet:-1, max-image-preview:large, max-video-preview:-1\" \/>\n<link rel=\"canonical\" href=\"https:\/\/www.notibras.com\/site\/como-se-perpetuar-no-poder-com-programas-assistencialistas\/\" \/>\n<meta property=\"og:locale\" content=\"pt_BR\" \/>\n<meta property=\"og:type\" content=\"article\" \/>\n<meta property=\"og:title\" content=\"Como se perpetuar no poder com programas assistencialistas - Notibras\" \/>\n<meta property=\"og:description\" content=\"Nos \u00faltimos 14 anos, de 2000 a 2013, o n\u00famero de beneficiados que passou a receber do governo federal ajuda financeira, pulou de aproximadamente 28,6 milh\u00f5es para 75,1milh\u00f5es, com um acr\u00e9scimo de 46,5 milh\u00f5es de habitantes que passaram a receber tais ajudas. Este numero representa mais de um ter\u00e7o da popula\u00e7\u00e3o, ou cerca de 37% [&hellip;]\" \/>\n<meta property=\"og:url\" content=\"https:\/\/www.notibras.com\/site\/como-se-perpetuar-no-poder-com-programas-assistencialistas\/\" \/>\n<meta property=\"og:site_name\" content=\"Notibras\" \/>\n<meta property=\"article:publisher\" content=\"https:\/\/www.facebook.com\/notibras\/\" \/>\n<meta property=\"article:published_time\" content=\"2014-10-11T19:04:29+00:00\" \/>\n<meta property=\"og:image\" content=\"https:\/\/www.notibras.com\/site\/wp-content\/uploads\/2014\/10\/bolsa_familia1.jpeg\" \/>\n\t<meta property=\"og:image:width\" content=\"800\" \/>\n\t<meta property=\"og:image:height\" content=\"537\" \/>\n\t<meta property=\"og:image:type\" content=\"image\/jpeg\" \/>\n<meta name=\"author\" content=\"Reda\u00e7\u00e3o\" \/>\n<meta name=\"twitter:card\" content=\"summary_large_image\" \/>\n<meta name=\"twitter:creator\" content=\"@Notibras\" \/>\n<meta name=\"twitter:site\" content=\"@Notibras\" \/>\n<meta name=\"twitter:label1\" content=\"Escrito por\" \/>\n\t<meta name=\"twitter:data1\" content=\"Reda\u00e7\u00e3o\" \/>\n\t<meta name=\"twitter:label2\" content=\"Est. tempo de leitura\" \/>\n\t<meta name=\"twitter:data2\" content=\"7 minutos\" \/>\n<script type=\"application\/ld+json\" class=\"yoast-schema-graph\">{\"@context\":\"https:\\\/\\\/schema.org\",\"@graph\":[{\"@type\":\"Article\",\"@id\":\"https:\\\/\\\/www.notibras.com\\\/site\\\/como-se-perpetuar-no-poder-com-programas-assistencialistas\\\/#article\",\"isPartOf\":{\"@id\":\"https:\\\/\\\/www.notibras.com\\\/site\\\/como-se-perpetuar-no-poder-com-programas-assistencialistas\\\/\"},\"author\":{\"name\":\"Reda\u00e7\u00e3o\",\"@id\":\"https:\\\/\\\/www.notibras.com\\\/site\\\/#\\\/schema\\\/person\\\/36ab0979449956132d3e5b517ea76ac8\"},\"headline\":\"Como se perpetuar no poder com programas assistencialistas\",\"datePublished\":\"2014-10-11T19:04:29+00:00\",\"mainEntityOfPage\":{\"@id\":\"https:\\\/\\\/www.notibras.com\\\/site\\\/como-se-perpetuar-no-poder-com-programas-assistencialistas\\\/\"},\"wordCount\":1400,\"commentCount\":0,\"publisher\":{\"@id\":\"https:\\\/\\\/www.notibras.com\\\/site\\\/#organization\"},\"image\":{\"@id\":\"https:\\\/\\\/www.notibras.com\\\/site\\\/como-se-perpetuar-no-poder-com-programas-assistencialistas\\\/#primaryimage\"},\"thumbnailUrl\":\"https:\\\/\\\/www.notibras.com\\\/site\\\/wp-content\\\/uploads\\\/2014\\\/10\\\/bolsa_familia1.jpeg\",\"articleSection\":[\"Opina a\u00ed\"],\"inLanguage\":\"pt-BR\",\"potentialAction\":[{\"@type\":\"CommentAction\",\"name\":\"Comment\",\"target\":[\"https:\\\/\\\/www.notibras.com\\\/site\\\/como-se-perpetuar-no-poder-com-programas-assistencialistas\\\/#respond\"]}]},{\"@type\":\"WebPage\",\"@id\":\"https:\\\/\\\/www.notibras.com\\\/site\\\/como-se-perpetuar-no-poder-com-programas-assistencialistas\\\/\",\"url\":\"https:\\\/\\\/www.notibras.com\\\/site\\\/como-se-perpetuar-no-poder-com-programas-assistencialistas\\\/\",\"name\":\"Como se perpetuar no poder com programas assistencialistas - Notibras\",\"isPartOf\":{\"@id\":\"https:\\\/\\\/www.notibras.com\\\/site\\\/#website\"},\"primaryImageOfPage\":{\"@id\":\"https:\\\/\\\/www.notibras.com\\\/site\\\/como-se-perpetuar-no-poder-com-programas-assistencialistas\\\/#primaryimage\"},\"image\":{\"@id\":\"https:\\\/\\\/www.notibras.com\\\/site\\\/como-se-perpetuar-no-poder-com-programas-assistencialistas\\\/#primaryimage\"},\"thumbnailUrl\":\"https:\\\/\\\/www.notibras.com\\\/site\\\/wp-content\\\/uploads\\\/2014\\\/10\\\/bolsa_familia1.jpeg\",\"datePublished\":\"2014-10-11T19:04:29+00:00\",\"breadcrumb\":{\"@id\":\"https:\\\/\\\/www.notibras.com\\\/site\\\/como-se-perpetuar-no-poder-com-programas-assistencialistas\\\/#breadcrumb\"},\"inLanguage\":\"pt-BR\",\"potentialAction\":[{\"@type\":\"ReadAction\",\"target\":[\"https:\\\/\\\/www.notibras.com\\\/site\\\/como-se-perpetuar-no-poder-com-programas-assistencialistas\\\/\"]}]},{\"@type\":\"ImageObject\",\"inLanguage\":\"pt-BR\",\"@id\":\"https:\\\/\\\/www.notibras.com\\\/site\\\/como-se-perpetuar-no-poder-com-programas-assistencialistas\\\/#primaryimage\",\"url\":\"https:\\\/\\\/www.notibras.com\\\/site\\\/wp-content\\\/uploads\\\/2014\\\/10\\\/bolsa_familia1.jpeg\",\"contentUrl\":\"https:\\\/\\\/www.notibras.com\\\/site\\\/wp-content\\\/uploads\\\/2014\\\/10\\\/bolsa_familia1.jpeg\",\"width\":800,\"height\":537,\"caption\":\"Foto\\\/Arquivo Notibras\"},{\"@type\":\"BreadcrumbList\",\"@id\":\"https:\\\/\\\/www.notibras.com\\\/site\\\/como-se-perpetuar-no-poder-com-programas-assistencialistas\\\/#breadcrumb\",\"itemListElement\":[{\"@type\":\"ListItem\",\"position\":1,\"name\":\"In\u00edcio\",\"item\":\"https:\\\/\\\/www.notibras.com\\\/site\\\/\"},{\"@type\":\"ListItem\",\"position\":2,\"name\":\"Como se perpetuar no poder com programas assistencialistas\"}]},{\"@type\":\"WebSite\",\"@id\":\"https:\\\/\\\/www.notibras.com\\\/site\\\/#website\",\"url\":\"https:\\\/\\\/www.notibras.com\\\/site\\\/\",\"name\":\"Notibras\",\"description\":\"Not\u00edcias de Bras\u00edlia, do Brasil e do Mundo\",\"publisher\":{\"@id\":\"https:\\\/\\\/www.notibras.com\\\/site\\\/#organization\"},\"potentialAction\":[{\"@type\":\"SearchAction\",\"target\":{\"@type\":\"EntryPoint\",\"urlTemplate\":\"https:\\\/\\\/www.notibras.com\\\/site\\\/?s={search_term_string}\"},\"query-input\":{\"@type\":\"PropertyValueSpecification\",\"valueRequired\":true,\"valueName\":\"search_term_string\"}}],\"inLanguage\":\"pt-BR\"},{\"@type\":\"Organization\",\"@id\":\"https:\\\/\\\/www.notibras.com\\\/site\\\/#organization\",\"name\":\"Grupo Notibras de Comunica\u00e7\u00e3o\",\"url\":\"https:\\\/\\\/www.notibras.com\\\/site\\\/\",\"logo\":{\"@type\":\"ImageObject\",\"inLanguage\":\"pt-BR\",\"@id\":\"https:\\\/\\\/www.notibras.com\\\/site\\\/#\\\/schema\\\/logo\\\/image\\\/\",\"url\":\"https:\\\/\\\/www.notibras.com\\\/site\\\/wp-content\\\/uploads\\\/2023\\\/01\\\/notibras23.png\",\"contentUrl\":\"https:\\\/\\\/www.notibras.com\\\/site\\\/wp-content\\\/uploads\\\/2023\\\/01\\\/notibras23.png\",\"width\":350,\"height\":87,\"caption\":\"Grupo Notibras de Comunica\u00e7\u00e3o\"},\"image\":{\"@id\":\"https:\\\/\\\/www.notibras.com\\\/site\\\/#\\\/schema\\\/logo\\\/image\\\/\"},\"sameAs\":[\"https:\\\/\\\/www.facebook.com\\\/notibras\\\/\",\"https:\\\/\\\/x.com\\\/Notibras\",\"https:\\\/\\\/www.instagram.com\\\/notibras\\\/\"]},{\"@type\":\"Person\",\"@id\":\"https:\\\/\\\/www.notibras.com\\\/site\\\/#\\\/schema\\\/person\\\/36ab0979449956132d3e5b517ea76ac8\",\"name\":\"Reda\u00e7\u00e3o\",\"image\":{\"@type\":\"ImageObject\",\"inLanguage\":\"pt-BR\",\"@id\":\"https:\\\/\\\/secure.gravatar.com\\\/avatar\\\/e0a867bdedb85fd243eadf09663511f96fc81e0720a4a42581f334ad4303aa6b?s=96&d=mm&r=g\",\"url\":\"https:\\\/\\\/secure.gravatar.com\\\/avatar\\\/e0a867bdedb85fd243eadf09663511f96fc81e0720a4a42581f334ad4303aa6b?s=96&d=mm&r=g\",\"contentUrl\":\"https:\\\/\\\/secure.gravatar.com\\\/avatar\\\/e0a867bdedb85fd243eadf09663511f96fc81e0720a4a42581f334ad4303aa6b?s=96&d=mm&r=g\",\"caption\":\"Reda\u00e7\u00e3o\"}}]}<\/script>\n<!-- \/ Yoast SEO plugin. -->","yoast_head_json":{"title":"Como se perpetuar no poder com programas assistencialistas - Notibras","robots":{"index":"index","follow":"follow","max-snippet":"max-snippet:-1","max-image-preview":"max-image-preview:large","max-video-preview":"max-video-preview:-1"},"canonical":"https:\/\/www.notibras.com\/site\/como-se-perpetuar-no-poder-com-programas-assistencialistas\/","og_locale":"pt_BR","og_type":"article","og_title":"Como se perpetuar no poder com programas assistencialistas - Notibras","og_description":"Nos \u00faltimos 14 anos, de 2000 a 2013, o n\u00famero de beneficiados que passou a receber do governo federal ajuda financeira, pulou de aproximadamente 28,6 milh\u00f5es para 75,1milh\u00f5es, com um acr\u00e9scimo de 46,5 milh\u00f5es de habitantes que passaram a receber tais ajudas. Este numero representa mais de um ter\u00e7o da popula\u00e7\u00e3o, ou cerca de 37% [&hellip;]","og_url":"https:\/\/www.notibras.com\/site\/como-se-perpetuar-no-poder-com-programas-assistencialistas\/","og_site_name":"Notibras","article_publisher":"https:\/\/www.facebook.com\/notibras\/","article_published_time":"2014-10-11T19:04:29+00:00","og_image":[{"width":800,"height":537,"url":"https:\/\/www.notibras.com\/site\/wp-content\/uploads\/2014\/10\/bolsa_familia1.jpeg","type":"image\/jpeg"}],"author":"Reda\u00e7\u00e3o","twitter_card":"summary_large_image","twitter_creator":"@Notibras","twitter_site":"@Notibras","twitter_misc":{"Escrito por":"Reda\u00e7\u00e3o","Est. tempo de leitura":"7 minutos"},"schema":{"@context":"https:\/\/schema.org","@graph":[{"@type":"Article","@id":"https:\/\/www.notibras.com\/site\/como-se-perpetuar-no-poder-com-programas-assistencialistas\/#article","isPartOf":{"@id":"https:\/\/www.notibras.com\/site\/como-se-perpetuar-no-poder-com-programas-assistencialistas\/"},"author":{"name":"Reda\u00e7\u00e3o","@id":"https:\/\/www.notibras.com\/site\/#\/schema\/person\/36ab0979449956132d3e5b517ea76ac8"},"headline":"Como se perpetuar no poder com programas assistencialistas","datePublished":"2014-10-11T19:04:29+00:00","mainEntityOfPage":{"@id":"https:\/\/www.notibras.com\/site\/como-se-perpetuar-no-poder-com-programas-assistencialistas\/"},"wordCount":1400,"commentCount":0,"publisher":{"@id":"https:\/\/www.notibras.com\/site\/#organization"},"image":{"@id":"https:\/\/www.notibras.com\/site\/como-se-perpetuar-no-poder-com-programas-assistencialistas\/#primaryimage"},"thumbnailUrl":"https:\/\/www.notibras.com\/site\/wp-content\/uploads\/2014\/10\/bolsa_familia1.jpeg","articleSection":["Opina a\u00ed"],"inLanguage":"pt-BR","potentialAction":[{"@type":"CommentAction","name":"Comment","target":["https:\/\/www.notibras.com\/site\/como-se-perpetuar-no-poder-com-programas-assistencialistas\/#respond"]}]},{"@type":"WebPage","@id":"https:\/\/www.notibras.com\/site\/como-se-perpetuar-no-poder-com-programas-assistencialistas\/","url":"https:\/\/www.notibras.com\/site\/como-se-perpetuar-no-poder-com-programas-assistencialistas\/","name":"Como se perpetuar no poder com programas assistencialistas - Notibras","isPartOf":{"@id":"https:\/\/www.notibras.com\/site\/#website"},"primaryImageOfPage":{"@id":"https:\/\/www.notibras.com\/site\/como-se-perpetuar-no-poder-com-programas-assistencialistas\/#primaryimage"},"image":{"@id":"https:\/\/www.notibras.com\/site\/como-se-perpetuar-no-poder-com-programas-assistencialistas\/#primaryimage"},"thumbnailUrl":"https:\/\/www.notibras.com\/site\/wp-content\/uploads\/2014\/10\/bolsa_familia1.jpeg","datePublished":"2014-10-11T19:04:29+00:00","breadcrumb":{"@id":"https:\/\/www.notibras.com\/site\/como-se-perpetuar-no-poder-com-programas-assistencialistas\/#breadcrumb"},"inLanguage":"pt-BR","potentialAction":[{"@type":"ReadAction","target":["https:\/\/www.notibras.com\/site\/como-se-perpetuar-no-poder-com-programas-assistencialistas\/"]}]},{"@type":"ImageObject","inLanguage":"pt-BR","@id":"https:\/\/www.notibras.com\/site\/como-se-perpetuar-no-poder-com-programas-assistencialistas\/#primaryimage","url":"https:\/\/www.notibras.com\/site\/wp-content\/uploads\/2014\/10\/bolsa_familia1.jpeg","contentUrl":"https:\/\/www.notibras.com\/site\/wp-content\/uploads\/2014\/10\/bolsa_familia1.jpeg","width":800,"height":537,"caption":"Foto\/Arquivo Notibras"},{"@type":"BreadcrumbList","@id":"https:\/\/www.notibras.com\/site\/como-se-perpetuar-no-poder-com-programas-assistencialistas\/#breadcrumb","itemListElement":[{"@type":"ListItem","position":1,"name":"In\u00edcio","item":"https:\/\/www.notibras.com\/site\/"},{"@type":"ListItem","position":2,"name":"Como se perpetuar no poder com programas assistencialistas"}]},{"@type":"WebSite","@id":"https:\/\/www.notibras.com\/site\/#website","url":"https:\/\/www.notibras.com\/site\/","name":"Notibras","description":"Not\u00edcias de Bras\u00edlia, do Brasil e do Mundo","publisher":{"@id":"https:\/\/www.notibras.com\/site\/#organization"},"potentialAction":[{"@type":"SearchAction","target":{"@type":"EntryPoint","urlTemplate":"https:\/\/www.notibras.com\/site\/?s={search_term_string}"},"query-input":{"@type":"PropertyValueSpecification","valueRequired":true,"valueName":"search_term_string"}}],"inLanguage":"pt-BR"},{"@type":"Organization","@id":"https:\/\/www.notibras.com\/site\/#organization","name":"Grupo Notibras de Comunica\u00e7\u00e3o","url":"https:\/\/www.notibras.com\/site\/","logo":{"@type":"ImageObject","inLanguage":"pt-BR","@id":"https:\/\/www.notibras.com\/site\/#\/schema\/logo\/image\/","url":"https:\/\/www.notibras.com\/site\/wp-content\/uploads\/2023\/01\/notibras23.png","contentUrl":"https:\/\/www.notibras.com\/site\/wp-content\/uploads\/2023\/01\/notibras23.png","width":350,"height":87,"caption":"Grupo Notibras de Comunica\u00e7\u00e3o"},"image":{"@id":"https:\/\/www.notibras.com\/site\/#\/schema\/logo\/image\/"},"sameAs":["https:\/\/www.facebook.com\/notibras\/","https:\/\/x.com\/Notibras","https:\/\/www.instagram.com\/notibras\/"]},{"@type":"Person","@id":"https:\/\/www.notibras.com\/site\/#\/schema\/person\/36ab0979449956132d3e5b517ea76ac8","name":"Reda\u00e7\u00e3o","image":{"@type":"ImageObject","inLanguage":"pt-BR","@id":"https:\/\/secure.gravatar.com\/avatar\/e0a867bdedb85fd243eadf09663511f96fc81e0720a4a42581f334ad4303aa6b?s=96&d=mm&r=g","url":"https:\/\/secure.gravatar.com\/avatar\/e0a867bdedb85fd243eadf09663511f96fc81e0720a4a42581f334ad4303aa6b?s=96&d=mm&r=g","contentUrl":"https:\/\/secure.gravatar.com\/avatar\/e0a867bdedb85fd243eadf09663511f96fc81e0720a4a42581f334ad4303aa6b?s=96&d=mm&r=g","caption":"Reda\u00e7\u00e3o"}}]}},"amp_enabled":true,"_links":{"self":[{"href":"https:\/\/www.notibras.com\/site\/wp-json\/wp\/v2\/posts\/24628","targetHints":{"allow":["GET"]}}],"collection":[{"href":"https:\/\/www.notibras.com\/site\/wp-json\/wp\/v2\/posts"}],"about":[{"href":"https:\/\/www.notibras.com\/site\/wp-json\/wp\/v2\/types\/post"}],"author":[{"embeddable":true,"href":"https:\/\/www.notibras.com\/site\/wp-json\/wp\/v2\/users\/2"}],"replies":[{"embeddable":true,"href":"https:\/\/www.notibras.com\/site\/wp-json\/wp\/v2\/comments?post=24628"}],"version-history":[{"count":0,"href":"https:\/\/www.notibras.com\/site\/wp-json\/wp\/v2\/posts\/24628\/revisions"}],"wp:featuredmedia":[{"embeddable":true,"href":"https:\/\/www.notibras.com\/site\/wp-json\/wp\/v2\/media\/24629"}],"wp:attachment":[{"href":"https:\/\/www.notibras.com\/site\/wp-json\/wp\/v2\/media?parent=24628"}],"wp:term":[{"taxonomy":"category","embeddable":true,"href":"https:\/\/www.notibras.com\/site\/wp-json\/wp\/v2\/categories?post=24628"},{"taxonomy":"post_tag","embeddable":true,"href":"https:\/\/www.notibras.com\/site\/wp-json\/wp\/v2\/tags?post=24628"}],"curies":[{"name":"wp","href":"https:\/\/api.w.org\/{rel}","templated":true}]}}