{"id":24706,"date":"2014-10-12T17:52:02","date_gmt":"2014-10-12T20:52:02","guid":{"rendered":"http:\/\/www.notibras.com\/site\/?p=24706"},"modified":"2014-10-12T18:33:56","modified_gmt":"2014-10-12T21:33:56","slug":"brasil-vence-italia-e-fica-em-terceiro-no-mundial-feminino-de-volei","status":"publish","type":"post","link":"https:\/\/www.notibras.com\/site\/brasil-vence-italia-e-fica-em-terceiro-no-mundial-feminino-de-volei\/","title":{"rendered":"Brasil vence It\u00e1lia e fica em 3\u00ba no Mundial Feminino de V\u00f4lei"},"content":{"rendered":"<p>O Brasil conseguiu se recuperar da derrota para os Estados Unidos no \u00faltimo s\u00e1bado e conquistou a medalha de bronze no Mundial feminino de v\u00f4lei ap\u00f3s muito sufoco. As brasileiras venceram a It\u00e1lia por 3 sets a 2, parciais de 25-15, 25-13, 22-25, 22-25 e 15-7, e superaram a torcida, que lotou o Mediolanum Forum, em Mil\u00e3o.<\/p>\n<p>A medalha de bronze quase escapou pelas m\u00e3os em uma virada hist\u00f3rica sofrida pelas brasileiras. O time massacrou as rivais no come\u00e7o do duelo, mas caiu muito e sofreu para definir a partida, quase perdendo o jogo.<\/p>\n<p>A torcida, que foi um g\u00e1s especial para as italianas nesta reta final, fez uma linda festa mais uma vez. Apesar de ter ca\u00eddo muito quando o Brasil abriu vantagem, eles cresceram junto com o time e fizeram muito barulho no gin\u00e1sio.<\/p>\n<p>Apesar de ter ficado com o terceiro lugar, o Brasil termina o torneio com a melhor campanha. A sele\u00e7\u00e3o brasileira foi a \u00fanica a perder apenas um jogo.<\/p>\n<blockquote><p>Quem esperava um in\u00edcio de jogo abatido do Brasil acabou se surpreendendo. As atletas mostraram que digeriram bem a derrota para os EUA e entraram em quadra dispostas a n\u00e3o dar chances para a It\u00e1lia. Na primeira parada t\u00e9cnica, a sele\u00e7\u00e3o j\u00e1 tinha o dobro de pontos das italianas. Quando a diferen\u00e7a ficou grande, o treinador Marco Bonitta colocou Francesca Piccinini em quadra. Mas, nem a experi\u00eancia da jogadora parou um Brasil quase perfeito no ataque, defesa e bloqueio. Assim, ficou f\u00e1cil definir o primeiro set com dez pontos de vantagem.<\/p><\/blockquote>\n<p>A tranquilidade do primeiro set n\u00e3o apareceu no segundo. O jogo foi equilibrado durante todo o seu come\u00e7o, o que fez com que o gin\u00e1sio come\u00e7asse a gritar a cada ponto italiano. O Brasil s\u00f3 conseguiu uma pequena vantagem gra\u00e7as a Dani Lins, que fez dois pontos seguidos, em uma bola de segunda e um bloqueio. Os pontos da levantadora desmontaram a sele\u00e7\u00e3o italiana que estacionou no 11\u00ba ponto enquanto a sele\u00e7\u00e3o brasileira pontuava em sequ\u00eancia, foram 14 bolas brasileiras at\u00e9 que a It\u00e1lia conseguisse rodar. A\u00ed j\u00e1 era tarde e a equipe de Z\u00e9 Roberto definiu a parcial em 25-13.<\/p>\n<p>Carregadas pela jovem Diouf, a It\u00e1lia teve no terceiro set seu melhor in\u00edcio em uma parcial nesta partida. As italianas at\u00e9 chegaram a abrir uma boa vantagem, que chegaram \u00e0 segunda parada com cinco pontos \u00e0 frente. Neste momento, o Brasil voltou a crescer no jogo e pontuou em sequ\u00eancia at\u00e9 encostar no placar. Mas a rea\u00e7\u00e3o foi insuficiente, pois a parcial acabou vencida pelas italianas em uma bola explorada no bloqueio de Dani Lins.<\/p>\n<p>O quarto set come\u00e7ou melhor para o Brasil, gra\u00e7as a Sheilla. Dois aces e um saque que quebrou completamente o passe advers\u00e1rio colocaram a sele\u00e7\u00e3o com uma boa vantagem. Mas a diferen\u00e7a constru\u00edda foi toda reduzida logo na sequ\u00eancia com as italianas at\u00e9 virando o placar. Um lance curioso chamou aten\u00e7\u00e3o na quadra. A arbitragem ficou na d\u00favida sobre se uma bola teria batido no ch\u00e3o ou no p\u00e9 de Diouf e mandou a jogada voltar ap\u00f3s marcar ponto brasileiro.<\/p>\n<p>O Brasil voltou a reagir em quadra no come\u00e7o do set decisivo. Quando a equipe deu a impress\u00e3o de que perderia a medalha, elas cresceram de novo na partida e n\u00e3o deram nenhuma chance para as italianas no tie-break. Fe Garay foi a respons\u00e1vel por definir o duelo.<\/p>\n","protected":false},"excerpt":{"rendered":"<p>O Brasil conseguiu se recuperar da derrota para os Estados Unidos no \u00faltimo s\u00e1bado e conquistou a medalha de bronze no Mundial feminino de v\u00f4lei ap\u00f3s muito sufoco. As brasileiras venceram a It\u00e1lia por 3 sets a 2, parciais de 25-15, 25-13, 22-25, 22-25 e 15-7, e superaram a torcida, que lotou o Mediolanum Forum, [&hellip;]<\/p>\n","protected":false},"author":2,"featured_media":24707,"comment_status":"open","ping_status":"closed","sticky":false,"template":"","format":"standard","meta":{"_acf_changed":false,"footnotes":""},"categories":[19,30],"tags":[],"class_list":["post-24706","post","type-post","status-publish","format-standard","has-post-thumbnail","hentry","category-esportes","category-volei"],"acf":[],"yoast_head":"<!-- This site is optimized with the Yoast SEO plugin v27.5 - https:\/\/yoast.com\/product\/yoast-seo-wordpress\/ -->\n<title>Brasil vence It\u00e1lia e fica em 3\u00ba no Mundial Feminino de V\u00f4lei - Notibras<\/title>\n<meta name=\"robots\" content=\"index, follow, max-snippet:-1, max-image-preview:large, max-video-preview:-1\" \/>\n<link rel=\"canonical\" href=\"https:\/\/www.notibras.com\/site\/brasil-vence-italia-e-fica-em-terceiro-no-mundial-feminino-de-volei\/\" \/>\n<meta property=\"og:locale\" content=\"pt_BR\" \/>\n<meta property=\"og:type\" content=\"article\" \/>\n<meta property=\"og:title\" content=\"Brasil vence It\u00e1lia e fica em 3\u00ba no Mundial Feminino de V\u00f4lei - Notibras\" \/>\n<meta property=\"og:description\" content=\"O Brasil conseguiu se recuperar da derrota para os Estados Unidos no \u00faltimo s\u00e1bado e conquistou a medalha de bronze no Mundial feminino de v\u00f4lei ap\u00f3s muito sufoco. As brasileiras venceram a It\u00e1lia por 3 sets a 2, parciais de 25-15, 25-13, 22-25, 22-25 e 15-7, e superaram a torcida, que lotou o Mediolanum Forum, [&hellip;]\" \/>\n<meta property=\"og:url\" content=\"https:\/\/www.notibras.com\/site\/brasil-vence-italia-e-fica-em-terceiro-no-mundial-feminino-de-volei\/\" \/>\n<meta property=\"og:site_name\" content=\"Notibras\" \/>\n<meta property=\"article:publisher\" content=\"https:\/\/www.facebook.com\/notibras\/\" \/>\n<meta property=\"article:published_time\" content=\"2014-10-12T20:52:02+00:00\" \/>\n<meta property=\"article:modified_time\" content=\"2014-10-12T21:33:56+00:00\" \/>\n<meta property=\"og:image\" content=\"https:\/\/www.notibras.com\/site\/wp-content\/uploads\/2014\/10\/vol_brasil_comemoracao_ap_95.jpg\" \/>\n\t<meta property=\"og:image:width\" content=\"690\" \/>\n\t<meta property=\"og:image:height\" content=\"470\" \/>\n\t<meta property=\"og:image:type\" content=\"image\/jpeg\" \/>\n<meta name=\"author\" content=\"Reda\u00e7\u00e3o\" \/>\n<meta name=\"twitter:card\" content=\"summary_large_image\" \/>\n<meta name=\"twitter:creator\" content=\"@Notibras\" \/>\n<meta name=\"twitter:site\" content=\"@Notibras\" \/>\n<meta name=\"twitter:label1\" content=\"Escrito por\" \/>\n\t<meta name=\"twitter:data1\" content=\"Reda\u00e7\u00e3o\" \/>\n\t<meta name=\"twitter:label2\" content=\"Est. tempo de leitura\" \/>\n\t<meta name=\"twitter:data2\" content=\"3 minutos\" \/>\n<script type=\"application\/ld+json\" class=\"yoast-schema-graph\">{\"@context\":\"https:\\\/\\\/schema.org\",\"@graph\":[{\"@type\":\"Article\",\"@id\":\"https:\\\/\\\/www.notibras.com\\\/site\\\/brasil-vence-italia-e-fica-em-terceiro-no-mundial-feminino-de-volei\\\/#article\",\"isPartOf\":{\"@id\":\"https:\\\/\\\/www.notibras.com\\\/site\\\/brasil-vence-italia-e-fica-em-terceiro-no-mundial-feminino-de-volei\\\/\"},\"author\":{\"name\":\"Reda\u00e7\u00e3o\",\"@id\":\"https:\\\/\\\/www.notibras.com\\\/site\\\/#\\\/schema\\\/person\\\/36ab0979449956132d3e5b517ea76ac8\"},\"headline\":\"Brasil vence It\u00e1lia e fica em 3\u00ba no Mundial Feminino de V\u00f4lei\",\"datePublished\":\"2014-10-12T20:52:02+00:00\",\"dateModified\":\"2014-10-12T21:33:56+00:00\",\"mainEntityOfPage\":{\"@id\":\"https:\\\/\\\/www.notibras.com\\\/site\\\/brasil-vence-italia-e-fica-em-terceiro-no-mundial-feminino-de-volei\\\/\"},\"wordCount\":614,\"commentCount\":0,\"publisher\":{\"@id\":\"https:\\\/\\\/www.notibras.com\\\/site\\\/#organization\"},\"image\":{\"@id\":\"https:\\\/\\\/www.notibras.com\\\/site\\\/brasil-vence-italia-e-fica-em-terceiro-no-mundial-feminino-de-volei\\\/#primaryimage\"},\"thumbnailUrl\":\"https:\\\/\\\/www.notibras.com\\\/site\\\/wp-content\\\/uploads\\\/2014\\\/10\\\/vol_brasil_comemoracao_ap_95.jpg\",\"articleSection\":[\"Esportes\",\"V\u00f4lei\"],\"inLanguage\":\"pt-BR\",\"potentialAction\":[{\"@type\":\"CommentAction\",\"name\":\"Comment\",\"target\":[\"https:\\\/\\\/www.notibras.com\\\/site\\\/brasil-vence-italia-e-fica-em-terceiro-no-mundial-feminino-de-volei\\\/#respond\"]}]},{\"@type\":\"WebPage\",\"@id\":\"https:\\\/\\\/www.notibras.com\\\/site\\\/brasil-vence-italia-e-fica-em-terceiro-no-mundial-feminino-de-volei\\\/\",\"url\":\"https:\\\/\\\/www.notibras.com\\\/site\\\/brasil-vence-italia-e-fica-em-terceiro-no-mundial-feminino-de-volei\\\/\",\"name\":\"Brasil vence It\u00e1lia e fica em 3\u00ba no Mundial Feminino de V\u00f4lei - Notibras\",\"isPartOf\":{\"@id\":\"https:\\\/\\\/www.notibras.com\\\/site\\\/#website\"},\"primaryImageOfPage\":{\"@id\":\"https:\\\/\\\/www.notibras.com\\\/site\\\/brasil-vence-italia-e-fica-em-terceiro-no-mundial-feminino-de-volei\\\/#primaryimage\"},\"image\":{\"@id\":\"https:\\\/\\\/www.notibras.com\\\/site\\\/brasil-vence-italia-e-fica-em-terceiro-no-mundial-feminino-de-volei\\\/#primaryimage\"},\"thumbnailUrl\":\"https:\\\/\\\/www.notibras.com\\\/site\\\/wp-content\\\/uploads\\\/2014\\\/10\\\/vol_brasil_comemoracao_ap_95.jpg\",\"datePublished\":\"2014-10-12T20:52:02+00:00\",\"dateModified\":\"2014-10-12T21:33:56+00:00\",\"breadcrumb\":{\"@id\":\"https:\\\/\\\/www.notibras.com\\\/site\\\/brasil-vence-italia-e-fica-em-terceiro-no-mundial-feminino-de-volei\\\/#breadcrumb\"},\"inLanguage\":\"pt-BR\",\"potentialAction\":[{\"@type\":\"ReadAction\",\"target\":[\"https:\\\/\\\/www.notibras.com\\\/site\\\/brasil-vence-italia-e-fica-em-terceiro-no-mundial-feminino-de-volei\\\/\"]}]},{\"@type\":\"ImageObject\",\"inLanguage\":\"pt-BR\",\"@id\":\"https:\\\/\\\/www.notibras.com\\\/site\\\/brasil-vence-italia-e-fica-em-terceiro-no-mundial-feminino-de-volei\\\/#primaryimage\",\"url\":\"https:\\\/\\\/www.notibras.com\\\/site\\\/wp-content\\\/uploads\\\/2014\\\/10\\\/vol_brasil_comemoracao_ap_95.jpg\",\"contentUrl\":\"https:\\\/\\\/www.notibras.com\\\/site\\\/wp-content\\\/uploads\\\/2014\\\/10\\\/vol_brasil_comemoracao_ap_95.jpg\",\"width\":690,\"height\":470},{\"@type\":\"BreadcrumbList\",\"@id\":\"https:\\\/\\\/www.notibras.com\\\/site\\\/brasil-vence-italia-e-fica-em-terceiro-no-mundial-feminino-de-volei\\\/#breadcrumb\",\"itemListElement\":[{\"@type\":\"ListItem\",\"position\":1,\"name\":\"In\u00edcio\",\"item\":\"https:\\\/\\\/www.notibras.com\\\/site\\\/\"},{\"@type\":\"ListItem\",\"position\":2,\"name\":\"Brasil vence It\u00e1lia e fica em 3\u00ba no Mundial Feminino de V\u00f4lei\"}]},{\"@type\":\"WebSite\",\"@id\":\"https:\\\/\\\/www.notibras.com\\\/site\\\/#website\",\"url\":\"https:\\\/\\\/www.notibras.com\\\/site\\\/\",\"name\":\"Notibras\",\"description\":\"Not\u00edcias de Bras\u00edlia, do Brasil e do Mundo\",\"publisher\":{\"@id\":\"https:\\\/\\\/www.notibras.com\\\/site\\\/#organization\"},\"potentialAction\":[{\"@type\":\"SearchAction\",\"target\":{\"@type\":\"EntryPoint\",\"urlTemplate\":\"https:\\\/\\\/www.notibras.com\\\/site\\\/?s={search_term_string}\"},\"query-input\":{\"@type\":\"PropertyValueSpecification\",\"valueRequired\":true,\"valueName\":\"search_term_string\"}}],\"inLanguage\":\"pt-BR\"},{\"@type\":\"Organization\",\"@id\":\"https:\\\/\\\/www.notibras.com\\\/site\\\/#organization\",\"name\":\"Grupo Notibras de Comunica\u00e7\u00e3o\",\"url\":\"https:\\\/\\\/www.notibras.com\\\/site\\\/\",\"logo\":{\"@type\":\"ImageObject\",\"inLanguage\":\"pt-BR\",\"@id\":\"https:\\\/\\\/www.notibras.com\\\/site\\\/#\\\/schema\\\/logo\\\/image\\\/\",\"url\":\"https:\\\/\\\/www.notibras.com\\\/site\\\/wp-content\\\/uploads\\\/2023\\\/01\\\/notibras23.png\",\"contentUrl\":\"https:\\\/\\\/www.notibras.com\\\/site\\\/wp-content\\\/uploads\\\/2023\\\/01\\\/notibras23.png\",\"width\":350,\"height\":87,\"caption\":\"Grupo Notibras de Comunica\u00e7\u00e3o\"},\"image\":{\"@id\":\"https:\\\/\\\/www.notibras.com\\\/site\\\/#\\\/schema\\\/logo\\\/image\\\/\"},\"sameAs\":[\"https:\\\/\\\/www.facebook.com\\\/notibras\\\/\",\"https:\\\/\\\/x.com\\\/Notibras\",\"https:\\\/\\\/www.instagram.com\\\/notibras\\\/\"]},{\"@type\":\"Person\",\"@id\":\"https:\\\/\\\/www.notibras.com\\\/site\\\/#\\\/schema\\\/person\\\/36ab0979449956132d3e5b517ea76ac8\",\"name\":\"Reda\u00e7\u00e3o\",\"image\":{\"@type\":\"ImageObject\",\"inLanguage\":\"pt-BR\",\"@id\":\"https:\\\/\\\/secure.gravatar.com\\\/avatar\\\/e0a867bdedb85fd243eadf09663511f96fc81e0720a4a42581f334ad4303aa6b?s=96&d=mm&r=g\",\"url\":\"https:\\\/\\\/secure.gravatar.com\\\/avatar\\\/e0a867bdedb85fd243eadf09663511f96fc81e0720a4a42581f334ad4303aa6b?s=96&d=mm&r=g\",\"contentUrl\":\"https:\\\/\\\/secure.gravatar.com\\\/avatar\\\/e0a867bdedb85fd243eadf09663511f96fc81e0720a4a42581f334ad4303aa6b?s=96&d=mm&r=g\",\"caption\":\"Reda\u00e7\u00e3o\"}}]}<\/script>\n<!-- \/ Yoast SEO plugin. -->","yoast_head_json":{"title":"Brasil vence It\u00e1lia e fica em 3\u00ba no Mundial Feminino de V\u00f4lei - Notibras","robots":{"index":"index","follow":"follow","max-snippet":"max-snippet:-1","max-image-preview":"max-image-preview:large","max-video-preview":"max-video-preview:-1"},"canonical":"https:\/\/www.notibras.com\/site\/brasil-vence-italia-e-fica-em-terceiro-no-mundial-feminino-de-volei\/","og_locale":"pt_BR","og_type":"article","og_title":"Brasil vence It\u00e1lia e fica em 3\u00ba no Mundial Feminino de V\u00f4lei - Notibras","og_description":"O Brasil conseguiu se recuperar da derrota para os Estados Unidos no \u00faltimo s\u00e1bado e conquistou a medalha de bronze no Mundial feminino de v\u00f4lei ap\u00f3s muito sufoco. As brasileiras venceram a It\u00e1lia por 3 sets a 2, parciais de 25-15, 25-13, 22-25, 22-25 e 15-7, e superaram a torcida, que lotou o Mediolanum Forum, [&hellip;]","og_url":"https:\/\/www.notibras.com\/site\/brasil-vence-italia-e-fica-em-terceiro-no-mundial-feminino-de-volei\/","og_site_name":"Notibras","article_publisher":"https:\/\/www.facebook.com\/notibras\/","article_published_time":"2014-10-12T20:52:02+00:00","article_modified_time":"2014-10-12T21:33:56+00:00","og_image":[{"width":690,"height":470,"url":"https:\/\/www.notibras.com\/site\/wp-content\/uploads\/2014\/10\/vol_brasil_comemoracao_ap_95.jpg","type":"image\/jpeg"}],"author":"Reda\u00e7\u00e3o","twitter_card":"summary_large_image","twitter_creator":"@Notibras","twitter_site":"@Notibras","twitter_misc":{"Escrito por":"Reda\u00e7\u00e3o","Est. tempo de leitura":"3 minutos"},"schema":{"@context":"https:\/\/schema.org","@graph":[{"@type":"Article","@id":"https:\/\/www.notibras.com\/site\/brasil-vence-italia-e-fica-em-terceiro-no-mundial-feminino-de-volei\/#article","isPartOf":{"@id":"https:\/\/www.notibras.com\/site\/brasil-vence-italia-e-fica-em-terceiro-no-mundial-feminino-de-volei\/"},"author":{"name":"Reda\u00e7\u00e3o","@id":"https:\/\/www.notibras.com\/site\/#\/schema\/person\/36ab0979449956132d3e5b517ea76ac8"},"headline":"Brasil vence It\u00e1lia e fica em 3\u00ba no Mundial Feminino de V\u00f4lei","datePublished":"2014-10-12T20:52:02+00:00","dateModified":"2014-10-12T21:33:56+00:00","mainEntityOfPage":{"@id":"https:\/\/www.notibras.com\/site\/brasil-vence-italia-e-fica-em-terceiro-no-mundial-feminino-de-volei\/"},"wordCount":614,"commentCount":0,"publisher":{"@id":"https:\/\/www.notibras.com\/site\/#organization"},"image":{"@id":"https:\/\/www.notibras.com\/site\/brasil-vence-italia-e-fica-em-terceiro-no-mundial-feminino-de-volei\/#primaryimage"},"thumbnailUrl":"https:\/\/www.notibras.com\/site\/wp-content\/uploads\/2014\/10\/vol_brasil_comemoracao_ap_95.jpg","articleSection":["Esportes","V\u00f4lei"],"inLanguage":"pt-BR","potentialAction":[{"@type":"CommentAction","name":"Comment","target":["https:\/\/www.notibras.com\/site\/brasil-vence-italia-e-fica-em-terceiro-no-mundial-feminino-de-volei\/#respond"]}]},{"@type":"WebPage","@id":"https:\/\/www.notibras.com\/site\/brasil-vence-italia-e-fica-em-terceiro-no-mundial-feminino-de-volei\/","url":"https:\/\/www.notibras.com\/site\/brasil-vence-italia-e-fica-em-terceiro-no-mundial-feminino-de-volei\/","name":"Brasil vence It\u00e1lia e fica em 3\u00ba no Mundial Feminino de V\u00f4lei - Notibras","isPartOf":{"@id":"https:\/\/www.notibras.com\/site\/#website"},"primaryImageOfPage":{"@id":"https:\/\/www.notibras.com\/site\/brasil-vence-italia-e-fica-em-terceiro-no-mundial-feminino-de-volei\/#primaryimage"},"image":{"@id":"https:\/\/www.notibras.com\/site\/brasil-vence-italia-e-fica-em-terceiro-no-mundial-feminino-de-volei\/#primaryimage"},"thumbnailUrl":"https:\/\/www.notibras.com\/site\/wp-content\/uploads\/2014\/10\/vol_brasil_comemoracao_ap_95.jpg","datePublished":"2014-10-12T20:52:02+00:00","dateModified":"2014-10-12T21:33:56+00:00","breadcrumb":{"@id":"https:\/\/www.notibras.com\/site\/brasil-vence-italia-e-fica-em-terceiro-no-mundial-feminino-de-volei\/#breadcrumb"},"inLanguage":"pt-BR","potentialAction":[{"@type":"ReadAction","target":["https:\/\/www.notibras.com\/site\/brasil-vence-italia-e-fica-em-terceiro-no-mundial-feminino-de-volei\/"]}]},{"@type":"ImageObject","inLanguage":"pt-BR","@id":"https:\/\/www.notibras.com\/site\/brasil-vence-italia-e-fica-em-terceiro-no-mundial-feminino-de-volei\/#primaryimage","url":"https:\/\/www.notibras.com\/site\/wp-content\/uploads\/2014\/10\/vol_brasil_comemoracao_ap_95.jpg","contentUrl":"https:\/\/www.notibras.com\/site\/wp-content\/uploads\/2014\/10\/vol_brasil_comemoracao_ap_95.jpg","width":690,"height":470},{"@type":"BreadcrumbList","@id":"https:\/\/www.notibras.com\/site\/brasil-vence-italia-e-fica-em-terceiro-no-mundial-feminino-de-volei\/#breadcrumb","itemListElement":[{"@type":"ListItem","position":1,"name":"In\u00edcio","item":"https:\/\/www.notibras.com\/site\/"},{"@type":"ListItem","position":2,"name":"Brasil vence It\u00e1lia e fica em 3\u00ba no Mundial Feminino de V\u00f4lei"}]},{"@type":"WebSite","@id":"https:\/\/www.notibras.com\/site\/#website","url":"https:\/\/www.notibras.com\/site\/","name":"Notibras","description":"Not\u00edcias de Bras\u00edlia, do Brasil e do Mundo","publisher":{"@id":"https:\/\/www.notibras.com\/site\/#organization"},"potentialAction":[{"@type":"SearchAction","target":{"@type":"EntryPoint","urlTemplate":"https:\/\/www.notibras.com\/site\/?s={search_term_string}"},"query-input":{"@type":"PropertyValueSpecification","valueRequired":true,"valueName":"search_term_string"}}],"inLanguage":"pt-BR"},{"@type":"Organization","@id":"https:\/\/www.notibras.com\/site\/#organization","name":"Grupo Notibras de Comunica\u00e7\u00e3o","url":"https:\/\/www.notibras.com\/site\/","logo":{"@type":"ImageObject","inLanguage":"pt-BR","@id":"https:\/\/www.notibras.com\/site\/#\/schema\/logo\/image\/","url":"https:\/\/www.notibras.com\/site\/wp-content\/uploads\/2023\/01\/notibras23.png","contentUrl":"https:\/\/www.notibras.com\/site\/wp-content\/uploads\/2023\/01\/notibras23.png","width":350,"height":87,"caption":"Grupo Notibras de Comunica\u00e7\u00e3o"},"image":{"@id":"https:\/\/www.notibras.com\/site\/#\/schema\/logo\/image\/"},"sameAs":["https:\/\/www.facebook.com\/notibras\/","https:\/\/x.com\/Notibras","https:\/\/www.instagram.com\/notibras\/"]},{"@type":"Person","@id":"https:\/\/www.notibras.com\/site\/#\/schema\/person\/36ab0979449956132d3e5b517ea76ac8","name":"Reda\u00e7\u00e3o","image":{"@type":"ImageObject","inLanguage":"pt-BR","@id":"https:\/\/secure.gravatar.com\/avatar\/e0a867bdedb85fd243eadf09663511f96fc81e0720a4a42581f334ad4303aa6b?s=96&d=mm&r=g","url":"https:\/\/secure.gravatar.com\/avatar\/e0a867bdedb85fd243eadf09663511f96fc81e0720a4a42581f334ad4303aa6b?s=96&d=mm&r=g","contentUrl":"https:\/\/secure.gravatar.com\/avatar\/e0a867bdedb85fd243eadf09663511f96fc81e0720a4a42581f334ad4303aa6b?s=96&d=mm&r=g","caption":"Reda\u00e7\u00e3o"}}]}},"amp_enabled":true,"_links":{"self":[{"href":"https:\/\/www.notibras.com\/site\/wp-json\/wp\/v2\/posts\/24706","targetHints":{"allow":["GET"]}}],"collection":[{"href":"https:\/\/www.notibras.com\/site\/wp-json\/wp\/v2\/posts"}],"about":[{"href":"https:\/\/www.notibras.com\/site\/wp-json\/wp\/v2\/types\/post"}],"author":[{"embeddable":true,"href":"https:\/\/www.notibras.com\/site\/wp-json\/wp\/v2\/users\/2"}],"replies":[{"embeddable":true,"href":"https:\/\/www.notibras.com\/site\/wp-json\/wp\/v2\/comments?post=24706"}],"version-history":[{"count":0,"href":"https:\/\/www.notibras.com\/site\/wp-json\/wp\/v2\/posts\/24706\/revisions"}],"wp:featuredmedia":[{"embeddable":true,"href":"https:\/\/www.notibras.com\/site\/wp-json\/wp\/v2\/media\/24707"}],"wp:attachment":[{"href":"https:\/\/www.notibras.com\/site\/wp-json\/wp\/v2\/media?parent=24706"}],"wp:term":[{"taxonomy":"category","embeddable":true,"href":"https:\/\/www.notibras.com\/site\/wp-json\/wp\/v2\/categories?post=24706"},{"taxonomy":"post_tag","embeddable":true,"href":"https:\/\/www.notibras.com\/site\/wp-json\/wp\/v2\/tags?post=24706"}],"curies":[{"name":"wp","href":"https:\/\/api.w.org\/{rel}","templated":true}]}}