{"id":24763,"date":"2014-10-12T18:33:08","date_gmt":"2014-10-12T21:33:08","guid":{"rendered":"http:\/\/www.notibras.com\/site\/?p=24763"},"modified":"2014-10-13T10:35:25","modified_gmt":"2014-10-13T13:35:25","slug":"fieis-celebram-dia-de-nossa-senhora-aparecida-com-missa-na-esplanada","status":"publish","type":"post","link":"https:\/\/www.notibras.com\/site\/fieis-celebram-dia-de-nossa-senhora-aparecida-com-missa-na-esplanada\/","title":{"rendered":"Fi\u00e9is celebram dia de Nossa Senhora com missa na Esplanada"},"content":{"rendered":"<p>A arquidiocese de Bras\u00edlia celebrou missa de Nossa Senhora Aparecida na tarde deste domingo (12) na Esplanada dos Minist\u00e9rios. O evento reuniu milhares de pessoas no gramado central entre a Catedral Metropolitana e o Congresso Nacional. A organiza\u00e7\u00e3o do evento esperava cerca de 80 ml pessoas.<\/p>\n<p>A missa, rezada pelo arcebispo de Bras\u00edlia, dom Sergio da Rocha, foi uma das atividades programadas nos festejos do dia de Nossa Senhora, padroeira do Brasil. As celebra\u00e7\u00f5es tiveram in\u00edcio \u00e0s 9h, com uma missa voltada para crian\u00e7as na Catedral.<\/p>\n<p>\u00c0s 13h, cat\u00f3licos se dedicaram \u00e0s ora\u00e7\u00f5es marianas e medita\u00e7\u00e3o com ros\u00e1rio. Grupos de v\u00e1rias par\u00f3quias do Distrito Federal e da Arquidiocese prepararam ainda uma homenagem \u00e0 padroeira.<\/p>\n<p>\u00c0s 16h45, cl\u00e9rigos sa\u00edram da Catedral em dire\u00e7\u00e3o ao local da celebra\u00e7\u00e3o da missa, que j\u00e1 tinha uma grande concentra\u00e7\u00e3o de fi\u00e9is.<\/p>\n<p>Depois da missa que teve in\u00edcio \u00e0s 17h na Esplanada, os fi\u00e9is fariam uma prociss\u00e3o pela Esplanada. Durante a prociss\u00e3o, tr\u00eas b\u00ean\u00e7\u00e3os especiais seriam concedidas: pelos doentes, pelos governantes e pelas fam\u00edlias.<\/p>\n<blockquote><p>Em quase todas as igrejas cat\u00f3licas do Distrto Federal houve eventos e celebra\u00e7\u00f5es do dia da padroeira. A programa\u00e7\u00e3o dos festejos foi definida pela par\u00f3quias.<\/p><\/blockquote>\n","protected":false},"excerpt":{"rendered":"<p>A arquidiocese de Bras\u00edlia celebrou missa de Nossa Senhora Aparecida na tarde deste domingo (12) na Esplanada dos Minist\u00e9rios. O evento reuniu milhares de pessoas no gramado central entre a Catedral Metropolitana e o Congresso Nacional. A organiza\u00e7\u00e3o do evento esperava cerca de 80 ml pessoas. A missa, rezada pelo arcebispo de Bras\u00edlia, dom Sergio [&hellip;]<\/p>\n","protected":false},"author":1,"featured_media":24764,"comment_status":"open","ping_status":"closed","sticky":false,"template":"","format":"standard","meta":{"_acf_changed":false,"footnotes":""},"categories":[1],"tags":[],"class_list":["post-24763","post","type-post","status-publish","format-standard","has-post-thumbnail","hentry","category-brasilia"],"acf":[],"yoast_head":"<!-- This site is optimized with the Yoast SEO plugin v27.5 - https:\/\/yoast.com\/product\/yoast-seo-wordpress\/ -->\n<title>Fi\u00e9is celebram dia de Nossa Senhora com missa na Esplanada - Notibras<\/title>\n<meta name=\"robots\" content=\"index, follow, max-snippet:-1, max-image-preview:large, max-video-preview:-1\" \/>\n<link rel=\"canonical\" href=\"https:\/\/www.notibras.com\/site\/fieis-celebram-dia-de-nossa-senhora-aparecida-com-missa-na-esplanada\/\" \/>\n<meta property=\"og:locale\" content=\"pt_BR\" \/>\n<meta property=\"og:type\" content=\"article\" \/>\n<meta property=\"og:title\" content=\"Fi\u00e9is celebram dia de Nossa Senhora com missa na Esplanada - Notibras\" \/>\n<meta property=\"og:description\" content=\"A arquidiocese de Bras\u00edlia celebrou missa de Nossa Senhora Aparecida na tarde deste domingo (12) na Esplanada dos Minist\u00e9rios. O evento reuniu milhares de pessoas no gramado central entre a Catedral Metropolitana e o Congresso Nacional. A organiza\u00e7\u00e3o do evento esperava cerca de 80 ml pessoas. A missa, rezada pelo arcebispo de Bras\u00edlia, dom Sergio [&hellip;]\" \/>\n<meta property=\"og:url\" content=\"https:\/\/www.notibras.com\/site\/fieis-celebram-dia-de-nossa-senhora-aparecida-com-missa-na-esplanada\/\" \/>\n<meta property=\"og:site_name\" content=\"Notibras\" \/>\n<meta property=\"article:publisher\" content=\"https:\/\/www.facebook.com\/notibras\/\" \/>\n<meta property=\"article:published_time\" content=\"2014-10-12T21:33:08+00:00\" \/>\n<meta property=\"article:modified_time\" content=\"2014-10-13T13:35:25+00:00\" \/>\n<meta property=\"og:image\" content=\"https:\/\/www.notibras.com\/site\/wp-content\/uploads\/2014\/10\/Sem-t\u00edtulo-15.jpg\" \/>\n\t<meta property=\"og:image:width\" content=\"620\" \/>\n\t<meta property=\"og:image:height\" content=\"465\" \/>\n\t<meta property=\"og:image:type\" content=\"image\/jpeg\" \/>\n<meta name=\"author\" content=\"Reda\u00e7\u00e3o\" \/>\n<meta name=\"twitter:card\" content=\"summary_large_image\" \/>\n<meta name=\"twitter:creator\" content=\"@Notibras\" \/>\n<meta name=\"twitter:site\" content=\"@Notibras\" \/>\n<meta name=\"twitter:label1\" content=\"Escrito por\" \/>\n\t<meta name=\"twitter:data1\" content=\"Reda\u00e7\u00e3o\" \/>\n\t<meta name=\"twitter:label2\" content=\"Est. tempo de leitura\" \/>\n\t<meta name=\"twitter:data2\" content=\"1 minuto\" \/>\n<script type=\"application\/ld+json\" class=\"yoast-schema-graph\">{\"@context\":\"https:\\\/\\\/schema.org\",\"@graph\":[{\"@type\":\"Article\",\"@id\":\"https:\\\/\\\/www.notibras.com\\\/site\\\/fieis-celebram-dia-de-nossa-senhora-aparecida-com-missa-na-esplanada\\\/#article\",\"isPartOf\":{\"@id\":\"https:\\\/\\\/www.notibras.com\\\/site\\\/fieis-celebram-dia-de-nossa-senhora-aparecida-com-missa-na-esplanada\\\/\"},\"author\":{\"name\":\"Reda\u00e7\u00e3o\",\"@id\":\"https:\\\/\\\/www.notibras.com\\\/site\\\/#\\\/schema\\\/person\\\/00b8e1aa08f9ef6563e878c5159d01cf\"},\"headline\":\"Fi\u00e9is celebram dia de Nossa Senhora com missa na Esplanada\",\"datePublished\":\"2014-10-12T21:33:08+00:00\",\"dateModified\":\"2014-10-13T13:35:25+00:00\",\"mainEntityOfPage\":{\"@id\":\"https:\\\/\\\/www.notibras.com\\\/site\\\/fieis-celebram-dia-de-nossa-senhora-aparecida-com-missa-na-esplanada\\\/\"},\"wordCount\":232,\"commentCount\":0,\"publisher\":{\"@id\":\"https:\\\/\\\/www.notibras.com\\\/site\\\/#organization\"},\"image\":{\"@id\":\"https:\\\/\\\/www.notibras.com\\\/site\\\/fieis-celebram-dia-de-nossa-senhora-aparecida-com-missa-na-esplanada\\\/#primaryimage\"},\"thumbnailUrl\":\"https:\\\/\\\/www.notibras.com\\\/site\\\/wp-content\\\/uploads\\\/2014\\\/10\\\/Sem-t\u00edtulo-15.jpg\",\"articleSection\":[\"Bras\u00edlia\"],\"inLanguage\":\"pt-BR\",\"potentialAction\":[{\"@type\":\"CommentAction\",\"name\":\"Comment\",\"target\":[\"https:\\\/\\\/www.notibras.com\\\/site\\\/fieis-celebram-dia-de-nossa-senhora-aparecida-com-missa-na-esplanada\\\/#respond\"]}]},{\"@type\":\"WebPage\",\"@id\":\"https:\\\/\\\/www.notibras.com\\\/site\\\/fieis-celebram-dia-de-nossa-senhora-aparecida-com-missa-na-esplanada\\\/\",\"url\":\"https:\\\/\\\/www.notibras.com\\\/site\\\/fieis-celebram-dia-de-nossa-senhora-aparecida-com-missa-na-esplanada\\\/\",\"name\":\"Fi\u00e9is celebram dia de Nossa Senhora com missa na Esplanada - Notibras\",\"isPartOf\":{\"@id\":\"https:\\\/\\\/www.notibras.com\\\/site\\\/#website\"},\"primaryImageOfPage\":{\"@id\":\"https:\\\/\\\/www.notibras.com\\\/site\\\/fieis-celebram-dia-de-nossa-senhora-aparecida-com-missa-na-esplanada\\\/#primaryimage\"},\"image\":{\"@id\":\"https:\\\/\\\/www.notibras.com\\\/site\\\/fieis-celebram-dia-de-nossa-senhora-aparecida-com-missa-na-esplanada\\\/#primaryimage\"},\"thumbnailUrl\":\"https:\\\/\\\/www.notibras.com\\\/site\\\/wp-content\\\/uploads\\\/2014\\\/10\\\/Sem-t\u00edtulo-15.jpg\",\"datePublished\":\"2014-10-12T21:33:08+00:00\",\"dateModified\":\"2014-10-13T13:35:25+00:00\",\"breadcrumb\":{\"@id\":\"https:\\\/\\\/www.notibras.com\\\/site\\\/fieis-celebram-dia-de-nossa-senhora-aparecida-com-missa-na-esplanada\\\/#breadcrumb\"},\"inLanguage\":\"pt-BR\",\"potentialAction\":[{\"@type\":\"ReadAction\",\"target\":[\"https:\\\/\\\/www.notibras.com\\\/site\\\/fieis-celebram-dia-de-nossa-senhora-aparecida-com-missa-na-esplanada\\\/\"]}]},{\"@type\":\"ImageObject\",\"inLanguage\":\"pt-BR\",\"@id\":\"https:\\\/\\\/www.notibras.com\\\/site\\\/fieis-celebram-dia-de-nossa-senhora-aparecida-com-missa-na-esplanada\\\/#primaryimage\",\"url\":\"https:\\\/\\\/www.notibras.com\\\/site\\\/wp-content\\\/uploads\\\/2014\\\/10\\\/Sem-t\u00edtulo-15.jpg\",\"contentUrl\":\"https:\\\/\\\/www.notibras.com\\\/site\\\/wp-content\\\/uploads\\\/2014\\\/10\\\/Sem-t\u00edtulo-15.jpg\",\"width\":620,\"height\":465},{\"@type\":\"BreadcrumbList\",\"@id\":\"https:\\\/\\\/www.notibras.com\\\/site\\\/fieis-celebram-dia-de-nossa-senhora-aparecida-com-missa-na-esplanada\\\/#breadcrumb\",\"itemListElement\":[{\"@type\":\"ListItem\",\"position\":1,\"name\":\"In\u00edcio\",\"item\":\"https:\\\/\\\/www.notibras.com\\\/site\\\/\"},{\"@type\":\"ListItem\",\"position\":2,\"name\":\"Fi\u00e9is celebram dia de Nossa Senhora com missa na Esplanada\"}]},{\"@type\":\"WebSite\",\"@id\":\"https:\\\/\\\/www.notibras.com\\\/site\\\/#website\",\"url\":\"https:\\\/\\\/www.notibras.com\\\/site\\\/\",\"name\":\"Notibras\",\"description\":\"Not\u00edcias de Bras\u00edlia, do Brasil e do Mundo\",\"publisher\":{\"@id\":\"https:\\\/\\\/www.notibras.com\\\/site\\\/#organization\"},\"potentialAction\":[{\"@type\":\"SearchAction\",\"target\":{\"@type\":\"EntryPoint\",\"urlTemplate\":\"https:\\\/\\\/www.notibras.com\\\/site\\\/?s={search_term_string}\"},\"query-input\":{\"@type\":\"PropertyValueSpecification\",\"valueRequired\":true,\"valueName\":\"search_term_string\"}}],\"inLanguage\":\"pt-BR\"},{\"@type\":\"Organization\",\"@id\":\"https:\\\/\\\/www.notibras.com\\\/site\\\/#organization\",\"name\":\"Grupo Notibras de Comunica\u00e7\u00e3o\",\"url\":\"https:\\\/\\\/www.notibras.com\\\/site\\\/\",\"logo\":{\"@type\":\"ImageObject\",\"inLanguage\":\"pt-BR\",\"@id\":\"https:\\\/\\\/www.notibras.com\\\/site\\\/#\\\/schema\\\/logo\\\/image\\\/\",\"url\":\"https:\\\/\\\/www.notibras.com\\\/site\\\/wp-content\\\/uploads\\\/2023\\\/01\\\/notibras23.png\",\"contentUrl\":\"https:\\\/\\\/www.notibras.com\\\/site\\\/wp-content\\\/uploads\\\/2023\\\/01\\\/notibras23.png\",\"width\":350,\"height\":87,\"caption\":\"Grupo Notibras de Comunica\u00e7\u00e3o\"},\"image\":{\"@id\":\"https:\\\/\\\/www.notibras.com\\\/site\\\/#\\\/schema\\\/logo\\\/image\\\/\"},\"sameAs\":[\"https:\\\/\\\/www.facebook.com\\\/notibras\\\/\",\"https:\\\/\\\/x.com\\\/Notibras\",\"https:\\\/\\\/www.instagram.com\\\/notibras\\\/\"]},{\"@type\":\"Person\",\"@id\":\"https:\\\/\\\/www.notibras.com\\\/site\\\/#\\\/schema\\\/person\\\/00b8e1aa08f9ef6563e878c5159d01cf\",\"name\":\"Reda\u00e7\u00e3o\",\"image\":{\"@type\":\"ImageObject\",\"inLanguage\":\"pt-BR\",\"@id\":\"https:\\\/\\\/secure.gravatar.com\\\/avatar\\\/ac5a707d5b47784a5ed426c6e213e201423c750890f64e4c379114dade67dfb9?s=96&d=mm&r=g\",\"url\":\"https:\\\/\\\/secure.gravatar.com\\\/avatar\\\/ac5a707d5b47784a5ed426c6e213e201423c750890f64e4c379114dade67dfb9?s=96&d=mm&r=g\",\"contentUrl\":\"https:\\\/\\\/secure.gravatar.com\\\/avatar\\\/ac5a707d5b47784a5ed426c6e213e201423c750890f64e4c379114dade67dfb9?s=96&d=mm&r=g\",\"caption\":\"Reda\u00e7\u00e3o\"}}]}<\/script>\n<!-- \/ Yoast SEO plugin. -->","yoast_head_json":{"title":"Fi\u00e9is celebram dia de Nossa Senhora com missa na Esplanada - Notibras","robots":{"index":"index","follow":"follow","max-snippet":"max-snippet:-1","max-image-preview":"max-image-preview:large","max-video-preview":"max-video-preview:-1"},"canonical":"https:\/\/www.notibras.com\/site\/fieis-celebram-dia-de-nossa-senhora-aparecida-com-missa-na-esplanada\/","og_locale":"pt_BR","og_type":"article","og_title":"Fi\u00e9is celebram dia de Nossa Senhora com missa na Esplanada - Notibras","og_description":"A arquidiocese de Bras\u00edlia celebrou missa de Nossa Senhora Aparecida na tarde deste domingo (12) na Esplanada dos Minist\u00e9rios. O evento reuniu milhares de pessoas no gramado central entre a Catedral Metropolitana e o Congresso Nacional. A organiza\u00e7\u00e3o do evento esperava cerca de 80 ml pessoas. A missa, rezada pelo arcebispo de Bras\u00edlia, dom Sergio [&hellip;]","og_url":"https:\/\/www.notibras.com\/site\/fieis-celebram-dia-de-nossa-senhora-aparecida-com-missa-na-esplanada\/","og_site_name":"Notibras","article_publisher":"https:\/\/www.facebook.com\/notibras\/","article_published_time":"2014-10-12T21:33:08+00:00","article_modified_time":"2014-10-13T13:35:25+00:00","og_image":[{"width":620,"height":465,"url":"https:\/\/www.notibras.com\/site\/wp-content\/uploads\/2014\/10\/Sem-t\u00edtulo-15.jpg","type":"image\/jpeg"}],"author":"Reda\u00e7\u00e3o","twitter_card":"summary_large_image","twitter_creator":"@Notibras","twitter_site":"@Notibras","twitter_misc":{"Escrito por":"Reda\u00e7\u00e3o","Est. tempo de leitura":"1 minuto"},"schema":{"@context":"https:\/\/schema.org","@graph":[{"@type":"Article","@id":"https:\/\/www.notibras.com\/site\/fieis-celebram-dia-de-nossa-senhora-aparecida-com-missa-na-esplanada\/#article","isPartOf":{"@id":"https:\/\/www.notibras.com\/site\/fieis-celebram-dia-de-nossa-senhora-aparecida-com-missa-na-esplanada\/"},"author":{"name":"Reda\u00e7\u00e3o","@id":"https:\/\/www.notibras.com\/site\/#\/schema\/person\/00b8e1aa08f9ef6563e878c5159d01cf"},"headline":"Fi\u00e9is celebram dia de Nossa Senhora com missa na Esplanada","datePublished":"2014-10-12T21:33:08+00:00","dateModified":"2014-10-13T13:35:25+00:00","mainEntityOfPage":{"@id":"https:\/\/www.notibras.com\/site\/fieis-celebram-dia-de-nossa-senhora-aparecida-com-missa-na-esplanada\/"},"wordCount":232,"commentCount":0,"publisher":{"@id":"https:\/\/www.notibras.com\/site\/#organization"},"image":{"@id":"https:\/\/www.notibras.com\/site\/fieis-celebram-dia-de-nossa-senhora-aparecida-com-missa-na-esplanada\/#primaryimage"},"thumbnailUrl":"https:\/\/www.notibras.com\/site\/wp-content\/uploads\/2014\/10\/Sem-t\u00edtulo-15.jpg","articleSection":["Bras\u00edlia"],"inLanguage":"pt-BR","potentialAction":[{"@type":"CommentAction","name":"Comment","target":["https:\/\/www.notibras.com\/site\/fieis-celebram-dia-de-nossa-senhora-aparecida-com-missa-na-esplanada\/#respond"]}]},{"@type":"WebPage","@id":"https:\/\/www.notibras.com\/site\/fieis-celebram-dia-de-nossa-senhora-aparecida-com-missa-na-esplanada\/","url":"https:\/\/www.notibras.com\/site\/fieis-celebram-dia-de-nossa-senhora-aparecida-com-missa-na-esplanada\/","name":"Fi\u00e9is celebram dia de Nossa Senhora com missa na Esplanada - Notibras","isPartOf":{"@id":"https:\/\/www.notibras.com\/site\/#website"},"primaryImageOfPage":{"@id":"https:\/\/www.notibras.com\/site\/fieis-celebram-dia-de-nossa-senhora-aparecida-com-missa-na-esplanada\/#primaryimage"},"image":{"@id":"https:\/\/www.notibras.com\/site\/fieis-celebram-dia-de-nossa-senhora-aparecida-com-missa-na-esplanada\/#primaryimage"},"thumbnailUrl":"https:\/\/www.notibras.com\/site\/wp-content\/uploads\/2014\/10\/Sem-t\u00edtulo-15.jpg","datePublished":"2014-10-12T21:33:08+00:00","dateModified":"2014-10-13T13:35:25+00:00","breadcrumb":{"@id":"https:\/\/www.notibras.com\/site\/fieis-celebram-dia-de-nossa-senhora-aparecida-com-missa-na-esplanada\/#breadcrumb"},"inLanguage":"pt-BR","potentialAction":[{"@type":"ReadAction","target":["https:\/\/www.notibras.com\/site\/fieis-celebram-dia-de-nossa-senhora-aparecida-com-missa-na-esplanada\/"]}]},{"@type":"ImageObject","inLanguage":"pt-BR","@id":"https:\/\/www.notibras.com\/site\/fieis-celebram-dia-de-nossa-senhora-aparecida-com-missa-na-esplanada\/#primaryimage","url":"https:\/\/www.notibras.com\/site\/wp-content\/uploads\/2014\/10\/Sem-t\u00edtulo-15.jpg","contentUrl":"https:\/\/www.notibras.com\/site\/wp-content\/uploads\/2014\/10\/Sem-t\u00edtulo-15.jpg","width":620,"height":465},{"@type":"BreadcrumbList","@id":"https:\/\/www.notibras.com\/site\/fieis-celebram-dia-de-nossa-senhora-aparecida-com-missa-na-esplanada\/#breadcrumb","itemListElement":[{"@type":"ListItem","position":1,"name":"In\u00edcio","item":"https:\/\/www.notibras.com\/site\/"},{"@type":"ListItem","position":2,"name":"Fi\u00e9is celebram dia de Nossa Senhora com missa na Esplanada"}]},{"@type":"WebSite","@id":"https:\/\/www.notibras.com\/site\/#website","url":"https:\/\/www.notibras.com\/site\/","name":"Notibras","description":"Not\u00edcias de Bras\u00edlia, do Brasil e do Mundo","publisher":{"@id":"https:\/\/www.notibras.com\/site\/#organization"},"potentialAction":[{"@type":"SearchAction","target":{"@type":"EntryPoint","urlTemplate":"https:\/\/www.notibras.com\/site\/?s={search_term_string}"},"query-input":{"@type":"PropertyValueSpecification","valueRequired":true,"valueName":"search_term_string"}}],"inLanguage":"pt-BR"},{"@type":"Organization","@id":"https:\/\/www.notibras.com\/site\/#organization","name":"Grupo Notibras de Comunica\u00e7\u00e3o","url":"https:\/\/www.notibras.com\/site\/","logo":{"@type":"ImageObject","inLanguage":"pt-BR","@id":"https:\/\/www.notibras.com\/site\/#\/schema\/logo\/image\/","url":"https:\/\/www.notibras.com\/site\/wp-content\/uploads\/2023\/01\/notibras23.png","contentUrl":"https:\/\/www.notibras.com\/site\/wp-content\/uploads\/2023\/01\/notibras23.png","width":350,"height":87,"caption":"Grupo Notibras de Comunica\u00e7\u00e3o"},"image":{"@id":"https:\/\/www.notibras.com\/site\/#\/schema\/logo\/image\/"},"sameAs":["https:\/\/www.facebook.com\/notibras\/","https:\/\/x.com\/Notibras","https:\/\/www.instagram.com\/notibras\/"]},{"@type":"Person","@id":"https:\/\/www.notibras.com\/site\/#\/schema\/person\/00b8e1aa08f9ef6563e878c5159d01cf","name":"Reda\u00e7\u00e3o","image":{"@type":"ImageObject","inLanguage":"pt-BR","@id":"https:\/\/secure.gravatar.com\/avatar\/ac5a707d5b47784a5ed426c6e213e201423c750890f64e4c379114dade67dfb9?s=96&d=mm&r=g","url":"https:\/\/secure.gravatar.com\/avatar\/ac5a707d5b47784a5ed426c6e213e201423c750890f64e4c379114dade67dfb9?s=96&d=mm&r=g","contentUrl":"https:\/\/secure.gravatar.com\/avatar\/ac5a707d5b47784a5ed426c6e213e201423c750890f64e4c379114dade67dfb9?s=96&d=mm&r=g","caption":"Reda\u00e7\u00e3o"}}]}},"amp_enabled":true,"_links":{"self":[{"href":"https:\/\/www.notibras.com\/site\/wp-json\/wp\/v2\/posts\/24763","targetHints":{"allow":["GET"]}}],"collection":[{"href":"https:\/\/www.notibras.com\/site\/wp-json\/wp\/v2\/posts"}],"about":[{"href":"https:\/\/www.notibras.com\/site\/wp-json\/wp\/v2\/types\/post"}],"author":[{"embeddable":true,"href":"https:\/\/www.notibras.com\/site\/wp-json\/wp\/v2\/users\/1"}],"replies":[{"embeddable":true,"href":"https:\/\/www.notibras.com\/site\/wp-json\/wp\/v2\/comments?post=24763"}],"version-history":[{"count":0,"href":"https:\/\/www.notibras.com\/site\/wp-json\/wp\/v2\/posts\/24763\/revisions"}],"wp:featuredmedia":[{"embeddable":true,"href":"https:\/\/www.notibras.com\/site\/wp-json\/wp\/v2\/media\/24764"}],"wp:attachment":[{"href":"https:\/\/www.notibras.com\/site\/wp-json\/wp\/v2\/media?parent=24763"}],"wp:term":[{"taxonomy":"category","embeddable":true,"href":"https:\/\/www.notibras.com\/site\/wp-json\/wp\/v2\/categories?post=24763"},{"taxonomy":"post_tag","embeddable":true,"href":"https:\/\/www.notibras.com\/site\/wp-json\/wp\/v2\/tags?post=24763"}],"curies":[{"name":"wp","href":"https:\/\/api.w.org\/{rel}","templated":true}]}}