{"id":24869,"date":"2014-10-14T08:58:40","date_gmt":"2014-10-14T11:58:40","guid":{"rendered":"http:\/\/www.notibras.com\/site\/?p=24869"},"modified":"2014-10-14T08:58:40","modified_gmt":"2014-10-14T11:58:40","slug":"garoto-de-programa-mata-traficante-e-e-preso-na-asa-norte","status":"publish","type":"post","link":"https:\/\/www.notibras.com\/site\/garoto-de-programa-mata-traficante-e-e-preso-na-asa-norte\/","title":{"rendered":"Garoto de programa mata traficante e \u00e9 preso na Asa Norte"},"content":{"rendered":"<div id=\"materia-letra\" class=\"materia-conteudo entry-content\">\n<div>\n<p>Um garoto de programa de 30 anos matou na noite desta segunda-feira (13) um suposto traficante com cinco facadas no peito na quadra 708 Norte, segundo informa\u00e7\u00f5es do G1.<\/p>\n<p>De acordo com testemunhas, a v\u00edtima costumava amea\u00e7ar travestis e prostitutas que ficam na regi\u00e3o. O homem chegou a ser socorrido pelo Corpo de Bombeiros e levado para o Hospital de Base, mas n\u00e3o resistiu aos ferimentos e morreu na unidade de sa\u00fade. O suspeito foi preso.<\/p>\n<blockquote><p>O crime ocorreu por volta de 22h. Namorada do garoto de programa, uma prostituta que n\u00e3o quis se identificar disse que a v\u00edtima os amea\u00e7ava h\u00e1 algum tempo. \u201cDessa vez ele ligou dizendo que ia matar a gente, n\u00e3o foi s\u00f3 gritando como sempre, ele ligou avisando: Eu vou matar voc\u00eas dois hoje\u201d, afirmou.<\/p><\/blockquote>\n<p>O caso \u00e9 investigado pela 5\u00aa Delegacia de Pol\u00edcia. O suspeito vai responder por homic\u00eddio doloso \u2013 quando h\u00e1 a inten\u00e7\u00e3o de matar.<\/p>\n<p>Moradores da regi\u00e3o reclamam da falta de seguran\u00e7a na \u00e1rea e associam o aumento da criminalidade e o tr\u00e1fico de drogas com a prostitui\u00e7\u00e3o. Os encontros acontecem nos apartamentos que ficam em cima das lojas.<\/p>\n<p>\u201c[Estou] Muito preocupado. Sair de casa tem que ficar bastante preocupado, se n\u00e3o \u00e9 capaz de ser roubado, ser assaltado, e por a\u00ed vai\u201d, disse um morador. \u201cA seguran\u00e7a est\u00e1 prec\u00e1ria aqui. \u00c9 dif\u00edcil, de vez enquanto passa a pol\u00edcia aqui, a PM, mas n\u00e3o \u00e9 suficiente\u201d, afirmou outro.<\/p>\n<\/div>\n<\/div>\n","protected":false},"excerpt":{"rendered":"<p>Um garoto de programa de 30 anos matou na noite desta segunda-feira (13) um suposto traficante com cinco facadas no peito na quadra 708 Norte, segundo informa\u00e7\u00f5es do G1. De acordo com testemunhas, a v\u00edtima costumava amea\u00e7ar travestis e prostitutas que ficam na regi\u00e3o. O homem chegou a ser socorrido pelo Corpo de Bombeiros e [&hellip;]<\/p>\n","protected":false},"author":2,"featured_media":24870,"comment_status":"open","ping_status":"closed","sticky":false,"template":"","format":"standard","meta":{"_acf_changed":false,"footnotes":""},"categories":[1],"tags":[],"class_list":["post-24869","post","type-post","status-publish","format-standard","has-post-thumbnail","hentry","category-brasilia"],"acf":[],"yoast_head":"<!-- This site is optimized with the Yoast SEO plugin v27.5 - https:\/\/yoast.com\/product\/yoast-seo-wordpress\/ -->\n<title>Garoto de programa mata traficante e \u00e9 preso na Asa Norte - Notibras<\/title>\n<meta name=\"robots\" content=\"index, follow, max-snippet:-1, max-image-preview:large, max-video-preview:-1\" \/>\n<link rel=\"canonical\" href=\"https:\/\/www.notibras.com\/site\/garoto-de-programa-mata-traficante-e-e-preso-na-asa-norte\/\" \/>\n<meta property=\"og:locale\" content=\"pt_BR\" \/>\n<meta property=\"og:type\" content=\"article\" \/>\n<meta property=\"og:title\" content=\"Garoto de programa mata traficante e \u00e9 preso na Asa Norte - Notibras\" \/>\n<meta property=\"og:description\" content=\"Um garoto de programa de 30 anos matou na noite desta segunda-feira (13) um suposto traficante com cinco facadas no peito na quadra 708 Norte, segundo informa\u00e7\u00f5es do G1. De acordo com testemunhas, a v\u00edtima costumava amea\u00e7ar travestis e prostitutas que ficam na regi\u00e3o. O homem chegou a ser socorrido pelo Corpo de Bombeiros e [&hellip;]\" \/>\n<meta property=\"og:url\" content=\"https:\/\/www.notibras.com\/site\/garoto-de-programa-mata-traficante-e-e-preso-na-asa-norte\/\" \/>\n<meta property=\"og:site_name\" content=\"Notibras\" \/>\n<meta property=\"article:publisher\" content=\"https:\/\/www.facebook.com\/notibras\/\" \/>\n<meta property=\"article:published_time\" content=\"2014-10-14T11:58:40+00:00\" \/>\n<meta property=\"og:image\" content=\"https:\/\/www.notibras.com\/site\/wp-content\/uploads\/2014\/10\/df.00.jpeg\" \/>\n\t<meta property=\"og:image:width\" content=\"275\" \/>\n\t<meta property=\"og:image:height\" content=\"183\" \/>\n\t<meta property=\"og:image:type\" content=\"image\/jpeg\" \/>\n<meta name=\"author\" content=\"Reda\u00e7\u00e3o\" \/>\n<meta name=\"twitter:card\" content=\"summary_large_image\" \/>\n<meta name=\"twitter:creator\" content=\"@Notibras\" \/>\n<meta name=\"twitter:site\" content=\"@Notibras\" \/>\n<meta name=\"twitter:label1\" content=\"Escrito por\" \/>\n\t<meta name=\"twitter:data1\" content=\"Reda\u00e7\u00e3o\" \/>\n\t<meta name=\"twitter:label2\" content=\"Est. tempo de leitura\" \/>\n\t<meta name=\"twitter:data2\" content=\"1 minuto\" \/>\n<script type=\"application\/ld+json\" class=\"yoast-schema-graph\">{\"@context\":\"https:\\\/\\\/schema.org\",\"@graph\":[{\"@type\":\"Article\",\"@id\":\"https:\\\/\\\/www.notibras.com\\\/site\\\/garoto-de-programa-mata-traficante-e-e-preso-na-asa-norte\\\/#article\",\"isPartOf\":{\"@id\":\"https:\\\/\\\/www.notibras.com\\\/site\\\/garoto-de-programa-mata-traficante-e-e-preso-na-asa-norte\\\/\"},\"author\":{\"name\":\"Reda\u00e7\u00e3o\",\"@id\":\"https:\\\/\\\/www.notibras.com\\\/site\\\/#\\\/schema\\\/person\\\/36ab0979449956132d3e5b517ea76ac8\"},\"headline\":\"Garoto de programa mata traficante e \u00e9 preso na Asa Norte\",\"datePublished\":\"2014-10-14T11:58:40+00:00\",\"mainEntityOfPage\":{\"@id\":\"https:\\\/\\\/www.notibras.com\\\/site\\\/garoto-de-programa-mata-traficante-e-e-preso-na-asa-norte\\\/\"},\"wordCount\":262,\"commentCount\":0,\"publisher\":{\"@id\":\"https:\\\/\\\/www.notibras.com\\\/site\\\/#organization\"},\"image\":{\"@id\":\"https:\\\/\\\/www.notibras.com\\\/site\\\/garoto-de-programa-mata-traficante-e-e-preso-na-asa-norte\\\/#primaryimage\"},\"thumbnailUrl\":\"https:\\\/\\\/www.notibras.com\\\/site\\\/wp-content\\\/uploads\\\/2014\\\/10\\\/df.00.jpeg\",\"articleSection\":[\"Bras\u00edlia\"],\"inLanguage\":\"pt-BR\",\"potentialAction\":[{\"@type\":\"CommentAction\",\"name\":\"Comment\",\"target\":[\"https:\\\/\\\/www.notibras.com\\\/site\\\/garoto-de-programa-mata-traficante-e-e-preso-na-asa-norte\\\/#respond\"]}]},{\"@type\":\"WebPage\",\"@id\":\"https:\\\/\\\/www.notibras.com\\\/site\\\/garoto-de-programa-mata-traficante-e-e-preso-na-asa-norte\\\/\",\"url\":\"https:\\\/\\\/www.notibras.com\\\/site\\\/garoto-de-programa-mata-traficante-e-e-preso-na-asa-norte\\\/\",\"name\":\"Garoto de programa mata traficante e \u00e9 preso na Asa Norte - Notibras\",\"isPartOf\":{\"@id\":\"https:\\\/\\\/www.notibras.com\\\/site\\\/#website\"},\"primaryImageOfPage\":{\"@id\":\"https:\\\/\\\/www.notibras.com\\\/site\\\/garoto-de-programa-mata-traficante-e-e-preso-na-asa-norte\\\/#primaryimage\"},\"image\":{\"@id\":\"https:\\\/\\\/www.notibras.com\\\/site\\\/garoto-de-programa-mata-traficante-e-e-preso-na-asa-norte\\\/#primaryimage\"},\"thumbnailUrl\":\"https:\\\/\\\/www.notibras.com\\\/site\\\/wp-content\\\/uploads\\\/2014\\\/10\\\/df.00.jpeg\",\"datePublished\":\"2014-10-14T11:58:40+00:00\",\"breadcrumb\":{\"@id\":\"https:\\\/\\\/www.notibras.com\\\/site\\\/garoto-de-programa-mata-traficante-e-e-preso-na-asa-norte\\\/#breadcrumb\"},\"inLanguage\":\"pt-BR\",\"potentialAction\":[{\"@type\":\"ReadAction\",\"target\":[\"https:\\\/\\\/www.notibras.com\\\/site\\\/garoto-de-programa-mata-traficante-e-e-preso-na-asa-norte\\\/\"]}]},{\"@type\":\"ImageObject\",\"inLanguage\":\"pt-BR\",\"@id\":\"https:\\\/\\\/www.notibras.com\\\/site\\\/garoto-de-programa-mata-traficante-e-e-preso-na-asa-norte\\\/#primaryimage\",\"url\":\"https:\\\/\\\/www.notibras.com\\\/site\\\/wp-content\\\/uploads\\\/2014\\\/10\\\/df.00.jpeg\",\"contentUrl\":\"https:\\\/\\\/www.notibras.com\\\/site\\\/wp-content\\\/uploads\\\/2014\\\/10\\\/df.00.jpeg\",\"width\":275,\"height\":183},{\"@type\":\"BreadcrumbList\",\"@id\":\"https:\\\/\\\/www.notibras.com\\\/site\\\/garoto-de-programa-mata-traficante-e-e-preso-na-asa-norte\\\/#breadcrumb\",\"itemListElement\":[{\"@type\":\"ListItem\",\"position\":1,\"name\":\"In\u00edcio\",\"item\":\"https:\\\/\\\/www.notibras.com\\\/site\\\/\"},{\"@type\":\"ListItem\",\"position\":2,\"name\":\"Garoto de programa mata traficante e \u00e9 preso na Asa Norte\"}]},{\"@type\":\"WebSite\",\"@id\":\"https:\\\/\\\/www.notibras.com\\\/site\\\/#website\",\"url\":\"https:\\\/\\\/www.notibras.com\\\/site\\\/\",\"name\":\"Notibras\",\"description\":\"Not\u00edcias de Bras\u00edlia, do Brasil e do Mundo\",\"publisher\":{\"@id\":\"https:\\\/\\\/www.notibras.com\\\/site\\\/#organization\"},\"potentialAction\":[{\"@type\":\"SearchAction\",\"target\":{\"@type\":\"EntryPoint\",\"urlTemplate\":\"https:\\\/\\\/www.notibras.com\\\/site\\\/?s={search_term_string}\"},\"query-input\":{\"@type\":\"PropertyValueSpecification\",\"valueRequired\":true,\"valueName\":\"search_term_string\"}}],\"inLanguage\":\"pt-BR\"},{\"@type\":\"Organization\",\"@id\":\"https:\\\/\\\/www.notibras.com\\\/site\\\/#organization\",\"name\":\"Grupo Notibras de Comunica\u00e7\u00e3o\",\"url\":\"https:\\\/\\\/www.notibras.com\\\/site\\\/\",\"logo\":{\"@type\":\"ImageObject\",\"inLanguage\":\"pt-BR\",\"@id\":\"https:\\\/\\\/www.notibras.com\\\/site\\\/#\\\/schema\\\/logo\\\/image\\\/\",\"url\":\"https:\\\/\\\/www.notibras.com\\\/site\\\/wp-content\\\/uploads\\\/2023\\\/01\\\/notibras23.png\",\"contentUrl\":\"https:\\\/\\\/www.notibras.com\\\/site\\\/wp-content\\\/uploads\\\/2023\\\/01\\\/notibras23.png\",\"width\":350,\"height\":87,\"caption\":\"Grupo Notibras de Comunica\u00e7\u00e3o\"},\"image\":{\"@id\":\"https:\\\/\\\/www.notibras.com\\\/site\\\/#\\\/schema\\\/logo\\\/image\\\/\"},\"sameAs\":[\"https:\\\/\\\/www.facebook.com\\\/notibras\\\/\",\"https:\\\/\\\/x.com\\\/Notibras\",\"https:\\\/\\\/www.instagram.com\\\/notibras\\\/\"]},{\"@type\":\"Person\",\"@id\":\"https:\\\/\\\/www.notibras.com\\\/site\\\/#\\\/schema\\\/person\\\/36ab0979449956132d3e5b517ea76ac8\",\"name\":\"Reda\u00e7\u00e3o\",\"image\":{\"@type\":\"ImageObject\",\"inLanguage\":\"pt-BR\",\"@id\":\"https:\\\/\\\/secure.gravatar.com\\\/avatar\\\/e0a867bdedb85fd243eadf09663511f96fc81e0720a4a42581f334ad4303aa6b?s=96&d=mm&r=g\",\"url\":\"https:\\\/\\\/secure.gravatar.com\\\/avatar\\\/e0a867bdedb85fd243eadf09663511f96fc81e0720a4a42581f334ad4303aa6b?s=96&d=mm&r=g\",\"contentUrl\":\"https:\\\/\\\/secure.gravatar.com\\\/avatar\\\/e0a867bdedb85fd243eadf09663511f96fc81e0720a4a42581f334ad4303aa6b?s=96&d=mm&r=g\",\"caption\":\"Reda\u00e7\u00e3o\"}}]}<\/script>\n<!-- \/ Yoast SEO plugin. -->","yoast_head_json":{"title":"Garoto de programa mata traficante e \u00e9 preso na Asa Norte - Notibras","robots":{"index":"index","follow":"follow","max-snippet":"max-snippet:-1","max-image-preview":"max-image-preview:large","max-video-preview":"max-video-preview:-1"},"canonical":"https:\/\/www.notibras.com\/site\/garoto-de-programa-mata-traficante-e-e-preso-na-asa-norte\/","og_locale":"pt_BR","og_type":"article","og_title":"Garoto de programa mata traficante e \u00e9 preso na Asa Norte - Notibras","og_description":"Um garoto de programa de 30 anos matou na noite desta segunda-feira (13) um suposto traficante com cinco facadas no peito na quadra 708 Norte, segundo informa\u00e7\u00f5es do G1. De acordo com testemunhas, a v\u00edtima costumava amea\u00e7ar travestis e prostitutas que ficam na regi\u00e3o. O homem chegou a ser socorrido pelo Corpo de Bombeiros e [&hellip;]","og_url":"https:\/\/www.notibras.com\/site\/garoto-de-programa-mata-traficante-e-e-preso-na-asa-norte\/","og_site_name":"Notibras","article_publisher":"https:\/\/www.facebook.com\/notibras\/","article_published_time":"2014-10-14T11:58:40+00:00","og_image":[{"width":275,"height":183,"url":"https:\/\/www.notibras.com\/site\/wp-content\/uploads\/2014\/10\/df.00.jpeg","type":"image\/jpeg"}],"author":"Reda\u00e7\u00e3o","twitter_card":"summary_large_image","twitter_creator":"@Notibras","twitter_site":"@Notibras","twitter_misc":{"Escrito por":"Reda\u00e7\u00e3o","Est. tempo de leitura":"1 minuto"},"schema":{"@context":"https:\/\/schema.org","@graph":[{"@type":"Article","@id":"https:\/\/www.notibras.com\/site\/garoto-de-programa-mata-traficante-e-e-preso-na-asa-norte\/#article","isPartOf":{"@id":"https:\/\/www.notibras.com\/site\/garoto-de-programa-mata-traficante-e-e-preso-na-asa-norte\/"},"author":{"name":"Reda\u00e7\u00e3o","@id":"https:\/\/www.notibras.com\/site\/#\/schema\/person\/36ab0979449956132d3e5b517ea76ac8"},"headline":"Garoto de programa mata traficante e \u00e9 preso na Asa Norte","datePublished":"2014-10-14T11:58:40+00:00","mainEntityOfPage":{"@id":"https:\/\/www.notibras.com\/site\/garoto-de-programa-mata-traficante-e-e-preso-na-asa-norte\/"},"wordCount":262,"commentCount":0,"publisher":{"@id":"https:\/\/www.notibras.com\/site\/#organization"},"image":{"@id":"https:\/\/www.notibras.com\/site\/garoto-de-programa-mata-traficante-e-e-preso-na-asa-norte\/#primaryimage"},"thumbnailUrl":"https:\/\/www.notibras.com\/site\/wp-content\/uploads\/2014\/10\/df.00.jpeg","articleSection":["Bras\u00edlia"],"inLanguage":"pt-BR","potentialAction":[{"@type":"CommentAction","name":"Comment","target":["https:\/\/www.notibras.com\/site\/garoto-de-programa-mata-traficante-e-e-preso-na-asa-norte\/#respond"]}]},{"@type":"WebPage","@id":"https:\/\/www.notibras.com\/site\/garoto-de-programa-mata-traficante-e-e-preso-na-asa-norte\/","url":"https:\/\/www.notibras.com\/site\/garoto-de-programa-mata-traficante-e-e-preso-na-asa-norte\/","name":"Garoto de programa mata traficante e \u00e9 preso na Asa Norte - Notibras","isPartOf":{"@id":"https:\/\/www.notibras.com\/site\/#website"},"primaryImageOfPage":{"@id":"https:\/\/www.notibras.com\/site\/garoto-de-programa-mata-traficante-e-e-preso-na-asa-norte\/#primaryimage"},"image":{"@id":"https:\/\/www.notibras.com\/site\/garoto-de-programa-mata-traficante-e-e-preso-na-asa-norte\/#primaryimage"},"thumbnailUrl":"https:\/\/www.notibras.com\/site\/wp-content\/uploads\/2014\/10\/df.00.jpeg","datePublished":"2014-10-14T11:58:40+00:00","breadcrumb":{"@id":"https:\/\/www.notibras.com\/site\/garoto-de-programa-mata-traficante-e-e-preso-na-asa-norte\/#breadcrumb"},"inLanguage":"pt-BR","potentialAction":[{"@type":"ReadAction","target":["https:\/\/www.notibras.com\/site\/garoto-de-programa-mata-traficante-e-e-preso-na-asa-norte\/"]}]},{"@type":"ImageObject","inLanguage":"pt-BR","@id":"https:\/\/www.notibras.com\/site\/garoto-de-programa-mata-traficante-e-e-preso-na-asa-norte\/#primaryimage","url":"https:\/\/www.notibras.com\/site\/wp-content\/uploads\/2014\/10\/df.00.jpeg","contentUrl":"https:\/\/www.notibras.com\/site\/wp-content\/uploads\/2014\/10\/df.00.jpeg","width":275,"height":183},{"@type":"BreadcrumbList","@id":"https:\/\/www.notibras.com\/site\/garoto-de-programa-mata-traficante-e-e-preso-na-asa-norte\/#breadcrumb","itemListElement":[{"@type":"ListItem","position":1,"name":"In\u00edcio","item":"https:\/\/www.notibras.com\/site\/"},{"@type":"ListItem","position":2,"name":"Garoto de programa mata traficante e \u00e9 preso na Asa Norte"}]},{"@type":"WebSite","@id":"https:\/\/www.notibras.com\/site\/#website","url":"https:\/\/www.notibras.com\/site\/","name":"Notibras","description":"Not\u00edcias de Bras\u00edlia, do Brasil e do Mundo","publisher":{"@id":"https:\/\/www.notibras.com\/site\/#organization"},"potentialAction":[{"@type":"SearchAction","target":{"@type":"EntryPoint","urlTemplate":"https:\/\/www.notibras.com\/site\/?s={search_term_string}"},"query-input":{"@type":"PropertyValueSpecification","valueRequired":true,"valueName":"search_term_string"}}],"inLanguage":"pt-BR"},{"@type":"Organization","@id":"https:\/\/www.notibras.com\/site\/#organization","name":"Grupo Notibras de Comunica\u00e7\u00e3o","url":"https:\/\/www.notibras.com\/site\/","logo":{"@type":"ImageObject","inLanguage":"pt-BR","@id":"https:\/\/www.notibras.com\/site\/#\/schema\/logo\/image\/","url":"https:\/\/www.notibras.com\/site\/wp-content\/uploads\/2023\/01\/notibras23.png","contentUrl":"https:\/\/www.notibras.com\/site\/wp-content\/uploads\/2023\/01\/notibras23.png","width":350,"height":87,"caption":"Grupo Notibras de Comunica\u00e7\u00e3o"},"image":{"@id":"https:\/\/www.notibras.com\/site\/#\/schema\/logo\/image\/"},"sameAs":["https:\/\/www.facebook.com\/notibras\/","https:\/\/x.com\/Notibras","https:\/\/www.instagram.com\/notibras\/"]},{"@type":"Person","@id":"https:\/\/www.notibras.com\/site\/#\/schema\/person\/36ab0979449956132d3e5b517ea76ac8","name":"Reda\u00e7\u00e3o","image":{"@type":"ImageObject","inLanguage":"pt-BR","@id":"https:\/\/secure.gravatar.com\/avatar\/e0a867bdedb85fd243eadf09663511f96fc81e0720a4a42581f334ad4303aa6b?s=96&d=mm&r=g","url":"https:\/\/secure.gravatar.com\/avatar\/e0a867bdedb85fd243eadf09663511f96fc81e0720a4a42581f334ad4303aa6b?s=96&d=mm&r=g","contentUrl":"https:\/\/secure.gravatar.com\/avatar\/e0a867bdedb85fd243eadf09663511f96fc81e0720a4a42581f334ad4303aa6b?s=96&d=mm&r=g","caption":"Reda\u00e7\u00e3o"}}]}},"amp_enabled":true,"_links":{"self":[{"href":"https:\/\/www.notibras.com\/site\/wp-json\/wp\/v2\/posts\/24869","targetHints":{"allow":["GET"]}}],"collection":[{"href":"https:\/\/www.notibras.com\/site\/wp-json\/wp\/v2\/posts"}],"about":[{"href":"https:\/\/www.notibras.com\/site\/wp-json\/wp\/v2\/types\/post"}],"author":[{"embeddable":true,"href":"https:\/\/www.notibras.com\/site\/wp-json\/wp\/v2\/users\/2"}],"replies":[{"embeddable":true,"href":"https:\/\/www.notibras.com\/site\/wp-json\/wp\/v2\/comments?post=24869"}],"version-history":[{"count":0,"href":"https:\/\/www.notibras.com\/site\/wp-json\/wp\/v2\/posts\/24869\/revisions"}],"wp:featuredmedia":[{"embeddable":true,"href":"https:\/\/www.notibras.com\/site\/wp-json\/wp\/v2\/media\/24870"}],"wp:attachment":[{"href":"https:\/\/www.notibras.com\/site\/wp-json\/wp\/v2\/media?parent=24869"}],"wp:term":[{"taxonomy":"category","embeddable":true,"href":"https:\/\/www.notibras.com\/site\/wp-json\/wp\/v2\/categories?post=24869"},{"taxonomy":"post_tag","embeddable":true,"href":"https:\/\/www.notibras.com\/site\/wp-json\/wp\/v2\/tags?post=24869"}],"curies":[{"name":"wp","href":"https:\/\/api.w.org\/{rel}","templated":true}]}}