{"id":24899,"date":"2014-10-14T11:32:04","date_gmt":"2014-10-14T14:32:04","guid":{"rendered":"http:\/\/www.notibras.com\/site\/?p=24899"},"modified":"2014-10-14T14:30:28","modified_gmt":"2014-10-14T17:30:28","slug":"malafaia-puxa-evangelicos-para-aecio-dilma-cita-os-pequeninos-de-jesus-e-atrai-edir-macedo","status":"publish","type":"post","link":"https:\/\/www.notibras.com\/site\/malafaia-puxa-evangelicos-para-aecio-dilma-cita-os-pequeninos-de-jesus-e-atrai-edir-macedo\/","title":{"rendered":"Malafaia fortalece A\u00e9cio; Dilma cita &#8216;pequeninos&#8217; de Jesus e atrai Edir"},"content":{"rendered":"<p>A derrota da ex-ministra Marina Silva (PSB) no 1.\u00ba turno das elei\u00e7\u00f5es presidenciais e a defesa de bandeiras da causa gay assumida pela presidente Dilma Rousseff (PT), como a criminaliza\u00e7\u00e3o da homofobia, fez com que lideran\u00e7as evang\u00e9licas do Pa\u00eds migrassem seu apoio para o candidato do PSDB, A\u00e9cio Neves.<\/p>\n<p>Al\u00e9m de ter recebido o apoio do presidenci\u00e1vel do PSC, Pastor Everaldo, A\u00e9cio Neves obteve a ades\u00e3o do ap\u00f3stolo Ren\u00ea Terra Nova, l\u00edder do Minist\u00e9rio Internacional da Restaura\u00e7\u00e3o, e conta com a simpatia de Robson Rodovalho, da Sara Nossa Terra, e do ap\u00f3stolo C\u00e9sar Augusto, da Igreja Fonte da Vida.<\/p>\n<p>&#8220;Ele \u00e9 uma pessoa mais aberta para di\u00e1logo do que a presidente Dilma se mostrou. Al\u00e9m de ser um cara casado, com filho, ter fam\u00edlia, uma hist\u00f3ria de vida mais coerente, \u00e9 religioso&#8221;, afirma Rodovalho, que em 2010 ajudou a formular o programa de governo da petista. &#8220;A entrada de Dilma em prol dos homossexuais a afasta (dos evang\u00e9licos), com certeza. Isso \u00e9 um ponto muito importante e queremos posicionamentos&#8221;, cobra C\u00e9sar Augusto.<\/p>\n<blockquote><p>Eles se juntar\u00e3o ao l\u00edder evang\u00e9lico mais empenhado na corrente anti-Dilma, Silas Malafaia, da Assembleia de Deus Vit\u00f3ria em Cristo, e que fez campanha para Everaldo no 1.\u00ba turno. Sobre a possibilidade de Dilma tentar uma aproxima\u00e7\u00e3o com o meio evang\u00e9lico, Malafaia disse duvidar que qualquer pastor aceite apoi\u00e1-la. &#8220;Durante quatro anos, o PT votou em tudo que \u00e9 contra as nossas cren\u00e7as e valores. Chega na hora da elei\u00e7\u00e3o, vem com essa hipocrisia.&#8221;<\/p><\/blockquote>\n<p>Diante desse cen\u00e1rio, a campanha da petista aposta no mantra de que &#8220;voto n\u00e3o tem dono&#8221; e montou uma estrat\u00e9gia para buscar esse eleitor, usando discurso que compara as pol\u00edticas sociais do PT &#8220;ao chamado de Jesus para cuidar dos &#8216;mais pequeninos'&#8221;.<\/p>\n<p>Dilma tem na sua coliga\u00e7\u00e3o o PRB, partido ligado \u00e0 Igreja Universal do bispo Edir Macedo. Tamb\u00e9m j\u00e1 recebeu elogios do bispo Manoel Ferreira, da Conven\u00e7\u00e3o Nacional das Assembleias de Deus, maior denomina\u00e7\u00e3o pentecostal do Pa\u00eds.<\/p>\n","protected":false},"excerpt":{"rendered":"<p>A derrota da ex-ministra Marina Silva (PSB) no 1.\u00ba turno das elei\u00e7\u00f5es presidenciais e a defesa de bandeiras da causa gay assumida pela presidente Dilma Rousseff (PT), como a criminaliza\u00e7\u00e3o da homofobia, fez com que lideran\u00e7as evang\u00e9licas do Pa\u00eds migrassem seu apoio para o candidato do PSDB, A\u00e9cio Neves. Al\u00e9m de ter recebido o apoio [&hellip;]<\/p>\n","protected":false},"author":2,"featured_media":24900,"comment_status":"open","ping_status":"closed","sticky":false,"template":"","format":"standard","meta":{"_acf_changed":false,"footnotes":""},"categories":[33],"tags":[],"class_list":["post-24899","post","type-post","status-publish","format-standard","has-post-thumbnail","hentry","category-eleicoes-2014"],"acf":[],"yoast_head":"<!-- This site is optimized with the Yoast SEO plugin v27.5 - https:\/\/yoast.com\/product\/yoast-seo-wordpress\/ -->\n<title>Malafaia fortalece A\u00e9cio; Dilma cita &#039;pequeninos&#039; de Jesus e atrai Edir - Notibras<\/title>\n<meta name=\"robots\" content=\"index, follow, max-snippet:-1, max-image-preview:large, max-video-preview:-1\" \/>\n<link rel=\"canonical\" href=\"https:\/\/www.notibras.com\/site\/malafaia-puxa-evangelicos-para-aecio-dilma-cita-os-pequeninos-de-jesus-e-atrai-edir-macedo\/\" \/>\n<meta property=\"og:locale\" content=\"pt_BR\" \/>\n<meta property=\"og:type\" content=\"article\" \/>\n<meta property=\"og:title\" content=\"Malafaia fortalece A\u00e9cio; Dilma cita &#039;pequeninos&#039; de Jesus e atrai Edir - Notibras\" \/>\n<meta property=\"og:description\" content=\"A derrota da ex-ministra Marina Silva (PSB) no 1.\u00ba turno das elei\u00e7\u00f5es presidenciais e a defesa de bandeiras da causa gay assumida pela presidente Dilma Rousseff (PT), como a criminaliza\u00e7\u00e3o da homofobia, fez com que lideran\u00e7as evang\u00e9licas do Pa\u00eds migrassem seu apoio para o candidato do PSDB, A\u00e9cio Neves. Al\u00e9m de ter recebido o apoio [&hellip;]\" \/>\n<meta property=\"og:url\" content=\"https:\/\/www.notibras.com\/site\/malafaia-puxa-evangelicos-para-aecio-dilma-cita-os-pequeninos-de-jesus-e-atrai-edir-macedo\/\" \/>\n<meta property=\"og:site_name\" content=\"Notibras\" \/>\n<meta property=\"article:publisher\" content=\"https:\/\/www.facebook.com\/notibras\/\" \/>\n<meta property=\"article:published_time\" content=\"2014-10-14T14:32:04+00:00\" \/>\n<meta property=\"article:modified_time\" content=\"2014-10-14T17:30:28+00:00\" \/>\n<meta property=\"og:image\" content=\"https:\/\/www.notibras.com\/site\/wp-content\/uploads\/2014\/10\/340x255_aecio-neves_1455841.jpg\" \/>\n\t<meta property=\"og:image:width\" content=\"340\" \/>\n\t<meta property=\"og:image:height\" content=\"255\" \/>\n\t<meta property=\"og:image:type\" content=\"image\/jpeg\" \/>\n<meta name=\"author\" content=\"Reda\u00e7\u00e3o\" \/>\n<meta name=\"twitter:card\" content=\"summary_large_image\" \/>\n<meta name=\"twitter:creator\" content=\"@Notibras\" \/>\n<meta name=\"twitter:site\" content=\"@Notibras\" \/>\n<meta name=\"twitter:label1\" content=\"Escrito por\" \/>\n\t<meta name=\"twitter:data1\" content=\"Reda\u00e7\u00e3o\" \/>\n\t<meta name=\"twitter:label2\" content=\"Est. tempo de leitura\" \/>\n\t<meta name=\"twitter:data2\" content=\"2 minutos\" \/>\n<script type=\"application\/ld+json\" class=\"yoast-schema-graph\">{\"@context\":\"https:\\\/\\\/schema.org\",\"@graph\":[{\"@type\":\"Article\",\"@id\":\"https:\\\/\\\/www.notibras.com\\\/site\\\/malafaia-puxa-evangelicos-para-aecio-dilma-cita-os-pequeninos-de-jesus-e-atrai-edir-macedo\\\/#article\",\"isPartOf\":{\"@id\":\"https:\\\/\\\/www.notibras.com\\\/site\\\/malafaia-puxa-evangelicos-para-aecio-dilma-cita-os-pequeninos-de-jesus-e-atrai-edir-macedo\\\/\"},\"author\":{\"name\":\"Reda\u00e7\u00e3o\",\"@id\":\"https:\\\/\\\/www.notibras.com\\\/site\\\/#\\\/schema\\\/person\\\/36ab0979449956132d3e5b517ea76ac8\"},\"headline\":\"Malafaia fortalece A\u00e9cio; Dilma cita &#8216;pequeninos&#8217; de Jesus e atrai Edir\",\"datePublished\":\"2014-10-14T14:32:04+00:00\",\"dateModified\":\"2014-10-14T17:30:28+00:00\",\"mainEntityOfPage\":{\"@id\":\"https:\\\/\\\/www.notibras.com\\\/site\\\/malafaia-puxa-evangelicos-para-aecio-dilma-cita-os-pequeninos-de-jesus-e-atrai-edir-macedo\\\/\"},\"wordCount\":368,\"commentCount\":0,\"publisher\":{\"@id\":\"https:\\\/\\\/www.notibras.com\\\/site\\\/#organization\"},\"image\":{\"@id\":\"https:\\\/\\\/www.notibras.com\\\/site\\\/malafaia-puxa-evangelicos-para-aecio-dilma-cita-os-pequeninos-de-jesus-e-atrai-edir-macedo\\\/#primaryimage\"},\"thumbnailUrl\":\"https:\\\/\\\/www.notibras.com\\\/site\\\/wp-content\\\/uploads\\\/2014\\\/10\\\/340x255_aecio-neves_1455841.jpg\",\"articleSection\":[\"Elei\u00e7\u00f5es 2014\"],\"inLanguage\":\"pt-BR\",\"potentialAction\":[{\"@type\":\"CommentAction\",\"name\":\"Comment\",\"target\":[\"https:\\\/\\\/www.notibras.com\\\/site\\\/malafaia-puxa-evangelicos-para-aecio-dilma-cita-os-pequeninos-de-jesus-e-atrai-edir-macedo\\\/#respond\"]}]},{\"@type\":\"WebPage\",\"@id\":\"https:\\\/\\\/www.notibras.com\\\/site\\\/malafaia-puxa-evangelicos-para-aecio-dilma-cita-os-pequeninos-de-jesus-e-atrai-edir-macedo\\\/\",\"url\":\"https:\\\/\\\/www.notibras.com\\\/site\\\/malafaia-puxa-evangelicos-para-aecio-dilma-cita-os-pequeninos-de-jesus-e-atrai-edir-macedo\\\/\",\"name\":\"Malafaia fortalece A\u00e9cio; Dilma cita 'pequeninos' de Jesus e atrai Edir - Notibras\",\"isPartOf\":{\"@id\":\"https:\\\/\\\/www.notibras.com\\\/site\\\/#website\"},\"primaryImageOfPage\":{\"@id\":\"https:\\\/\\\/www.notibras.com\\\/site\\\/malafaia-puxa-evangelicos-para-aecio-dilma-cita-os-pequeninos-de-jesus-e-atrai-edir-macedo\\\/#primaryimage\"},\"image\":{\"@id\":\"https:\\\/\\\/www.notibras.com\\\/site\\\/malafaia-puxa-evangelicos-para-aecio-dilma-cita-os-pequeninos-de-jesus-e-atrai-edir-macedo\\\/#primaryimage\"},\"thumbnailUrl\":\"https:\\\/\\\/www.notibras.com\\\/site\\\/wp-content\\\/uploads\\\/2014\\\/10\\\/340x255_aecio-neves_1455841.jpg\",\"datePublished\":\"2014-10-14T14:32:04+00:00\",\"dateModified\":\"2014-10-14T17:30:28+00:00\",\"breadcrumb\":{\"@id\":\"https:\\\/\\\/www.notibras.com\\\/site\\\/malafaia-puxa-evangelicos-para-aecio-dilma-cita-os-pequeninos-de-jesus-e-atrai-edir-macedo\\\/#breadcrumb\"},\"inLanguage\":\"pt-BR\",\"potentialAction\":[{\"@type\":\"ReadAction\",\"target\":[\"https:\\\/\\\/www.notibras.com\\\/site\\\/malafaia-puxa-evangelicos-para-aecio-dilma-cita-os-pequeninos-de-jesus-e-atrai-edir-macedo\\\/\"]}]},{\"@type\":\"ImageObject\",\"inLanguage\":\"pt-BR\",\"@id\":\"https:\\\/\\\/www.notibras.com\\\/site\\\/malafaia-puxa-evangelicos-para-aecio-dilma-cita-os-pequeninos-de-jesus-e-atrai-edir-macedo\\\/#primaryimage\",\"url\":\"https:\\\/\\\/www.notibras.com\\\/site\\\/wp-content\\\/uploads\\\/2014\\\/10\\\/340x255_aecio-neves_1455841.jpg\",\"contentUrl\":\"https:\\\/\\\/www.notibras.com\\\/site\\\/wp-content\\\/uploads\\\/2014\\\/10\\\/340x255_aecio-neves_1455841.jpg\",\"width\":340,\"height\":255},{\"@type\":\"BreadcrumbList\",\"@id\":\"https:\\\/\\\/www.notibras.com\\\/site\\\/malafaia-puxa-evangelicos-para-aecio-dilma-cita-os-pequeninos-de-jesus-e-atrai-edir-macedo\\\/#breadcrumb\",\"itemListElement\":[{\"@type\":\"ListItem\",\"position\":1,\"name\":\"In\u00edcio\",\"item\":\"https:\\\/\\\/www.notibras.com\\\/site\\\/\"},{\"@type\":\"ListItem\",\"position\":2,\"name\":\"Malafaia fortalece A\u00e9cio; Dilma cita &#8216;pequeninos&#8217; de Jesus e atrai Edir\"}]},{\"@type\":\"WebSite\",\"@id\":\"https:\\\/\\\/www.notibras.com\\\/site\\\/#website\",\"url\":\"https:\\\/\\\/www.notibras.com\\\/site\\\/\",\"name\":\"Notibras\",\"description\":\"Not\u00edcias de Bras\u00edlia, do Brasil e do Mundo\",\"publisher\":{\"@id\":\"https:\\\/\\\/www.notibras.com\\\/site\\\/#organization\"},\"potentialAction\":[{\"@type\":\"SearchAction\",\"target\":{\"@type\":\"EntryPoint\",\"urlTemplate\":\"https:\\\/\\\/www.notibras.com\\\/site\\\/?s={search_term_string}\"},\"query-input\":{\"@type\":\"PropertyValueSpecification\",\"valueRequired\":true,\"valueName\":\"search_term_string\"}}],\"inLanguage\":\"pt-BR\"},{\"@type\":\"Organization\",\"@id\":\"https:\\\/\\\/www.notibras.com\\\/site\\\/#organization\",\"name\":\"Grupo Notibras de Comunica\u00e7\u00e3o\",\"url\":\"https:\\\/\\\/www.notibras.com\\\/site\\\/\",\"logo\":{\"@type\":\"ImageObject\",\"inLanguage\":\"pt-BR\",\"@id\":\"https:\\\/\\\/www.notibras.com\\\/site\\\/#\\\/schema\\\/logo\\\/image\\\/\",\"url\":\"https:\\\/\\\/www.notibras.com\\\/site\\\/wp-content\\\/uploads\\\/2023\\\/01\\\/notibras23.png\",\"contentUrl\":\"https:\\\/\\\/www.notibras.com\\\/site\\\/wp-content\\\/uploads\\\/2023\\\/01\\\/notibras23.png\",\"width\":350,\"height\":87,\"caption\":\"Grupo Notibras de Comunica\u00e7\u00e3o\"},\"image\":{\"@id\":\"https:\\\/\\\/www.notibras.com\\\/site\\\/#\\\/schema\\\/logo\\\/image\\\/\"},\"sameAs\":[\"https:\\\/\\\/www.facebook.com\\\/notibras\\\/\",\"https:\\\/\\\/x.com\\\/Notibras\",\"https:\\\/\\\/www.instagram.com\\\/notibras\\\/\"]},{\"@type\":\"Person\",\"@id\":\"https:\\\/\\\/www.notibras.com\\\/site\\\/#\\\/schema\\\/person\\\/36ab0979449956132d3e5b517ea76ac8\",\"name\":\"Reda\u00e7\u00e3o\",\"image\":{\"@type\":\"ImageObject\",\"inLanguage\":\"pt-BR\",\"@id\":\"https:\\\/\\\/secure.gravatar.com\\\/avatar\\\/e0a867bdedb85fd243eadf09663511f96fc81e0720a4a42581f334ad4303aa6b?s=96&d=mm&r=g\",\"url\":\"https:\\\/\\\/secure.gravatar.com\\\/avatar\\\/e0a867bdedb85fd243eadf09663511f96fc81e0720a4a42581f334ad4303aa6b?s=96&d=mm&r=g\",\"contentUrl\":\"https:\\\/\\\/secure.gravatar.com\\\/avatar\\\/e0a867bdedb85fd243eadf09663511f96fc81e0720a4a42581f334ad4303aa6b?s=96&d=mm&r=g\",\"caption\":\"Reda\u00e7\u00e3o\"}}]}<\/script>\n<!-- \/ Yoast SEO plugin. -->","yoast_head_json":{"title":"Malafaia fortalece A\u00e9cio; Dilma cita 'pequeninos' de Jesus e atrai Edir - Notibras","robots":{"index":"index","follow":"follow","max-snippet":"max-snippet:-1","max-image-preview":"max-image-preview:large","max-video-preview":"max-video-preview:-1"},"canonical":"https:\/\/www.notibras.com\/site\/malafaia-puxa-evangelicos-para-aecio-dilma-cita-os-pequeninos-de-jesus-e-atrai-edir-macedo\/","og_locale":"pt_BR","og_type":"article","og_title":"Malafaia fortalece A\u00e9cio; Dilma cita 'pequeninos' de Jesus e atrai Edir - Notibras","og_description":"A derrota da ex-ministra Marina Silva (PSB) no 1.\u00ba turno das elei\u00e7\u00f5es presidenciais e a defesa de bandeiras da causa gay assumida pela presidente Dilma Rousseff (PT), como a criminaliza\u00e7\u00e3o da homofobia, fez com que lideran\u00e7as evang\u00e9licas do Pa\u00eds migrassem seu apoio para o candidato do PSDB, A\u00e9cio Neves. Al\u00e9m de ter recebido o apoio [&hellip;]","og_url":"https:\/\/www.notibras.com\/site\/malafaia-puxa-evangelicos-para-aecio-dilma-cita-os-pequeninos-de-jesus-e-atrai-edir-macedo\/","og_site_name":"Notibras","article_publisher":"https:\/\/www.facebook.com\/notibras\/","article_published_time":"2014-10-14T14:32:04+00:00","article_modified_time":"2014-10-14T17:30:28+00:00","og_image":[{"width":340,"height":255,"url":"https:\/\/www.notibras.com\/site\/wp-content\/uploads\/2014\/10\/340x255_aecio-neves_1455841.jpg","type":"image\/jpeg"}],"author":"Reda\u00e7\u00e3o","twitter_card":"summary_large_image","twitter_creator":"@Notibras","twitter_site":"@Notibras","twitter_misc":{"Escrito por":"Reda\u00e7\u00e3o","Est. tempo de leitura":"2 minutos"},"schema":{"@context":"https:\/\/schema.org","@graph":[{"@type":"Article","@id":"https:\/\/www.notibras.com\/site\/malafaia-puxa-evangelicos-para-aecio-dilma-cita-os-pequeninos-de-jesus-e-atrai-edir-macedo\/#article","isPartOf":{"@id":"https:\/\/www.notibras.com\/site\/malafaia-puxa-evangelicos-para-aecio-dilma-cita-os-pequeninos-de-jesus-e-atrai-edir-macedo\/"},"author":{"name":"Reda\u00e7\u00e3o","@id":"https:\/\/www.notibras.com\/site\/#\/schema\/person\/36ab0979449956132d3e5b517ea76ac8"},"headline":"Malafaia fortalece A\u00e9cio; Dilma cita &#8216;pequeninos&#8217; de Jesus e atrai Edir","datePublished":"2014-10-14T14:32:04+00:00","dateModified":"2014-10-14T17:30:28+00:00","mainEntityOfPage":{"@id":"https:\/\/www.notibras.com\/site\/malafaia-puxa-evangelicos-para-aecio-dilma-cita-os-pequeninos-de-jesus-e-atrai-edir-macedo\/"},"wordCount":368,"commentCount":0,"publisher":{"@id":"https:\/\/www.notibras.com\/site\/#organization"},"image":{"@id":"https:\/\/www.notibras.com\/site\/malafaia-puxa-evangelicos-para-aecio-dilma-cita-os-pequeninos-de-jesus-e-atrai-edir-macedo\/#primaryimage"},"thumbnailUrl":"https:\/\/www.notibras.com\/site\/wp-content\/uploads\/2014\/10\/340x255_aecio-neves_1455841.jpg","articleSection":["Elei\u00e7\u00f5es 2014"],"inLanguage":"pt-BR","potentialAction":[{"@type":"CommentAction","name":"Comment","target":["https:\/\/www.notibras.com\/site\/malafaia-puxa-evangelicos-para-aecio-dilma-cita-os-pequeninos-de-jesus-e-atrai-edir-macedo\/#respond"]}]},{"@type":"WebPage","@id":"https:\/\/www.notibras.com\/site\/malafaia-puxa-evangelicos-para-aecio-dilma-cita-os-pequeninos-de-jesus-e-atrai-edir-macedo\/","url":"https:\/\/www.notibras.com\/site\/malafaia-puxa-evangelicos-para-aecio-dilma-cita-os-pequeninos-de-jesus-e-atrai-edir-macedo\/","name":"Malafaia fortalece A\u00e9cio; Dilma cita 'pequeninos' de Jesus e atrai Edir - Notibras","isPartOf":{"@id":"https:\/\/www.notibras.com\/site\/#website"},"primaryImageOfPage":{"@id":"https:\/\/www.notibras.com\/site\/malafaia-puxa-evangelicos-para-aecio-dilma-cita-os-pequeninos-de-jesus-e-atrai-edir-macedo\/#primaryimage"},"image":{"@id":"https:\/\/www.notibras.com\/site\/malafaia-puxa-evangelicos-para-aecio-dilma-cita-os-pequeninos-de-jesus-e-atrai-edir-macedo\/#primaryimage"},"thumbnailUrl":"https:\/\/www.notibras.com\/site\/wp-content\/uploads\/2014\/10\/340x255_aecio-neves_1455841.jpg","datePublished":"2014-10-14T14:32:04+00:00","dateModified":"2014-10-14T17:30:28+00:00","breadcrumb":{"@id":"https:\/\/www.notibras.com\/site\/malafaia-puxa-evangelicos-para-aecio-dilma-cita-os-pequeninos-de-jesus-e-atrai-edir-macedo\/#breadcrumb"},"inLanguage":"pt-BR","potentialAction":[{"@type":"ReadAction","target":["https:\/\/www.notibras.com\/site\/malafaia-puxa-evangelicos-para-aecio-dilma-cita-os-pequeninos-de-jesus-e-atrai-edir-macedo\/"]}]},{"@type":"ImageObject","inLanguage":"pt-BR","@id":"https:\/\/www.notibras.com\/site\/malafaia-puxa-evangelicos-para-aecio-dilma-cita-os-pequeninos-de-jesus-e-atrai-edir-macedo\/#primaryimage","url":"https:\/\/www.notibras.com\/site\/wp-content\/uploads\/2014\/10\/340x255_aecio-neves_1455841.jpg","contentUrl":"https:\/\/www.notibras.com\/site\/wp-content\/uploads\/2014\/10\/340x255_aecio-neves_1455841.jpg","width":340,"height":255},{"@type":"BreadcrumbList","@id":"https:\/\/www.notibras.com\/site\/malafaia-puxa-evangelicos-para-aecio-dilma-cita-os-pequeninos-de-jesus-e-atrai-edir-macedo\/#breadcrumb","itemListElement":[{"@type":"ListItem","position":1,"name":"In\u00edcio","item":"https:\/\/www.notibras.com\/site\/"},{"@type":"ListItem","position":2,"name":"Malafaia fortalece A\u00e9cio; Dilma cita &#8216;pequeninos&#8217; de Jesus e atrai Edir"}]},{"@type":"WebSite","@id":"https:\/\/www.notibras.com\/site\/#website","url":"https:\/\/www.notibras.com\/site\/","name":"Notibras","description":"Not\u00edcias de Bras\u00edlia, do Brasil e do Mundo","publisher":{"@id":"https:\/\/www.notibras.com\/site\/#organization"},"potentialAction":[{"@type":"SearchAction","target":{"@type":"EntryPoint","urlTemplate":"https:\/\/www.notibras.com\/site\/?s={search_term_string}"},"query-input":{"@type":"PropertyValueSpecification","valueRequired":true,"valueName":"search_term_string"}}],"inLanguage":"pt-BR"},{"@type":"Organization","@id":"https:\/\/www.notibras.com\/site\/#organization","name":"Grupo Notibras de Comunica\u00e7\u00e3o","url":"https:\/\/www.notibras.com\/site\/","logo":{"@type":"ImageObject","inLanguage":"pt-BR","@id":"https:\/\/www.notibras.com\/site\/#\/schema\/logo\/image\/","url":"https:\/\/www.notibras.com\/site\/wp-content\/uploads\/2023\/01\/notibras23.png","contentUrl":"https:\/\/www.notibras.com\/site\/wp-content\/uploads\/2023\/01\/notibras23.png","width":350,"height":87,"caption":"Grupo Notibras de Comunica\u00e7\u00e3o"},"image":{"@id":"https:\/\/www.notibras.com\/site\/#\/schema\/logo\/image\/"},"sameAs":["https:\/\/www.facebook.com\/notibras\/","https:\/\/x.com\/Notibras","https:\/\/www.instagram.com\/notibras\/"]},{"@type":"Person","@id":"https:\/\/www.notibras.com\/site\/#\/schema\/person\/36ab0979449956132d3e5b517ea76ac8","name":"Reda\u00e7\u00e3o","image":{"@type":"ImageObject","inLanguage":"pt-BR","@id":"https:\/\/secure.gravatar.com\/avatar\/e0a867bdedb85fd243eadf09663511f96fc81e0720a4a42581f334ad4303aa6b?s=96&d=mm&r=g","url":"https:\/\/secure.gravatar.com\/avatar\/e0a867bdedb85fd243eadf09663511f96fc81e0720a4a42581f334ad4303aa6b?s=96&d=mm&r=g","contentUrl":"https:\/\/secure.gravatar.com\/avatar\/e0a867bdedb85fd243eadf09663511f96fc81e0720a4a42581f334ad4303aa6b?s=96&d=mm&r=g","caption":"Reda\u00e7\u00e3o"}}]}},"amp_enabled":true,"_links":{"self":[{"href":"https:\/\/www.notibras.com\/site\/wp-json\/wp\/v2\/posts\/24899","targetHints":{"allow":["GET"]}}],"collection":[{"href":"https:\/\/www.notibras.com\/site\/wp-json\/wp\/v2\/posts"}],"about":[{"href":"https:\/\/www.notibras.com\/site\/wp-json\/wp\/v2\/types\/post"}],"author":[{"embeddable":true,"href":"https:\/\/www.notibras.com\/site\/wp-json\/wp\/v2\/users\/2"}],"replies":[{"embeddable":true,"href":"https:\/\/www.notibras.com\/site\/wp-json\/wp\/v2\/comments?post=24899"}],"version-history":[{"count":0,"href":"https:\/\/www.notibras.com\/site\/wp-json\/wp\/v2\/posts\/24899\/revisions"}],"wp:featuredmedia":[{"embeddable":true,"href":"https:\/\/www.notibras.com\/site\/wp-json\/wp\/v2\/media\/24900"}],"wp:attachment":[{"href":"https:\/\/www.notibras.com\/site\/wp-json\/wp\/v2\/media?parent=24899"}],"wp:term":[{"taxonomy":"category","embeddable":true,"href":"https:\/\/www.notibras.com\/site\/wp-json\/wp\/v2\/categories?post=24899"},{"taxonomy":"post_tag","embeddable":true,"href":"https:\/\/www.notibras.com\/site\/wp-json\/wp\/v2\/tags?post=24899"}],"curies":[{"name":"wp","href":"https:\/\/api.w.org\/{rel}","templated":true}]}}