{"id":24914,"date":"2014-10-14T14:36:14","date_gmt":"2014-10-14T17:36:14","guid":{"rendered":"http:\/\/www.notibras.com\/site\/?p=24914"},"modified":"2014-10-15T03:59:37","modified_gmt":"2014-10-15T06:59:37","slug":"bufalo-de-300-kg-sente-calor-invade-sitio-no-interior-paulista-e-cai-em-piscina","status":"publish","type":"post","link":"https:\/\/www.notibras.com\/site\/bufalo-de-300-kg-sente-calor-invade-sitio-no-interior-paulista-e-cai-em-piscina\/","title":{"rendered":"B\u00fafalo de 300 kg sente calor, invade s\u00edtio e cai na piscina"},"content":{"rendered":"<p>Um b\u00fafalo de 300 quilos foi resgatado de dentro de uma piscina na manh\u00e3 desta ter\u00e7a-feira (14), em Tiet\u00ea, no interior paulista. De acordo com o Corpo de Bombeiros, o animal, que pertence ao s\u00edtio vizinho, invadiu a propriedade e caiu na \u00e1gua. A opera\u00e7\u00e3o de resgate mobilizou nove pessoas.<\/p>\n<p>O caso foi registrado no Parque dos Lagos, zona rural do munic\u00edpio. O b\u00fafalo foi percebido depois que um dos c\u00e3es da fam\u00edlia come\u00e7ou a latir muito. O dono da casa desconfiou que havia algo estranho e foi verificar. Quando chegou \u00e0 \u00e1rea externa, viu o animal dentro da \u00e1gua. Como ningu\u00e9m viu a queda do animal na piscina, n\u00e3o \u00e9 poss\u00edvel saber durante quanto tempo ele ficou na \u00e1gua.<\/p>\n<p>O Corpo de Bombeiros foi chamado e, com a ajuda de cordas e de uma rampa improvisada, o animal foi retirado da \u00e1gua. A piscina tem aproximadamente 1,5 m de profundidade. O trabalho durou aproximadamente 20 minutos. Ap\u00f3s ser retirado da piscina, o b\u00fafalo saiu assustado.<\/p>\n<p>Segundo propriet\u00e1rio do s\u00edtio, o b\u00fafalo conseguiu entrar na propriedade depois de passar por baixo de uma cerca e arrastar parte dela. O animal pertence a um criador que mora ao lado.<\/p>\n<blockquote><p>De acordo com o veterin\u00e1rio Luis Felipe Roberto, durante o calor, um dos comportamentos naturais dos b\u00fafalos \u00e9 a busca por \u00e1gua. Eles normalmente procuram por rios e a\u00e7udes para se refrescar. Ainda segundo o especialista, o animal tem maior facilidade para ficar estressado quando a temperatura aumenta ou diminui muito. A temperatura m\u00e1xima prevista para esta ter\u00e7a-feira na cidade \u00e9 de 35\u00baC.<\/p><\/blockquote>\n","protected":false},"excerpt":{"rendered":"<p>Um b\u00fafalo de 300 quilos foi resgatado de dentro de uma piscina na manh\u00e3 desta ter\u00e7a-feira (14), em Tiet\u00ea, no interior paulista. De acordo com o Corpo de Bombeiros, o animal, que pertence ao s\u00edtio vizinho, invadiu a propriedade e caiu na \u00e1gua. A opera\u00e7\u00e3o de resgate mobilizou nove pessoas. O caso foi registrado no [&hellip;]<\/p>\n","protected":false},"author":2,"featured_media":24915,"comment_status":"open","ping_status":"closed","sticky":false,"template":"","format":"standard","meta":{"_acf_changed":false,"footnotes":""},"categories":[16],"tags":[],"class_list":["post-24914","post","type-post","status-publish","format-standard","has-post-thumbnail","hentry","category-brasil"],"acf":[],"yoast_head":"<!-- This site is optimized with the Yoast SEO plugin v27.5 - https:\/\/yoast.com\/product\/yoast-seo-wordpress\/ -->\n<title>B\u00fafalo de 300 kg sente calor, invade s\u00edtio e cai na piscina - Notibras<\/title>\n<meta name=\"robots\" content=\"index, follow, max-snippet:-1, max-image-preview:large, max-video-preview:-1\" \/>\n<link rel=\"canonical\" href=\"https:\/\/www.notibras.com\/site\/bufalo-de-300-kg-sente-calor-invade-sitio-no-interior-paulista-e-cai-em-piscina\/\" \/>\n<meta property=\"og:locale\" content=\"pt_BR\" \/>\n<meta property=\"og:type\" content=\"article\" \/>\n<meta property=\"og:title\" content=\"B\u00fafalo de 300 kg sente calor, invade s\u00edtio e cai na piscina - Notibras\" \/>\n<meta property=\"og:description\" content=\"Um b\u00fafalo de 300 quilos foi resgatado de dentro de uma piscina na manh\u00e3 desta ter\u00e7a-feira (14), em Tiet\u00ea, no interior paulista. De acordo com o Corpo de Bombeiros, o animal, que pertence ao s\u00edtio vizinho, invadiu a propriedade e caiu na \u00e1gua. A opera\u00e7\u00e3o de resgate mobilizou nove pessoas. O caso foi registrado no [&hellip;]\" \/>\n<meta property=\"og:url\" content=\"https:\/\/www.notibras.com\/site\/bufalo-de-300-kg-sente-calor-invade-sitio-no-interior-paulista-e-cai-em-piscina\/\" \/>\n<meta property=\"og:site_name\" content=\"Notibras\" \/>\n<meta property=\"article:publisher\" content=\"https:\/\/www.facebook.com\/notibras\/\" \/>\n<meta property=\"article:published_time\" content=\"2014-10-14T17:36:14+00:00\" \/>\n<meta property=\"article:modified_time\" content=\"2014-10-15T06:59:37+00:00\" \/>\n<meta property=\"og:image\" content=\"https:\/\/www.notibras.com\/site\/wp-content\/uploads\/2014\/10\/7_3.jpg\" \/>\n\t<meta property=\"og:image:width\" content=\"620\" \/>\n\t<meta property=\"og:image:height\" content=\"465\" \/>\n\t<meta property=\"og:image:type\" content=\"image\/jpeg\" \/>\n<meta name=\"author\" content=\"Reda\u00e7\u00e3o\" \/>\n<meta name=\"twitter:card\" content=\"summary_large_image\" \/>\n<meta name=\"twitter:creator\" content=\"@Notibras\" \/>\n<meta name=\"twitter:site\" content=\"@Notibras\" \/>\n<meta name=\"twitter:label1\" content=\"Escrito por\" \/>\n\t<meta name=\"twitter:data1\" content=\"Reda\u00e7\u00e3o\" \/>\n\t<meta name=\"twitter:label2\" content=\"Est. tempo de leitura\" \/>\n\t<meta name=\"twitter:data2\" content=\"1 minuto\" \/>\n<script type=\"application\/ld+json\" class=\"yoast-schema-graph\">{\"@context\":\"https:\\\/\\\/schema.org\",\"@graph\":[{\"@type\":\"Article\",\"@id\":\"https:\\\/\\\/www.notibras.com\\\/site\\\/bufalo-de-300-kg-sente-calor-invade-sitio-no-interior-paulista-e-cai-em-piscina\\\/#article\",\"isPartOf\":{\"@id\":\"https:\\\/\\\/www.notibras.com\\\/site\\\/bufalo-de-300-kg-sente-calor-invade-sitio-no-interior-paulista-e-cai-em-piscina\\\/\"},\"author\":{\"name\":\"Reda\u00e7\u00e3o\",\"@id\":\"https:\\\/\\\/www.notibras.com\\\/site\\\/#\\\/schema\\\/person\\\/36ab0979449956132d3e5b517ea76ac8\"},\"headline\":\"B\u00fafalo de 300 kg sente calor, invade s\u00edtio e cai na piscina\",\"datePublished\":\"2014-10-14T17:36:14+00:00\",\"dateModified\":\"2014-10-15T06:59:37+00:00\",\"mainEntityOfPage\":{\"@id\":\"https:\\\/\\\/www.notibras.com\\\/site\\\/bufalo-de-300-kg-sente-calor-invade-sitio-no-interior-paulista-e-cai-em-piscina\\\/\"},\"wordCount\":288,\"commentCount\":0,\"publisher\":{\"@id\":\"https:\\\/\\\/www.notibras.com\\\/site\\\/#organization\"},\"image\":{\"@id\":\"https:\\\/\\\/www.notibras.com\\\/site\\\/bufalo-de-300-kg-sente-calor-invade-sitio-no-interior-paulista-e-cai-em-piscina\\\/#primaryimage\"},\"thumbnailUrl\":\"https:\\\/\\\/www.notibras.com\\\/site\\\/wp-content\\\/uploads\\\/2014\\\/10\\\/7_3.jpg\",\"articleSection\":[\"Brasil\"],\"inLanguage\":\"pt-BR\",\"potentialAction\":[{\"@type\":\"CommentAction\",\"name\":\"Comment\",\"target\":[\"https:\\\/\\\/www.notibras.com\\\/site\\\/bufalo-de-300-kg-sente-calor-invade-sitio-no-interior-paulista-e-cai-em-piscina\\\/#respond\"]}]},{\"@type\":\"WebPage\",\"@id\":\"https:\\\/\\\/www.notibras.com\\\/site\\\/bufalo-de-300-kg-sente-calor-invade-sitio-no-interior-paulista-e-cai-em-piscina\\\/\",\"url\":\"https:\\\/\\\/www.notibras.com\\\/site\\\/bufalo-de-300-kg-sente-calor-invade-sitio-no-interior-paulista-e-cai-em-piscina\\\/\",\"name\":\"B\u00fafalo de 300 kg sente calor, invade s\u00edtio e cai na piscina - Notibras\",\"isPartOf\":{\"@id\":\"https:\\\/\\\/www.notibras.com\\\/site\\\/#website\"},\"primaryImageOfPage\":{\"@id\":\"https:\\\/\\\/www.notibras.com\\\/site\\\/bufalo-de-300-kg-sente-calor-invade-sitio-no-interior-paulista-e-cai-em-piscina\\\/#primaryimage\"},\"image\":{\"@id\":\"https:\\\/\\\/www.notibras.com\\\/site\\\/bufalo-de-300-kg-sente-calor-invade-sitio-no-interior-paulista-e-cai-em-piscina\\\/#primaryimage\"},\"thumbnailUrl\":\"https:\\\/\\\/www.notibras.com\\\/site\\\/wp-content\\\/uploads\\\/2014\\\/10\\\/7_3.jpg\",\"datePublished\":\"2014-10-14T17:36:14+00:00\",\"dateModified\":\"2014-10-15T06:59:37+00:00\",\"breadcrumb\":{\"@id\":\"https:\\\/\\\/www.notibras.com\\\/site\\\/bufalo-de-300-kg-sente-calor-invade-sitio-no-interior-paulista-e-cai-em-piscina\\\/#breadcrumb\"},\"inLanguage\":\"pt-BR\",\"potentialAction\":[{\"@type\":\"ReadAction\",\"target\":[\"https:\\\/\\\/www.notibras.com\\\/site\\\/bufalo-de-300-kg-sente-calor-invade-sitio-no-interior-paulista-e-cai-em-piscina\\\/\"]}]},{\"@type\":\"ImageObject\",\"inLanguage\":\"pt-BR\",\"@id\":\"https:\\\/\\\/www.notibras.com\\\/site\\\/bufalo-de-300-kg-sente-calor-invade-sitio-no-interior-paulista-e-cai-em-piscina\\\/#primaryimage\",\"url\":\"https:\\\/\\\/www.notibras.com\\\/site\\\/wp-content\\\/uploads\\\/2014\\\/10\\\/7_3.jpg\",\"contentUrl\":\"https:\\\/\\\/www.notibras.com\\\/site\\\/wp-content\\\/uploads\\\/2014\\\/10\\\/7_3.jpg\",\"width\":620,\"height\":465},{\"@type\":\"BreadcrumbList\",\"@id\":\"https:\\\/\\\/www.notibras.com\\\/site\\\/bufalo-de-300-kg-sente-calor-invade-sitio-no-interior-paulista-e-cai-em-piscina\\\/#breadcrumb\",\"itemListElement\":[{\"@type\":\"ListItem\",\"position\":1,\"name\":\"In\u00edcio\",\"item\":\"https:\\\/\\\/www.notibras.com\\\/site\\\/\"},{\"@type\":\"ListItem\",\"position\":2,\"name\":\"B\u00fafalo de 300 kg sente calor, invade s\u00edtio e cai na piscina\"}]},{\"@type\":\"WebSite\",\"@id\":\"https:\\\/\\\/www.notibras.com\\\/site\\\/#website\",\"url\":\"https:\\\/\\\/www.notibras.com\\\/site\\\/\",\"name\":\"Notibras\",\"description\":\"Not\u00edcias de Bras\u00edlia, do Brasil e do Mundo\",\"publisher\":{\"@id\":\"https:\\\/\\\/www.notibras.com\\\/site\\\/#organization\"},\"potentialAction\":[{\"@type\":\"SearchAction\",\"target\":{\"@type\":\"EntryPoint\",\"urlTemplate\":\"https:\\\/\\\/www.notibras.com\\\/site\\\/?s={search_term_string}\"},\"query-input\":{\"@type\":\"PropertyValueSpecification\",\"valueRequired\":true,\"valueName\":\"search_term_string\"}}],\"inLanguage\":\"pt-BR\"},{\"@type\":\"Organization\",\"@id\":\"https:\\\/\\\/www.notibras.com\\\/site\\\/#organization\",\"name\":\"Grupo Notibras de Comunica\u00e7\u00e3o\",\"url\":\"https:\\\/\\\/www.notibras.com\\\/site\\\/\",\"logo\":{\"@type\":\"ImageObject\",\"inLanguage\":\"pt-BR\",\"@id\":\"https:\\\/\\\/www.notibras.com\\\/site\\\/#\\\/schema\\\/logo\\\/image\\\/\",\"url\":\"https:\\\/\\\/www.notibras.com\\\/site\\\/wp-content\\\/uploads\\\/2023\\\/01\\\/notibras23.png\",\"contentUrl\":\"https:\\\/\\\/www.notibras.com\\\/site\\\/wp-content\\\/uploads\\\/2023\\\/01\\\/notibras23.png\",\"width\":350,\"height\":87,\"caption\":\"Grupo Notibras de Comunica\u00e7\u00e3o\"},\"image\":{\"@id\":\"https:\\\/\\\/www.notibras.com\\\/site\\\/#\\\/schema\\\/logo\\\/image\\\/\"},\"sameAs\":[\"https:\\\/\\\/www.facebook.com\\\/notibras\\\/\",\"https:\\\/\\\/x.com\\\/Notibras\",\"https:\\\/\\\/www.instagram.com\\\/notibras\\\/\"]},{\"@type\":\"Person\",\"@id\":\"https:\\\/\\\/www.notibras.com\\\/site\\\/#\\\/schema\\\/person\\\/36ab0979449956132d3e5b517ea76ac8\",\"name\":\"Reda\u00e7\u00e3o\",\"image\":{\"@type\":\"ImageObject\",\"inLanguage\":\"pt-BR\",\"@id\":\"https:\\\/\\\/secure.gravatar.com\\\/avatar\\\/e0a867bdedb85fd243eadf09663511f96fc81e0720a4a42581f334ad4303aa6b?s=96&d=mm&r=g\",\"url\":\"https:\\\/\\\/secure.gravatar.com\\\/avatar\\\/e0a867bdedb85fd243eadf09663511f96fc81e0720a4a42581f334ad4303aa6b?s=96&d=mm&r=g\",\"contentUrl\":\"https:\\\/\\\/secure.gravatar.com\\\/avatar\\\/e0a867bdedb85fd243eadf09663511f96fc81e0720a4a42581f334ad4303aa6b?s=96&d=mm&r=g\",\"caption\":\"Reda\u00e7\u00e3o\"}}]}<\/script>\n<!-- \/ Yoast SEO plugin. -->","yoast_head_json":{"title":"B\u00fafalo de 300 kg sente calor, invade s\u00edtio e cai na piscina - Notibras","robots":{"index":"index","follow":"follow","max-snippet":"max-snippet:-1","max-image-preview":"max-image-preview:large","max-video-preview":"max-video-preview:-1"},"canonical":"https:\/\/www.notibras.com\/site\/bufalo-de-300-kg-sente-calor-invade-sitio-no-interior-paulista-e-cai-em-piscina\/","og_locale":"pt_BR","og_type":"article","og_title":"B\u00fafalo de 300 kg sente calor, invade s\u00edtio e cai na piscina - Notibras","og_description":"Um b\u00fafalo de 300 quilos foi resgatado de dentro de uma piscina na manh\u00e3 desta ter\u00e7a-feira (14), em Tiet\u00ea, no interior paulista. De acordo com o Corpo de Bombeiros, o animal, que pertence ao s\u00edtio vizinho, invadiu a propriedade e caiu na \u00e1gua. A opera\u00e7\u00e3o de resgate mobilizou nove pessoas. O caso foi registrado no [&hellip;]","og_url":"https:\/\/www.notibras.com\/site\/bufalo-de-300-kg-sente-calor-invade-sitio-no-interior-paulista-e-cai-em-piscina\/","og_site_name":"Notibras","article_publisher":"https:\/\/www.facebook.com\/notibras\/","article_published_time":"2014-10-14T17:36:14+00:00","article_modified_time":"2014-10-15T06:59:37+00:00","og_image":[{"width":620,"height":465,"url":"https:\/\/www.notibras.com\/site\/wp-content\/uploads\/2014\/10\/7_3.jpg","type":"image\/jpeg"}],"author":"Reda\u00e7\u00e3o","twitter_card":"summary_large_image","twitter_creator":"@Notibras","twitter_site":"@Notibras","twitter_misc":{"Escrito por":"Reda\u00e7\u00e3o","Est. tempo de leitura":"1 minuto"},"schema":{"@context":"https:\/\/schema.org","@graph":[{"@type":"Article","@id":"https:\/\/www.notibras.com\/site\/bufalo-de-300-kg-sente-calor-invade-sitio-no-interior-paulista-e-cai-em-piscina\/#article","isPartOf":{"@id":"https:\/\/www.notibras.com\/site\/bufalo-de-300-kg-sente-calor-invade-sitio-no-interior-paulista-e-cai-em-piscina\/"},"author":{"name":"Reda\u00e7\u00e3o","@id":"https:\/\/www.notibras.com\/site\/#\/schema\/person\/36ab0979449956132d3e5b517ea76ac8"},"headline":"B\u00fafalo de 300 kg sente calor, invade s\u00edtio e cai na piscina","datePublished":"2014-10-14T17:36:14+00:00","dateModified":"2014-10-15T06:59:37+00:00","mainEntityOfPage":{"@id":"https:\/\/www.notibras.com\/site\/bufalo-de-300-kg-sente-calor-invade-sitio-no-interior-paulista-e-cai-em-piscina\/"},"wordCount":288,"commentCount":0,"publisher":{"@id":"https:\/\/www.notibras.com\/site\/#organization"},"image":{"@id":"https:\/\/www.notibras.com\/site\/bufalo-de-300-kg-sente-calor-invade-sitio-no-interior-paulista-e-cai-em-piscina\/#primaryimage"},"thumbnailUrl":"https:\/\/www.notibras.com\/site\/wp-content\/uploads\/2014\/10\/7_3.jpg","articleSection":["Brasil"],"inLanguage":"pt-BR","potentialAction":[{"@type":"CommentAction","name":"Comment","target":["https:\/\/www.notibras.com\/site\/bufalo-de-300-kg-sente-calor-invade-sitio-no-interior-paulista-e-cai-em-piscina\/#respond"]}]},{"@type":"WebPage","@id":"https:\/\/www.notibras.com\/site\/bufalo-de-300-kg-sente-calor-invade-sitio-no-interior-paulista-e-cai-em-piscina\/","url":"https:\/\/www.notibras.com\/site\/bufalo-de-300-kg-sente-calor-invade-sitio-no-interior-paulista-e-cai-em-piscina\/","name":"B\u00fafalo de 300 kg sente calor, invade s\u00edtio e cai na piscina - Notibras","isPartOf":{"@id":"https:\/\/www.notibras.com\/site\/#website"},"primaryImageOfPage":{"@id":"https:\/\/www.notibras.com\/site\/bufalo-de-300-kg-sente-calor-invade-sitio-no-interior-paulista-e-cai-em-piscina\/#primaryimage"},"image":{"@id":"https:\/\/www.notibras.com\/site\/bufalo-de-300-kg-sente-calor-invade-sitio-no-interior-paulista-e-cai-em-piscina\/#primaryimage"},"thumbnailUrl":"https:\/\/www.notibras.com\/site\/wp-content\/uploads\/2014\/10\/7_3.jpg","datePublished":"2014-10-14T17:36:14+00:00","dateModified":"2014-10-15T06:59:37+00:00","breadcrumb":{"@id":"https:\/\/www.notibras.com\/site\/bufalo-de-300-kg-sente-calor-invade-sitio-no-interior-paulista-e-cai-em-piscina\/#breadcrumb"},"inLanguage":"pt-BR","potentialAction":[{"@type":"ReadAction","target":["https:\/\/www.notibras.com\/site\/bufalo-de-300-kg-sente-calor-invade-sitio-no-interior-paulista-e-cai-em-piscina\/"]}]},{"@type":"ImageObject","inLanguage":"pt-BR","@id":"https:\/\/www.notibras.com\/site\/bufalo-de-300-kg-sente-calor-invade-sitio-no-interior-paulista-e-cai-em-piscina\/#primaryimage","url":"https:\/\/www.notibras.com\/site\/wp-content\/uploads\/2014\/10\/7_3.jpg","contentUrl":"https:\/\/www.notibras.com\/site\/wp-content\/uploads\/2014\/10\/7_3.jpg","width":620,"height":465},{"@type":"BreadcrumbList","@id":"https:\/\/www.notibras.com\/site\/bufalo-de-300-kg-sente-calor-invade-sitio-no-interior-paulista-e-cai-em-piscina\/#breadcrumb","itemListElement":[{"@type":"ListItem","position":1,"name":"In\u00edcio","item":"https:\/\/www.notibras.com\/site\/"},{"@type":"ListItem","position":2,"name":"B\u00fafalo de 300 kg sente calor, invade s\u00edtio e cai na piscina"}]},{"@type":"WebSite","@id":"https:\/\/www.notibras.com\/site\/#website","url":"https:\/\/www.notibras.com\/site\/","name":"Notibras","description":"Not\u00edcias de Bras\u00edlia, do Brasil e do Mundo","publisher":{"@id":"https:\/\/www.notibras.com\/site\/#organization"},"potentialAction":[{"@type":"SearchAction","target":{"@type":"EntryPoint","urlTemplate":"https:\/\/www.notibras.com\/site\/?s={search_term_string}"},"query-input":{"@type":"PropertyValueSpecification","valueRequired":true,"valueName":"search_term_string"}}],"inLanguage":"pt-BR"},{"@type":"Organization","@id":"https:\/\/www.notibras.com\/site\/#organization","name":"Grupo Notibras de Comunica\u00e7\u00e3o","url":"https:\/\/www.notibras.com\/site\/","logo":{"@type":"ImageObject","inLanguage":"pt-BR","@id":"https:\/\/www.notibras.com\/site\/#\/schema\/logo\/image\/","url":"https:\/\/www.notibras.com\/site\/wp-content\/uploads\/2023\/01\/notibras23.png","contentUrl":"https:\/\/www.notibras.com\/site\/wp-content\/uploads\/2023\/01\/notibras23.png","width":350,"height":87,"caption":"Grupo Notibras de Comunica\u00e7\u00e3o"},"image":{"@id":"https:\/\/www.notibras.com\/site\/#\/schema\/logo\/image\/"},"sameAs":["https:\/\/www.facebook.com\/notibras\/","https:\/\/x.com\/Notibras","https:\/\/www.instagram.com\/notibras\/"]},{"@type":"Person","@id":"https:\/\/www.notibras.com\/site\/#\/schema\/person\/36ab0979449956132d3e5b517ea76ac8","name":"Reda\u00e7\u00e3o","image":{"@type":"ImageObject","inLanguage":"pt-BR","@id":"https:\/\/secure.gravatar.com\/avatar\/e0a867bdedb85fd243eadf09663511f96fc81e0720a4a42581f334ad4303aa6b?s=96&d=mm&r=g","url":"https:\/\/secure.gravatar.com\/avatar\/e0a867bdedb85fd243eadf09663511f96fc81e0720a4a42581f334ad4303aa6b?s=96&d=mm&r=g","contentUrl":"https:\/\/secure.gravatar.com\/avatar\/e0a867bdedb85fd243eadf09663511f96fc81e0720a4a42581f334ad4303aa6b?s=96&d=mm&r=g","caption":"Reda\u00e7\u00e3o"}}]}},"amp_enabled":true,"_links":{"self":[{"href":"https:\/\/www.notibras.com\/site\/wp-json\/wp\/v2\/posts\/24914","targetHints":{"allow":["GET"]}}],"collection":[{"href":"https:\/\/www.notibras.com\/site\/wp-json\/wp\/v2\/posts"}],"about":[{"href":"https:\/\/www.notibras.com\/site\/wp-json\/wp\/v2\/types\/post"}],"author":[{"embeddable":true,"href":"https:\/\/www.notibras.com\/site\/wp-json\/wp\/v2\/users\/2"}],"replies":[{"embeddable":true,"href":"https:\/\/www.notibras.com\/site\/wp-json\/wp\/v2\/comments?post=24914"}],"version-history":[{"count":0,"href":"https:\/\/www.notibras.com\/site\/wp-json\/wp\/v2\/posts\/24914\/revisions"}],"wp:featuredmedia":[{"embeddable":true,"href":"https:\/\/www.notibras.com\/site\/wp-json\/wp\/v2\/media\/24915"}],"wp:attachment":[{"href":"https:\/\/www.notibras.com\/site\/wp-json\/wp\/v2\/media?parent=24914"}],"wp:term":[{"taxonomy":"category","embeddable":true,"href":"https:\/\/www.notibras.com\/site\/wp-json\/wp\/v2\/categories?post=24914"},{"taxonomy":"post_tag","embeddable":true,"href":"https:\/\/www.notibras.com\/site\/wp-json\/wp\/v2\/tags?post=24914"}],"curies":[{"name":"wp","href":"https:\/\/api.w.org\/{rel}","templated":true}]}}