{"id":24945,"date":"2014-10-14T19:21:40","date_gmt":"2014-10-14T22:21:40","guid":{"rendered":"http:\/\/www.notibras.com\/site\/?p=24945"},"modified":"2014-10-14T22:33:46","modified_gmt":"2014-10-15T01:33:46","slug":"chico-extrapola-na-vigilancia-e-le-uma-resposta-do-pdt-que-faz-calar-linguas-ferinas","status":"publish","type":"post","link":"https:\/\/www.notibras.com\/site\/chico-extrapola-na-vigilancia-e-le-uma-resposta-do-pdt-que-faz-calar-linguas-ferinas\/","title":{"rendered":"Chico extrapola na vigil\u00e2ncia e l\u00ea resposta que cala l\u00ednguas ferinas"},"content":{"rendered":"<p>Intempestivo. Foi assim que <strong>Notibras<\/strong> entendeu o ataque do deputado distrital reeleito Chico Vigilante (PT), ao senador Cristovam Buarque (PDT).\u00a0 Realista. Foi assim que <strong>Notibras<\/strong> traduziu a resposta a Chico Vigilante, em carta assinada por Jos\u00e9 Carlos Vasconcellos, secret\u00e1rio-geral do PDT na capital da Rep\u00fablica.<\/p>\n<p><strong>Notibras<\/strong> n\u00e3o tem procura\u00e7\u00e3o de Jos\u00e9 Carlos Vasconcellos; e n\u00e3o \u00e9 movido por pol\u00eamicas. Por\u00e9m, considerando a import\u00e2ncia do tema, e no momento em que se despe o PT, trazendo \u00e0 tona todos os erros do partido, a Dire\u00e7\u00e3o de Reda\u00e7\u00e3o decidiu avalizar e transcrever as palavras do secret\u00e1rio-geral do PDT dirigidas a Chico Vigilante.<\/p>\n<p>Leia a carta:<\/p>\n<blockquote><p>Bras\u00edlia, 14 de outubro de 2014.<\/p>\n<p>Prezado Deputado Chico Vigilante,<\/p>\n<p>Ao ler a carta que voc\u00ea enviou ao Senador Cristovam Buarque, externando a sua indigna\u00e7\u00e3o com o apoio dele ao A\u00e9cio Neves na campanha presidencial, tornou-se indispens\u00e1vel fazer alguns reparos importantes.<\/p>\n<p>N\u00e3o existe institui\u00e7\u00e3o que esteja acima do bem e do mal e que n\u00e3o seja pass\u00edvel a erros. Do mesmo modo, n\u00e3o h\u00e1 acerto que justifique desvios fundamentais de conduta.<\/p>\n<p>A maioria da milit\u00e2ncia petista tem uma longa hist\u00f3ria constru\u00edda na luta democr\u00e1tica em torno dos melhores ideais. Com trabalho, suor e entusiasmo, venceu obst\u00e1culos que pareciam intranspon\u00edveis e conseguiu chegar at\u00e9 aqui com integridade e firmeza de prop\u00f3sito. Esses homens e mulheres de bem &#8211; que entregaram o melhor de suas vidas na constru\u00e7\u00e3o do PT \u2013 est\u00e3o sendo julgados por atos com os quais n\u00e3o teve nenhuma participa\u00e7\u00e3o.<\/p>\n<p>No entanto, uma pequena parte de suas lideran\u00e7as, a chamada elite partid\u00e1ria, fraquejou ante seus compromissos. Quando podiam fazer as reformas estruturais em nosso sistema pol\u00edtico, preferiram os m\u00e9todos antes condenados para obter benef\u00edcios pr\u00f3prios.<\/p>\n<p>Os fins nunca justificam os meios. \u00c9 por isso, que, agora, o partido inteiro est\u00e1 pagando o alto pre\u00e7o do desgaste, da frustra\u00e7\u00e3o, do desacerto, do malfeito, do desatino.<\/p>\n<p>\u00c9 verdade que foi pelas m\u00e3os do PT que o Cristovam adentrou na pol\u00edtica partid\u00e1ria para ser Governador do Distrito Federal e, depois, Senador da Rep\u00fablica. \u00c9 verdade que a milit\u00e2ncia petista foi fundamental para que isso acontecesse. Mas, tamb\u00e9m \u00e9 verdade que o Cristovam foi um dos alicerces para o projeto que permitiu que o PT chegasse ao poder.<\/p>\n<p>Ao inv\u00e9s de atacar o Senador, mas digno da sua parte seria fazer a \u201cmea culpa\u201d e questionar quem realmente traiu o PT, a sua milit\u00e2ncia e o povo brasileiro.<\/p>\n<p>Tra\u00edram o partido aqueles que se mantiveram fi\u00e9is aos seus princ\u00edpios e valores ou aqueles de descumpriram compromissos, cederam \u00e0s benesses do poder, roubaram ou deixaram roubar? Quem permitiu que o partido chegasse a essa situa\u00e7\u00e3o \u2013 por ato ou por omiss\u00e3o \u2013 \u00e9 que s\u00e3o os verdadeiros traidores do PT, da milit\u00e2ncia, e do povo brasileiro.<\/p>\n<p>Esses \u00e9 que devem ser os destinat\u00e1rios da sua indigna\u00e7\u00e3o. E n\u00e3o aqueles que discordaram e discordam dos rumos e das pr\u00e1ticas que desprezam os princ\u00edpios e valores que outrora nortearam a trajet\u00f3ria do partido atualmente.<\/p>\n<p>N\u00e3o h\u00e1 situa\u00e7\u00e3o pol\u00edtica que justifique fidelidade incondicional. Quando h\u00e1 quebra de decoro, desrespeito \u00e0s leis e \u00e0s institui\u00e7\u00f5es \u00e9 leg\u00edtimo que cada um tome o seu rumo e siga de acordo com a sua consci\u00eancia e seus ideais.<\/p>\n<p>O sil\u00eancio e a complac\u00eancia, de l\u00edderes como voc\u00ea, com os chamados malfeitos dos dirigentes partid\u00e1rios, na pr\u00e1tica, \u00e9 tamb\u00e9m um ato de trai\u00e7\u00e3o. Ao deixar de combater o erro, voc\u00ea permitiu a desgra\u00e7a de todos. Porque voc\u00ea se calou diante do \u201cmensal\u00e3o\u201d, da organiza\u00e7\u00e3o criminosa, do \u201cPetrol\u00e3o\u201d dos 3% de propina para o PT?<\/p>\n<p>N\u00e3o me lembro de sua indigna\u00e7\u00e3o, quando o governo do PT no DF gastou R$ 2 bilh\u00f5es, com a obra superfaturada do Est\u00e1dio Man\u00e9 Garrincha, enquanto faltavam rem\u00e9dios para os doentes dos hospitais de Bras\u00edlia.<\/p>\n<p>Como justificar as recentes campanhas milion\u00e1rias de deputados e de governador do PT no DF? Como justificar o dinheiro nas meias, nas cuecas e agora nos jatinhos particulares?<\/p>\n<p>Como voc\u00ea pode criticar o Senador Cristovam Buarque ao assistir, calado, o seu partido fazer alian\u00e7as com o que existe de mais podre na pol\u00edtica brasileira e com os ultraconservadores de direita?<\/p>\n<p>O PT teve a oportunidade de fazer a reforma pol\u00edtica da qual o Pa\u00eds precisava, mas, ao contr\u00e1rio, preferiu implantar um sistema de corrup\u00e7\u00e3o institucionalizado e tirar proveito dele. Isso sim, Deputado, \u00e9 trai\u00e7\u00e3o e crime de lesa p\u00e1tria.<\/p>\n<p>No DF, a soberba daqueles que ficaram embebecidos pelo poder e se sentiram acima do bem e do mal fez o partido ser expurgado do poder, j\u00e1 no primeiro turno das elei\u00e7\u00f5es 2014, atrav\u00e9s do voto direto de 80% da popula\u00e7\u00e3o. Um vexame e tanto.<\/p>\n<p>Ser\u00e1 que nem isso foi capaz de despertar a sua autocr\u00edtica?<\/p>\n<p>Ser\u00e1 que todos est\u00e3o errados e s\u00f3 voc\u00eas, da elite partid\u00e1ria, est\u00e3o certos?<\/p>\n<p>Deputado, aquele PT que voc\u00ea evocou, n\u00e3o existe mais. E isso \u00e9 uma pena.<\/p>\n<p>Por isso, quero refutar, com veem\u00eancia, a sua injusta acusa\u00e7\u00e3o ao Senador Cristovam Buarque. Com a responsabilidade pol\u00edtica que tem, o Senador externou a sua vis\u00e3o l\u00facida do processo pol\u00edtico brasileiro.<\/p>\n<p>Hoje, infelizmente, nenhuma das candidaturas presidenciais representa a mudan\u00e7a que o Pa\u00eds reclama e precisa. Mas, sem sombra de d\u00favida, a altern\u00e2ncia de poder que o povo vai sufragar nas urnas, ir\u00e1 provocar a reflex\u00e3o necess\u00e1ria para que a nossa sociedade d\u00ea um passo adiante.<\/p>\n<p>Portanto Deputado Chico Vigilante, a sua indigna\u00e7\u00e3o n\u00e3o deveria ser dirigida a um amigo que tem a lucidez de enxergar os desmandos de um governo corrupto. A sua indigna\u00e7\u00e3o deveria ser endere\u00e7ada aos seus correligion\u00e1rios que cumprem pena na Papuda e aos que (ainda) est\u00e3o fora dela sangrando a Petrobras e sugando dinheiro p\u00fablico para aplicar nas campanhas milion\u00e1rias, a t\u00edtulo de se perpetuarem no poder e engordar as suas contas banc\u00e1rias.<\/p>\n<p>Cristovam Buarque \u00e9 a lideran\u00e7a pol\u00edtica que mais nos orgulha. Eleito governador uma vez, eleito e reeleito Senador com a maior vota\u00e7\u00e3o da hist\u00f3ria do DF, sua opini\u00e3o \u00e9 cada vez mais considerada e respeitada. Por seu humanismo, por sua \u00e9tica inabal\u00e1vel e por sua lealdade aos princ\u00edpios democr\u00e1ticos, Cristovam Buarque tornou-se um l\u00edder pol\u00edtico maior &#8211; refer\u00eancia para o DF e para o Brasil. Merece mais do que nosso respeito, nosso agradecimento e nossa defer\u00eancia.<\/p>\n<p>Espero que o PT e voc\u00ea reconhe\u00e7am seus erros e reencontrem seus caminhos. No DF e no Brasil.<\/p>\n<p><strong>Jos\u00e9 Carlos Vasconcellos<\/strong><br \/>\nSecret\u00e1rio Geral PDT \u2013 DF<br \/>\n1\u00ba Suplente de Senador Eleito<\/p><\/blockquote>\n","protected":false},"excerpt":{"rendered":"<p>Intempestivo. Foi assim que Notibras entendeu o ataque do deputado distrital reeleito Chico Vigilante (PT), ao senador Cristovam Buarque (PDT).\u00a0 Realista. Foi assim que Notibras traduziu a resposta a Chico Vigilante, em carta assinada por Jos\u00e9 Carlos Vasconcellos, secret\u00e1rio-geral do PDT na capital da Rep\u00fablica. Notibras n\u00e3o tem procura\u00e7\u00e3o de Jos\u00e9 Carlos Vasconcellos; e n\u00e3o [&hellip;]<\/p>\n","protected":false},"author":2,"featured_media":24946,"comment_status":"open","ping_status":"closed","sticky":false,"template":"","format":"standard","meta":{"_acf_changed":false,"footnotes":""},"categories":[33],"tags":[],"class_list":["post-24945","post","type-post","status-publish","format-standard","has-post-thumbnail","hentry","category-eleicoes-2014"],"acf":[],"yoast_head":"<!-- This site is optimized with the Yoast SEO plugin v27.5 - https:\/\/yoast.com\/product\/yoast-seo-wordpress\/ -->\n<title>Chico extrapola na vigil\u00e2ncia e l\u00ea resposta que cala l\u00ednguas ferinas - Notibras<\/title>\n<meta name=\"robots\" content=\"index, follow, max-snippet:-1, max-image-preview:large, max-video-preview:-1\" \/>\n<link rel=\"canonical\" href=\"https:\/\/www.notibras.com\/site\/chico-extrapola-na-vigilancia-e-le-uma-resposta-do-pdt-que-faz-calar-linguas-ferinas\/\" \/>\n<meta property=\"og:locale\" content=\"pt_BR\" \/>\n<meta property=\"og:type\" content=\"article\" \/>\n<meta property=\"og:title\" content=\"Chico extrapola na vigil\u00e2ncia e l\u00ea resposta que cala l\u00ednguas ferinas - Notibras\" \/>\n<meta property=\"og:description\" content=\"Intempestivo. Foi assim que Notibras entendeu o ataque do deputado distrital reeleito Chico Vigilante (PT), ao senador Cristovam Buarque (PDT).\u00a0 Realista. Foi assim que Notibras traduziu a resposta a Chico Vigilante, em carta assinada por Jos\u00e9 Carlos Vasconcellos, secret\u00e1rio-geral do PDT na capital da Rep\u00fablica. Notibras n\u00e3o tem procura\u00e7\u00e3o de Jos\u00e9 Carlos Vasconcellos; e n\u00e3o [&hellip;]\" \/>\n<meta property=\"og:url\" content=\"https:\/\/www.notibras.com\/site\/chico-extrapola-na-vigilancia-e-le-uma-resposta-do-pdt-que-faz-calar-linguas-ferinas\/\" \/>\n<meta property=\"og:site_name\" content=\"Notibras\" \/>\n<meta property=\"article:publisher\" content=\"https:\/\/www.facebook.com\/notibras\/\" \/>\n<meta property=\"article:published_time\" content=\"2014-10-14T22:21:40+00:00\" \/>\n<meta property=\"article:modified_time\" content=\"2014-10-15T01:33:46+00:00\" \/>\n<meta property=\"og:image\" content=\"https:\/\/www.notibras.com\/site\/wp-content\/uploads\/2014\/10\/comunismopt.jpg\" \/>\n\t<meta property=\"og:image:width\" content=\"300\" \/>\n\t<meta property=\"og:image:height\" content=\"301\" \/>\n\t<meta property=\"og:image:type\" content=\"image\/jpeg\" \/>\n<meta name=\"author\" content=\"Reda\u00e7\u00e3o\" \/>\n<meta name=\"twitter:card\" content=\"summary_large_image\" \/>\n<meta name=\"twitter:creator\" content=\"@Notibras\" \/>\n<meta name=\"twitter:site\" content=\"@Notibras\" \/>\n<meta name=\"twitter:label1\" content=\"Escrito por\" \/>\n\t<meta name=\"twitter:data1\" content=\"Reda\u00e7\u00e3o\" \/>\n\t<meta name=\"twitter:label2\" content=\"Est. tempo de leitura\" \/>\n\t<meta name=\"twitter:data2\" content=\"6 minutos\" \/>\n<script type=\"application\/ld+json\" class=\"yoast-schema-graph\">{\"@context\":\"https:\\\/\\\/schema.org\",\"@graph\":[{\"@type\":\"Article\",\"@id\":\"https:\\\/\\\/www.notibras.com\\\/site\\\/chico-extrapola-na-vigilancia-e-le-uma-resposta-do-pdt-que-faz-calar-linguas-ferinas\\\/#article\",\"isPartOf\":{\"@id\":\"https:\\\/\\\/www.notibras.com\\\/site\\\/chico-extrapola-na-vigilancia-e-le-uma-resposta-do-pdt-que-faz-calar-linguas-ferinas\\\/\"},\"author\":{\"name\":\"Reda\u00e7\u00e3o\",\"@id\":\"https:\\\/\\\/www.notibras.com\\\/site\\\/#\\\/schema\\\/person\\\/36ab0979449956132d3e5b517ea76ac8\"},\"headline\":\"Chico extrapola na vigil\u00e2ncia e l\u00ea resposta que cala l\u00ednguas ferinas\",\"datePublished\":\"2014-10-14T22:21:40+00:00\",\"dateModified\":\"2014-10-15T01:33:46+00:00\",\"mainEntityOfPage\":{\"@id\":\"https:\\\/\\\/www.notibras.com\\\/site\\\/chico-extrapola-na-vigilancia-e-le-uma-resposta-do-pdt-que-faz-calar-linguas-ferinas\\\/\"},\"wordCount\":1182,\"commentCount\":0,\"publisher\":{\"@id\":\"https:\\\/\\\/www.notibras.com\\\/site\\\/#organization\"},\"image\":{\"@id\":\"https:\\\/\\\/www.notibras.com\\\/site\\\/chico-extrapola-na-vigilancia-e-le-uma-resposta-do-pdt-que-faz-calar-linguas-ferinas\\\/#primaryimage\"},\"thumbnailUrl\":\"https:\\\/\\\/www.notibras.com\\\/site\\\/wp-content\\\/uploads\\\/2014\\\/10\\\/comunismopt.jpg\",\"articleSection\":[\"Elei\u00e7\u00f5es 2014\"],\"inLanguage\":\"pt-BR\",\"potentialAction\":[{\"@type\":\"CommentAction\",\"name\":\"Comment\",\"target\":[\"https:\\\/\\\/www.notibras.com\\\/site\\\/chico-extrapola-na-vigilancia-e-le-uma-resposta-do-pdt-que-faz-calar-linguas-ferinas\\\/#respond\"]}]},{\"@type\":\"WebPage\",\"@id\":\"https:\\\/\\\/www.notibras.com\\\/site\\\/chico-extrapola-na-vigilancia-e-le-uma-resposta-do-pdt-que-faz-calar-linguas-ferinas\\\/\",\"url\":\"https:\\\/\\\/www.notibras.com\\\/site\\\/chico-extrapola-na-vigilancia-e-le-uma-resposta-do-pdt-que-faz-calar-linguas-ferinas\\\/\",\"name\":\"Chico extrapola na vigil\u00e2ncia e l\u00ea resposta que cala l\u00ednguas ferinas - Notibras\",\"isPartOf\":{\"@id\":\"https:\\\/\\\/www.notibras.com\\\/site\\\/#website\"},\"primaryImageOfPage\":{\"@id\":\"https:\\\/\\\/www.notibras.com\\\/site\\\/chico-extrapola-na-vigilancia-e-le-uma-resposta-do-pdt-que-faz-calar-linguas-ferinas\\\/#primaryimage\"},\"image\":{\"@id\":\"https:\\\/\\\/www.notibras.com\\\/site\\\/chico-extrapola-na-vigilancia-e-le-uma-resposta-do-pdt-que-faz-calar-linguas-ferinas\\\/#primaryimage\"},\"thumbnailUrl\":\"https:\\\/\\\/www.notibras.com\\\/site\\\/wp-content\\\/uploads\\\/2014\\\/10\\\/comunismopt.jpg\",\"datePublished\":\"2014-10-14T22:21:40+00:00\",\"dateModified\":\"2014-10-15T01:33:46+00:00\",\"breadcrumb\":{\"@id\":\"https:\\\/\\\/www.notibras.com\\\/site\\\/chico-extrapola-na-vigilancia-e-le-uma-resposta-do-pdt-que-faz-calar-linguas-ferinas\\\/#breadcrumb\"},\"inLanguage\":\"pt-BR\",\"potentialAction\":[{\"@type\":\"ReadAction\",\"target\":[\"https:\\\/\\\/www.notibras.com\\\/site\\\/chico-extrapola-na-vigilancia-e-le-uma-resposta-do-pdt-que-faz-calar-linguas-ferinas\\\/\"]}]},{\"@type\":\"ImageObject\",\"inLanguage\":\"pt-BR\",\"@id\":\"https:\\\/\\\/www.notibras.com\\\/site\\\/chico-extrapola-na-vigilancia-e-le-uma-resposta-do-pdt-que-faz-calar-linguas-ferinas\\\/#primaryimage\",\"url\":\"https:\\\/\\\/www.notibras.com\\\/site\\\/wp-content\\\/uploads\\\/2014\\\/10\\\/comunismopt.jpg\",\"contentUrl\":\"https:\\\/\\\/www.notibras.com\\\/site\\\/wp-content\\\/uploads\\\/2014\\\/10\\\/comunismopt.jpg\",\"width\":300,\"height\":301},{\"@type\":\"BreadcrumbList\",\"@id\":\"https:\\\/\\\/www.notibras.com\\\/site\\\/chico-extrapola-na-vigilancia-e-le-uma-resposta-do-pdt-que-faz-calar-linguas-ferinas\\\/#breadcrumb\",\"itemListElement\":[{\"@type\":\"ListItem\",\"position\":1,\"name\":\"In\u00edcio\",\"item\":\"https:\\\/\\\/www.notibras.com\\\/site\\\/\"},{\"@type\":\"ListItem\",\"position\":2,\"name\":\"Chico extrapola na vigil\u00e2ncia e l\u00ea resposta que cala l\u00ednguas ferinas\"}]},{\"@type\":\"WebSite\",\"@id\":\"https:\\\/\\\/www.notibras.com\\\/site\\\/#website\",\"url\":\"https:\\\/\\\/www.notibras.com\\\/site\\\/\",\"name\":\"Notibras\",\"description\":\"Not\u00edcias de Bras\u00edlia, do Brasil e do Mundo\",\"publisher\":{\"@id\":\"https:\\\/\\\/www.notibras.com\\\/site\\\/#organization\"},\"potentialAction\":[{\"@type\":\"SearchAction\",\"target\":{\"@type\":\"EntryPoint\",\"urlTemplate\":\"https:\\\/\\\/www.notibras.com\\\/site\\\/?s={search_term_string}\"},\"query-input\":{\"@type\":\"PropertyValueSpecification\",\"valueRequired\":true,\"valueName\":\"search_term_string\"}}],\"inLanguage\":\"pt-BR\"},{\"@type\":\"Organization\",\"@id\":\"https:\\\/\\\/www.notibras.com\\\/site\\\/#organization\",\"name\":\"Grupo Notibras de Comunica\u00e7\u00e3o\",\"url\":\"https:\\\/\\\/www.notibras.com\\\/site\\\/\",\"logo\":{\"@type\":\"ImageObject\",\"inLanguage\":\"pt-BR\",\"@id\":\"https:\\\/\\\/www.notibras.com\\\/site\\\/#\\\/schema\\\/logo\\\/image\\\/\",\"url\":\"https:\\\/\\\/www.notibras.com\\\/site\\\/wp-content\\\/uploads\\\/2023\\\/01\\\/notibras23.png\",\"contentUrl\":\"https:\\\/\\\/www.notibras.com\\\/site\\\/wp-content\\\/uploads\\\/2023\\\/01\\\/notibras23.png\",\"width\":350,\"height\":87,\"caption\":\"Grupo Notibras de Comunica\u00e7\u00e3o\"},\"image\":{\"@id\":\"https:\\\/\\\/www.notibras.com\\\/site\\\/#\\\/schema\\\/logo\\\/image\\\/\"},\"sameAs\":[\"https:\\\/\\\/www.facebook.com\\\/notibras\\\/\",\"https:\\\/\\\/x.com\\\/Notibras\",\"https:\\\/\\\/www.instagram.com\\\/notibras\\\/\"]},{\"@type\":\"Person\",\"@id\":\"https:\\\/\\\/www.notibras.com\\\/site\\\/#\\\/schema\\\/person\\\/36ab0979449956132d3e5b517ea76ac8\",\"name\":\"Reda\u00e7\u00e3o\",\"image\":{\"@type\":\"ImageObject\",\"inLanguage\":\"pt-BR\",\"@id\":\"https:\\\/\\\/secure.gravatar.com\\\/avatar\\\/e0a867bdedb85fd243eadf09663511f96fc81e0720a4a42581f334ad4303aa6b?s=96&d=mm&r=g\",\"url\":\"https:\\\/\\\/secure.gravatar.com\\\/avatar\\\/e0a867bdedb85fd243eadf09663511f96fc81e0720a4a42581f334ad4303aa6b?s=96&d=mm&r=g\",\"contentUrl\":\"https:\\\/\\\/secure.gravatar.com\\\/avatar\\\/e0a867bdedb85fd243eadf09663511f96fc81e0720a4a42581f334ad4303aa6b?s=96&d=mm&r=g\",\"caption\":\"Reda\u00e7\u00e3o\"}}]}<\/script>\n<!-- \/ Yoast SEO plugin. -->","yoast_head_json":{"title":"Chico extrapola na vigil\u00e2ncia e l\u00ea resposta que cala l\u00ednguas ferinas - Notibras","robots":{"index":"index","follow":"follow","max-snippet":"max-snippet:-1","max-image-preview":"max-image-preview:large","max-video-preview":"max-video-preview:-1"},"canonical":"https:\/\/www.notibras.com\/site\/chico-extrapola-na-vigilancia-e-le-uma-resposta-do-pdt-que-faz-calar-linguas-ferinas\/","og_locale":"pt_BR","og_type":"article","og_title":"Chico extrapola na vigil\u00e2ncia e l\u00ea resposta que cala l\u00ednguas ferinas - Notibras","og_description":"Intempestivo. Foi assim que Notibras entendeu o ataque do deputado distrital reeleito Chico Vigilante (PT), ao senador Cristovam Buarque (PDT).\u00a0 Realista. Foi assim que Notibras traduziu a resposta a Chico Vigilante, em carta assinada por Jos\u00e9 Carlos Vasconcellos, secret\u00e1rio-geral do PDT na capital da Rep\u00fablica. Notibras n\u00e3o tem procura\u00e7\u00e3o de Jos\u00e9 Carlos Vasconcellos; e n\u00e3o [&hellip;]","og_url":"https:\/\/www.notibras.com\/site\/chico-extrapola-na-vigilancia-e-le-uma-resposta-do-pdt-que-faz-calar-linguas-ferinas\/","og_site_name":"Notibras","article_publisher":"https:\/\/www.facebook.com\/notibras\/","article_published_time":"2014-10-14T22:21:40+00:00","article_modified_time":"2014-10-15T01:33:46+00:00","og_image":[{"width":300,"height":301,"url":"https:\/\/www.notibras.com\/site\/wp-content\/uploads\/2014\/10\/comunismopt.jpg","type":"image\/jpeg"}],"author":"Reda\u00e7\u00e3o","twitter_card":"summary_large_image","twitter_creator":"@Notibras","twitter_site":"@Notibras","twitter_misc":{"Escrito por":"Reda\u00e7\u00e3o","Est. tempo de leitura":"6 minutos"},"schema":{"@context":"https:\/\/schema.org","@graph":[{"@type":"Article","@id":"https:\/\/www.notibras.com\/site\/chico-extrapola-na-vigilancia-e-le-uma-resposta-do-pdt-que-faz-calar-linguas-ferinas\/#article","isPartOf":{"@id":"https:\/\/www.notibras.com\/site\/chico-extrapola-na-vigilancia-e-le-uma-resposta-do-pdt-que-faz-calar-linguas-ferinas\/"},"author":{"name":"Reda\u00e7\u00e3o","@id":"https:\/\/www.notibras.com\/site\/#\/schema\/person\/36ab0979449956132d3e5b517ea76ac8"},"headline":"Chico extrapola na vigil\u00e2ncia e l\u00ea resposta que cala l\u00ednguas ferinas","datePublished":"2014-10-14T22:21:40+00:00","dateModified":"2014-10-15T01:33:46+00:00","mainEntityOfPage":{"@id":"https:\/\/www.notibras.com\/site\/chico-extrapola-na-vigilancia-e-le-uma-resposta-do-pdt-que-faz-calar-linguas-ferinas\/"},"wordCount":1182,"commentCount":0,"publisher":{"@id":"https:\/\/www.notibras.com\/site\/#organization"},"image":{"@id":"https:\/\/www.notibras.com\/site\/chico-extrapola-na-vigilancia-e-le-uma-resposta-do-pdt-que-faz-calar-linguas-ferinas\/#primaryimage"},"thumbnailUrl":"https:\/\/www.notibras.com\/site\/wp-content\/uploads\/2014\/10\/comunismopt.jpg","articleSection":["Elei\u00e7\u00f5es 2014"],"inLanguage":"pt-BR","potentialAction":[{"@type":"CommentAction","name":"Comment","target":["https:\/\/www.notibras.com\/site\/chico-extrapola-na-vigilancia-e-le-uma-resposta-do-pdt-que-faz-calar-linguas-ferinas\/#respond"]}]},{"@type":"WebPage","@id":"https:\/\/www.notibras.com\/site\/chico-extrapola-na-vigilancia-e-le-uma-resposta-do-pdt-que-faz-calar-linguas-ferinas\/","url":"https:\/\/www.notibras.com\/site\/chico-extrapola-na-vigilancia-e-le-uma-resposta-do-pdt-que-faz-calar-linguas-ferinas\/","name":"Chico extrapola na vigil\u00e2ncia e l\u00ea resposta que cala l\u00ednguas ferinas - Notibras","isPartOf":{"@id":"https:\/\/www.notibras.com\/site\/#website"},"primaryImageOfPage":{"@id":"https:\/\/www.notibras.com\/site\/chico-extrapola-na-vigilancia-e-le-uma-resposta-do-pdt-que-faz-calar-linguas-ferinas\/#primaryimage"},"image":{"@id":"https:\/\/www.notibras.com\/site\/chico-extrapola-na-vigilancia-e-le-uma-resposta-do-pdt-que-faz-calar-linguas-ferinas\/#primaryimage"},"thumbnailUrl":"https:\/\/www.notibras.com\/site\/wp-content\/uploads\/2014\/10\/comunismopt.jpg","datePublished":"2014-10-14T22:21:40+00:00","dateModified":"2014-10-15T01:33:46+00:00","breadcrumb":{"@id":"https:\/\/www.notibras.com\/site\/chico-extrapola-na-vigilancia-e-le-uma-resposta-do-pdt-que-faz-calar-linguas-ferinas\/#breadcrumb"},"inLanguage":"pt-BR","potentialAction":[{"@type":"ReadAction","target":["https:\/\/www.notibras.com\/site\/chico-extrapola-na-vigilancia-e-le-uma-resposta-do-pdt-que-faz-calar-linguas-ferinas\/"]}]},{"@type":"ImageObject","inLanguage":"pt-BR","@id":"https:\/\/www.notibras.com\/site\/chico-extrapola-na-vigilancia-e-le-uma-resposta-do-pdt-que-faz-calar-linguas-ferinas\/#primaryimage","url":"https:\/\/www.notibras.com\/site\/wp-content\/uploads\/2014\/10\/comunismopt.jpg","contentUrl":"https:\/\/www.notibras.com\/site\/wp-content\/uploads\/2014\/10\/comunismopt.jpg","width":300,"height":301},{"@type":"BreadcrumbList","@id":"https:\/\/www.notibras.com\/site\/chico-extrapola-na-vigilancia-e-le-uma-resposta-do-pdt-que-faz-calar-linguas-ferinas\/#breadcrumb","itemListElement":[{"@type":"ListItem","position":1,"name":"In\u00edcio","item":"https:\/\/www.notibras.com\/site\/"},{"@type":"ListItem","position":2,"name":"Chico extrapola na vigil\u00e2ncia e l\u00ea resposta que cala l\u00ednguas ferinas"}]},{"@type":"WebSite","@id":"https:\/\/www.notibras.com\/site\/#website","url":"https:\/\/www.notibras.com\/site\/","name":"Notibras","description":"Not\u00edcias de Bras\u00edlia, do Brasil e do Mundo","publisher":{"@id":"https:\/\/www.notibras.com\/site\/#organization"},"potentialAction":[{"@type":"SearchAction","target":{"@type":"EntryPoint","urlTemplate":"https:\/\/www.notibras.com\/site\/?s={search_term_string}"},"query-input":{"@type":"PropertyValueSpecification","valueRequired":true,"valueName":"search_term_string"}}],"inLanguage":"pt-BR"},{"@type":"Organization","@id":"https:\/\/www.notibras.com\/site\/#organization","name":"Grupo Notibras de Comunica\u00e7\u00e3o","url":"https:\/\/www.notibras.com\/site\/","logo":{"@type":"ImageObject","inLanguage":"pt-BR","@id":"https:\/\/www.notibras.com\/site\/#\/schema\/logo\/image\/","url":"https:\/\/www.notibras.com\/site\/wp-content\/uploads\/2023\/01\/notibras23.png","contentUrl":"https:\/\/www.notibras.com\/site\/wp-content\/uploads\/2023\/01\/notibras23.png","width":350,"height":87,"caption":"Grupo Notibras de Comunica\u00e7\u00e3o"},"image":{"@id":"https:\/\/www.notibras.com\/site\/#\/schema\/logo\/image\/"},"sameAs":["https:\/\/www.facebook.com\/notibras\/","https:\/\/x.com\/Notibras","https:\/\/www.instagram.com\/notibras\/"]},{"@type":"Person","@id":"https:\/\/www.notibras.com\/site\/#\/schema\/person\/36ab0979449956132d3e5b517ea76ac8","name":"Reda\u00e7\u00e3o","image":{"@type":"ImageObject","inLanguage":"pt-BR","@id":"https:\/\/secure.gravatar.com\/avatar\/e0a867bdedb85fd243eadf09663511f96fc81e0720a4a42581f334ad4303aa6b?s=96&d=mm&r=g","url":"https:\/\/secure.gravatar.com\/avatar\/e0a867bdedb85fd243eadf09663511f96fc81e0720a4a42581f334ad4303aa6b?s=96&d=mm&r=g","contentUrl":"https:\/\/secure.gravatar.com\/avatar\/e0a867bdedb85fd243eadf09663511f96fc81e0720a4a42581f334ad4303aa6b?s=96&d=mm&r=g","caption":"Reda\u00e7\u00e3o"}}]}},"amp_enabled":true,"_links":{"self":[{"href":"https:\/\/www.notibras.com\/site\/wp-json\/wp\/v2\/posts\/24945","targetHints":{"allow":["GET"]}}],"collection":[{"href":"https:\/\/www.notibras.com\/site\/wp-json\/wp\/v2\/posts"}],"about":[{"href":"https:\/\/www.notibras.com\/site\/wp-json\/wp\/v2\/types\/post"}],"author":[{"embeddable":true,"href":"https:\/\/www.notibras.com\/site\/wp-json\/wp\/v2\/users\/2"}],"replies":[{"embeddable":true,"href":"https:\/\/www.notibras.com\/site\/wp-json\/wp\/v2\/comments?post=24945"}],"version-history":[{"count":0,"href":"https:\/\/www.notibras.com\/site\/wp-json\/wp\/v2\/posts\/24945\/revisions"}],"wp:featuredmedia":[{"embeddable":true,"href":"https:\/\/www.notibras.com\/site\/wp-json\/wp\/v2\/media\/24946"}],"wp:attachment":[{"href":"https:\/\/www.notibras.com\/site\/wp-json\/wp\/v2\/media?parent=24945"}],"wp:term":[{"taxonomy":"category","embeddable":true,"href":"https:\/\/www.notibras.com\/site\/wp-json\/wp\/v2\/categories?post=24945"},{"taxonomy":"post_tag","embeddable":true,"href":"https:\/\/www.notibras.com\/site\/wp-json\/wp\/v2\/tags?post=24945"}],"curies":[{"name":"wp","href":"https:\/\/api.w.org\/{rel}","templated":true}]}}