{"id":24953,"date":"2014-10-14T22:24:30","date_gmt":"2014-10-15T01:24:30","guid":{"rendered":"http:\/\/www.notibras.com\/site\/?p=24953"},"modified":"2014-10-15T10:59:58","modified_gmt":"2014-10-15T13:59:58","slug":"saco-de-pancadas-subserviente-chico-vigilante-sente-a-forca-das-garras-de-celina-leao","status":"publish","type":"post","link":"https:\/\/www.notibras.com\/site\/saco-de-pancadas-subserviente-chico-vigilante-sente-a-forca-das-garras-de-celina-leao\/","title":{"rendered":"Saco de pancadas, Chico ataca, e sente for\u00e7a da garra de Celina Le\u00e3o"},"content":{"rendered":"<p>Derrotado nas urnas, sem chance sequer de ir para o segundo turno, o governador Agnelo Queiroz (PT) escalou seu leal escudeiro Chico Vigilante para destilar na C\u00e2mara Legislativa toda a ira que domina os petistas desde o dia 5 de outubro.<\/p>\n<p>O deputado, por\u00e9m, n\u00e3o esperava um ant\u00eddoto t\u00e3o forte contra o seu veneno. E os ataques que disparou contra o senador Cristovam Buarque (PDT), por ter se aliado a Rodrigo Rollemberg (PSB) e A\u00e9cio Neves (PSDB) foram refutados pela deputada Celina Le\u00e3o, pedetista como Cristovam.<\/p>\n<p>A deputada mostrou as armas. Afiou as garras e comparou Chico Vigilante ao mais vil dos subservientes. Foi a resposta de Celina Le\u00e3o ao petista, que em carta difundida nas redes sociais se mostrou, segundo a parlamentar, insensato e oportunista.<\/p>\n<blockquote><p>&#8211; A subservi\u00eancia do deputado, que\u00a0 sempre atuou na defesa do partido, que o povo, pelo voto, acaba de execrar da pol\u00edtica brasiliense,\u00a0 quis se fazer notar pela candidata a presidente, e numa \u00faltima tentativa de se manter no poder resolveu fazer a demag\u00f3gica carta ao senador, cobrando o apoio dele \u00e0 candidatura de Dilma. E\u00a0 durante 72 horas ele ficou na d\u00favida entre o respeito \u00e0 verdade e a demagogia barata que sempre permeou as opini\u00f5es de alguns pol\u00edticos. E esta prevaleceu, como sempre, acusou Celina, referindo-se ao seu desafeto na C\u00e2mara Legislativa.<\/p><\/blockquote>\n<p>Embora seja conhecida por n\u00e3o guardar m\u00e1goas, Celina parece ter ocupado a tribuna na tarde desta ter\u00e7a-feira 14 para despejar todo o sentimento de ang\u00fastia que a dominou ao longo dos \u00faltimos quatro anos, quando levantava a voz contra o governo de Agnelo Queiroz.<\/p>\n<p>Celina, no contexto da defesa que fazia do senador Cristovam Buarque, lembrou as persegui\u00e7\u00f5es, os fakes, as mentiras, as guerrilhas virtuais t\u00e3o usadas pelo partido do deputado (Chico Vigilante). Mas s\u00e3o gestos, disse, \u201cque\u00a0 n\u00e3o intimidam os pol\u00edticos que realmente lutam por um Brasil democr\u00e1tico, livre,\u00a0 com uma melhor qualidade de vida.\u201d<\/p>\n<p>Em seu pronunciamento, a deputada foi enf\u00e1tica. \u201cNada amedronta o senador Cristovam Buarque, que como pol\u00edtico coerente e \u00e9tico que sempre foi, teve a coragem de buscar alternativas para bem governar, mas\u00a0 com o passar do tempo, quando sentiu que o partido\u00a0 tinha se desviado dos ideais de mudan\u00e7a, de \u00e9tica e de justi\u00e7a social, teve a hombridade de sair do PT, n\u00e3o ficou se favorecendo com as benesses do poder.\u201d<\/p>\n<p>&#8211; Fiquei estarrecida ao ler a hist\u00f3ria do convite que foi feito para o brizolista aut\u00eantico, como ele mesmo afirmou, \u00e0 \u00e9poca. Em cada palavra a gente sente como o PT quer usar as pessoas, e quer mant\u00ea-las escravizadas, sem liberdade de buscar novos caminhos, e ainda percebemos como a c\u00fapula do partido, o PT Nacional, interfere na escolha dos seus representantes, em detrimento dos pr\u00f3prios companheiros do partido, desabafou.<\/p>\n<blockquote><p>Em outro trecho do seu discurso, Celina citou \u201co fisiologismo, t\u00e3o presente na pol\u00edtica brasileira, que o deputado (Chico Vigilante) acha que os eleitos t\u00eam uma obriga\u00e7\u00e3o de fidelidade\u00a0 eterna com ele e com seu partido, n\u00e3o com o povo, o pa\u00eds e a cidade. Ele faz parte da vis\u00e3o de que a elei\u00e7\u00e3o \u00e9 um pr\u00eamio e n\u00e3o uma tarefa para a qual o eleito foi escolhido\u201d, sublinhou.<\/p><\/blockquote>\n<p>Celina Le\u00e3o lembrou a \u00e9poca em que Cristovam Buarque deixou sua cadeira na Universidade de Bras\u00edlia para aceitar disputar o Pal\u00e1cio do Buriti.<\/p>\n<p>&#8211; Cristovam foi convidado pelo PT por possuir as qualidades necess\u00e1rias para governar o DF. Por isso, sua elei\u00e7\u00e3o foi um reconhecimento, e mesmo com\u00a0 todas as dificuldades que enfrentou ele manteve seus compromissos. Isto \u00e9 o que um pol\u00edtico deve assegurar, compromisso com o seu eleitor e n\u00e3o gratid\u00e3o. A \u00e9tica n\u00e3o se compra e nem t\u00e3o pouco a honradez, mas s\u00e3o atributos inerentes ao ber\u00e7o e \u00e0 educa\u00e7\u00e3o.<\/p>\n<p>\u201cJ\u00e1 vi Cristovam escrever que discordava do seu mestre Darcy Ribeiro,\u00a0 porque este disse um dia que o\u201d Senado \u00e9 o C\u00e9u\u201d, e Cristovam diz que o\u201d Senado \u00e9 um Campo de Batalha onde ele luta por suas bandeiras\u201d. O Poder nunca sobrepujou o sonho de mudan\u00e7as sociais de Cristovam Buarque\u201d, acrescentou a deputada.<\/p>\n<p>No entendimento de Celina Le\u00e3o, na rela\u00e7\u00e3o de Cristovam com o PT, o partido muito mais ganhou do que deu. \u201cParece que o deputado n\u00e3o entende muito de n\u00fameros, pois foi o homem Cristovam que deu um governo ao PT e infelizmente elegeu Agnelo Queiroz. Basta comparar os votos em 2010 e os de agora. Em 2010, com o apoio de Cristovam, a coliga\u00e7\u00e3o do PT elegeu Agnelo. Agora, Agnelo teve uma vota\u00e7\u00e3o p\u00edfia e\u00a0 Magela (deputado Geraldo Magela, derrotado na disputa para o Senado) ainda pior. Este \u00e9 o retrato de uma administra\u00e7\u00e3o que o deputado (Chico Vigilante) defende.\u201d<\/p>\n<p>Celina falou para uma galeria cheia e um plen\u00e1rio silencioso. Refutou mais uma vez os ataques de Chico Vigilante. E indagou se n\u00e3o seria por medo da compet\u00eancia dos advers\u00e1rios, que o PT age com mesquinhez , lan\u00e7ando m\u00e3o de atos rasteiros.<\/p>\n<p>Indignada com os ataques dirigidos ao senador, Celina salientou que Cristovam \u201ctem todo o direito de apontar novos rumos sem perder sua coer\u00eancia, porque o apoio declarado a A\u00e9cio, significa uma resposta qualitativa ao povo brasileiro, que n\u00e3o ag\u00fcenta mais o mesmo tipo de pol\u00edtica, com pol\u00edticos rasteiros, que elevam seus partidos mais alto do que seus ideais.\u201d<\/p>\n<blockquote><p>Serena, sem alterar o tom de voz, a deputada foi categ\u00f3rica ao afirmar que \u201ca postura de Cristovam \u00e9 a mesma de muitos simpatizantes do PT e de ex-petistas, que um dia sonharam que o Partido dos Trabalhadores fosse conseguir realizar grandes revolu\u00e7\u00f5es, mas simplesmente, al\u00e9m de n\u00e3o conseguir alcan\u00e7ar esses feitos, criticam a todos que de forma democr\u00e1tica se op\u00f5em ao que eu considero um projeto de poder pelo poder e n\u00e3o um sonho de um pa\u00eds para todos.<\/p><\/blockquote>\n<p>Por fim, Celina Le\u00e3o cobrou de Chico Vigilante, e dos petistas como um todo, um pouco de coer\u00eancia.\u201dA grandeza do PT deveria ser reconhecida ao respeitar o momento em que o senador opta por uma altern\u00e2ncia de poder. \u00c9 preciso entender que lealdade devemos ter aos princ\u00edpios e atitudes, e n\u00e3o us\u00e1-la como instrumento de escravid\u00e3o.\u201d<\/p>\n<p><strong>Elton Santos<\/strong><\/p>\n","protected":false},"excerpt":{"rendered":"<p>Derrotado nas urnas, sem chance sequer de ir para o segundo turno, o governador Agnelo Queiroz (PT) escalou seu leal escudeiro Chico Vigilante para destilar na C\u00e2mara Legislativa toda a ira que domina os petistas desde o dia 5 de outubro. O deputado, por\u00e9m, n\u00e3o esperava um ant\u00eddoto t\u00e3o forte contra o seu veneno. E [&hellip;]<\/p>\n","protected":false},"author":2,"featured_media":24954,"comment_status":"open","ping_status":"closed","sticky":false,"template":"","format":"standard","meta":{"_acf_changed":false,"footnotes":""},"categories":[33],"tags":[],"class_list":["post-24953","post","type-post","status-publish","format-standard","has-post-thumbnail","hentry","category-eleicoes-2014"],"acf":[],"yoast_head":"<!-- This site is optimized with the Yoast SEO plugin v27.5 - https:\/\/yoast.com\/product\/yoast-seo-wordpress\/ -->\n<title>Saco de pancadas, Chico ataca, e sente for\u00e7a da garra de Celina Le\u00e3o - Notibras<\/title>\n<meta name=\"robots\" content=\"index, follow, max-snippet:-1, max-image-preview:large, max-video-preview:-1\" \/>\n<link rel=\"canonical\" href=\"https:\/\/www.notibras.com\/site\/saco-de-pancadas-subserviente-chico-vigilante-sente-a-forca-das-garras-de-celina-leao\/\" \/>\n<meta property=\"og:locale\" content=\"pt_BR\" \/>\n<meta property=\"og:type\" content=\"article\" \/>\n<meta property=\"og:title\" content=\"Saco de pancadas, Chico ataca, e sente for\u00e7a da garra de Celina Le\u00e3o - Notibras\" \/>\n<meta property=\"og:description\" content=\"Derrotado nas urnas, sem chance sequer de ir para o segundo turno, o governador Agnelo Queiroz (PT) escalou seu leal escudeiro Chico Vigilante para destilar na C\u00e2mara Legislativa toda a ira que domina os petistas desde o dia 5 de outubro. O deputado, por\u00e9m, n\u00e3o esperava um ant\u00eddoto t\u00e3o forte contra o seu veneno. E [&hellip;]\" \/>\n<meta property=\"og:url\" content=\"https:\/\/www.notibras.com\/site\/saco-de-pancadas-subserviente-chico-vigilante-sente-a-forca-das-garras-de-celina-leao\/\" \/>\n<meta property=\"og:site_name\" content=\"Notibras\" \/>\n<meta property=\"article:publisher\" content=\"https:\/\/www.facebook.com\/notibras\/\" \/>\n<meta property=\"article:published_time\" content=\"2014-10-15T01:24:30+00:00\" \/>\n<meta property=\"article:modified_time\" content=\"2014-10-15T13:59:58+00:00\" \/>\n<meta property=\"og:image\" content=\"https:\/\/www.notibras.com\/site\/wp-content\/uploads\/2014\/10\/cl.1.jpeg\" \/>\n\t<meta property=\"og:image:width\" content=\"800\" \/>\n\t<meta property=\"og:image:height\" content=\"533\" \/>\n\t<meta property=\"og:image:type\" content=\"image\/jpeg\" \/>\n<meta name=\"author\" content=\"Reda\u00e7\u00e3o\" \/>\n<meta name=\"twitter:card\" content=\"summary_large_image\" \/>\n<meta name=\"twitter:creator\" content=\"@Notibras\" \/>\n<meta name=\"twitter:site\" content=\"@Notibras\" \/>\n<meta name=\"twitter:label1\" content=\"Escrito por\" \/>\n\t<meta name=\"twitter:data1\" content=\"Reda\u00e7\u00e3o\" \/>\n\t<meta name=\"twitter:label2\" content=\"Est. tempo de leitura\" \/>\n\t<meta name=\"twitter:data2\" content=\"5 minutos\" \/>\n<script type=\"application\/ld+json\" class=\"yoast-schema-graph\">{\"@context\":\"https:\\\/\\\/schema.org\",\"@graph\":[{\"@type\":\"Article\",\"@id\":\"https:\\\/\\\/www.notibras.com\\\/site\\\/saco-de-pancadas-subserviente-chico-vigilante-sente-a-forca-das-garras-de-celina-leao\\\/#article\",\"isPartOf\":{\"@id\":\"https:\\\/\\\/www.notibras.com\\\/site\\\/saco-de-pancadas-subserviente-chico-vigilante-sente-a-forca-das-garras-de-celina-leao\\\/\"},\"author\":{\"name\":\"Reda\u00e7\u00e3o\",\"@id\":\"https:\\\/\\\/www.notibras.com\\\/site\\\/#\\\/schema\\\/person\\\/36ab0979449956132d3e5b517ea76ac8\"},\"headline\":\"Saco de pancadas, Chico ataca, e sente for\u00e7a da garra de Celina Le\u00e3o\",\"datePublished\":\"2014-10-15T01:24:30+00:00\",\"dateModified\":\"2014-10-15T13:59:58+00:00\",\"mainEntityOfPage\":{\"@id\":\"https:\\\/\\\/www.notibras.com\\\/site\\\/saco-de-pancadas-subserviente-chico-vigilante-sente-a-forca-das-garras-de-celina-leao\\\/\"},\"wordCount\":1106,\"commentCount\":0,\"publisher\":{\"@id\":\"https:\\\/\\\/www.notibras.com\\\/site\\\/#organization\"},\"image\":{\"@id\":\"https:\\\/\\\/www.notibras.com\\\/site\\\/saco-de-pancadas-subserviente-chico-vigilante-sente-a-forca-das-garras-de-celina-leao\\\/#primaryimage\"},\"thumbnailUrl\":\"https:\\\/\\\/www.notibras.com\\\/site\\\/wp-content\\\/uploads\\\/2014\\\/10\\\/cl.1.jpeg\",\"articleSection\":[\"Elei\u00e7\u00f5es 2014\"],\"inLanguage\":\"pt-BR\",\"potentialAction\":[{\"@type\":\"CommentAction\",\"name\":\"Comment\",\"target\":[\"https:\\\/\\\/www.notibras.com\\\/site\\\/saco-de-pancadas-subserviente-chico-vigilante-sente-a-forca-das-garras-de-celina-leao\\\/#respond\"]}]},{\"@type\":\"WebPage\",\"@id\":\"https:\\\/\\\/www.notibras.com\\\/site\\\/saco-de-pancadas-subserviente-chico-vigilante-sente-a-forca-das-garras-de-celina-leao\\\/\",\"url\":\"https:\\\/\\\/www.notibras.com\\\/site\\\/saco-de-pancadas-subserviente-chico-vigilante-sente-a-forca-das-garras-de-celina-leao\\\/\",\"name\":\"Saco de pancadas, Chico ataca, e sente for\u00e7a da garra de Celina Le\u00e3o - Notibras\",\"isPartOf\":{\"@id\":\"https:\\\/\\\/www.notibras.com\\\/site\\\/#website\"},\"primaryImageOfPage\":{\"@id\":\"https:\\\/\\\/www.notibras.com\\\/site\\\/saco-de-pancadas-subserviente-chico-vigilante-sente-a-forca-das-garras-de-celina-leao\\\/#primaryimage\"},\"image\":{\"@id\":\"https:\\\/\\\/www.notibras.com\\\/site\\\/saco-de-pancadas-subserviente-chico-vigilante-sente-a-forca-das-garras-de-celina-leao\\\/#primaryimage\"},\"thumbnailUrl\":\"https:\\\/\\\/www.notibras.com\\\/site\\\/wp-content\\\/uploads\\\/2014\\\/10\\\/cl.1.jpeg\",\"datePublished\":\"2014-10-15T01:24:30+00:00\",\"dateModified\":\"2014-10-15T13:59:58+00:00\",\"breadcrumb\":{\"@id\":\"https:\\\/\\\/www.notibras.com\\\/site\\\/saco-de-pancadas-subserviente-chico-vigilante-sente-a-forca-das-garras-de-celina-leao\\\/#breadcrumb\"},\"inLanguage\":\"pt-BR\",\"potentialAction\":[{\"@type\":\"ReadAction\",\"target\":[\"https:\\\/\\\/www.notibras.com\\\/site\\\/saco-de-pancadas-subserviente-chico-vigilante-sente-a-forca-das-garras-de-celina-leao\\\/\"]}]},{\"@type\":\"ImageObject\",\"inLanguage\":\"pt-BR\",\"@id\":\"https:\\\/\\\/www.notibras.com\\\/site\\\/saco-de-pancadas-subserviente-chico-vigilante-sente-a-forca-das-garras-de-celina-leao\\\/#primaryimage\",\"url\":\"https:\\\/\\\/www.notibras.com\\\/site\\\/wp-content\\\/uploads\\\/2014\\\/10\\\/cl.1.jpeg\",\"contentUrl\":\"https:\\\/\\\/www.notibras.com\\\/site\\\/wp-content\\\/uploads\\\/2014\\\/10\\\/cl.1.jpeg\",\"width\":800,\"height\":533},{\"@type\":\"BreadcrumbList\",\"@id\":\"https:\\\/\\\/www.notibras.com\\\/site\\\/saco-de-pancadas-subserviente-chico-vigilante-sente-a-forca-das-garras-de-celina-leao\\\/#breadcrumb\",\"itemListElement\":[{\"@type\":\"ListItem\",\"position\":1,\"name\":\"In\u00edcio\",\"item\":\"https:\\\/\\\/www.notibras.com\\\/site\\\/\"},{\"@type\":\"ListItem\",\"position\":2,\"name\":\"Saco de pancadas, Chico ataca, e sente for\u00e7a da garra de Celina Le\u00e3o\"}]},{\"@type\":\"WebSite\",\"@id\":\"https:\\\/\\\/www.notibras.com\\\/site\\\/#website\",\"url\":\"https:\\\/\\\/www.notibras.com\\\/site\\\/\",\"name\":\"Notibras\",\"description\":\"Not\u00edcias de Bras\u00edlia, do Brasil e do Mundo\",\"publisher\":{\"@id\":\"https:\\\/\\\/www.notibras.com\\\/site\\\/#organization\"},\"potentialAction\":[{\"@type\":\"SearchAction\",\"target\":{\"@type\":\"EntryPoint\",\"urlTemplate\":\"https:\\\/\\\/www.notibras.com\\\/site\\\/?s={search_term_string}\"},\"query-input\":{\"@type\":\"PropertyValueSpecification\",\"valueRequired\":true,\"valueName\":\"search_term_string\"}}],\"inLanguage\":\"pt-BR\"},{\"@type\":\"Organization\",\"@id\":\"https:\\\/\\\/www.notibras.com\\\/site\\\/#organization\",\"name\":\"Grupo Notibras de Comunica\u00e7\u00e3o\",\"url\":\"https:\\\/\\\/www.notibras.com\\\/site\\\/\",\"logo\":{\"@type\":\"ImageObject\",\"inLanguage\":\"pt-BR\",\"@id\":\"https:\\\/\\\/www.notibras.com\\\/site\\\/#\\\/schema\\\/logo\\\/image\\\/\",\"url\":\"https:\\\/\\\/www.notibras.com\\\/site\\\/wp-content\\\/uploads\\\/2023\\\/01\\\/notibras23.png\",\"contentUrl\":\"https:\\\/\\\/www.notibras.com\\\/site\\\/wp-content\\\/uploads\\\/2023\\\/01\\\/notibras23.png\",\"width\":350,\"height\":87,\"caption\":\"Grupo Notibras de Comunica\u00e7\u00e3o\"},\"image\":{\"@id\":\"https:\\\/\\\/www.notibras.com\\\/site\\\/#\\\/schema\\\/logo\\\/image\\\/\"},\"sameAs\":[\"https:\\\/\\\/www.facebook.com\\\/notibras\\\/\",\"https:\\\/\\\/x.com\\\/Notibras\",\"https:\\\/\\\/www.instagram.com\\\/notibras\\\/\"]},{\"@type\":\"Person\",\"@id\":\"https:\\\/\\\/www.notibras.com\\\/site\\\/#\\\/schema\\\/person\\\/36ab0979449956132d3e5b517ea76ac8\",\"name\":\"Reda\u00e7\u00e3o\",\"image\":{\"@type\":\"ImageObject\",\"inLanguage\":\"pt-BR\",\"@id\":\"https:\\\/\\\/secure.gravatar.com\\\/avatar\\\/e0a867bdedb85fd243eadf09663511f96fc81e0720a4a42581f334ad4303aa6b?s=96&d=mm&r=g\",\"url\":\"https:\\\/\\\/secure.gravatar.com\\\/avatar\\\/e0a867bdedb85fd243eadf09663511f96fc81e0720a4a42581f334ad4303aa6b?s=96&d=mm&r=g\",\"contentUrl\":\"https:\\\/\\\/secure.gravatar.com\\\/avatar\\\/e0a867bdedb85fd243eadf09663511f96fc81e0720a4a42581f334ad4303aa6b?s=96&d=mm&r=g\",\"caption\":\"Reda\u00e7\u00e3o\"}}]}<\/script>\n<!-- \/ Yoast SEO plugin. -->","yoast_head_json":{"title":"Saco de pancadas, Chico ataca, e sente for\u00e7a da garra de Celina Le\u00e3o - Notibras","robots":{"index":"index","follow":"follow","max-snippet":"max-snippet:-1","max-image-preview":"max-image-preview:large","max-video-preview":"max-video-preview:-1"},"canonical":"https:\/\/www.notibras.com\/site\/saco-de-pancadas-subserviente-chico-vigilante-sente-a-forca-das-garras-de-celina-leao\/","og_locale":"pt_BR","og_type":"article","og_title":"Saco de pancadas, Chico ataca, e sente for\u00e7a da garra de Celina Le\u00e3o - Notibras","og_description":"Derrotado nas urnas, sem chance sequer de ir para o segundo turno, o governador Agnelo Queiroz (PT) escalou seu leal escudeiro Chico Vigilante para destilar na C\u00e2mara Legislativa toda a ira que domina os petistas desde o dia 5 de outubro. O deputado, por\u00e9m, n\u00e3o esperava um ant\u00eddoto t\u00e3o forte contra o seu veneno. E [&hellip;]","og_url":"https:\/\/www.notibras.com\/site\/saco-de-pancadas-subserviente-chico-vigilante-sente-a-forca-das-garras-de-celina-leao\/","og_site_name":"Notibras","article_publisher":"https:\/\/www.facebook.com\/notibras\/","article_published_time":"2014-10-15T01:24:30+00:00","article_modified_time":"2014-10-15T13:59:58+00:00","og_image":[{"width":800,"height":533,"url":"https:\/\/www.notibras.com\/site\/wp-content\/uploads\/2014\/10\/cl.1.jpeg","type":"image\/jpeg"}],"author":"Reda\u00e7\u00e3o","twitter_card":"summary_large_image","twitter_creator":"@Notibras","twitter_site":"@Notibras","twitter_misc":{"Escrito por":"Reda\u00e7\u00e3o","Est. tempo de leitura":"5 minutos"},"schema":{"@context":"https:\/\/schema.org","@graph":[{"@type":"Article","@id":"https:\/\/www.notibras.com\/site\/saco-de-pancadas-subserviente-chico-vigilante-sente-a-forca-das-garras-de-celina-leao\/#article","isPartOf":{"@id":"https:\/\/www.notibras.com\/site\/saco-de-pancadas-subserviente-chico-vigilante-sente-a-forca-das-garras-de-celina-leao\/"},"author":{"name":"Reda\u00e7\u00e3o","@id":"https:\/\/www.notibras.com\/site\/#\/schema\/person\/36ab0979449956132d3e5b517ea76ac8"},"headline":"Saco de pancadas, Chico ataca, e sente for\u00e7a da garra de Celina Le\u00e3o","datePublished":"2014-10-15T01:24:30+00:00","dateModified":"2014-10-15T13:59:58+00:00","mainEntityOfPage":{"@id":"https:\/\/www.notibras.com\/site\/saco-de-pancadas-subserviente-chico-vigilante-sente-a-forca-das-garras-de-celina-leao\/"},"wordCount":1106,"commentCount":0,"publisher":{"@id":"https:\/\/www.notibras.com\/site\/#organization"},"image":{"@id":"https:\/\/www.notibras.com\/site\/saco-de-pancadas-subserviente-chico-vigilante-sente-a-forca-das-garras-de-celina-leao\/#primaryimage"},"thumbnailUrl":"https:\/\/www.notibras.com\/site\/wp-content\/uploads\/2014\/10\/cl.1.jpeg","articleSection":["Elei\u00e7\u00f5es 2014"],"inLanguage":"pt-BR","potentialAction":[{"@type":"CommentAction","name":"Comment","target":["https:\/\/www.notibras.com\/site\/saco-de-pancadas-subserviente-chico-vigilante-sente-a-forca-das-garras-de-celina-leao\/#respond"]}]},{"@type":"WebPage","@id":"https:\/\/www.notibras.com\/site\/saco-de-pancadas-subserviente-chico-vigilante-sente-a-forca-das-garras-de-celina-leao\/","url":"https:\/\/www.notibras.com\/site\/saco-de-pancadas-subserviente-chico-vigilante-sente-a-forca-das-garras-de-celina-leao\/","name":"Saco de pancadas, Chico ataca, e sente for\u00e7a da garra de Celina Le\u00e3o - Notibras","isPartOf":{"@id":"https:\/\/www.notibras.com\/site\/#website"},"primaryImageOfPage":{"@id":"https:\/\/www.notibras.com\/site\/saco-de-pancadas-subserviente-chico-vigilante-sente-a-forca-das-garras-de-celina-leao\/#primaryimage"},"image":{"@id":"https:\/\/www.notibras.com\/site\/saco-de-pancadas-subserviente-chico-vigilante-sente-a-forca-das-garras-de-celina-leao\/#primaryimage"},"thumbnailUrl":"https:\/\/www.notibras.com\/site\/wp-content\/uploads\/2014\/10\/cl.1.jpeg","datePublished":"2014-10-15T01:24:30+00:00","dateModified":"2014-10-15T13:59:58+00:00","breadcrumb":{"@id":"https:\/\/www.notibras.com\/site\/saco-de-pancadas-subserviente-chico-vigilante-sente-a-forca-das-garras-de-celina-leao\/#breadcrumb"},"inLanguage":"pt-BR","potentialAction":[{"@type":"ReadAction","target":["https:\/\/www.notibras.com\/site\/saco-de-pancadas-subserviente-chico-vigilante-sente-a-forca-das-garras-de-celina-leao\/"]}]},{"@type":"ImageObject","inLanguage":"pt-BR","@id":"https:\/\/www.notibras.com\/site\/saco-de-pancadas-subserviente-chico-vigilante-sente-a-forca-das-garras-de-celina-leao\/#primaryimage","url":"https:\/\/www.notibras.com\/site\/wp-content\/uploads\/2014\/10\/cl.1.jpeg","contentUrl":"https:\/\/www.notibras.com\/site\/wp-content\/uploads\/2014\/10\/cl.1.jpeg","width":800,"height":533},{"@type":"BreadcrumbList","@id":"https:\/\/www.notibras.com\/site\/saco-de-pancadas-subserviente-chico-vigilante-sente-a-forca-das-garras-de-celina-leao\/#breadcrumb","itemListElement":[{"@type":"ListItem","position":1,"name":"In\u00edcio","item":"https:\/\/www.notibras.com\/site\/"},{"@type":"ListItem","position":2,"name":"Saco de pancadas, Chico ataca, e sente for\u00e7a da garra de Celina Le\u00e3o"}]},{"@type":"WebSite","@id":"https:\/\/www.notibras.com\/site\/#website","url":"https:\/\/www.notibras.com\/site\/","name":"Notibras","description":"Not\u00edcias de Bras\u00edlia, do Brasil e do Mundo","publisher":{"@id":"https:\/\/www.notibras.com\/site\/#organization"},"potentialAction":[{"@type":"SearchAction","target":{"@type":"EntryPoint","urlTemplate":"https:\/\/www.notibras.com\/site\/?s={search_term_string}"},"query-input":{"@type":"PropertyValueSpecification","valueRequired":true,"valueName":"search_term_string"}}],"inLanguage":"pt-BR"},{"@type":"Organization","@id":"https:\/\/www.notibras.com\/site\/#organization","name":"Grupo Notibras de Comunica\u00e7\u00e3o","url":"https:\/\/www.notibras.com\/site\/","logo":{"@type":"ImageObject","inLanguage":"pt-BR","@id":"https:\/\/www.notibras.com\/site\/#\/schema\/logo\/image\/","url":"https:\/\/www.notibras.com\/site\/wp-content\/uploads\/2023\/01\/notibras23.png","contentUrl":"https:\/\/www.notibras.com\/site\/wp-content\/uploads\/2023\/01\/notibras23.png","width":350,"height":87,"caption":"Grupo Notibras de Comunica\u00e7\u00e3o"},"image":{"@id":"https:\/\/www.notibras.com\/site\/#\/schema\/logo\/image\/"},"sameAs":["https:\/\/www.facebook.com\/notibras\/","https:\/\/x.com\/Notibras","https:\/\/www.instagram.com\/notibras\/"]},{"@type":"Person","@id":"https:\/\/www.notibras.com\/site\/#\/schema\/person\/36ab0979449956132d3e5b517ea76ac8","name":"Reda\u00e7\u00e3o","image":{"@type":"ImageObject","inLanguage":"pt-BR","@id":"https:\/\/secure.gravatar.com\/avatar\/e0a867bdedb85fd243eadf09663511f96fc81e0720a4a42581f334ad4303aa6b?s=96&d=mm&r=g","url":"https:\/\/secure.gravatar.com\/avatar\/e0a867bdedb85fd243eadf09663511f96fc81e0720a4a42581f334ad4303aa6b?s=96&d=mm&r=g","contentUrl":"https:\/\/secure.gravatar.com\/avatar\/e0a867bdedb85fd243eadf09663511f96fc81e0720a4a42581f334ad4303aa6b?s=96&d=mm&r=g","caption":"Reda\u00e7\u00e3o"}}]}},"amp_enabled":true,"_links":{"self":[{"href":"https:\/\/www.notibras.com\/site\/wp-json\/wp\/v2\/posts\/24953","targetHints":{"allow":["GET"]}}],"collection":[{"href":"https:\/\/www.notibras.com\/site\/wp-json\/wp\/v2\/posts"}],"about":[{"href":"https:\/\/www.notibras.com\/site\/wp-json\/wp\/v2\/types\/post"}],"author":[{"embeddable":true,"href":"https:\/\/www.notibras.com\/site\/wp-json\/wp\/v2\/users\/2"}],"replies":[{"embeddable":true,"href":"https:\/\/www.notibras.com\/site\/wp-json\/wp\/v2\/comments?post=24953"}],"version-history":[{"count":0,"href":"https:\/\/www.notibras.com\/site\/wp-json\/wp\/v2\/posts\/24953\/revisions"}],"wp:featuredmedia":[{"embeddable":true,"href":"https:\/\/www.notibras.com\/site\/wp-json\/wp\/v2\/media\/24954"}],"wp:attachment":[{"href":"https:\/\/www.notibras.com\/site\/wp-json\/wp\/v2\/media?parent=24953"}],"wp:term":[{"taxonomy":"category","embeddable":true,"href":"https:\/\/www.notibras.com\/site\/wp-json\/wp\/v2\/categories?post=24953"},{"taxonomy":"post_tag","embeddable":true,"href":"https:\/\/www.notibras.com\/site\/wp-json\/wp\/v2\/tags?post=24953"}],"curies":[{"name":"wp","href":"https:\/\/api.w.org\/{rel}","templated":true}]}}