{"id":24960,"date":"2014-10-14T23:41:13","date_gmt":"2014-10-15T02:41:13","guid":{"rendered":"http:\/\/www.notibras.com\/site\/?p=24960"},"modified":"2014-10-15T01:43:25","modified_gmt":"2014-10-15T04:43:25","slug":"debate-pega-fogo-na-band-dilma-leviana-aecio-um-criador-de-historias","status":"publish","type":"post","link":"https:\/\/www.notibras.com\/site\/debate-pega-fogo-na-band-dilma-leviana-aecio-um-criador-de-historias\/","title":{"rendered":"Debate pega fogo na Band. Dilma, leviana. A\u00e9cio, criador de hist\u00f3rias"},"content":{"rendered":"<p>O debate entre os dois candidatos \u00e0 Presid\u00eancia da Rep\u00fablica, realizado na noite desta ter\u00e7a-feira (14) na Band, experimentou um novo modelo de embate entre os participantes.<\/p>\n<p>Todos os blocos trouxeram perguntas e respostas entre os presidenci\u00e1veis, sem a participa\u00e7\u00e3o de jornalistas.<\/p>\n<p>O formato incentivou o confronto direto de ideias e &#8211; em alguns casos &#8211; cr\u00edticas r\u00edspidas entre Dilma Rousseff (PT) e A\u00e9cio Neves (PSDB).<\/p>\n<p><span class=\"frase pg-color10\">Em determinado momento, Dilma disse que A\u00e9cio &#8220;est\u00e1 fabulando, est\u00e1 criando uma hist\u00f3ria que n\u00e3o existe&#8221;, ao rejeitar a declara\u00e7\u00e3o de A\u00e9cio de que o Bolsa Fam\u00edlia foi uma cria\u00e7\u00e3o de Fernando Henrique Cardoso<\/span><cite>.<\/cite><\/p>\n<blockquote><p>A\u00e9cio n\u00e3o se fez de rogado: &#8220;<span class=\"frase pg-color10\">Eu quero responder olhando nos seus olhos. A senhora est\u00e1 sendo leviana&#8221;, afirmou, rebatendo acusa\u00e7\u00f5es de que a obra do aeroporto na cidade mineira de Cl\u00e1udio, feito na administra\u00e7\u00e3o do tucano, cont\u00e9m irregularidades.<\/span><\/p><\/blockquote>\n<p>O debate teve recheio para todos os gostos e deu mostras do que ser\u00e3o os \u00faltimos dias de campanha. Em uma hora e meia de embate, Dilma Rousseff e A\u00e9cio Neves trocaram acusa\u00e7\u00f5es, se acusaram mutuamente de estarem mentindo e n\u00e3o raro davam\u00a0 ou ouviam respostas com falas e gestos ir\u00f4nicos.<\/p>\n<p>Apoiada em n\u00fameros do seu governo \u2013 e \u00e0s vezes dos 12 anos de PT no Governo Federal, Dilma cumpria a promessa feita no primeiro bloco, o de confrontar os anos PSDB, com Fernando Henrique Cardoso, e os do petismo no poder.<\/p>\n<p>A candidata do PT insistiu na derrota de A\u00e9cio em sua terra, Minas Gerais, que governou por oito anos. A\u00e9cio, por sua vez, lembrava que deixou o posto com 92% de aprova\u00e7\u00e3o.<\/p>\n<p>A\u00e9cio citava os programas sociais do governo PT para prometer melhorias no Bolsa Fam\u00edlia e no Pronatec, por exemplo, entre dois dos mais lembrados. A paternidade do primeiro chegou a ser disputada entre os dois.<\/p>\n<p>A\u00e9cio lembrava do Bolsa Escola, de \u201cDNA tucano\u201d: \u201cO programa tem como pai Fernando Henrique Cardoso e m\u00e3e, dona Ruth\u201d. Dilma reagia com ironia e citava mais n\u00fameros: \u201cO Bolsa Escola atendia 5 milh\u00f5es de pessoas, enquanto o Bolsa Fam\u00edlia \u00e9 para 50 milh\u00f5es\u201d.<\/p>\n<blockquote><p>O caso de corrup\u00e7\u00e3o na Petrobras tamb\u00e9m foi lembrado por A\u00e9cio. Dilma, por sua vez, citou a constru\u00e7\u00e3o do aeroporto no terreno de um tio do tucano, na cidade de Cl\u00e1udio (MG). Neste momento, ambos se acusaram mutuamente de serem levianos e de mentirem.<\/p><\/blockquote>\n<p>Em um dos momentos em que a plateia reagiu de forma mais ruidosa, A\u00e9cio disse receber pedidos na rua para que ele &#8220;liberte&#8221; as pessoas do PT. Os petistas chegaram a ensaiar uma vaia no est\u00fadio.<\/p>\n<p>Nas considera\u00e7\u00f5es finais, A\u00e9cio agradeceu o apoio da fam\u00edlia de Eduardo Campos e de Marina Silva. Motivado pelas derrotas que teve no Nordeste, o tucano prometeu fazer um governo \u201cpara todos\u201d e n\u00e3o do \u201cn\u00f3s e ele\u201d. O candidato foi muito aplaudido pela ala tucana presente no est\u00fadio.<\/p>\n<p>J\u00e1 Dilma convidou os eleitores indecisos a uma reflex\u00e3o sobre a capacidade de cada candidato: \u201cQuem pode garantir o que conquistamos e avan\u00e7ar?\u201d. Questionou a petista, que encerrou sua fala pedindo \u201chumildemente\u201d os votos dos brasileiros. Antes mesmo de encerrar suas considera\u00e7\u00f5es finais, Dilma tamb\u00e9m foi efusivamente aplaudida pelos petistas, que chegaram a gritar o nome da candidata.<\/p>\n<p>&nbsp;<\/p>\n","protected":false},"excerpt":{"rendered":"<p>O debate entre os dois candidatos \u00e0 Presid\u00eancia da Rep\u00fablica, realizado na noite desta ter\u00e7a-feira (14) na Band, experimentou um novo modelo de embate entre os participantes. Todos os blocos trouxeram perguntas e respostas entre os presidenci\u00e1veis, sem a participa\u00e7\u00e3o de jornalistas. O formato incentivou o confronto direto de ideias e &#8211; em alguns casos [&hellip;]<\/p>\n","protected":false},"author":2,"featured_media":24961,"comment_status":"open","ping_status":"closed","sticky":false,"template":"","format":"standard","meta":{"_acf_changed":false,"footnotes":""},"categories":[33],"tags":[],"class_list":["post-24960","post","type-post","status-publish","format-standard","has-post-thumbnail","hentry","category-eleicoes-2014"],"acf":[],"yoast_head":"<!-- This site is optimized with the Yoast SEO plugin v27.5 - https:\/\/yoast.com\/product\/yoast-seo-wordpress\/ -->\n<title>Debate pega fogo na Band. Dilma, leviana. A\u00e9cio, criador de hist\u00f3rias - Notibras<\/title>\n<meta name=\"robots\" content=\"index, follow, max-snippet:-1, max-image-preview:large, max-video-preview:-1\" \/>\n<link rel=\"canonical\" href=\"https:\/\/www.notibras.com\/site\/debate-pega-fogo-na-band-dilma-leviana-aecio-um-criador-de-historias\/\" \/>\n<meta property=\"og:locale\" content=\"pt_BR\" \/>\n<meta property=\"og:type\" content=\"article\" \/>\n<meta property=\"og:title\" content=\"Debate pega fogo na Band. Dilma, leviana. A\u00e9cio, criador de hist\u00f3rias - Notibras\" \/>\n<meta property=\"og:description\" content=\"O debate entre os dois candidatos \u00e0 Presid\u00eancia da Rep\u00fablica, realizado na noite desta ter\u00e7a-feira (14) na Band, experimentou um novo modelo de embate entre os participantes. Todos os blocos trouxeram perguntas e respostas entre os presidenci\u00e1veis, sem a participa\u00e7\u00e3o de jornalistas. O formato incentivou o confronto direto de ideias e &#8211; em alguns casos [&hellip;]\" \/>\n<meta property=\"og:url\" content=\"https:\/\/www.notibras.com\/site\/debate-pega-fogo-na-band-dilma-leviana-aecio-um-criador-de-historias\/\" \/>\n<meta property=\"og:site_name\" content=\"Notibras\" \/>\n<meta property=\"article:publisher\" content=\"https:\/\/www.facebook.com\/notibras\/\" \/>\n<meta property=\"article:published_time\" content=\"2014-10-15T02:41:13+00:00\" \/>\n<meta property=\"article:modified_time\" content=\"2014-10-15T04:43:25+00:00\" \/>\n<meta property=\"og:image\" content=\"https:\/\/www.notibras.com\/site\/wp-content\/uploads\/2014\/10\/debate.jpg\" \/>\n\t<meta property=\"og:image:width\" content=\"615\" \/>\n\t<meta property=\"og:image:height\" content=\"300\" \/>\n\t<meta property=\"og:image:type\" content=\"image\/jpeg\" \/>\n<meta name=\"author\" content=\"Reda\u00e7\u00e3o\" \/>\n<meta name=\"twitter:card\" content=\"summary_large_image\" \/>\n<meta name=\"twitter:creator\" content=\"@Notibras\" \/>\n<meta name=\"twitter:site\" content=\"@Notibras\" \/>\n<meta name=\"twitter:label1\" content=\"Escrito por\" \/>\n\t<meta name=\"twitter:data1\" content=\"Reda\u00e7\u00e3o\" \/>\n\t<meta name=\"twitter:label2\" content=\"Est. tempo de leitura\" \/>\n\t<meta name=\"twitter:data2\" content=\"3 minutos\" \/>\n<script type=\"application\/ld+json\" class=\"yoast-schema-graph\">{\"@context\":\"https:\\\/\\\/schema.org\",\"@graph\":[{\"@type\":\"Article\",\"@id\":\"https:\\\/\\\/www.notibras.com\\\/site\\\/debate-pega-fogo-na-band-dilma-leviana-aecio-um-criador-de-historias\\\/#article\",\"isPartOf\":{\"@id\":\"https:\\\/\\\/www.notibras.com\\\/site\\\/debate-pega-fogo-na-band-dilma-leviana-aecio-um-criador-de-historias\\\/\"},\"author\":{\"name\":\"Reda\u00e7\u00e3o\",\"@id\":\"https:\\\/\\\/www.notibras.com\\\/site\\\/#\\\/schema\\\/person\\\/36ab0979449956132d3e5b517ea76ac8\"},\"headline\":\"Debate pega fogo na Band. Dilma, leviana. A\u00e9cio, criador de hist\u00f3rias\",\"datePublished\":\"2014-10-15T02:41:13+00:00\",\"dateModified\":\"2014-10-15T04:43:25+00:00\",\"mainEntityOfPage\":{\"@id\":\"https:\\\/\\\/www.notibras.com\\\/site\\\/debate-pega-fogo-na-band-dilma-leviana-aecio-um-criador-de-historias\\\/\"},\"wordCount\":590,\"commentCount\":0,\"publisher\":{\"@id\":\"https:\\\/\\\/www.notibras.com\\\/site\\\/#organization\"},\"image\":{\"@id\":\"https:\\\/\\\/www.notibras.com\\\/site\\\/debate-pega-fogo-na-band-dilma-leviana-aecio-um-criador-de-historias\\\/#primaryimage\"},\"thumbnailUrl\":\"https:\\\/\\\/www.notibras.com\\\/site\\\/wp-content\\\/uploads\\\/2014\\\/10\\\/debate.jpg\",\"articleSection\":[\"Elei\u00e7\u00f5es 2014\"],\"inLanguage\":\"pt-BR\",\"potentialAction\":[{\"@type\":\"CommentAction\",\"name\":\"Comment\",\"target\":[\"https:\\\/\\\/www.notibras.com\\\/site\\\/debate-pega-fogo-na-band-dilma-leviana-aecio-um-criador-de-historias\\\/#respond\"]}]},{\"@type\":\"WebPage\",\"@id\":\"https:\\\/\\\/www.notibras.com\\\/site\\\/debate-pega-fogo-na-band-dilma-leviana-aecio-um-criador-de-historias\\\/\",\"url\":\"https:\\\/\\\/www.notibras.com\\\/site\\\/debate-pega-fogo-na-band-dilma-leviana-aecio-um-criador-de-historias\\\/\",\"name\":\"Debate pega fogo na Band. Dilma, leviana. A\u00e9cio, criador de hist\u00f3rias - Notibras\",\"isPartOf\":{\"@id\":\"https:\\\/\\\/www.notibras.com\\\/site\\\/#website\"},\"primaryImageOfPage\":{\"@id\":\"https:\\\/\\\/www.notibras.com\\\/site\\\/debate-pega-fogo-na-band-dilma-leviana-aecio-um-criador-de-historias\\\/#primaryimage\"},\"image\":{\"@id\":\"https:\\\/\\\/www.notibras.com\\\/site\\\/debate-pega-fogo-na-band-dilma-leviana-aecio-um-criador-de-historias\\\/#primaryimage\"},\"thumbnailUrl\":\"https:\\\/\\\/www.notibras.com\\\/site\\\/wp-content\\\/uploads\\\/2014\\\/10\\\/debate.jpg\",\"datePublished\":\"2014-10-15T02:41:13+00:00\",\"dateModified\":\"2014-10-15T04:43:25+00:00\",\"breadcrumb\":{\"@id\":\"https:\\\/\\\/www.notibras.com\\\/site\\\/debate-pega-fogo-na-band-dilma-leviana-aecio-um-criador-de-historias\\\/#breadcrumb\"},\"inLanguage\":\"pt-BR\",\"potentialAction\":[{\"@type\":\"ReadAction\",\"target\":[\"https:\\\/\\\/www.notibras.com\\\/site\\\/debate-pega-fogo-na-band-dilma-leviana-aecio-um-criador-de-historias\\\/\"]}]},{\"@type\":\"ImageObject\",\"inLanguage\":\"pt-BR\",\"@id\":\"https:\\\/\\\/www.notibras.com\\\/site\\\/debate-pega-fogo-na-band-dilma-leviana-aecio-um-criador-de-historias\\\/#primaryimage\",\"url\":\"https:\\\/\\\/www.notibras.com\\\/site\\\/wp-content\\\/uploads\\\/2014\\\/10\\\/debate.jpg\",\"contentUrl\":\"https:\\\/\\\/www.notibras.com\\\/site\\\/wp-content\\\/uploads\\\/2014\\\/10\\\/debate.jpg\",\"width\":615,\"height\":300},{\"@type\":\"BreadcrumbList\",\"@id\":\"https:\\\/\\\/www.notibras.com\\\/site\\\/debate-pega-fogo-na-band-dilma-leviana-aecio-um-criador-de-historias\\\/#breadcrumb\",\"itemListElement\":[{\"@type\":\"ListItem\",\"position\":1,\"name\":\"In\u00edcio\",\"item\":\"https:\\\/\\\/www.notibras.com\\\/site\\\/\"},{\"@type\":\"ListItem\",\"position\":2,\"name\":\"Debate pega fogo na Band. Dilma, leviana. A\u00e9cio, criador de hist\u00f3rias\"}]},{\"@type\":\"WebSite\",\"@id\":\"https:\\\/\\\/www.notibras.com\\\/site\\\/#website\",\"url\":\"https:\\\/\\\/www.notibras.com\\\/site\\\/\",\"name\":\"Notibras\",\"description\":\"Not\u00edcias de Bras\u00edlia, do Brasil e do Mundo\",\"publisher\":{\"@id\":\"https:\\\/\\\/www.notibras.com\\\/site\\\/#organization\"},\"potentialAction\":[{\"@type\":\"SearchAction\",\"target\":{\"@type\":\"EntryPoint\",\"urlTemplate\":\"https:\\\/\\\/www.notibras.com\\\/site\\\/?s={search_term_string}\"},\"query-input\":{\"@type\":\"PropertyValueSpecification\",\"valueRequired\":true,\"valueName\":\"search_term_string\"}}],\"inLanguage\":\"pt-BR\"},{\"@type\":\"Organization\",\"@id\":\"https:\\\/\\\/www.notibras.com\\\/site\\\/#organization\",\"name\":\"Grupo Notibras de Comunica\u00e7\u00e3o\",\"url\":\"https:\\\/\\\/www.notibras.com\\\/site\\\/\",\"logo\":{\"@type\":\"ImageObject\",\"inLanguage\":\"pt-BR\",\"@id\":\"https:\\\/\\\/www.notibras.com\\\/site\\\/#\\\/schema\\\/logo\\\/image\\\/\",\"url\":\"https:\\\/\\\/www.notibras.com\\\/site\\\/wp-content\\\/uploads\\\/2023\\\/01\\\/notibras23.png\",\"contentUrl\":\"https:\\\/\\\/www.notibras.com\\\/site\\\/wp-content\\\/uploads\\\/2023\\\/01\\\/notibras23.png\",\"width\":350,\"height\":87,\"caption\":\"Grupo Notibras de Comunica\u00e7\u00e3o\"},\"image\":{\"@id\":\"https:\\\/\\\/www.notibras.com\\\/site\\\/#\\\/schema\\\/logo\\\/image\\\/\"},\"sameAs\":[\"https:\\\/\\\/www.facebook.com\\\/notibras\\\/\",\"https:\\\/\\\/x.com\\\/Notibras\",\"https:\\\/\\\/www.instagram.com\\\/notibras\\\/\"]},{\"@type\":\"Person\",\"@id\":\"https:\\\/\\\/www.notibras.com\\\/site\\\/#\\\/schema\\\/person\\\/36ab0979449956132d3e5b517ea76ac8\",\"name\":\"Reda\u00e7\u00e3o\",\"image\":{\"@type\":\"ImageObject\",\"inLanguage\":\"pt-BR\",\"@id\":\"https:\\\/\\\/secure.gravatar.com\\\/avatar\\\/e0a867bdedb85fd243eadf09663511f96fc81e0720a4a42581f334ad4303aa6b?s=96&d=mm&r=g\",\"url\":\"https:\\\/\\\/secure.gravatar.com\\\/avatar\\\/e0a867bdedb85fd243eadf09663511f96fc81e0720a4a42581f334ad4303aa6b?s=96&d=mm&r=g\",\"contentUrl\":\"https:\\\/\\\/secure.gravatar.com\\\/avatar\\\/e0a867bdedb85fd243eadf09663511f96fc81e0720a4a42581f334ad4303aa6b?s=96&d=mm&r=g\",\"caption\":\"Reda\u00e7\u00e3o\"}}]}<\/script>\n<!-- \/ Yoast SEO plugin. -->","yoast_head_json":{"title":"Debate pega fogo na Band. Dilma, leviana. A\u00e9cio, criador de hist\u00f3rias - Notibras","robots":{"index":"index","follow":"follow","max-snippet":"max-snippet:-1","max-image-preview":"max-image-preview:large","max-video-preview":"max-video-preview:-1"},"canonical":"https:\/\/www.notibras.com\/site\/debate-pega-fogo-na-band-dilma-leviana-aecio-um-criador-de-historias\/","og_locale":"pt_BR","og_type":"article","og_title":"Debate pega fogo na Band. Dilma, leviana. A\u00e9cio, criador de hist\u00f3rias - Notibras","og_description":"O debate entre os dois candidatos \u00e0 Presid\u00eancia da Rep\u00fablica, realizado na noite desta ter\u00e7a-feira (14) na Band, experimentou um novo modelo de embate entre os participantes. Todos os blocos trouxeram perguntas e respostas entre os presidenci\u00e1veis, sem a participa\u00e7\u00e3o de jornalistas. O formato incentivou o confronto direto de ideias e &#8211; em alguns casos [&hellip;]","og_url":"https:\/\/www.notibras.com\/site\/debate-pega-fogo-na-band-dilma-leviana-aecio-um-criador-de-historias\/","og_site_name":"Notibras","article_publisher":"https:\/\/www.facebook.com\/notibras\/","article_published_time":"2014-10-15T02:41:13+00:00","article_modified_time":"2014-10-15T04:43:25+00:00","og_image":[{"width":615,"height":300,"url":"https:\/\/www.notibras.com\/site\/wp-content\/uploads\/2014\/10\/debate.jpg","type":"image\/jpeg"}],"author":"Reda\u00e7\u00e3o","twitter_card":"summary_large_image","twitter_creator":"@Notibras","twitter_site":"@Notibras","twitter_misc":{"Escrito por":"Reda\u00e7\u00e3o","Est. tempo de leitura":"3 minutos"},"schema":{"@context":"https:\/\/schema.org","@graph":[{"@type":"Article","@id":"https:\/\/www.notibras.com\/site\/debate-pega-fogo-na-band-dilma-leviana-aecio-um-criador-de-historias\/#article","isPartOf":{"@id":"https:\/\/www.notibras.com\/site\/debate-pega-fogo-na-band-dilma-leviana-aecio-um-criador-de-historias\/"},"author":{"name":"Reda\u00e7\u00e3o","@id":"https:\/\/www.notibras.com\/site\/#\/schema\/person\/36ab0979449956132d3e5b517ea76ac8"},"headline":"Debate pega fogo na Band. Dilma, leviana. A\u00e9cio, criador de hist\u00f3rias","datePublished":"2014-10-15T02:41:13+00:00","dateModified":"2014-10-15T04:43:25+00:00","mainEntityOfPage":{"@id":"https:\/\/www.notibras.com\/site\/debate-pega-fogo-na-band-dilma-leviana-aecio-um-criador-de-historias\/"},"wordCount":590,"commentCount":0,"publisher":{"@id":"https:\/\/www.notibras.com\/site\/#organization"},"image":{"@id":"https:\/\/www.notibras.com\/site\/debate-pega-fogo-na-band-dilma-leviana-aecio-um-criador-de-historias\/#primaryimage"},"thumbnailUrl":"https:\/\/www.notibras.com\/site\/wp-content\/uploads\/2014\/10\/debate.jpg","articleSection":["Elei\u00e7\u00f5es 2014"],"inLanguage":"pt-BR","potentialAction":[{"@type":"CommentAction","name":"Comment","target":["https:\/\/www.notibras.com\/site\/debate-pega-fogo-na-band-dilma-leviana-aecio-um-criador-de-historias\/#respond"]}]},{"@type":"WebPage","@id":"https:\/\/www.notibras.com\/site\/debate-pega-fogo-na-band-dilma-leviana-aecio-um-criador-de-historias\/","url":"https:\/\/www.notibras.com\/site\/debate-pega-fogo-na-band-dilma-leviana-aecio-um-criador-de-historias\/","name":"Debate pega fogo na Band. Dilma, leviana. A\u00e9cio, criador de hist\u00f3rias - Notibras","isPartOf":{"@id":"https:\/\/www.notibras.com\/site\/#website"},"primaryImageOfPage":{"@id":"https:\/\/www.notibras.com\/site\/debate-pega-fogo-na-band-dilma-leviana-aecio-um-criador-de-historias\/#primaryimage"},"image":{"@id":"https:\/\/www.notibras.com\/site\/debate-pega-fogo-na-band-dilma-leviana-aecio-um-criador-de-historias\/#primaryimage"},"thumbnailUrl":"https:\/\/www.notibras.com\/site\/wp-content\/uploads\/2014\/10\/debate.jpg","datePublished":"2014-10-15T02:41:13+00:00","dateModified":"2014-10-15T04:43:25+00:00","breadcrumb":{"@id":"https:\/\/www.notibras.com\/site\/debate-pega-fogo-na-band-dilma-leviana-aecio-um-criador-de-historias\/#breadcrumb"},"inLanguage":"pt-BR","potentialAction":[{"@type":"ReadAction","target":["https:\/\/www.notibras.com\/site\/debate-pega-fogo-na-band-dilma-leviana-aecio-um-criador-de-historias\/"]}]},{"@type":"ImageObject","inLanguage":"pt-BR","@id":"https:\/\/www.notibras.com\/site\/debate-pega-fogo-na-band-dilma-leviana-aecio-um-criador-de-historias\/#primaryimage","url":"https:\/\/www.notibras.com\/site\/wp-content\/uploads\/2014\/10\/debate.jpg","contentUrl":"https:\/\/www.notibras.com\/site\/wp-content\/uploads\/2014\/10\/debate.jpg","width":615,"height":300},{"@type":"BreadcrumbList","@id":"https:\/\/www.notibras.com\/site\/debate-pega-fogo-na-band-dilma-leviana-aecio-um-criador-de-historias\/#breadcrumb","itemListElement":[{"@type":"ListItem","position":1,"name":"In\u00edcio","item":"https:\/\/www.notibras.com\/site\/"},{"@type":"ListItem","position":2,"name":"Debate pega fogo na Band. Dilma, leviana. A\u00e9cio, criador de hist\u00f3rias"}]},{"@type":"WebSite","@id":"https:\/\/www.notibras.com\/site\/#website","url":"https:\/\/www.notibras.com\/site\/","name":"Notibras","description":"Not\u00edcias de Bras\u00edlia, do Brasil e do Mundo","publisher":{"@id":"https:\/\/www.notibras.com\/site\/#organization"},"potentialAction":[{"@type":"SearchAction","target":{"@type":"EntryPoint","urlTemplate":"https:\/\/www.notibras.com\/site\/?s={search_term_string}"},"query-input":{"@type":"PropertyValueSpecification","valueRequired":true,"valueName":"search_term_string"}}],"inLanguage":"pt-BR"},{"@type":"Organization","@id":"https:\/\/www.notibras.com\/site\/#organization","name":"Grupo Notibras de Comunica\u00e7\u00e3o","url":"https:\/\/www.notibras.com\/site\/","logo":{"@type":"ImageObject","inLanguage":"pt-BR","@id":"https:\/\/www.notibras.com\/site\/#\/schema\/logo\/image\/","url":"https:\/\/www.notibras.com\/site\/wp-content\/uploads\/2023\/01\/notibras23.png","contentUrl":"https:\/\/www.notibras.com\/site\/wp-content\/uploads\/2023\/01\/notibras23.png","width":350,"height":87,"caption":"Grupo Notibras de Comunica\u00e7\u00e3o"},"image":{"@id":"https:\/\/www.notibras.com\/site\/#\/schema\/logo\/image\/"},"sameAs":["https:\/\/www.facebook.com\/notibras\/","https:\/\/x.com\/Notibras","https:\/\/www.instagram.com\/notibras\/"]},{"@type":"Person","@id":"https:\/\/www.notibras.com\/site\/#\/schema\/person\/36ab0979449956132d3e5b517ea76ac8","name":"Reda\u00e7\u00e3o","image":{"@type":"ImageObject","inLanguage":"pt-BR","@id":"https:\/\/secure.gravatar.com\/avatar\/e0a867bdedb85fd243eadf09663511f96fc81e0720a4a42581f334ad4303aa6b?s=96&d=mm&r=g","url":"https:\/\/secure.gravatar.com\/avatar\/e0a867bdedb85fd243eadf09663511f96fc81e0720a4a42581f334ad4303aa6b?s=96&d=mm&r=g","contentUrl":"https:\/\/secure.gravatar.com\/avatar\/e0a867bdedb85fd243eadf09663511f96fc81e0720a4a42581f334ad4303aa6b?s=96&d=mm&r=g","caption":"Reda\u00e7\u00e3o"}}]}},"amp_enabled":true,"_links":{"self":[{"href":"https:\/\/www.notibras.com\/site\/wp-json\/wp\/v2\/posts\/24960","targetHints":{"allow":["GET"]}}],"collection":[{"href":"https:\/\/www.notibras.com\/site\/wp-json\/wp\/v2\/posts"}],"about":[{"href":"https:\/\/www.notibras.com\/site\/wp-json\/wp\/v2\/types\/post"}],"author":[{"embeddable":true,"href":"https:\/\/www.notibras.com\/site\/wp-json\/wp\/v2\/users\/2"}],"replies":[{"embeddable":true,"href":"https:\/\/www.notibras.com\/site\/wp-json\/wp\/v2\/comments?post=24960"}],"version-history":[{"count":0,"href":"https:\/\/www.notibras.com\/site\/wp-json\/wp\/v2\/posts\/24960\/revisions"}],"wp:featuredmedia":[{"embeddable":true,"href":"https:\/\/www.notibras.com\/site\/wp-json\/wp\/v2\/media\/24961"}],"wp:attachment":[{"href":"https:\/\/www.notibras.com\/site\/wp-json\/wp\/v2\/media?parent=24960"}],"wp:term":[{"taxonomy":"category","embeddable":true,"href":"https:\/\/www.notibras.com\/site\/wp-json\/wp\/v2\/categories?post=24960"},{"taxonomy":"post_tag","embeddable":true,"href":"https:\/\/www.notibras.com\/site\/wp-json\/wp\/v2\/tags?post=24960"}],"curies":[{"name":"wp","href":"https:\/\/api.w.org\/{rel}","templated":true}]}}