{"id":24967,"date":"2014-10-14T23:00:36","date_gmt":"2014-10-15T02:00:36","guid":{"rendered":"http:\/\/www.notibras.com\/site\/?p=24967"},"modified":"2014-10-15T02:45:03","modified_gmt":"2014-10-15T05:45:03","slug":"tucanos-prometem-mentirometro-para-combater-campanha-petista","status":"publish","type":"post","link":"https:\/\/www.notibras.com\/site\/tucanos-prometem-mentirometro-para-combater-campanha-petista\/","title":{"rendered":"Tucanos prometem mentir\u00f4metro para combater campanha petista"},"content":{"rendered":"<p class=\"text\">O candidato do PSDB \u00e0 Presid\u00eancia da Rep\u00fablica, A\u00e9cio Neves, disse nesta ter\u00e7a-feira, em S\u00e3o Paulo, que adotar\u00e1 um \u201cmentir\u00f4metro\u201d em seu site oficial de campanha para rebater informa\u00e7\u00f5es sobre ele divulgadas pela campanha da candidata \u00e0 reelei\u00e7\u00e3o, Dilma Rousseff (PT). A\u00e9cio concedeu entrevista coletiva em um de seus comit\u00eas em S\u00e3o Paulo, no Brooklin, zona sul da cidade.<\/p>\n<p class=\"text\">O candidato se disse v\u00edtima de uma campanha \u201ccom o maior n\u00famero de mentiras que j\u00e1 assistimos em toda a nossa hist\u00f3ria\u201d. \u201c\u00c9 o vale-tudo definitivo deste governo\u201d, reclamou, sem citar, entretanto, quais seriam as mentiras supostamente propagadas contra ele.<\/p>\n<p class=\"text\">\u201cS\u00e3o tantos absurdos que a campanha advers\u00e1ria vem dizendo que eu n\u00e3o tenho tempo de desmenti-los pessoalmente. A cada dia \u00e9 uma mentira diferente, seja no (perfil do) twitter da presidente, ou nesses seus parceiros pagos e an\u00f4nimos nas redes sociais\u201d, justificou o tucano, sobre a necessidade do \u201cMentir\u00f4metro\u201d. \u201cVou enfrentar cada mentira com verdades e propostas\u201d, definiu, para completar: \u201cA cada mentira, meu coro endurece\u201d.<\/p>\n<p class=\"text\">Questionado se a candidata Marina Silva (PSB) &#8212; terceira colocada no primeiro turno e aliada dele desde o \u00faltimo domingo \u2013 gravar\u00e1 participa\u00e7\u00e3o nos programas eleitorais do PSDB, o senador mineiro desconversou. \u201c\u00c9 uma das etapas que provavelmente vir\u00e3o, mas n\u00e3o cabe a mim pedir absolutamente nada\u201d, disse, ap\u00f3s classificar o apoio de Marina como \u201cespont\u00e2neo, refletido\u201d.<\/p>\n","protected":false},"excerpt":{"rendered":"<p>O candidato do PSDB \u00e0 Presid\u00eancia da Rep\u00fablica, A\u00e9cio Neves, disse nesta ter\u00e7a-feira, em S\u00e3o Paulo, que adotar\u00e1 um \u201cmentir\u00f4metro\u201d em seu site oficial de campanha para rebater informa\u00e7\u00f5es sobre ele divulgadas pela campanha da candidata \u00e0 reelei\u00e7\u00e3o, Dilma Rousseff (PT). A\u00e9cio concedeu entrevista coletiva em um de seus comit\u00eas em S\u00e3o Paulo, no Brooklin, [&hellip;]<\/p>\n","protected":false},"author":2,"featured_media":24968,"comment_status":"open","ping_status":"closed","sticky":false,"template":"","format":"standard","meta":{"_acf_changed":false,"footnotes":""},"categories":[33],"tags":[],"class_list":["post-24967","post","type-post","status-publish","format-standard","has-post-thumbnail","hentry","category-eleicoes-2014"],"acf":[],"yoast_head":"<!-- This site is optimized with the Yoast SEO plugin v27.5 - https:\/\/yoast.com\/product\/yoast-seo-wordpress\/ -->\n<title>Tucanos prometem mentir\u00f4metro para combater campanha petista - Notibras<\/title>\n<meta name=\"robots\" content=\"index, follow, max-snippet:-1, max-image-preview:large, max-video-preview:-1\" \/>\n<link rel=\"canonical\" href=\"https:\/\/www.notibras.com\/site\/tucanos-prometem-mentirometro-para-combater-campanha-petista\/\" \/>\n<meta property=\"og:locale\" content=\"pt_BR\" \/>\n<meta property=\"og:type\" content=\"article\" \/>\n<meta property=\"og:title\" content=\"Tucanos prometem mentir\u00f4metro para combater campanha petista - Notibras\" \/>\n<meta property=\"og:description\" content=\"O candidato do PSDB \u00e0 Presid\u00eancia da Rep\u00fablica, A\u00e9cio Neves, disse nesta ter\u00e7a-feira, em S\u00e3o Paulo, que adotar\u00e1 um \u201cmentir\u00f4metro\u201d em seu site oficial de campanha para rebater informa\u00e7\u00f5es sobre ele divulgadas pela campanha da candidata \u00e0 reelei\u00e7\u00e3o, Dilma Rousseff (PT). A\u00e9cio concedeu entrevista coletiva em um de seus comit\u00eas em S\u00e3o Paulo, no Brooklin, [&hellip;]\" \/>\n<meta property=\"og:url\" content=\"https:\/\/www.notibras.com\/site\/tucanos-prometem-mentirometro-para-combater-campanha-petista\/\" \/>\n<meta property=\"og:site_name\" content=\"Notibras\" \/>\n<meta property=\"article:publisher\" content=\"https:\/\/www.facebook.com\/notibras\/\" \/>\n<meta property=\"article:published_time\" content=\"2014-10-15T02:00:36+00:00\" \/>\n<meta property=\"article:modified_time\" content=\"2014-10-15T05:45:03+00:00\" \/>\n<meta property=\"og:image\" content=\"https:\/\/www.notibras.com\/site\/wp-content\/uploads\/2014\/10\/aecio-nevescomite-sao-paulo1410.jpg\" \/>\n\t<meta property=\"og:image:width\" content=\"460\" \/>\n\t<meta property=\"og:image:height\" content=\"340\" \/>\n\t<meta property=\"og:image:type\" content=\"image\/jpeg\" \/>\n<meta name=\"author\" content=\"Reda\u00e7\u00e3o\" \/>\n<meta name=\"twitter:card\" content=\"summary_large_image\" \/>\n<meta name=\"twitter:creator\" content=\"@Notibras\" \/>\n<meta name=\"twitter:site\" content=\"@Notibras\" \/>\n<meta name=\"twitter:label1\" content=\"Escrito por\" \/>\n\t<meta name=\"twitter:data1\" content=\"Reda\u00e7\u00e3o\" \/>\n\t<meta name=\"twitter:label2\" content=\"Est. tempo de leitura\" \/>\n\t<meta name=\"twitter:data2\" content=\"1 minuto\" \/>\n<script type=\"application\/ld+json\" class=\"yoast-schema-graph\">{\"@context\":\"https:\\\/\\\/schema.org\",\"@graph\":[{\"@type\":\"Article\",\"@id\":\"https:\\\/\\\/www.notibras.com\\\/site\\\/tucanos-prometem-mentirometro-para-combater-campanha-petista\\\/#article\",\"isPartOf\":{\"@id\":\"https:\\\/\\\/www.notibras.com\\\/site\\\/tucanos-prometem-mentirometro-para-combater-campanha-petista\\\/\"},\"author\":{\"name\":\"Reda\u00e7\u00e3o\",\"@id\":\"https:\\\/\\\/www.notibras.com\\\/site\\\/#\\\/schema\\\/person\\\/36ab0979449956132d3e5b517ea76ac8\"},\"headline\":\"Tucanos prometem mentir\u00f4metro para combater campanha petista\",\"datePublished\":\"2014-10-15T02:00:36+00:00\",\"dateModified\":\"2014-10-15T05:45:03+00:00\",\"mainEntityOfPage\":{\"@id\":\"https:\\\/\\\/www.notibras.com\\\/site\\\/tucanos-prometem-mentirometro-para-combater-campanha-petista\\\/\"},\"wordCount\":248,\"commentCount\":0,\"publisher\":{\"@id\":\"https:\\\/\\\/www.notibras.com\\\/site\\\/#organization\"},\"image\":{\"@id\":\"https:\\\/\\\/www.notibras.com\\\/site\\\/tucanos-prometem-mentirometro-para-combater-campanha-petista\\\/#primaryimage\"},\"thumbnailUrl\":\"https:\\\/\\\/www.notibras.com\\\/site\\\/wp-content\\\/uploads\\\/2014\\\/10\\\/aecio-nevescomite-sao-paulo1410.jpg\",\"articleSection\":[\"Elei\u00e7\u00f5es 2014\"],\"inLanguage\":\"pt-BR\",\"potentialAction\":[{\"@type\":\"CommentAction\",\"name\":\"Comment\",\"target\":[\"https:\\\/\\\/www.notibras.com\\\/site\\\/tucanos-prometem-mentirometro-para-combater-campanha-petista\\\/#respond\"]}]},{\"@type\":\"WebPage\",\"@id\":\"https:\\\/\\\/www.notibras.com\\\/site\\\/tucanos-prometem-mentirometro-para-combater-campanha-petista\\\/\",\"url\":\"https:\\\/\\\/www.notibras.com\\\/site\\\/tucanos-prometem-mentirometro-para-combater-campanha-petista\\\/\",\"name\":\"Tucanos prometem mentir\u00f4metro para combater campanha petista - Notibras\",\"isPartOf\":{\"@id\":\"https:\\\/\\\/www.notibras.com\\\/site\\\/#website\"},\"primaryImageOfPage\":{\"@id\":\"https:\\\/\\\/www.notibras.com\\\/site\\\/tucanos-prometem-mentirometro-para-combater-campanha-petista\\\/#primaryimage\"},\"image\":{\"@id\":\"https:\\\/\\\/www.notibras.com\\\/site\\\/tucanos-prometem-mentirometro-para-combater-campanha-petista\\\/#primaryimage\"},\"thumbnailUrl\":\"https:\\\/\\\/www.notibras.com\\\/site\\\/wp-content\\\/uploads\\\/2014\\\/10\\\/aecio-nevescomite-sao-paulo1410.jpg\",\"datePublished\":\"2014-10-15T02:00:36+00:00\",\"dateModified\":\"2014-10-15T05:45:03+00:00\",\"breadcrumb\":{\"@id\":\"https:\\\/\\\/www.notibras.com\\\/site\\\/tucanos-prometem-mentirometro-para-combater-campanha-petista\\\/#breadcrumb\"},\"inLanguage\":\"pt-BR\",\"potentialAction\":[{\"@type\":\"ReadAction\",\"target\":[\"https:\\\/\\\/www.notibras.com\\\/site\\\/tucanos-prometem-mentirometro-para-combater-campanha-petista\\\/\"]}]},{\"@type\":\"ImageObject\",\"inLanguage\":\"pt-BR\",\"@id\":\"https:\\\/\\\/www.notibras.com\\\/site\\\/tucanos-prometem-mentirometro-para-combater-campanha-petista\\\/#primaryimage\",\"url\":\"https:\\\/\\\/www.notibras.com\\\/site\\\/wp-content\\\/uploads\\\/2014\\\/10\\\/aecio-nevescomite-sao-paulo1410.jpg\",\"contentUrl\":\"https:\\\/\\\/www.notibras.com\\\/site\\\/wp-content\\\/uploads\\\/2014\\\/10\\\/aecio-nevescomite-sao-paulo1410.jpg\",\"width\":460,\"height\":340},{\"@type\":\"BreadcrumbList\",\"@id\":\"https:\\\/\\\/www.notibras.com\\\/site\\\/tucanos-prometem-mentirometro-para-combater-campanha-petista\\\/#breadcrumb\",\"itemListElement\":[{\"@type\":\"ListItem\",\"position\":1,\"name\":\"In\u00edcio\",\"item\":\"https:\\\/\\\/www.notibras.com\\\/site\\\/\"},{\"@type\":\"ListItem\",\"position\":2,\"name\":\"Tucanos prometem mentir\u00f4metro para combater campanha petista\"}]},{\"@type\":\"WebSite\",\"@id\":\"https:\\\/\\\/www.notibras.com\\\/site\\\/#website\",\"url\":\"https:\\\/\\\/www.notibras.com\\\/site\\\/\",\"name\":\"Notibras\",\"description\":\"Not\u00edcias de Bras\u00edlia, do Brasil e do Mundo\",\"publisher\":{\"@id\":\"https:\\\/\\\/www.notibras.com\\\/site\\\/#organization\"},\"potentialAction\":[{\"@type\":\"SearchAction\",\"target\":{\"@type\":\"EntryPoint\",\"urlTemplate\":\"https:\\\/\\\/www.notibras.com\\\/site\\\/?s={search_term_string}\"},\"query-input\":{\"@type\":\"PropertyValueSpecification\",\"valueRequired\":true,\"valueName\":\"search_term_string\"}}],\"inLanguage\":\"pt-BR\"},{\"@type\":\"Organization\",\"@id\":\"https:\\\/\\\/www.notibras.com\\\/site\\\/#organization\",\"name\":\"Grupo Notibras de Comunica\u00e7\u00e3o\",\"url\":\"https:\\\/\\\/www.notibras.com\\\/site\\\/\",\"logo\":{\"@type\":\"ImageObject\",\"inLanguage\":\"pt-BR\",\"@id\":\"https:\\\/\\\/www.notibras.com\\\/site\\\/#\\\/schema\\\/logo\\\/image\\\/\",\"url\":\"https:\\\/\\\/www.notibras.com\\\/site\\\/wp-content\\\/uploads\\\/2023\\\/01\\\/notibras23.png\",\"contentUrl\":\"https:\\\/\\\/www.notibras.com\\\/site\\\/wp-content\\\/uploads\\\/2023\\\/01\\\/notibras23.png\",\"width\":350,\"height\":87,\"caption\":\"Grupo Notibras de Comunica\u00e7\u00e3o\"},\"image\":{\"@id\":\"https:\\\/\\\/www.notibras.com\\\/site\\\/#\\\/schema\\\/logo\\\/image\\\/\"},\"sameAs\":[\"https:\\\/\\\/www.facebook.com\\\/notibras\\\/\",\"https:\\\/\\\/x.com\\\/Notibras\",\"https:\\\/\\\/www.instagram.com\\\/notibras\\\/\"]},{\"@type\":\"Person\",\"@id\":\"https:\\\/\\\/www.notibras.com\\\/site\\\/#\\\/schema\\\/person\\\/36ab0979449956132d3e5b517ea76ac8\",\"name\":\"Reda\u00e7\u00e3o\",\"image\":{\"@type\":\"ImageObject\",\"inLanguage\":\"pt-BR\",\"@id\":\"https:\\\/\\\/secure.gravatar.com\\\/avatar\\\/e0a867bdedb85fd243eadf09663511f96fc81e0720a4a42581f334ad4303aa6b?s=96&d=mm&r=g\",\"url\":\"https:\\\/\\\/secure.gravatar.com\\\/avatar\\\/e0a867bdedb85fd243eadf09663511f96fc81e0720a4a42581f334ad4303aa6b?s=96&d=mm&r=g\",\"contentUrl\":\"https:\\\/\\\/secure.gravatar.com\\\/avatar\\\/e0a867bdedb85fd243eadf09663511f96fc81e0720a4a42581f334ad4303aa6b?s=96&d=mm&r=g\",\"caption\":\"Reda\u00e7\u00e3o\"}}]}<\/script>\n<!-- \/ Yoast SEO plugin. -->","yoast_head_json":{"title":"Tucanos prometem mentir\u00f4metro para combater campanha petista - Notibras","robots":{"index":"index","follow":"follow","max-snippet":"max-snippet:-1","max-image-preview":"max-image-preview:large","max-video-preview":"max-video-preview:-1"},"canonical":"https:\/\/www.notibras.com\/site\/tucanos-prometem-mentirometro-para-combater-campanha-petista\/","og_locale":"pt_BR","og_type":"article","og_title":"Tucanos prometem mentir\u00f4metro para combater campanha petista - Notibras","og_description":"O candidato do PSDB \u00e0 Presid\u00eancia da Rep\u00fablica, A\u00e9cio Neves, disse nesta ter\u00e7a-feira, em S\u00e3o Paulo, que adotar\u00e1 um \u201cmentir\u00f4metro\u201d em seu site oficial de campanha para rebater informa\u00e7\u00f5es sobre ele divulgadas pela campanha da candidata \u00e0 reelei\u00e7\u00e3o, Dilma Rousseff (PT). A\u00e9cio concedeu entrevista coletiva em um de seus comit\u00eas em S\u00e3o Paulo, no Brooklin, [&hellip;]","og_url":"https:\/\/www.notibras.com\/site\/tucanos-prometem-mentirometro-para-combater-campanha-petista\/","og_site_name":"Notibras","article_publisher":"https:\/\/www.facebook.com\/notibras\/","article_published_time":"2014-10-15T02:00:36+00:00","article_modified_time":"2014-10-15T05:45:03+00:00","og_image":[{"width":460,"height":340,"url":"https:\/\/www.notibras.com\/site\/wp-content\/uploads\/2014\/10\/aecio-nevescomite-sao-paulo1410.jpg","type":"image\/jpeg"}],"author":"Reda\u00e7\u00e3o","twitter_card":"summary_large_image","twitter_creator":"@Notibras","twitter_site":"@Notibras","twitter_misc":{"Escrito por":"Reda\u00e7\u00e3o","Est. tempo de leitura":"1 minuto"},"schema":{"@context":"https:\/\/schema.org","@graph":[{"@type":"Article","@id":"https:\/\/www.notibras.com\/site\/tucanos-prometem-mentirometro-para-combater-campanha-petista\/#article","isPartOf":{"@id":"https:\/\/www.notibras.com\/site\/tucanos-prometem-mentirometro-para-combater-campanha-petista\/"},"author":{"name":"Reda\u00e7\u00e3o","@id":"https:\/\/www.notibras.com\/site\/#\/schema\/person\/36ab0979449956132d3e5b517ea76ac8"},"headline":"Tucanos prometem mentir\u00f4metro para combater campanha petista","datePublished":"2014-10-15T02:00:36+00:00","dateModified":"2014-10-15T05:45:03+00:00","mainEntityOfPage":{"@id":"https:\/\/www.notibras.com\/site\/tucanos-prometem-mentirometro-para-combater-campanha-petista\/"},"wordCount":248,"commentCount":0,"publisher":{"@id":"https:\/\/www.notibras.com\/site\/#organization"},"image":{"@id":"https:\/\/www.notibras.com\/site\/tucanos-prometem-mentirometro-para-combater-campanha-petista\/#primaryimage"},"thumbnailUrl":"https:\/\/www.notibras.com\/site\/wp-content\/uploads\/2014\/10\/aecio-nevescomite-sao-paulo1410.jpg","articleSection":["Elei\u00e7\u00f5es 2014"],"inLanguage":"pt-BR","potentialAction":[{"@type":"CommentAction","name":"Comment","target":["https:\/\/www.notibras.com\/site\/tucanos-prometem-mentirometro-para-combater-campanha-petista\/#respond"]}]},{"@type":"WebPage","@id":"https:\/\/www.notibras.com\/site\/tucanos-prometem-mentirometro-para-combater-campanha-petista\/","url":"https:\/\/www.notibras.com\/site\/tucanos-prometem-mentirometro-para-combater-campanha-petista\/","name":"Tucanos prometem mentir\u00f4metro para combater campanha petista - Notibras","isPartOf":{"@id":"https:\/\/www.notibras.com\/site\/#website"},"primaryImageOfPage":{"@id":"https:\/\/www.notibras.com\/site\/tucanos-prometem-mentirometro-para-combater-campanha-petista\/#primaryimage"},"image":{"@id":"https:\/\/www.notibras.com\/site\/tucanos-prometem-mentirometro-para-combater-campanha-petista\/#primaryimage"},"thumbnailUrl":"https:\/\/www.notibras.com\/site\/wp-content\/uploads\/2014\/10\/aecio-nevescomite-sao-paulo1410.jpg","datePublished":"2014-10-15T02:00:36+00:00","dateModified":"2014-10-15T05:45:03+00:00","breadcrumb":{"@id":"https:\/\/www.notibras.com\/site\/tucanos-prometem-mentirometro-para-combater-campanha-petista\/#breadcrumb"},"inLanguage":"pt-BR","potentialAction":[{"@type":"ReadAction","target":["https:\/\/www.notibras.com\/site\/tucanos-prometem-mentirometro-para-combater-campanha-petista\/"]}]},{"@type":"ImageObject","inLanguage":"pt-BR","@id":"https:\/\/www.notibras.com\/site\/tucanos-prometem-mentirometro-para-combater-campanha-petista\/#primaryimage","url":"https:\/\/www.notibras.com\/site\/wp-content\/uploads\/2014\/10\/aecio-nevescomite-sao-paulo1410.jpg","contentUrl":"https:\/\/www.notibras.com\/site\/wp-content\/uploads\/2014\/10\/aecio-nevescomite-sao-paulo1410.jpg","width":460,"height":340},{"@type":"BreadcrumbList","@id":"https:\/\/www.notibras.com\/site\/tucanos-prometem-mentirometro-para-combater-campanha-petista\/#breadcrumb","itemListElement":[{"@type":"ListItem","position":1,"name":"In\u00edcio","item":"https:\/\/www.notibras.com\/site\/"},{"@type":"ListItem","position":2,"name":"Tucanos prometem mentir\u00f4metro para combater campanha petista"}]},{"@type":"WebSite","@id":"https:\/\/www.notibras.com\/site\/#website","url":"https:\/\/www.notibras.com\/site\/","name":"Notibras","description":"Not\u00edcias de Bras\u00edlia, do Brasil e do Mundo","publisher":{"@id":"https:\/\/www.notibras.com\/site\/#organization"},"potentialAction":[{"@type":"SearchAction","target":{"@type":"EntryPoint","urlTemplate":"https:\/\/www.notibras.com\/site\/?s={search_term_string}"},"query-input":{"@type":"PropertyValueSpecification","valueRequired":true,"valueName":"search_term_string"}}],"inLanguage":"pt-BR"},{"@type":"Organization","@id":"https:\/\/www.notibras.com\/site\/#organization","name":"Grupo Notibras de Comunica\u00e7\u00e3o","url":"https:\/\/www.notibras.com\/site\/","logo":{"@type":"ImageObject","inLanguage":"pt-BR","@id":"https:\/\/www.notibras.com\/site\/#\/schema\/logo\/image\/","url":"https:\/\/www.notibras.com\/site\/wp-content\/uploads\/2023\/01\/notibras23.png","contentUrl":"https:\/\/www.notibras.com\/site\/wp-content\/uploads\/2023\/01\/notibras23.png","width":350,"height":87,"caption":"Grupo Notibras de Comunica\u00e7\u00e3o"},"image":{"@id":"https:\/\/www.notibras.com\/site\/#\/schema\/logo\/image\/"},"sameAs":["https:\/\/www.facebook.com\/notibras\/","https:\/\/x.com\/Notibras","https:\/\/www.instagram.com\/notibras\/"]},{"@type":"Person","@id":"https:\/\/www.notibras.com\/site\/#\/schema\/person\/36ab0979449956132d3e5b517ea76ac8","name":"Reda\u00e7\u00e3o","image":{"@type":"ImageObject","inLanguage":"pt-BR","@id":"https:\/\/secure.gravatar.com\/avatar\/e0a867bdedb85fd243eadf09663511f96fc81e0720a4a42581f334ad4303aa6b?s=96&d=mm&r=g","url":"https:\/\/secure.gravatar.com\/avatar\/e0a867bdedb85fd243eadf09663511f96fc81e0720a4a42581f334ad4303aa6b?s=96&d=mm&r=g","contentUrl":"https:\/\/secure.gravatar.com\/avatar\/e0a867bdedb85fd243eadf09663511f96fc81e0720a4a42581f334ad4303aa6b?s=96&d=mm&r=g","caption":"Reda\u00e7\u00e3o"}}]}},"amp_enabled":true,"_links":{"self":[{"href":"https:\/\/www.notibras.com\/site\/wp-json\/wp\/v2\/posts\/24967","targetHints":{"allow":["GET"]}}],"collection":[{"href":"https:\/\/www.notibras.com\/site\/wp-json\/wp\/v2\/posts"}],"about":[{"href":"https:\/\/www.notibras.com\/site\/wp-json\/wp\/v2\/types\/post"}],"author":[{"embeddable":true,"href":"https:\/\/www.notibras.com\/site\/wp-json\/wp\/v2\/users\/2"}],"replies":[{"embeddable":true,"href":"https:\/\/www.notibras.com\/site\/wp-json\/wp\/v2\/comments?post=24967"}],"version-history":[{"count":0,"href":"https:\/\/www.notibras.com\/site\/wp-json\/wp\/v2\/posts\/24967\/revisions"}],"wp:featuredmedia":[{"embeddable":true,"href":"https:\/\/www.notibras.com\/site\/wp-json\/wp\/v2\/media\/24968"}],"wp:attachment":[{"href":"https:\/\/www.notibras.com\/site\/wp-json\/wp\/v2\/media?parent=24967"}],"wp:term":[{"taxonomy":"category","embeddable":true,"href":"https:\/\/www.notibras.com\/site\/wp-json\/wp\/v2\/categories?post=24967"},{"taxonomy":"post_tag","embeddable":true,"href":"https:\/\/www.notibras.com\/site\/wp-json\/wp\/v2\/tags?post=24967"}],"curies":[{"name":"wp","href":"https:\/\/api.w.org\/{rel}","templated":true}]}}