{"id":24970,"date":"2014-10-14T22:50:03","date_gmt":"2014-10-15T01:50:03","guid":{"rendered":"http:\/\/www.notibras.com\/site\/?p=24970"},"modified":"2014-10-15T02:54:12","modified_gmt":"2014-10-15T05:54:12","slug":"chico-buarque-poe-fim-a-boataria-e-anuncia-voto-para-reeleger-dilma","status":"publish","type":"post","link":"https:\/\/www.notibras.com\/site\/chico-buarque-poe-fim-a-boataria-e-anuncia-voto-para-reeleger-dilma\/","title":{"rendered":"Chico Buarque p\u00f5e fim a boataria e anuncia voto para reeleger Dilma"},"content":{"rendered":"<p class=\"text\">A candidata \u00e0 Presid\u00eancia da Rep\u00fablica Dilma Rousseff (PT) compartilhou em sua p\u00e1gina oficial no Facebook, nesta ter\u00e7a-feira (14), um v\u00eddeo em que o m\u00fasico Chico Buarque declara apoio \u00e0 sua candidatura. A postagem foi feita ap\u00f3s rumores de que o cantor teria mudado de ideia sobre o voto na petista.<\/p>\n<p class=\"text\">&#8220;Vou votar na Dilma, dia 26 estamos l\u00e1. At\u00e9 dia 26. Dilma!&#8221;, diz Chico no v\u00eddeo. Em seu perfil na rede social, o m\u00fasico tamb\u00e9m refor\u00e7ou que continua apoiando a candidata do PT.<\/p>\n<p class=\"text\">No m\u00eas passado, foi divulgado um manifesto de apoio \u00e0 reelei\u00e7\u00e3o de Dilma, assinado por artistas e intelectuais<a id=\"cea14\" href=\"http:\/\/noticias.terra.com.br\/eleicoes\/chico-buarque-assina-manifesto-de-apoio-a-dilma-veja-lista,00c71a519b978410VgnVCM5000009ccceb0aRCRD.html\">.<\/a> Al\u00e9m de Chico Buarque, tamb\u00e9m assinaram nomes como Marieta Severo, Alcione, Angela Vieira, Beth Carvalho, Chico C\u00e9sar, Chico Diaz, Leci Brand\u00e3o, Leonardo Boff, Matheus Nachtergaele, Nelson Sargento, Paulo Betti, Tuca Moraes e Zez\u00e9 Motta.<\/p>\n","protected":false},"excerpt":{"rendered":"<p>A candidata \u00e0 Presid\u00eancia da Rep\u00fablica Dilma Rousseff (PT) compartilhou em sua p\u00e1gina oficial no Facebook, nesta ter\u00e7a-feira (14), um v\u00eddeo em que o m\u00fasico Chico Buarque declara apoio \u00e0 sua candidatura. A postagem foi feita ap\u00f3s rumores de que o cantor teria mudado de ideia sobre o voto na petista. &#8220;Vou votar na Dilma, [&hellip;]<\/p>\n","protected":false},"author":2,"featured_media":24971,"comment_status":"open","ping_status":"closed","sticky":false,"template":"","format":"standard","meta":{"_acf_changed":false,"footnotes":""},"categories":[33],"tags":[],"class_list":["post-24970","post","type-post","status-publish","format-standard","has-post-thumbnail","hentry","category-eleicoes-2014"],"acf":[],"yoast_head":"<!-- This site is optimized with the Yoast SEO plugin v27.5 - https:\/\/yoast.com\/product\/yoast-seo-wordpress\/ -->\n<title>Chico Buarque p\u00f5e fim a boataria e anuncia voto para reeleger Dilma - Notibras<\/title>\n<meta name=\"robots\" content=\"index, follow, max-snippet:-1, max-image-preview:large, max-video-preview:-1\" \/>\n<link rel=\"canonical\" href=\"https:\/\/www.notibras.com\/site\/chico-buarque-poe-fim-a-boataria-e-anuncia-voto-para-reeleger-dilma\/\" \/>\n<meta property=\"og:locale\" content=\"pt_BR\" \/>\n<meta property=\"og:type\" content=\"article\" \/>\n<meta property=\"og:title\" content=\"Chico Buarque p\u00f5e fim a boataria e anuncia voto para reeleger Dilma - Notibras\" \/>\n<meta property=\"og:description\" content=\"A candidata \u00e0 Presid\u00eancia da Rep\u00fablica Dilma Rousseff (PT) compartilhou em sua p\u00e1gina oficial no Facebook, nesta ter\u00e7a-feira (14), um v\u00eddeo em que o m\u00fasico Chico Buarque declara apoio \u00e0 sua candidatura. A postagem foi feita ap\u00f3s rumores de que o cantor teria mudado de ideia sobre o voto na petista. &#8220;Vou votar na Dilma, [&hellip;]\" \/>\n<meta property=\"og:url\" content=\"https:\/\/www.notibras.com\/site\/chico-buarque-poe-fim-a-boataria-e-anuncia-voto-para-reeleger-dilma\/\" \/>\n<meta property=\"og:site_name\" content=\"Notibras\" \/>\n<meta property=\"article:publisher\" content=\"https:\/\/www.facebook.com\/notibras\/\" \/>\n<meta property=\"article:published_time\" content=\"2014-10-15T01:50:03+00:00\" \/>\n<meta property=\"article:modified_time\" content=\"2014-10-15T05:54:12+00:00\" \/>\n<meta property=\"og:image\" content=\"https:\/\/www.notibras.com\/site\/wp-content\/uploads\/2014\/10\/chicobuarquearquivogty.jpg\" \/>\n\t<meta property=\"og:image:width\" content=\"460\" \/>\n\t<meta property=\"og:image:height\" content=\"340\" \/>\n\t<meta property=\"og:image:type\" content=\"image\/jpeg\" \/>\n<meta name=\"author\" content=\"Reda\u00e7\u00e3o\" \/>\n<meta name=\"twitter:card\" content=\"summary_large_image\" \/>\n<meta name=\"twitter:creator\" content=\"@Notibras\" \/>\n<meta name=\"twitter:site\" content=\"@Notibras\" \/>\n<meta name=\"twitter:label1\" content=\"Escrito por\" \/>\n\t<meta name=\"twitter:data1\" content=\"Reda\u00e7\u00e3o\" \/>\n\t<meta name=\"twitter:label2\" content=\"Est. tempo de leitura\" \/>\n\t<meta name=\"twitter:data2\" content=\"1 minuto\" \/>\n<script type=\"application\/ld+json\" class=\"yoast-schema-graph\">{\"@context\":\"https:\\\/\\\/schema.org\",\"@graph\":[{\"@type\":\"Article\",\"@id\":\"https:\\\/\\\/www.notibras.com\\\/site\\\/chico-buarque-poe-fim-a-boataria-e-anuncia-voto-para-reeleger-dilma\\\/#article\",\"isPartOf\":{\"@id\":\"https:\\\/\\\/www.notibras.com\\\/site\\\/chico-buarque-poe-fim-a-boataria-e-anuncia-voto-para-reeleger-dilma\\\/\"},\"author\":{\"name\":\"Reda\u00e7\u00e3o\",\"@id\":\"https:\\\/\\\/www.notibras.com\\\/site\\\/#\\\/schema\\\/person\\\/36ab0979449956132d3e5b517ea76ac8\"},\"headline\":\"Chico Buarque p\u00f5e fim a boataria e anuncia voto para reeleger Dilma\",\"datePublished\":\"2014-10-15T01:50:03+00:00\",\"dateModified\":\"2014-10-15T05:54:12+00:00\",\"mainEntityOfPage\":{\"@id\":\"https:\\\/\\\/www.notibras.com\\\/site\\\/chico-buarque-poe-fim-a-boataria-e-anuncia-voto-para-reeleger-dilma\\\/\"},\"wordCount\":160,\"commentCount\":0,\"publisher\":{\"@id\":\"https:\\\/\\\/www.notibras.com\\\/site\\\/#organization\"},\"image\":{\"@id\":\"https:\\\/\\\/www.notibras.com\\\/site\\\/chico-buarque-poe-fim-a-boataria-e-anuncia-voto-para-reeleger-dilma\\\/#primaryimage\"},\"thumbnailUrl\":\"https:\\\/\\\/www.notibras.com\\\/site\\\/wp-content\\\/uploads\\\/2014\\\/10\\\/chicobuarquearquivogty.jpg\",\"articleSection\":[\"Elei\u00e7\u00f5es 2014\"],\"inLanguage\":\"pt-BR\",\"potentialAction\":[{\"@type\":\"CommentAction\",\"name\":\"Comment\",\"target\":[\"https:\\\/\\\/www.notibras.com\\\/site\\\/chico-buarque-poe-fim-a-boataria-e-anuncia-voto-para-reeleger-dilma\\\/#respond\"]}]},{\"@type\":\"WebPage\",\"@id\":\"https:\\\/\\\/www.notibras.com\\\/site\\\/chico-buarque-poe-fim-a-boataria-e-anuncia-voto-para-reeleger-dilma\\\/\",\"url\":\"https:\\\/\\\/www.notibras.com\\\/site\\\/chico-buarque-poe-fim-a-boataria-e-anuncia-voto-para-reeleger-dilma\\\/\",\"name\":\"Chico Buarque p\u00f5e fim a boataria e anuncia voto para reeleger Dilma - Notibras\",\"isPartOf\":{\"@id\":\"https:\\\/\\\/www.notibras.com\\\/site\\\/#website\"},\"primaryImageOfPage\":{\"@id\":\"https:\\\/\\\/www.notibras.com\\\/site\\\/chico-buarque-poe-fim-a-boataria-e-anuncia-voto-para-reeleger-dilma\\\/#primaryimage\"},\"image\":{\"@id\":\"https:\\\/\\\/www.notibras.com\\\/site\\\/chico-buarque-poe-fim-a-boataria-e-anuncia-voto-para-reeleger-dilma\\\/#primaryimage\"},\"thumbnailUrl\":\"https:\\\/\\\/www.notibras.com\\\/site\\\/wp-content\\\/uploads\\\/2014\\\/10\\\/chicobuarquearquivogty.jpg\",\"datePublished\":\"2014-10-15T01:50:03+00:00\",\"dateModified\":\"2014-10-15T05:54:12+00:00\",\"breadcrumb\":{\"@id\":\"https:\\\/\\\/www.notibras.com\\\/site\\\/chico-buarque-poe-fim-a-boataria-e-anuncia-voto-para-reeleger-dilma\\\/#breadcrumb\"},\"inLanguage\":\"pt-BR\",\"potentialAction\":[{\"@type\":\"ReadAction\",\"target\":[\"https:\\\/\\\/www.notibras.com\\\/site\\\/chico-buarque-poe-fim-a-boataria-e-anuncia-voto-para-reeleger-dilma\\\/\"]}]},{\"@type\":\"ImageObject\",\"inLanguage\":\"pt-BR\",\"@id\":\"https:\\\/\\\/www.notibras.com\\\/site\\\/chico-buarque-poe-fim-a-boataria-e-anuncia-voto-para-reeleger-dilma\\\/#primaryimage\",\"url\":\"https:\\\/\\\/www.notibras.com\\\/site\\\/wp-content\\\/uploads\\\/2014\\\/10\\\/chicobuarquearquivogty.jpg\",\"contentUrl\":\"https:\\\/\\\/www.notibras.com\\\/site\\\/wp-content\\\/uploads\\\/2014\\\/10\\\/chicobuarquearquivogty.jpg\",\"width\":460,\"height\":340},{\"@type\":\"BreadcrumbList\",\"@id\":\"https:\\\/\\\/www.notibras.com\\\/site\\\/chico-buarque-poe-fim-a-boataria-e-anuncia-voto-para-reeleger-dilma\\\/#breadcrumb\",\"itemListElement\":[{\"@type\":\"ListItem\",\"position\":1,\"name\":\"In\u00edcio\",\"item\":\"https:\\\/\\\/www.notibras.com\\\/site\\\/\"},{\"@type\":\"ListItem\",\"position\":2,\"name\":\"Chico Buarque p\u00f5e fim a boataria e anuncia voto para reeleger Dilma\"}]},{\"@type\":\"WebSite\",\"@id\":\"https:\\\/\\\/www.notibras.com\\\/site\\\/#website\",\"url\":\"https:\\\/\\\/www.notibras.com\\\/site\\\/\",\"name\":\"Notibras\",\"description\":\"Not\u00edcias de Bras\u00edlia, do Brasil e do Mundo\",\"publisher\":{\"@id\":\"https:\\\/\\\/www.notibras.com\\\/site\\\/#organization\"},\"potentialAction\":[{\"@type\":\"SearchAction\",\"target\":{\"@type\":\"EntryPoint\",\"urlTemplate\":\"https:\\\/\\\/www.notibras.com\\\/site\\\/?s={search_term_string}\"},\"query-input\":{\"@type\":\"PropertyValueSpecification\",\"valueRequired\":true,\"valueName\":\"search_term_string\"}}],\"inLanguage\":\"pt-BR\"},{\"@type\":\"Organization\",\"@id\":\"https:\\\/\\\/www.notibras.com\\\/site\\\/#organization\",\"name\":\"Grupo Notibras de Comunica\u00e7\u00e3o\",\"url\":\"https:\\\/\\\/www.notibras.com\\\/site\\\/\",\"logo\":{\"@type\":\"ImageObject\",\"inLanguage\":\"pt-BR\",\"@id\":\"https:\\\/\\\/www.notibras.com\\\/site\\\/#\\\/schema\\\/logo\\\/image\\\/\",\"url\":\"https:\\\/\\\/www.notibras.com\\\/site\\\/wp-content\\\/uploads\\\/2023\\\/01\\\/notibras23.png\",\"contentUrl\":\"https:\\\/\\\/www.notibras.com\\\/site\\\/wp-content\\\/uploads\\\/2023\\\/01\\\/notibras23.png\",\"width\":350,\"height\":87,\"caption\":\"Grupo Notibras de Comunica\u00e7\u00e3o\"},\"image\":{\"@id\":\"https:\\\/\\\/www.notibras.com\\\/site\\\/#\\\/schema\\\/logo\\\/image\\\/\"},\"sameAs\":[\"https:\\\/\\\/www.facebook.com\\\/notibras\\\/\",\"https:\\\/\\\/x.com\\\/Notibras\",\"https:\\\/\\\/www.instagram.com\\\/notibras\\\/\"]},{\"@type\":\"Person\",\"@id\":\"https:\\\/\\\/www.notibras.com\\\/site\\\/#\\\/schema\\\/person\\\/36ab0979449956132d3e5b517ea76ac8\",\"name\":\"Reda\u00e7\u00e3o\",\"image\":{\"@type\":\"ImageObject\",\"inLanguage\":\"pt-BR\",\"@id\":\"https:\\\/\\\/secure.gravatar.com\\\/avatar\\\/e0a867bdedb85fd243eadf09663511f96fc81e0720a4a42581f334ad4303aa6b?s=96&d=mm&r=g\",\"url\":\"https:\\\/\\\/secure.gravatar.com\\\/avatar\\\/e0a867bdedb85fd243eadf09663511f96fc81e0720a4a42581f334ad4303aa6b?s=96&d=mm&r=g\",\"contentUrl\":\"https:\\\/\\\/secure.gravatar.com\\\/avatar\\\/e0a867bdedb85fd243eadf09663511f96fc81e0720a4a42581f334ad4303aa6b?s=96&d=mm&r=g\",\"caption\":\"Reda\u00e7\u00e3o\"}}]}<\/script>\n<!-- \/ Yoast SEO plugin. -->","yoast_head_json":{"title":"Chico Buarque p\u00f5e fim a boataria e anuncia voto para reeleger Dilma - Notibras","robots":{"index":"index","follow":"follow","max-snippet":"max-snippet:-1","max-image-preview":"max-image-preview:large","max-video-preview":"max-video-preview:-1"},"canonical":"https:\/\/www.notibras.com\/site\/chico-buarque-poe-fim-a-boataria-e-anuncia-voto-para-reeleger-dilma\/","og_locale":"pt_BR","og_type":"article","og_title":"Chico Buarque p\u00f5e fim a boataria e anuncia voto para reeleger Dilma - Notibras","og_description":"A candidata \u00e0 Presid\u00eancia da Rep\u00fablica Dilma Rousseff (PT) compartilhou em sua p\u00e1gina oficial no Facebook, nesta ter\u00e7a-feira (14), um v\u00eddeo em que o m\u00fasico Chico Buarque declara apoio \u00e0 sua candidatura. A postagem foi feita ap\u00f3s rumores de que o cantor teria mudado de ideia sobre o voto na petista. &#8220;Vou votar na Dilma, [&hellip;]","og_url":"https:\/\/www.notibras.com\/site\/chico-buarque-poe-fim-a-boataria-e-anuncia-voto-para-reeleger-dilma\/","og_site_name":"Notibras","article_publisher":"https:\/\/www.facebook.com\/notibras\/","article_published_time":"2014-10-15T01:50:03+00:00","article_modified_time":"2014-10-15T05:54:12+00:00","og_image":[{"width":460,"height":340,"url":"https:\/\/www.notibras.com\/site\/wp-content\/uploads\/2014\/10\/chicobuarquearquivogty.jpg","type":"image\/jpeg"}],"author":"Reda\u00e7\u00e3o","twitter_card":"summary_large_image","twitter_creator":"@Notibras","twitter_site":"@Notibras","twitter_misc":{"Escrito por":"Reda\u00e7\u00e3o","Est. tempo de leitura":"1 minuto"},"schema":{"@context":"https:\/\/schema.org","@graph":[{"@type":"Article","@id":"https:\/\/www.notibras.com\/site\/chico-buarque-poe-fim-a-boataria-e-anuncia-voto-para-reeleger-dilma\/#article","isPartOf":{"@id":"https:\/\/www.notibras.com\/site\/chico-buarque-poe-fim-a-boataria-e-anuncia-voto-para-reeleger-dilma\/"},"author":{"name":"Reda\u00e7\u00e3o","@id":"https:\/\/www.notibras.com\/site\/#\/schema\/person\/36ab0979449956132d3e5b517ea76ac8"},"headline":"Chico Buarque p\u00f5e fim a boataria e anuncia voto para reeleger Dilma","datePublished":"2014-10-15T01:50:03+00:00","dateModified":"2014-10-15T05:54:12+00:00","mainEntityOfPage":{"@id":"https:\/\/www.notibras.com\/site\/chico-buarque-poe-fim-a-boataria-e-anuncia-voto-para-reeleger-dilma\/"},"wordCount":160,"commentCount":0,"publisher":{"@id":"https:\/\/www.notibras.com\/site\/#organization"},"image":{"@id":"https:\/\/www.notibras.com\/site\/chico-buarque-poe-fim-a-boataria-e-anuncia-voto-para-reeleger-dilma\/#primaryimage"},"thumbnailUrl":"https:\/\/www.notibras.com\/site\/wp-content\/uploads\/2014\/10\/chicobuarquearquivogty.jpg","articleSection":["Elei\u00e7\u00f5es 2014"],"inLanguage":"pt-BR","potentialAction":[{"@type":"CommentAction","name":"Comment","target":["https:\/\/www.notibras.com\/site\/chico-buarque-poe-fim-a-boataria-e-anuncia-voto-para-reeleger-dilma\/#respond"]}]},{"@type":"WebPage","@id":"https:\/\/www.notibras.com\/site\/chico-buarque-poe-fim-a-boataria-e-anuncia-voto-para-reeleger-dilma\/","url":"https:\/\/www.notibras.com\/site\/chico-buarque-poe-fim-a-boataria-e-anuncia-voto-para-reeleger-dilma\/","name":"Chico Buarque p\u00f5e fim a boataria e anuncia voto para reeleger Dilma - Notibras","isPartOf":{"@id":"https:\/\/www.notibras.com\/site\/#website"},"primaryImageOfPage":{"@id":"https:\/\/www.notibras.com\/site\/chico-buarque-poe-fim-a-boataria-e-anuncia-voto-para-reeleger-dilma\/#primaryimage"},"image":{"@id":"https:\/\/www.notibras.com\/site\/chico-buarque-poe-fim-a-boataria-e-anuncia-voto-para-reeleger-dilma\/#primaryimage"},"thumbnailUrl":"https:\/\/www.notibras.com\/site\/wp-content\/uploads\/2014\/10\/chicobuarquearquivogty.jpg","datePublished":"2014-10-15T01:50:03+00:00","dateModified":"2014-10-15T05:54:12+00:00","breadcrumb":{"@id":"https:\/\/www.notibras.com\/site\/chico-buarque-poe-fim-a-boataria-e-anuncia-voto-para-reeleger-dilma\/#breadcrumb"},"inLanguage":"pt-BR","potentialAction":[{"@type":"ReadAction","target":["https:\/\/www.notibras.com\/site\/chico-buarque-poe-fim-a-boataria-e-anuncia-voto-para-reeleger-dilma\/"]}]},{"@type":"ImageObject","inLanguage":"pt-BR","@id":"https:\/\/www.notibras.com\/site\/chico-buarque-poe-fim-a-boataria-e-anuncia-voto-para-reeleger-dilma\/#primaryimage","url":"https:\/\/www.notibras.com\/site\/wp-content\/uploads\/2014\/10\/chicobuarquearquivogty.jpg","contentUrl":"https:\/\/www.notibras.com\/site\/wp-content\/uploads\/2014\/10\/chicobuarquearquivogty.jpg","width":460,"height":340},{"@type":"BreadcrumbList","@id":"https:\/\/www.notibras.com\/site\/chico-buarque-poe-fim-a-boataria-e-anuncia-voto-para-reeleger-dilma\/#breadcrumb","itemListElement":[{"@type":"ListItem","position":1,"name":"In\u00edcio","item":"https:\/\/www.notibras.com\/site\/"},{"@type":"ListItem","position":2,"name":"Chico Buarque p\u00f5e fim a boataria e anuncia voto para reeleger Dilma"}]},{"@type":"WebSite","@id":"https:\/\/www.notibras.com\/site\/#website","url":"https:\/\/www.notibras.com\/site\/","name":"Notibras","description":"Not\u00edcias de Bras\u00edlia, do Brasil e do Mundo","publisher":{"@id":"https:\/\/www.notibras.com\/site\/#organization"},"potentialAction":[{"@type":"SearchAction","target":{"@type":"EntryPoint","urlTemplate":"https:\/\/www.notibras.com\/site\/?s={search_term_string}"},"query-input":{"@type":"PropertyValueSpecification","valueRequired":true,"valueName":"search_term_string"}}],"inLanguage":"pt-BR"},{"@type":"Organization","@id":"https:\/\/www.notibras.com\/site\/#organization","name":"Grupo Notibras de Comunica\u00e7\u00e3o","url":"https:\/\/www.notibras.com\/site\/","logo":{"@type":"ImageObject","inLanguage":"pt-BR","@id":"https:\/\/www.notibras.com\/site\/#\/schema\/logo\/image\/","url":"https:\/\/www.notibras.com\/site\/wp-content\/uploads\/2023\/01\/notibras23.png","contentUrl":"https:\/\/www.notibras.com\/site\/wp-content\/uploads\/2023\/01\/notibras23.png","width":350,"height":87,"caption":"Grupo Notibras de Comunica\u00e7\u00e3o"},"image":{"@id":"https:\/\/www.notibras.com\/site\/#\/schema\/logo\/image\/"},"sameAs":["https:\/\/www.facebook.com\/notibras\/","https:\/\/x.com\/Notibras","https:\/\/www.instagram.com\/notibras\/"]},{"@type":"Person","@id":"https:\/\/www.notibras.com\/site\/#\/schema\/person\/36ab0979449956132d3e5b517ea76ac8","name":"Reda\u00e7\u00e3o","image":{"@type":"ImageObject","inLanguage":"pt-BR","@id":"https:\/\/secure.gravatar.com\/avatar\/e0a867bdedb85fd243eadf09663511f96fc81e0720a4a42581f334ad4303aa6b?s=96&d=mm&r=g","url":"https:\/\/secure.gravatar.com\/avatar\/e0a867bdedb85fd243eadf09663511f96fc81e0720a4a42581f334ad4303aa6b?s=96&d=mm&r=g","contentUrl":"https:\/\/secure.gravatar.com\/avatar\/e0a867bdedb85fd243eadf09663511f96fc81e0720a4a42581f334ad4303aa6b?s=96&d=mm&r=g","caption":"Reda\u00e7\u00e3o"}}]}},"amp_enabled":true,"_links":{"self":[{"href":"https:\/\/www.notibras.com\/site\/wp-json\/wp\/v2\/posts\/24970","targetHints":{"allow":["GET"]}}],"collection":[{"href":"https:\/\/www.notibras.com\/site\/wp-json\/wp\/v2\/posts"}],"about":[{"href":"https:\/\/www.notibras.com\/site\/wp-json\/wp\/v2\/types\/post"}],"author":[{"embeddable":true,"href":"https:\/\/www.notibras.com\/site\/wp-json\/wp\/v2\/users\/2"}],"replies":[{"embeddable":true,"href":"https:\/\/www.notibras.com\/site\/wp-json\/wp\/v2\/comments?post=24970"}],"version-history":[{"count":0,"href":"https:\/\/www.notibras.com\/site\/wp-json\/wp\/v2\/posts\/24970\/revisions"}],"wp:featuredmedia":[{"embeddable":true,"href":"https:\/\/www.notibras.com\/site\/wp-json\/wp\/v2\/media\/24971"}],"wp:attachment":[{"href":"https:\/\/www.notibras.com\/site\/wp-json\/wp\/v2\/media?parent=24970"}],"wp:term":[{"taxonomy":"category","embeddable":true,"href":"https:\/\/www.notibras.com\/site\/wp-json\/wp\/v2\/categories?post=24970"},{"taxonomy":"post_tag","embeddable":true,"href":"https:\/\/www.notibras.com\/site\/wp-json\/wp\/v2\/tags?post=24970"}],"curies":[{"name":"wp","href":"https:\/\/api.w.org\/{rel}","templated":true}]}}