{"id":24977,"date":"2014-10-15T00:39:27","date_gmt":"2014-10-15T03:39:27","guid":{"rendered":"http:\/\/www.notibras.com\/site\/?p=24977"},"modified":"2014-10-15T03:47:34","modified_gmt":"2014-10-15T06:47:34","slug":"oposicao-quer-arrastar-vaccari-e-duque-para-a-cpi-da-petrobras","status":"publish","type":"post","link":"https:\/\/www.notibras.com\/site\/oposicao-quer-arrastar-vaccari-e-duque-para-a-cpi-da-petrobras\/","title":{"rendered":"Oposi\u00e7\u00e3o quer arrastar para CPI Jo\u00e3o Vaccari e Duque"},"content":{"rendered":"<p>A oposi\u00e7\u00e3o quer ouvir o tesoureiro do PT, Jo\u00e3o Vaccari Neto, e o ex-diretor da Petrobras, Renato Duque, na comiss\u00e3o parlamentar mista de inqu\u00e9rito que investiga den\u00fancias de corrup\u00e7\u00e3o na companhia. Eles foram citados por Alberto Yousseff e Paulo Roberto Costa como respons\u00e1veis por receber propina para o PT e o PP, respectivamente, nos contratos firmados por empreiteiras com a Petrobras.<\/p>\n<p>Os l\u00edderes dos partidos oposicionistas da C\u00e2mara se reuniram na ter\u00e7a-feira com o presidente da comiss\u00e3o, senador Vital do R\u00eago (PMDB-PB), para requerer a reuni\u00e3o administrativa extraordin\u00e1ria e a vota\u00e7\u00e3o dos requerimentos dos dois citados.<\/p>\n<blockquote><p>\u201cH\u00e1 um esc\u00e2ndalo com os \u00faltimos depoimentos\u201d, disse o l\u00edder do PPS, deputado Rubens Bueno (SP). \u201cS\u00e3o pessoas envolvidas no recebimento de propina e na entrega desses valores. Quando perguntam a ele (Paulo Roberto Costa) se esse dinheiro foi parar na campanha de 2010, ele responde que, com certeza, o dinheiro foi para as elei\u00e7\u00f5es de 2010. Cofres de campanha, caixa dois, partidos, candidatos. Temos tudo isso para ser esclarecido\u201d, completou.<\/p><\/blockquote>\n<p>A oposi\u00e7\u00e3o tamb\u00e9m quer investigar a possibilidade do esquema de corrup\u00e7\u00e3o detalhado por Costa e Yousseff ter chegado a minist\u00e9rios, autarquias e outras empresas estatais. Para o l\u00edder do PSDB na C\u00e2mara, Antonio Imbassahy (BA), os envolvidos viram na Petrobras uma grande fonte de recursos, mas podem ter implementado o sistema em v\u00e1rias \u00e1reas. \u201cPor exemplo, os setores el\u00e9trico, de minera\u00e7\u00e3o e estradas. O pr\u00f3prio ex-diretor da Petrobras sinalizou para a extens\u00e3o desse cartel\u201d, salientou.<\/p>\n<p>Al\u00e9m disso, os l\u00edderes querem aprovar a quebra de sigilos banc\u00e1rio, telef\u00f4nico e fiscal das empresas citadas nos depoimentos como pagadoras de propinas, em troca de contratos com a Petrobras. \u201cEstamos cobrando a reuni\u00e3o administrativa para aprovar os requerimentos dessas empresas. Vamos quebrar os sigilos banc\u00e1rio e fiscal. Se n\u00e3o tiver nada, vamos dizer que n\u00e3o tem nada\u201d, ressaltou Bueno.<\/p>\n","protected":false},"excerpt":{"rendered":"<p>A oposi\u00e7\u00e3o quer ouvir o tesoureiro do PT, Jo\u00e3o Vaccari Neto, e o ex-diretor da Petrobras, Renato Duque, na comiss\u00e3o parlamentar mista de inqu\u00e9rito que investiga den\u00fancias de corrup\u00e7\u00e3o na companhia. Eles foram citados por Alberto Yousseff e Paulo Roberto Costa como respons\u00e1veis por receber propina para o PT e o PP, respectivamente, nos contratos [&hellip;]<\/p>\n","protected":false},"author":2,"featured_media":24978,"comment_status":"open","ping_status":"closed","sticky":false,"template":"","format":"standard","meta":{"_acf_changed":false,"footnotes":""},"categories":[16],"tags":[],"class_list":["post-24977","post","type-post","status-publish","format-standard","has-post-thumbnail","hentry","category-brasil"],"acf":[],"yoast_head":"<!-- This site is optimized with the Yoast SEO plugin v27.5 - https:\/\/yoast.com\/product\/yoast-seo-wordpress\/ -->\n<title>Oposi\u00e7\u00e3o quer arrastar para CPI Jo\u00e3o Vaccari e Duque - Notibras<\/title>\n<meta name=\"robots\" content=\"index, follow, max-snippet:-1, max-image-preview:large, max-video-preview:-1\" \/>\n<link rel=\"canonical\" href=\"https:\/\/www.notibras.com\/site\/oposicao-quer-arrastar-vaccari-e-duque-para-a-cpi-da-petrobras\/\" \/>\n<meta property=\"og:locale\" content=\"pt_BR\" \/>\n<meta property=\"og:type\" content=\"article\" \/>\n<meta property=\"og:title\" content=\"Oposi\u00e7\u00e3o quer arrastar para CPI Jo\u00e3o Vaccari e Duque - Notibras\" \/>\n<meta property=\"og:description\" content=\"A oposi\u00e7\u00e3o quer ouvir o tesoureiro do PT, Jo\u00e3o Vaccari Neto, e o ex-diretor da Petrobras, Renato Duque, na comiss\u00e3o parlamentar mista de inqu\u00e9rito que investiga den\u00fancias de corrup\u00e7\u00e3o na companhia. Eles foram citados por Alberto Yousseff e Paulo Roberto Costa como respons\u00e1veis por receber propina para o PT e o PP, respectivamente, nos contratos [&hellip;]\" \/>\n<meta property=\"og:url\" content=\"https:\/\/www.notibras.com\/site\/oposicao-quer-arrastar-vaccari-e-duque-para-a-cpi-da-petrobras\/\" \/>\n<meta property=\"og:site_name\" content=\"Notibras\" \/>\n<meta property=\"article:publisher\" content=\"https:\/\/www.facebook.com\/notibras\/\" \/>\n<meta property=\"article:published_time\" content=\"2014-10-15T03:39:27+00:00\" \/>\n<meta property=\"article:modified_time\" content=\"2014-10-15T06:47:34+00:00\" \/>\n<meta property=\"og:image\" content=\"https:\/\/www.notibras.com\/site\/wp-content\/uploads\/2014\/10\/joao-vaccari-neto-01-size-598.jpg\" \/>\n\t<meta property=\"og:image:width\" content=\"597\" \/>\n\t<meta property=\"og:image:height\" content=\"336\" \/>\n\t<meta property=\"og:image:type\" content=\"image\/jpeg\" \/>\n<meta name=\"author\" content=\"Reda\u00e7\u00e3o\" \/>\n<meta name=\"twitter:card\" content=\"summary_large_image\" \/>\n<meta name=\"twitter:creator\" content=\"@Notibras\" \/>\n<meta name=\"twitter:site\" content=\"@Notibras\" \/>\n<meta name=\"twitter:label1\" content=\"Escrito por\" \/>\n\t<meta name=\"twitter:data1\" content=\"Reda\u00e7\u00e3o\" \/>\n\t<meta name=\"twitter:label2\" content=\"Est. tempo de leitura\" \/>\n\t<meta name=\"twitter:data2\" content=\"2 minutos\" \/>\n<script type=\"application\/ld+json\" class=\"yoast-schema-graph\">{\"@context\":\"https:\\\/\\\/schema.org\",\"@graph\":[{\"@type\":\"Article\",\"@id\":\"https:\\\/\\\/www.notibras.com\\\/site\\\/oposicao-quer-arrastar-vaccari-e-duque-para-a-cpi-da-petrobras\\\/#article\",\"isPartOf\":{\"@id\":\"https:\\\/\\\/www.notibras.com\\\/site\\\/oposicao-quer-arrastar-vaccari-e-duque-para-a-cpi-da-petrobras\\\/\"},\"author\":{\"name\":\"Reda\u00e7\u00e3o\",\"@id\":\"https:\\\/\\\/www.notibras.com\\\/site\\\/#\\\/schema\\\/person\\\/36ab0979449956132d3e5b517ea76ac8\"},\"headline\":\"Oposi\u00e7\u00e3o quer arrastar para CPI Jo\u00e3o Vaccari e Duque\",\"datePublished\":\"2014-10-15T03:39:27+00:00\",\"dateModified\":\"2014-10-15T06:47:34+00:00\",\"mainEntityOfPage\":{\"@id\":\"https:\\\/\\\/www.notibras.com\\\/site\\\/oposicao-quer-arrastar-vaccari-e-duque-para-a-cpi-da-petrobras\\\/\"},\"wordCount\":349,\"commentCount\":0,\"publisher\":{\"@id\":\"https:\\\/\\\/www.notibras.com\\\/site\\\/#organization\"},\"image\":{\"@id\":\"https:\\\/\\\/www.notibras.com\\\/site\\\/oposicao-quer-arrastar-vaccari-e-duque-para-a-cpi-da-petrobras\\\/#primaryimage\"},\"thumbnailUrl\":\"https:\\\/\\\/www.notibras.com\\\/site\\\/wp-content\\\/uploads\\\/2014\\\/10\\\/joao-vaccari-neto-01-size-598.jpg\",\"articleSection\":[\"Brasil\"],\"inLanguage\":\"pt-BR\",\"potentialAction\":[{\"@type\":\"CommentAction\",\"name\":\"Comment\",\"target\":[\"https:\\\/\\\/www.notibras.com\\\/site\\\/oposicao-quer-arrastar-vaccari-e-duque-para-a-cpi-da-petrobras\\\/#respond\"]}]},{\"@type\":\"WebPage\",\"@id\":\"https:\\\/\\\/www.notibras.com\\\/site\\\/oposicao-quer-arrastar-vaccari-e-duque-para-a-cpi-da-petrobras\\\/\",\"url\":\"https:\\\/\\\/www.notibras.com\\\/site\\\/oposicao-quer-arrastar-vaccari-e-duque-para-a-cpi-da-petrobras\\\/\",\"name\":\"Oposi\u00e7\u00e3o quer arrastar para CPI Jo\u00e3o Vaccari e Duque - Notibras\",\"isPartOf\":{\"@id\":\"https:\\\/\\\/www.notibras.com\\\/site\\\/#website\"},\"primaryImageOfPage\":{\"@id\":\"https:\\\/\\\/www.notibras.com\\\/site\\\/oposicao-quer-arrastar-vaccari-e-duque-para-a-cpi-da-petrobras\\\/#primaryimage\"},\"image\":{\"@id\":\"https:\\\/\\\/www.notibras.com\\\/site\\\/oposicao-quer-arrastar-vaccari-e-duque-para-a-cpi-da-petrobras\\\/#primaryimage\"},\"thumbnailUrl\":\"https:\\\/\\\/www.notibras.com\\\/site\\\/wp-content\\\/uploads\\\/2014\\\/10\\\/joao-vaccari-neto-01-size-598.jpg\",\"datePublished\":\"2014-10-15T03:39:27+00:00\",\"dateModified\":\"2014-10-15T06:47:34+00:00\",\"breadcrumb\":{\"@id\":\"https:\\\/\\\/www.notibras.com\\\/site\\\/oposicao-quer-arrastar-vaccari-e-duque-para-a-cpi-da-petrobras\\\/#breadcrumb\"},\"inLanguage\":\"pt-BR\",\"potentialAction\":[{\"@type\":\"ReadAction\",\"target\":[\"https:\\\/\\\/www.notibras.com\\\/site\\\/oposicao-quer-arrastar-vaccari-e-duque-para-a-cpi-da-petrobras\\\/\"]}]},{\"@type\":\"ImageObject\",\"inLanguage\":\"pt-BR\",\"@id\":\"https:\\\/\\\/www.notibras.com\\\/site\\\/oposicao-quer-arrastar-vaccari-e-duque-para-a-cpi-da-petrobras\\\/#primaryimage\",\"url\":\"https:\\\/\\\/www.notibras.com\\\/site\\\/wp-content\\\/uploads\\\/2014\\\/10\\\/joao-vaccari-neto-01-size-598.jpg\",\"contentUrl\":\"https:\\\/\\\/www.notibras.com\\\/site\\\/wp-content\\\/uploads\\\/2014\\\/10\\\/joao-vaccari-neto-01-size-598.jpg\",\"width\":597,\"height\":336},{\"@type\":\"BreadcrumbList\",\"@id\":\"https:\\\/\\\/www.notibras.com\\\/site\\\/oposicao-quer-arrastar-vaccari-e-duque-para-a-cpi-da-petrobras\\\/#breadcrumb\",\"itemListElement\":[{\"@type\":\"ListItem\",\"position\":1,\"name\":\"In\u00edcio\",\"item\":\"https:\\\/\\\/www.notibras.com\\\/site\\\/\"},{\"@type\":\"ListItem\",\"position\":2,\"name\":\"Oposi\u00e7\u00e3o quer arrastar para CPI Jo\u00e3o Vaccari e Duque\"}]},{\"@type\":\"WebSite\",\"@id\":\"https:\\\/\\\/www.notibras.com\\\/site\\\/#website\",\"url\":\"https:\\\/\\\/www.notibras.com\\\/site\\\/\",\"name\":\"Notibras\",\"description\":\"Not\u00edcias de Bras\u00edlia, do Brasil e do Mundo\",\"publisher\":{\"@id\":\"https:\\\/\\\/www.notibras.com\\\/site\\\/#organization\"},\"potentialAction\":[{\"@type\":\"SearchAction\",\"target\":{\"@type\":\"EntryPoint\",\"urlTemplate\":\"https:\\\/\\\/www.notibras.com\\\/site\\\/?s={search_term_string}\"},\"query-input\":{\"@type\":\"PropertyValueSpecification\",\"valueRequired\":true,\"valueName\":\"search_term_string\"}}],\"inLanguage\":\"pt-BR\"},{\"@type\":\"Organization\",\"@id\":\"https:\\\/\\\/www.notibras.com\\\/site\\\/#organization\",\"name\":\"Grupo Notibras de Comunica\u00e7\u00e3o\",\"url\":\"https:\\\/\\\/www.notibras.com\\\/site\\\/\",\"logo\":{\"@type\":\"ImageObject\",\"inLanguage\":\"pt-BR\",\"@id\":\"https:\\\/\\\/www.notibras.com\\\/site\\\/#\\\/schema\\\/logo\\\/image\\\/\",\"url\":\"https:\\\/\\\/www.notibras.com\\\/site\\\/wp-content\\\/uploads\\\/2023\\\/01\\\/notibras23.png\",\"contentUrl\":\"https:\\\/\\\/www.notibras.com\\\/site\\\/wp-content\\\/uploads\\\/2023\\\/01\\\/notibras23.png\",\"width\":350,\"height\":87,\"caption\":\"Grupo Notibras de Comunica\u00e7\u00e3o\"},\"image\":{\"@id\":\"https:\\\/\\\/www.notibras.com\\\/site\\\/#\\\/schema\\\/logo\\\/image\\\/\"},\"sameAs\":[\"https:\\\/\\\/www.facebook.com\\\/notibras\\\/\",\"https:\\\/\\\/x.com\\\/Notibras\",\"https:\\\/\\\/www.instagram.com\\\/notibras\\\/\"]},{\"@type\":\"Person\",\"@id\":\"https:\\\/\\\/www.notibras.com\\\/site\\\/#\\\/schema\\\/person\\\/36ab0979449956132d3e5b517ea76ac8\",\"name\":\"Reda\u00e7\u00e3o\",\"image\":{\"@type\":\"ImageObject\",\"inLanguage\":\"pt-BR\",\"@id\":\"https:\\\/\\\/secure.gravatar.com\\\/avatar\\\/e0a867bdedb85fd243eadf09663511f96fc81e0720a4a42581f334ad4303aa6b?s=96&d=mm&r=g\",\"url\":\"https:\\\/\\\/secure.gravatar.com\\\/avatar\\\/e0a867bdedb85fd243eadf09663511f96fc81e0720a4a42581f334ad4303aa6b?s=96&d=mm&r=g\",\"contentUrl\":\"https:\\\/\\\/secure.gravatar.com\\\/avatar\\\/e0a867bdedb85fd243eadf09663511f96fc81e0720a4a42581f334ad4303aa6b?s=96&d=mm&r=g\",\"caption\":\"Reda\u00e7\u00e3o\"}}]}<\/script>\n<!-- \/ Yoast SEO plugin. -->","yoast_head_json":{"title":"Oposi\u00e7\u00e3o quer arrastar para CPI Jo\u00e3o Vaccari e Duque - Notibras","robots":{"index":"index","follow":"follow","max-snippet":"max-snippet:-1","max-image-preview":"max-image-preview:large","max-video-preview":"max-video-preview:-1"},"canonical":"https:\/\/www.notibras.com\/site\/oposicao-quer-arrastar-vaccari-e-duque-para-a-cpi-da-petrobras\/","og_locale":"pt_BR","og_type":"article","og_title":"Oposi\u00e7\u00e3o quer arrastar para CPI Jo\u00e3o Vaccari e Duque - Notibras","og_description":"A oposi\u00e7\u00e3o quer ouvir o tesoureiro do PT, Jo\u00e3o Vaccari Neto, e o ex-diretor da Petrobras, Renato Duque, na comiss\u00e3o parlamentar mista de inqu\u00e9rito que investiga den\u00fancias de corrup\u00e7\u00e3o na companhia. Eles foram citados por Alberto Yousseff e Paulo Roberto Costa como respons\u00e1veis por receber propina para o PT e o PP, respectivamente, nos contratos [&hellip;]","og_url":"https:\/\/www.notibras.com\/site\/oposicao-quer-arrastar-vaccari-e-duque-para-a-cpi-da-petrobras\/","og_site_name":"Notibras","article_publisher":"https:\/\/www.facebook.com\/notibras\/","article_published_time":"2014-10-15T03:39:27+00:00","article_modified_time":"2014-10-15T06:47:34+00:00","og_image":[{"width":597,"height":336,"url":"https:\/\/www.notibras.com\/site\/wp-content\/uploads\/2014\/10\/joao-vaccari-neto-01-size-598.jpg","type":"image\/jpeg"}],"author":"Reda\u00e7\u00e3o","twitter_card":"summary_large_image","twitter_creator":"@Notibras","twitter_site":"@Notibras","twitter_misc":{"Escrito por":"Reda\u00e7\u00e3o","Est. tempo de leitura":"2 minutos"},"schema":{"@context":"https:\/\/schema.org","@graph":[{"@type":"Article","@id":"https:\/\/www.notibras.com\/site\/oposicao-quer-arrastar-vaccari-e-duque-para-a-cpi-da-petrobras\/#article","isPartOf":{"@id":"https:\/\/www.notibras.com\/site\/oposicao-quer-arrastar-vaccari-e-duque-para-a-cpi-da-petrobras\/"},"author":{"name":"Reda\u00e7\u00e3o","@id":"https:\/\/www.notibras.com\/site\/#\/schema\/person\/36ab0979449956132d3e5b517ea76ac8"},"headline":"Oposi\u00e7\u00e3o quer arrastar para CPI Jo\u00e3o Vaccari e Duque","datePublished":"2014-10-15T03:39:27+00:00","dateModified":"2014-10-15T06:47:34+00:00","mainEntityOfPage":{"@id":"https:\/\/www.notibras.com\/site\/oposicao-quer-arrastar-vaccari-e-duque-para-a-cpi-da-petrobras\/"},"wordCount":349,"commentCount":0,"publisher":{"@id":"https:\/\/www.notibras.com\/site\/#organization"},"image":{"@id":"https:\/\/www.notibras.com\/site\/oposicao-quer-arrastar-vaccari-e-duque-para-a-cpi-da-petrobras\/#primaryimage"},"thumbnailUrl":"https:\/\/www.notibras.com\/site\/wp-content\/uploads\/2014\/10\/joao-vaccari-neto-01-size-598.jpg","articleSection":["Brasil"],"inLanguage":"pt-BR","potentialAction":[{"@type":"CommentAction","name":"Comment","target":["https:\/\/www.notibras.com\/site\/oposicao-quer-arrastar-vaccari-e-duque-para-a-cpi-da-petrobras\/#respond"]}]},{"@type":"WebPage","@id":"https:\/\/www.notibras.com\/site\/oposicao-quer-arrastar-vaccari-e-duque-para-a-cpi-da-petrobras\/","url":"https:\/\/www.notibras.com\/site\/oposicao-quer-arrastar-vaccari-e-duque-para-a-cpi-da-petrobras\/","name":"Oposi\u00e7\u00e3o quer arrastar para CPI Jo\u00e3o Vaccari e Duque - Notibras","isPartOf":{"@id":"https:\/\/www.notibras.com\/site\/#website"},"primaryImageOfPage":{"@id":"https:\/\/www.notibras.com\/site\/oposicao-quer-arrastar-vaccari-e-duque-para-a-cpi-da-petrobras\/#primaryimage"},"image":{"@id":"https:\/\/www.notibras.com\/site\/oposicao-quer-arrastar-vaccari-e-duque-para-a-cpi-da-petrobras\/#primaryimage"},"thumbnailUrl":"https:\/\/www.notibras.com\/site\/wp-content\/uploads\/2014\/10\/joao-vaccari-neto-01-size-598.jpg","datePublished":"2014-10-15T03:39:27+00:00","dateModified":"2014-10-15T06:47:34+00:00","breadcrumb":{"@id":"https:\/\/www.notibras.com\/site\/oposicao-quer-arrastar-vaccari-e-duque-para-a-cpi-da-petrobras\/#breadcrumb"},"inLanguage":"pt-BR","potentialAction":[{"@type":"ReadAction","target":["https:\/\/www.notibras.com\/site\/oposicao-quer-arrastar-vaccari-e-duque-para-a-cpi-da-petrobras\/"]}]},{"@type":"ImageObject","inLanguage":"pt-BR","@id":"https:\/\/www.notibras.com\/site\/oposicao-quer-arrastar-vaccari-e-duque-para-a-cpi-da-petrobras\/#primaryimage","url":"https:\/\/www.notibras.com\/site\/wp-content\/uploads\/2014\/10\/joao-vaccari-neto-01-size-598.jpg","contentUrl":"https:\/\/www.notibras.com\/site\/wp-content\/uploads\/2014\/10\/joao-vaccari-neto-01-size-598.jpg","width":597,"height":336},{"@type":"BreadcrumbList","@id":"https:\/\/www.notibras.com\/site\/oposicao-quer-arrastar-vaccari-e-duque-para-a-cpi-da-petrobras\/#breadcrumb","itemListElement":[{"@type":"ListItem","position":1,"name":"In\u00edcio","item":"https:\/\/www.notibras.com\/site\/"},{"@type":"ListItem","position":2,"name":"Oposi\u00e7\u00e3o quer arrastar para CPI Jo\u00e3o Vaccari e Duque"}]},{"@type":"WebSite","@id":"https:\/\/www.notibras.com\/site\/#website","url":"https:\/\/www.notibras.com\/site\/","name":"Notibras","description":"Not\u00edcias de Bras\u00edlia, do Brasil e do Mundo","publisher":{"@id":"https:\/\/www.notibras.com\/site\/#organization"},"potentialAction":[{"@type":"SearchAction","target":{"@type":"EntryPoint","urlTemplate":"https:\/\/www.notibras.com\/site\/?s={search_term_string}"},"query-input":{"@type":"PropertyValueSpecification","valueRequired":true,"valueName":"search_term_string"}}],"inLanguage":"pt-BR"},{"@type":"Organization","@id":"https:\/\/www.notibras.com\/site\/#organization","name":"Grupo Notibras de Comunica\u00e7\u00e3o","url":"https:\/\/www.notibras.com\/site\/","logo":{"@type":"ImageObject","inLanguage":"pt-BR","@id":"https:\/\/www.notibras.com\/site\/#\/schema\/logo\/image\/","url":"https:\/\/www.notibras.com\/site\/wp-content\/uploads\/2023\/01\/notibras23.png","contentUrl":"https:\/\/www.notibras.com\/site\/wp-content\/uploads\/2023\/01\/notibras23.png","width":350,"height":87,"caption":"Grupo Notibras de Comunica\u00e7\u00e3o"},"image":{"@id":"https:\/\/www.notibras.com\/site\/#\/schema\/logo\/image\/"},"sameAs":["https:\/\/www.facebook.com\/notibras\/","https:\/\/x.com\/Notibras","https:\/\/www.instagram.com\/notibras\/"]},{"@type":"Person","@id":"https:\/\/www.notibras.com\/site\/#\/schema\/person\/36ab0979449956132d3e5b517ea76ac8","name":"Reda\u00e7\u00e3o","image":{"@type":"ImageObject","inLanguage":"pt-BR","@id":"https:\/\/secure.gravatar.com\/avatar\/e0a867bdedb85fd243eadf09663511f96fc81e0720a4a42581f334ad4303aa6b?s=96&d=mm&r=g","url":"https:\/\/secure.gravatar.com\/avatar\/e0a867bdedb85fd243eadf09663511f96fc81e0720a4a42581f334ad4303aa6b?s=96&d=mm&r=g","contentUrl":"https:\/\/secure.gravatar.com\/avatar\/e0a867bdedb85fd243eadf09663511f96fc81e0720a4a42581f334ad4303aa6b?s=96&d=mm&r=g","caption":"Reda\u00e7\u00e3o"}}]}},"amp_enabled":true,"_links":{"self":[{"href":"https:\/\/www.notibras.com\/site\/wp-json\/wp\/v2\/posts\/24977","targetHints":{"allow":["GET"]}}],"collection":[{"href":"https:\/\/www.notibras.com\/site\/wp-json\/wp\/v2\/posts"}],"about":[{"href":"https:\/\/www.notibras.com\/site\/wp-json\/wp\/v2\/types\/post"}],"author":[{"embeddable":true,"href":"https:\/\/www.notibras.com\/site\/wp-json\/wp\/v2\/users\/2"}],"replies":[{"embeddable":true,"href":"https:\/\/www.notibras.com\/site\/wp-json\/wp\/v2\/comments?post=24977"}],"version-history":[{"count":0,"href":"https:\/\/www.notibras.com\/site\/wp-json\/wp\/v2\/posts\/24977\/revisions"}],"wp:featuredmedia":[{"embeddable":true,"href":"https:\/\/www.notibras.com\/site\/wp-json\/wp\/v2\/media\/24978"}],"wp:attachment":[{"href":"https:\/\/www.notibras.com\/site\/wp-json\/wp\/v2\/media?parent=24977"}],"wp:term":[{"taxonomy":"category","embeddable":true,"href":"https:\/\/www.notibras.com\/site\/wp-json\/wp\/v2\/categories?post=24977"},{"taxonomy":"post_tag","embeddable":true,"href":"https:\/\/www.notibras.com\/site\/wp-json\/wp\/v2\/tags?post=24977"}],"curies":[{"name":"wp","href":"https:\/\/api.w.org\/{rel}","templated":true}]}}