{"id":25085,"date":"2014-10-15T23:04:31","date_gmt":"2014-10-16T02:04:31","guid":{"rendered":"http:\/\/www.notibras.com\/site\/?p=25085"},"modified":"2014-10-16T06:09:02","modified_gmt":"2014-10-16T09:09:02","slug":"flamengo-elimina-america-rn-e-avanca-na-copa-do-brasil","status":"publish","type":"post","link":"https:\/\/www.notibras.com\/site\/flamengo-elimina-america-rn-e-avanca-na-copa-do-brasil\/","title":{"rendered":"Flamengo elimina Am\u00e9rica-RN e avan\u00e7a na Copa do Brasil"},"content":{"rendered":"<p class=\"text\">O Flamengo fez o m\u00ednimo necess\u00e1rio para avan\u00e7ar \u00e0s semifinais da Copa do Brasil, nesta quarta-feira, no Maracan\u00e3. Depois de um primeiro tempo fraco tecnicamente, a equipe carioca conseguiu marcar no segundo tempo e venceu o Am\u00e9rica-RN por 1 a 0, mesmo placar conquistado na Arena das Dunas, no Rio Grande do Norte.\u00a0Gabriel, que entrou na etapa final, fez o gol da vit\u00f3ria flamenguista.<\/p>\n<p class=\"text\">Agora, o Flamengo se prepara para encarar o Atl\u00e9tico-MG na semifinal da competi\u00e7\u00e3o nacional.<\/p>\n<p class=\"text\">Flamengo e Am\u00e9rica-RN fizeram um primeiro tempo fraco tecnicamente e deixaram os dois goleiros como meros espectadores em campo. Com muitos passes errados, as equipes conseguiram criar apenas uma chance de cada lado, mas sem um perigo real.<\/p>\n<p class=\"text\">Aos 32min, J\u00e9ferson girou e, mesmo sem muita dist\u00e2ncia, bateu para o gol, mas a bola passou \u00e0 esquerda de Paulo Victor. Os cariocas tentaram cruzamento perigoso aos 37min, mas Andrey afastou com um tapa na bola.<\/p>\n<blockquote><p>N\u00e3o satisfeito com o futebol demonstrado no primeiro tempo, Vanderlei Luxemburgo fez as tr\u00eas altera\u00e7\u00f5es no Flamengo. A primeira, ainda no final da etapa inicial foi Gabriel no lugar de M\u00e1rcio Ara\u00fajo. Depois, Alecsandro, machucado, deu lugar a Muralha e Eduardo da Silva saiu para a entrada de Nixon. As mudan\u00e7as surtiram efeito e o time melhorou.<\/p><\/blockquote>\n<p>Aos 10min, Jo\u00e3o Paulo cruzou da esquerda e Cl\u00e9ber quase marcou contra. O gol, que estava amadurecendo, saiu aos 19min. Ap\u00f3s bela jogada individual de Gabriel, Everton cruzou na \u00e1rea e Nixon dividiu com a zaga. Na sobra, o pr\u00f3prio Gabriel balan\u00e7ou as redes e abriu o placar.<\/p>\n<p>Atr\u00e1s no marcador, o Am\u00e9rica-RN precisava marcar duas vezes para avan\u00e7ar. A situa\u00e7\u00e3o que j\u00e1 era complicada, piorou. Aos 22min, L\u00e1zaro cometeu falta forte em Gabriel e foi expulso direto, deixando o clube potiguar com dez jogadores em campo.<\/p>\n<p>Com um a mais, o Flamengo foi pra cima e quase ampliou aos 26min. Canteros arriscou da entrada da \u00e1rea e Andrey fez linda defesa. Por\u00e9m, aos 29min, tamb\u00e9m teve um jogador expulso. Ap\u00f3s cometer falta no meio de campo, e atrasar o ataque do Am\u00e9rica-RN, Marcelo recebeu o segundo amarelo e, consequentemente, o vermelho.<\/p>\n<p>Com a igualdade de atletas em campo, o Am\u00e9rica-RN at\u00e9 esbo\u00e7ou uma leve press\u00e3o no Flamengo e at\u00e9 chegou assustar Paulo Victor, com Rodrigo Pimp\u00e3o e Isac, mas n\u00e3o conseguiu marcar nenhuma vez e acabou eliminado no Maracan\u00e3.<\/p>\n","protected":false},"excerpt":{"rendered":"<p>O Flamengo fez o m\u00ednimo necess\u00e1rio para avan\u00e7ar \u00e0s semifinais da Copa do Brasil, nesta quarta-feira, no Maracan\u00e3. Depois de um primeiro tempo fraco tecnicamente, a equipe carioca conseguiu marcar no segundo tempo e venceu o Am\u00e9rica-RN por 1 a 0, mesmo placar conquistado na Arena das Dunas, no Rio Grande do Norte.\u00a0Gabriel, que entrou [&hellip;]<\/p>\n","protected":false},"author":2,"featured_media":25086,"comment_status":"open","ping_status":"closed","sticky":false,"template":"","format":"standard","meta":{"_acf_changed":false,"footnotes":""},"categories":[19,29],"tags":[],"class_list":["post-25085","post","type-post","status-publish","format-standard","has-post-thumbnail","hentry","category-esportes","category-futebol"],"acf":[],"yoast_head":"<!-- This site is optimized with the Yoast SEO plugin v27.2 - https:\/\/yoast.com\/product\/yoast-seo-wordpress\/ -->\n<title>Flamengo elimina Am\u00e9rica-RN e avan\u00e7a na Copa do Brasil - Notibras<\/title>\n<meta name=\"robots\" content=\"index, follow, max-snippet:-1, max-image-preview:large, max-video-preview:-1\" \/>\n<link rel=\"canonical\" href=\"https:\/\/www.notibras.com\/site\/flamengo-elimina-america-rn-e-avanca-na-copa-do-brasil\/\" \/>\n<meta property=\"og:locale\" content=\"pt_BR\" \/>\n<meta property=\"og:type\" content=\"article\" \/>\n<meta property=\"og:title\" content=\"Flamengo elimina Am\u00e9rica-RN e avan\u00e7a na Copa do Brasil - Notibras\" \/>\n<meta property=\"og:description\" content=\"O Flamengo fez o m\u00ednimo necess\u00e1rio para avan\u00e7ar \u00e0s semifinais da Copa do Brasil, nesta quarta-feira, no Maracan\u00e3. Depois de um primeiro tempo fraco tecnicamente, a equipe carioca conseguiu marcar no segundo tempo e venceu o Am\u00e9rica-RN por 1 a 0, mesmo placar conquistado na Arena das Dunas, no Rio Grande do Norte.\u00a0Gabriel, que entrou [&hellip;]\" \/>\n<meta property=\"og:url\" content=\"https:\/\/www.notibras.com\/site\/flamengo-elimina-america-rn-e-avanca-na-copa-do-brasil\/\" \/>\n<meta property=\"og:site_name\" content=\"Notibras\" \/>\n<meta property=\"article:publisher\" content=\"https:\/\/www.facebook.com\/notibras\/\" \/>\n<meta property=\"article:published_time\" content=\"2014-10-16T02:04:31+00:00\" \/>\n<meta property=\"article:modified_time\" content=\"2014-10-16T09:09:02+00:00\" \/>\n<meta property=\"og:image\" content=\"https:\/\/www.notibras.com\/site\/wp-content\/uploads\/2014\/10\/es6.jpg\" \/>\n\t<meta property=\"og:image:width\" content=\"460\" \/>\n\t<meta property=\"og:image:height\" content=\"340\" \/>\n\t<meta property=\"og:image:type\" content=\"image\/jpeg\" \/>\n<meta name=\"author\" content=\"Reda\u00e7\u00e3o\" \/>\n<meta name=\"twitter:card\" content=\"summary_large_image\" \/>\n<meta name=\"twitter:creator\" content=\"@Notibras\" \/>\n<meta name=\"twitter:site\" content=\"@Notibras\" \/>\n<meta name=\"twitter:label1\" content=\"Escrito por\" \/>\n\t<meta name=\"twitter:data1\" content=\"Reda\u00e7\u00e3o\" \/>\n\t<meta name=\"twitter:label2\" content=\"Est. tempo de leitura\" \/>\n\t<meta name=\"twitter:data2\" content=\"2 minutos\" \/>\n<script type=\"application\/ld+json\" class=\"yoast-schema-graph\">{\"@context\":\"https:\/\/schema.org\",\"@graph\":[{\"@type\":\"Article\",\"@id\":\"https:\/\/www.notibras.com\/site\/flamengo-elimina-america-rn-e-avanca-na-copa-do-brasil\/#article\",\"isPartOf\":{\"@id\":\"https:\/\/www.notibras.com\/site\/flamengo-elimina-america-rn-e-avanca-na-copa-do-brasil\/\"},\"author\":{\"name\":\"Reda\u00e7\u00e3o\",\"@id\":\"https:\/\/www.notibras.com\/site\/#\/schema\/person\/36ab0979449956132d3e5b517ea76ac8\"},\"headline\":\"Flamengo elimina Am\u00e9rica-RN e avan\u00e7a na Copa do Brasil\",\"datePublished\":\"2014-10-16T02:04:31+00:00\",\"dateModified\":\"2014-10-16T09:09:02+00:00\",\"mainEntityOfPage\":{\"@id\":\"https:\/\/www.notibras.com\/site\/flamengo-elimina-america-rn-e-avanca-na-copa-do-brasil\/\"},\"wordCount\":434,\"commentCount\":0,\"publisher\":{\"@id\":\"https:\/\/www.notibras.com\/site\/#organization\"},\"image\":{\"@id\":\"https:\/\/www.notibras.com\/site\/flamengo-elimina-america-rn-e-avanca-na-copa-do-brasil\/#primaryimage\"},\"thumbnailUrl\":\"https:\/\/www.notibras.com\/site\/wp-content\/uploads\/2014\/10\/es6.jpg\",\"articleSection\":[\"Esportes\",\"Futebol\"],\"inLanguage\":\"pt-BR\",\"potentialAction\":[{\"@type\":\"CommentAction\",\"name\":\"Comment\",\"target\":[\"https:\/\/www.notibras.com\/site\/flamengo-elimina-america-rn-e-avanca-na-copa-do-brasil\/#respond\"]}]},{\"@type\":\"WebPage\",\"@id\":\"https:\/\/www.notibras.com\/site\/flamengo-elimina-america-rn-e-avanca-na-copa-do-brasil\/\",\"url\":\"https:\/\/www.notibras.com\/site\/flamengo-elimina-america-rn-e-avanca-na-copa-do-brasil\/\",\"name\":\"Flamengo elimina Am\u00e9rica-RN e avan\u00e7a na Copa do Brasil - Notibras\",\"isPartOf\":{\"@id\":\"https:\/\/www.notibras.com\/site\/#website\"},\"primaryImageOfPage\":{\"@id\":\"https:\/\/www.notibras.com\/site\/flamengo-elimina-america-rn-e-avanca-na-copa-do-brasil\/#primaryimage\"},\"image\":{\"@id\":\"https:\/\/www.notibras.com\/site\/flamengo-elimina-america-rn-e-avanca-na-copa-do-brasil\/#primaryimage\"},\"thumbnailUrl\":\"https:\/\/www.notibras.com\/site\/wp-content\/uploads\/2014\/10\/es6.jpg\",\"datePublished\":\"2014-10-16T02:04:31+00:00\",\"dateModified\":\"2014-10-16T09:09:02+00:00\",\"breadcrumb\":{\"@id\":\"https:\/\/www.notibras.com\/site\/flamengo-elimina-america-rn-e-avanca-na-copa-do-brasil\/#breadcrumb\"},\"inLanguage\":\"pt-BR\",\"potentialAction\":[{\"@type\":\"ReadAction\",\"target\":[\"https:\/\/www.notibras.com\/site\/flamengo-elimina-america-rn-e-avanca-na-copa-do-brasil\/\"]}]},{\"@type\":\"ImageObject\",\"inLanguage\":\"pt-BR\",\"@id\":\"https:\/\/www.notibras.com\/site\/flamengo-elimina-america-rn-e-avanca-na-copa-do-brasil\/#primaryimage\",\"url\":\"https:\/\/www.notibras.com\/site\/wp-content\/uploads\/2014\/10\/es6.jpg\",\"contentUrl\":\"https:\/\/www.notibras.com\/site\/wp-content\/uploads\/2014\/10\/es6.jpg\",\"width\":460,\"height\":340},{\"@type\":\"BreadcrumbList\",\"@id\":\"https:\/\/www.notibras.com\/site\/flamengo-elimina-america-rn-e-avanca-na-copa-do-brasil\/#breadcrumb\",\"itemListElement\":[{\"@type\":\"ListItem\",\"position\":1,\"name\":\"In\u00edcio\",\"item\":\"https:\/\/www.notibras.com\/site\/\"},{\"@type\":\"ListItem\",\"position\":2,\"name\":\"Flamengo elimina Am\u00e9rica-RN e avan\u00e7a na Copa do Brasil\"}]},{\"@type\":\"WebSite\",\"@id\":\"https:\/\/www.notibras.com\/site\/#website\",\"url\":\"https:\/\/www.notibras.com\/site\/\",\"name\":\"Notibras\",\"description\":\"Not\u00edcias de Bras\u00edlia, do Brasil e do Mundo\",\"publisher\":{\"@id\":\"https:\/\/www.notibras.com\/site\/#organization\"},\"potentialAction\":[{\"@type\":\"SearchAction\",\"target\":{\"@type\":\"EntryPoint\",\"urlTemplate\":\"https:\/\/www.notibras.com\/site\/?s={search_term_string}\"},\"query-input\":{\"@type\":\"PropertyValueSpecification\",\"valueRequired\":true,\"valueName\":\"search_term_string\"}}],\"inLanguage\":\"pt-BR\"},{\"@type\":\"Organization\",\"@id\":\"https:\/\/www.notibras.com\/site\/#organization\",\"name\":\"Grupo Notibras de Comunica\u00e7\u00e3o\",\"url\":\"https:\/\/www.notibras.com\/site\/\",\"logo\":{\"@type\":\"ImageObject\",\"inLanguage\":\"pt-BR\",\"@id\":\"https:\/\/www.notibras.com\/site\/#\/schema\/logo\/image\/\",\"url\":\"https:\/\/www.notibras.com\/site\/wp-content\/uploads\/2023\/01\/notibras23.png\",\"contentUrl\":\"https:\/\/www.notibras.com\/site\/wp-content\/uploads\/2023\/01\/notibras23.png\",\"width\":350,\"height\":87,\"caption\":\"Grupo Notibras de Comunica\u00e7\u00e3o\"},\"image\":{\"@id\":\"https:\/\/www.notibras.com\/site\/#\/schema\/logo\/image\/\"},\"sameAs\":[\"https:\/\/www.facebook.com\/notibras\/\",\"https:\/\/x.com\/Notibras\",\"https:\/\/www.instagram.com\/notibras\/\"]},{\"@type\":\"Person\",\"@id\":\"https:\/\/www.notibras.com\/site\/#\/schema\/person\/36ab0979449956132d3e5b517ea76ac8\",\"name\":\"Reda\u00e7\u00e3o\",\"image\":{\"@type\":\"ImageObject\",\"inLanguage\":\"pt-BR\",\"@id\":\"https:\/\/secure.gravatar.com\/avatar\/e0a867bdedb85fd243eadf09663511f96fc81e0720a4a42581f334ad4303aa6b?s=96&d=mm&r=g\",\"url\":\"https:\/\/secure.gravatar.com\/avatar\/e0a867bdedb85fd243eadf09663511f96fc81e0720a4a42581f334ad4303aa6b?s=96&d=mm&r=g\",\"contentUrl\":\"https:\/\/secure.gravatar.com\/avatar\/e0a867bdedb85fd243eadf09663511f96fc81e0720a4a42581f334ad4303aa6b?s=96&d=mm&r=g\",\"caption\":\"Reda\u00e7\u00e3o\"}}]}<\/script>\n<!-- \/ Yoast SEO plugin. -->","yoast_head_json":{"title":"Flamengo elimina Am\u00e9rica-RN e avan\u00e7a na Copa do Brasil - Notibras","robots":{"index":"index","follow":"follow","max-snippet":"max-snippet:-1","max-image-preview":"max-image-preview:large","max-video-preview":"max-video-preview:-1"},"canonical":"https:\/\/www.notibras.com\/site\/flamengo-elimina-america-rn-e-avanca-na-copa-do-brasil\/","og_locale":"pt_BR","og_type":"article","og_title":"Flamengo elimina Am\u00e9rica-RN e avan\u00e7a na Copa do Brasil - Notibras","og_description":"O Flamengo fez o m\u00ednimo necess\u00e1rio para avan\u00e7ar \u00e0s semifinais da Copa do Brasil, nesta quarta-feira, no Maracan\u00e3. Depois de um primeiro tempo fraco tecnicamente, a equipe carioca conseguiu marcar no segundo tempo e venceu o Am\u00e9rica-RN por 1 a 0, mesmo placar conquistado na Arena das Dunas, no Rio Grande do Norte.\u00a0Gabriel, que entrou [&hellip;]","og_url":"https:\/\/www.notibras.com\/site\/flamengo-elimina-america-rn-e-avanca-na-copa-do-brasil\/","og_site_name":"Notibras","article_publisher":"https:\/\/www.facebook.com\/notibras\/","article_published_time":"2014-10-16T02:04:31+00:00","article_modified_time":"2014-10-16T09:09:02+00:00","og_image":[{"width":460,"height":340,"url":"https:\/\/www.notibras.com\/site\/wp-content\/uploads\/2014\/10\/es6.jpg","type":"image\/jpeg"}],"author":"Reda\u00e7\u00e3o","twitter_card":"summary_large_image","twitter_creator":"@Notibras","twitter_site":"@Notibras","twitter_misc":{"Escrito por":"Reda\u00e7\u00e3o","Est. tempo de leitura":"2 minutos"},"schema":{"@context":"https:\/\/schema.org","@graph":[{"@type":"Article","@id":"https:\/\/www.notibras.com\/site\/flamengo-elimina-america-rn-e-avanca-na-copa-do-brasil\/#article","isPartOf":{"@id":"https:\/\/www.notibras.com\/site\/flamengo-elimina-america-rn-e-avanca-na-copa-do-brasil\/"},"author":{"name":"Reda\u00e7\u00e3o","@id":"https:\/\/www.notibras.com\/site\/#\/schema\/person\/36ab0979449956132d3e5b517ea76ac8"},"headline":"Flamengo elimina Am\u00e9rica-RN e avan\u00e7a na Copa do Brasil","datePublished":"2014-10-16T02:04:31+00:00","dateModified":"2014-10-16T09:09:02+00:00","mainEntityOfPage":{"@id":"https:\/\/www.notibras.com\/site\/flamengo-elimina-america-rn-e-avanca-na-copa-do-brasil\/"},"wordCount":434,"commentCount":0,"publisher":{"@id":"https:\/\/www.notibras.com\/site\/#organization"},"image":{"@id":"https:\/\/www.notibras.com\/site\/flamengo-elimina-america-rn-e-avanca-na-copa-do-brasil\/#primaryimage"},"thumbnailUrl":"https:\/\/www.notibras.com\/site\/wp-content\/uploads\/2014\/10\/es6.jpg","articleSection":["Esportes","Futebol"],"inLanguage":"pt-BR","potentialAction":[{"@type":"CommentAction","name":"Comment","target":["https:\/\/www.notibras.com\/site\/flamengo-elimina-america-rn-e-avanca-na-copa-do-brasil\/#respond"]}]},{"@type":"WebPage","@id":"https:\/\/www.notibras.com\/site\/flamengo-elimina-america-rn-e-avanca-na-copa-do-brasil\/","url":"https:\/\/www.notibras.com\/site\/flamengo-elimina-america-rn-e-avanca-na-copa-do-brasil\/","name":"Flamengo elimina Am\u00e9rica-RN e avan\u00e7a na Copa do Brasil - Notibras","isPartOf":{"@id":"https:\/\/www.notibras.com\/site\/#website"},"primaryImageOfPage":{"@id":"https:\/\/www.notibras.com\/site\/flamengo-elimina-america-rn-e-avanca-na-copa-do-brasil\/#primaryimage"},"image":{"@id":"https:\/\/www.notibras.com\/site\/flamengo-elimina-america-rn-e-avanca-na-copa-do-brasil\/#primaryimage"},"thumbnailUrl":"https:\/\/www.notibras.com\/site\/wp-content\/uploads\/2014\/10\/es6.jpg","datePublished":"2014-10-16T02:04:31+00:00","dateModified":"2014-10-16T09:09:02+00:00","breadcrumb":{"@id":"https:\/\/www.notibras.com\/site\/flamengo-elimina-america-rn-e-avanca-na-copa-do-brasil\/#breadcrumb"},"inLanguage":"pt-BR","potentialAction":[{"@type":"ReadAction","target":["https:\/\/www.notibras.com\/site\/flamengo-elimina-america-rn-e-avanca-na-copa-do-brasil\/"]}]},{"@type":"ImageObject","inLanguage":"pt-BR","@id":"https:\/\/www.notibras.com\/site\/flamengo-elimina-america-rn-e-avanca-na-copa-do-brasil\/#primaryimage","url":"https:\/\/www.notibras.com\/site\/wp-content\/uploads\/2014\/10\/es6.jpg","contentUrl":"https:\/\/www.notibras.com\/site\/wp-content\/uploads\/2014\/10\/es6.jpg","width":460,"height":340},{"@type":"BreadcrumbList","@id":"https:\/\/www.notibras.com\/site\/flamengo-elimina-america-rn-e-avanca-na-copa-do-brasil\/#breadcrumb","itemListElement":[{"@type":"ListItem","position":1,"name":"In\u00edcio","item":"https:\/\/www.notibras.com\/site\/"},{"@type":"ListItem","position":2,"name":"Flamengo elimina Am\u00e9rica-RN e avan\u00e7a na Copa do Brasil"}]},{"@type":"WebSite","@id":"https:\/\/www.notibras.com\/site\/#website","url":"https:\/\/www.notibras.com\/site\/","name":"Notibras","description":"Not\u00edcias de Bras\u00edlia, do Brasil e do Mundo","publisher":{"@id":"https:\/\/www.notibras.com\/site\/#organization"},"potentialAction":[{"@type":"SearchAction","target":{"@type":"EntryPoint","urlTemplate":"https:\/\/www.notibras.com\/site\/?s={search_term_string}"},"query-input":{"@type":"PropertyValueSpecification","valueRequired":true,"valueName":"search_term_string"}}],"inLanguage":"pt-BR"},{"@type":"Organization","@id":"https:\/\/www.notibras.com\/site\/#organization","name":"Grupo Notibras de Comunica\u00e7\u00e3o","url":"https:\/\/www.notibras.com\/site\/","logo":{"@type":"ImageObject","inLanguage":"pt-BR","@id":"https:\/\/www.notibras.com\/site\/#\/schema\/logo\/image\/","url":"https:\/\/www.notibras.com\/site\/wp-content\/uploads\/2023\/01\/notibras23.png","contentUrl":"https:\/\/www.notibras.com\/site\/wp-content\/uploads\/2023\/01\/notibras23.png","width":350,"height":87,"caption":"Grupo Notibras de Comunica\u00e7\u00e3o"},"image":{"@id":"https:\/\/www.notibras.com\/site\/#\/schema\/logo\/image\/"},"sameAs":["https:\/\/www.facebook.com\/notibras\/","https:\/\/x.com\/Notibras","https:\/\/www.instagram.com\/notibras\/"]},{"@type":"Person","@id":"https:\/\/www.notibras.com\/site\/#\/schema\/person\/36ab0979449956132d3e5b517ea76ac8","name":"Reda\u00e7\u00e3o","image":{"@type":"ImageObject","inLanguage":"pt-BR","@id":"https:\/\/secure.gravatar.com\/avatar\/e0a867bdedb85fd243eadf09663511f96fc81e0720a4a42581f334ad4303aa6b?s=96&d=mm&r=g","url":"https:\/\/secure.gravatar.com\/avatar\/e0a867bdedb85fd243eadf09663511f96fc81e0720a4a42581f334ad4303aa6b?s=96&d=mm&r=g","contentUrl":"https:\/\/secure.gravatar.com\/avatar\/e0a867bdedb85fd243eadf09663511f96fc81e0720a4a42581f334ad4303aa6b?s=96&d=mm&r=g","caption":"Reda\u00e7\u00e3o"}}]}},"amp_enabled":true,"_links":{"self":[{"href":"https:\/\/www.notibras.com\/site\/wp-json\/wp\/v2\/posts\/25085","targetHints":{"allow":["GET"]}}],"collection":[{"href":"https:\/\/www.notibras.com\/site\/wp-json\/wp\/v2\/posts"}],"about":[{"href":"https:\/\/www.notibras.com\/site\/wp-json\/wp\/v2\/types\/post"}],"author":[{"embeddable":true,"href":"https:\/\/www.notibras.com\/site\/wp-json\/wp\/v2\/users\/2"}],"replies":[{"embeddable":true,"href":"https:\/\/www.notibras.com\/site\/wp-json\/wp\/v2\/comments?post=25085"}],"version-history":[{"count":0,"href":"https:\/\/www.notibras.com\/site\/wp-json\/wp\/v2\/posts\/25085\/revisions"}],"wp:featuredmedia":[{"embeddable":true,"href":"https:\/\/www.notibras.com\/site\/wp-json\/wp\/v2\/media\/25086"}],"wp:attachment":[{"href":"https:\/\/www.notibras.com\/site\/wp-json\/wp\/v2\/media?parent=25085"}],"wp:term":[{"taxonomy":"category","embeddable":true,"href":"https:\/\/www.notibras.com\/site\/wp-json\/wp\/v2\/categories?post=25085"},{"taxonomy":"post_tag","embeddable":true,"href":"https:\/\/www.notibras.com\/site\/wp-json\/wp\/v2\/tags?post=25085"}],"curies":[{"name":"wp","href":"https:\/\/api.w.org\/{rel}","templated":true}]}}