{"id":25088,"date":"2014-10-15T23:11:09","date_gmt":"2014-10-16T02:11:09","guid":{"rendered":"http:\/\/www.notibras.com\/site\/?p=25088"},"modified":"2014-10-16T08:43:55","modified_gmt":"2014-10-16T11:43:55","slug":"em-virada-historia-galo-deixa-corinthians-de-quatro-no-mineirao","status":"publish","type":"post","link":"https:\/\/www.notibras.com\/site\/em-virada-historia-galo-deixa-corinthians-de-quatro-no-mineirao\/","title":{"rendered":"Em virada hist\u00f3rica, Galo deixa Corinthians de quatro no Mineir\u00e3o"},"content":{"rendered":"<p class=\"text\">A Libertadores de 2013 ainda est\u00e1 fresca na mem\u00f3ria do torcedor do Atl\u00e9tico-MG. Na noite desta quarta-feira, o torcedor mineiro pode reviver um pouco da maior conquista da hist\u00f3ria. Em um Mineir\u00e3o longe de estar lotado, mas com bom p\u00fablico, o clube de Belo Horizonte saiu atr\u00e1s no placar do Corinthians logo aos 5min, o que obrigou os donos da casa a terem que fazer quatro gols. Imposs\u00edvel? N\u00e3o: de forma \u00e9pica, o Atl\u00e9tico-MG aproveitou um acuado clube paulista para fazer 4 a 1 em virada hist\u00f3rica e avan\u00e7ou\u00a0para a semifinal da Copa do Brasil.<\/p>\n<p class=\"text\">O triunfo atleticano contou com in\u00fameras lembran\u00e7as da Libertadores de 2013. Assim como muito jogos daquele torneio &#8211; \u00a0com p\u00eanalti pego no \u00faltimo minuto e at\u00e9\u00a0prorroga\u00e7\u00e3o\u00a0-, a partida foi mais do que eletrizante.<\/p>\n<blockquote>\n<p class=\"text\">A vantagem corintiana \u00a0que havia vencido o duelo de ida por 2 a 0 na Arena em Itaquera, logo no in\u00edcio apenas valorizou o futuro triunfo mineiro, que dominou e bombardeou o Corinthians sob a maestria de um inspirado Guilherme\u00a0&#8211; os paulistas, que ver\u00e3o a responsabilidade no Brasileiro e a press\u00e3o sobre Mano Menezes crescerem ap\u00f3s a segunda queda seguida nas quartas do torneio. tiveram seus momentos na partida, mas ca\u00edram.<\/p>\n<\/blockquote>\n<p class=\"text\">Com a classifica\u00e7\u00e3o hist\u00f3rica atleticana, a primeira semifinal da Copa do Brasil j\u00e1 tem duelo definido: Flamengo x Atl\u00e9tico-MG. O time rubro-negro avan\u00e7ou ap\u00f3s eliminar o Am\u00e9rica-RN, tamb\u00e9m nesta quarta, no Maracan\u00e3. As datas e mandos de campo ainda ser\u00e3o definidos pela Confedera\u00e7\u00e3o Brasileira de Futebol (CBF).<\/p>\n<p class=\"text\">Eletrizante. Sem tempo nem para respirar. Assim pode ser descrito o primeiro tempo dos dois times alvinegros nesta quarta-feira. Com postura ofensiva mesmo com a vantagem, o Corinthians logo abriu o placar em pleno Mineir\u00e3o: aos 5min, Fagner deu chut\u00e3o para frente, Guerrero ganhou no corpo de Jemerson e saiu na cara de Victor para finalizar com perfei\u00e7\u00e3o e abrir o placar. Com o gol, o Atl\u00e9tico-MG teria que fazer quatro para se classificar.\u00a0Confronto decidido? Nem um pouco: a emo\u00e7\u00e3o s\u00f3 come\u00e7ava.<\/p>\n<p class=\"text\">Do gol corintiano at\u00e9 o intervalo, s\u00f3 deu Atl\u00e9tico-MG. Com exce\u00e7\u00e3o de dois bons chutes de Guerrero \u2013 o peruano era quem mais se destacava entre os paulistas &#8211; aos 19min e aos 37min e boa jogada de Malcom aos 26min, a primeira etapa foi inteira do Atl\u00e9tico-MG. O time mineiro acuou os visitantes na defesa, que, envolvido, viu os advers\u00e1rios tentarem de todas as formas: Luan, Diego Tardelli, Marcos Rocha, D\u00e1tolo, Guilherme.. Todos assustaram C\u00e1ssio de alguma forma.<\/p>\n<p class=\"text\">A postura atleticana deu resultado e a virada, que parecia improv\u00e1vel, come\u00e7ou a ganhar ares de poss\u00edvel. Aos 23min, Guilherme, o melhor em campo at\u00e9 ent\u00e3o pelo Atl\u00e9tico-MG, deu lan\u00e7amento milim\u00e9trico para Luan desviar de leve de cabe\u00e7a e empatar. Mais press\u00e3o, e aos 31min o mesmo Guilherme arriscou de fora da \u00e1rea, a bola desviou em Felipe e enganou C\u00e1ssio. O terceiro ainda quase veio aos 42min, em desvio de Tardelli de cabe\u00e7a na pequena \u00e1rea que parou nas m\u00e3os de C\u00e1ssio. Ufa: finalmente as torcidas puderam respirar no intervalo.<\/p>\n<p class=\"text\">O papo no intervalo n\u00e3o pareceu ter adiantado para os corintianos: Tardelli, em grande noite mesmo ap\u00f3s a maratona para voltar da Sele\u00e7\u00e3o, lan\u00e7ou Maicosuel, que em seu primeiro lance no jogo ficou de frente para C\u00e1ssio, que defendeu com os p\u00e9s. Do outro lado, os visitantes tentaram responder em lance de Guerrero que acabou em chute fraco de Malcom e finaliza\u00e7\u00e3o perigosa de Renato Augusto. Tudo isso em menos de 10 minutos. A adrenalina da partida seguia nas alturas.<\/p>\n<blockquote>\n<p class=\"text\">Os lances dos paulistas mostraram algo raro at\u00e9 ent\u00e3o na partida: finalmente o Corinthians conseguiu igualar \u2013 e at\u00e9 dominar por uns instantes \u2013 o jogo. \u00a0Aos 13min, Renato Augusto cruzou para Guerrero, que desviou para o gol, mas viu a bola raspar o travess\u00e3o de Victor. Dois minutos depois a resposta: Carlos arriscou de fora da \u00e1rea e acertou a trave direita de C\u00e1ssio.<\/p>\n<\/blockquote>\n<p class=\"text\">A partida parecia que teria o ritmo diminu\u00eddo com o cansa\u00e7o atleticano na metade final do segundo tempo. Mas s\u00f3 parecia. Aos 30min, Guilherme, de novo ele, aproveitou sobra para fazer o terceiro atleticano. Bastava um para a classifica\u00e7\u00e3o hist\u00f3rica e ele quase veio aos 34min, mas C\u00e1ssio salvou em bate-rebate na \u00e1rea. Tr\u00eas minutos mais tarde foi a vez de Danilo acertar bom chute e ser parado por Victor. O gol atleticano, contudo,\u00a0era quest\u00e3o de tempo: aos 42min, o ex-s\u00e3o-paulino\u00a0Edcarlos apareceu sozinho na \u00e1rea para, de forma estranha \u2013 c\u00e2meras n\u00e3o deixam claro se foi com a m\u00e3o\u00a0\u2013,\u00a0mandar para o gol.<\/p>\n","protected":false},"excerpt":{"rendered":"<p>A Libertadores de 2013 ainda est\u00e1 fresca na mem\u00f3ria do torcedor do Atl\u00e9tico-MG. Na noite desta quarta-feira, o torcedor mineiro pode reviver um pouco da maior conquista da hist\u00f3ria. Em um Mineir\u00e3o longe de estar lotado, mas com bom p\u00fablico, o clube de Belo Horizonte saiu atr\u00e1s no placar do Corinthians logo aos 5min, o [&hellip;]<\/p>\n","protected":false},"author":2,"featured_media":25089,"comment_status":"open","ping_status":"closed","sticky":false,"template":"","format":"standard","meta":{"_acf_changed":false,"footnotes":""},"categories":[19,29],"tags":[],"class_list":["post-25088","post","type-post","status-publish","format-standard","has-post-thumbnail","hentry","category-esportes","category-futebol"],"acf":[],"yoast_head":"<!-- This site is optimized with the Yoast SEO plugin v27.2 - https:\/\/yoast.com\/product\/yoast-seo-wordpress\/ -->\n<title>Em virada hist\u00f3rica, Galo deixa Corinthians de quatro no Mineir\u00e3o - Notibras<\/title>\n<meta name=\"robots\" content=\"index, follow, max-snippet:-1, max-image-preview:large, max-video-preview:-1\" \/>\n<link rel=\"canonical\" href=\"https:\/\/www.notibras.com\/site\/em-virada-historia-galo-deixa-corinthians-de-quatro-no-mineirao\/\" \/>\n<meta property=\"og:locale\" content=\"pt_BR\" \/>\n<meta property=\"og:type\" content=\"article\" \/>\n<meta property=\"og:title\" content=\"Em virada hist\u00f3rica, Galo deixa Corinthians de quatro no Mineir\u00e3o - Notibras\" \/>\n<meta property=\"og:description\" content=\"A Libertadores de 2013 ainda est\u00e1 fresca na mem\u00f3ria do torcedor do Atl\u00e9tico-MG. Na noite desta quarta-feira, o torcedor mineiro pode reviver um pouco da maior conquista da hist\u00f3ria. Em um Mineir\u00e3o longe de estar lotado, mas com bom p\u00fablico, o clube de Belo Horizonte saiu atr\u00e1s no placar do Corinthians logo aos 5min, o [&hellip;]\" \/>\n<meta property=\"og:url\" content=\"https:\/\/www.notibras.com\/site\/em-virada-historia-galo-deixa-corinthians-de-quatro-no-mineirao\/\" \/>\n<meta property=\"og:site_name\" content=\"Notibras\" \/>\n<meta property=\"article:publisher\" content=\"https:\/\/www.facebook.com\/notibras\/\" \/>\n<meta property=\"article:published_time\" content=\"2014-10-16T02:11:09+00:00\" \/>\n<meta property=\"article:modified_time\" content=\"2014-10-16T11:43:55+00:00\" \/>\n<meta property=\"og:image\" content=\"https:\/\/www.notibras.com\/site\/wp-content\/uploads\/2014\/10\/e1.jpg\" \/>\n\t<meta property=\"og:image:width\" content=\"749\" \/>\n\t<meta property=\"og:image:height\" content=\"500\" \/>\n\t<meta property=\"og:image:type\" content=\"image\/jpeg\" \/>\n<meta name=\"author\" content=\"Reda\u00e7\u00e3o\" \/>\n<meta name=\"twitter:card\" content=\"summary_large_image\" \/>\n<meta name=\"twitter:creator\" content=\"@Notibras\" \/>\n<meta name=\"twitter:site\" content=\"@Notibras\" \/>\n<meta name=\"twitter:label1\" content=\"Escrito por\" \/>\n\t<meta name=\"twitter:data1\" content=\"Reda\u00e7\u00e3o\" \/>\n\t<meta name=\"twitter:label2\" content=\"Est. tempo de leitura\" \/>\n\t<meta name=\"twitter:data2\" content=\"4 minutos\" \/>\n<script type=\"application\/ld+json\" class=\"yoast-schema-graph\">{\"@context\":\"https:\/\/schema.org\",\"@graph\":[{\"@type\":\"Article\",\"@id\":\"https:\/\/www.notibras.com\/site\/em-virada-historia-galo-deixa-corinthians-de-quatro-no-mineirao\/#article\",\"isPartOf\":{\"@id\":\"https:\/\/www.notibras.com\/site\/em-virada-historia-galo-deixa-corinthians-de-quatro-no-mineirao\/\"},\"author\":{\"name\":\"Reda\u00e7\u00e3o\",\"@id\":\"https:\/\/www.notibras.com\/site\/#\/schema\/person\/36ab0979449956132d3e5b517ea76ac8\"},\"headline\":\"Em virada hist\u00f3rica, Galo deixa Corinthians de quatro no Mineir\u00e3o\",\"datePublished\":\"2014-10-16T02:11:09+00:00\",\"dateModified\":\"2014-10-16T11:43:55+00:00\",\"mainEntityOfPage\":{\"@id\":\"https:\/\/www.notibras.com\/site\/em-virada-historia-galo-deixa-corinthians-de-quatro-no-mineirao\/\"},\"wordCount\":829,\"commentCount\":0,\"publisher\":{\"@id\":\"https:\/\/www.notibras.com\/site\/#organization\"},\"image\":{\"@id\":\"https:\/\/www.notibras.com\/site\/em-virada-historia-galo-deixa-corinthians-de-quatro-no-mineirao\/#primaryimage\"},\"thumbnailUrl\":\"https:\/\/www.notibras.com\/site\/wp-content\/uploads\/2014\/10\/e1.jpg\",\"articleSection\":[\"Esportes\",\"Futebol\"],\"inLanguage\":\"pt-BR\",\"potentialAction\":[{\"@type\":\"CommentAction\",\"name\":\"Comment\",\"target\":[\"https:\/\/www.notibras.com\/site\/em-virada-historia-galo-deixa-corinthians-de-quatro-no-mineirao\/#respond\"]}]},{\"@type\":\"WebPage\",\"@id\":\"https:\/\/www.notibras.com\/site\/em-virada-historia-galo-deixa-corinthians-de-quatro-no-mineirao\/\",\"url\":\"https:\/\/www.notibras.com\/site\/em-virada-historia-galo-deixa-corinthians-de-quatro-no-mineirao\/\",\"name\":\"Em virada hist\u00f3rica, Galo deixa Corinthians de quatro no Mineir\u00e3o - Notibras\",\"isPartOf\":{\"@id\":\"https:\/\/www.notibras.com\/site\/#website\"},\"primaryImageOfPage\":{\"@id\":\"https:\/\/www.notibras.com\/site\/em-virada-historia-galo-deixa-corinthians-de-quatro-no-mineirao\/#primaryimage\"},\"image\":{\"@id\":\"https:\/\/www.notibras.com\/site\/em-virada-historia-galo-deixa-corinthians-de-quatro-no-mineirao\/#primaryimage\"},\"thumbnailUrl\":\"https:\/\/www.notibras.com\/site\/wp-content\/uploads\/2014\/10\/e1.jpg\",\"datePublished\":\"2014-10-16T02:11:09+00:00\",\"dateModified\":\"2014-10-16T11:43:55+00:00\",\"breadcrumb\":{\"@id\":\"https:\/\/www.notibras.com\/site\/em-virada-historia-galo-deixa-corinthians-de-quatro-no-mineirao\/#breadcrumb\"},\"inLanguage\":\"pt-BR\",\"potentialAction\":[{\"@type\":\"ReadAction\",\"target\":[\"https:\/\/www.notibras.com\/site\/em-virada-historia-galo-deixa-corinthians-de-quatro-no-mineirao\/\"]}]},{\"@type\":\"ImageObject\",\"inLanguage\":\"pt-BR\",\"@id\":\"https:\/\/www.notibras.com\/site\/em-virada-historia-galo-deixa-corinthians-de-quatro-no-mineirao\/#primaryimage\",\"url\":\"https:\/\/www.notibras.com\/site\/wp-content\/uploads\/2014\/10\/e1.jpg\",\"contentUrl\":\"https:\/\/www.notibras.com\/site\/wp-content\/uploads\/2014\/10\/e1.jpg\",\"width\":749,\"height\":500},{\"@type\":\"BreadcrumbList\",\"@id\":\"https:\/\/www.notibras.com\/site\/em-virada-historia-galo-deixa-corinthians-de-quatro-no-mineirao\/#breadcrumb\",\"itemListElement\":[{\"@type\":\"ListItem\",\"position\":1,\"name\":\"In\u00edcio\",\"item\":\"https:\/\/www.notibras.com\/site\/\"},{\"@type\":\"ListItem\",\"position\":2,\"name\":\"Em virada hist\u00f3rica, Galo deixa Corinthians de quatro no Mineir\u00e3o\"}]},{\"@type\":\"WebSite\",\"@id\":\"https:\/\/www.notibras.com\/site\/#website\",\"url\":\"https:\/\/www.notibras.com\/site\/\",\"name\":\"Notibras\",\"description\":\"Not\u00edcias de Bras\u00edlia, do Brasil e do Mundo\",\"publisher\":{\"@id\":\"https:\/\/www.notibras.com\/site\/#organization\"},\"potentialAction\":[{\"@type\":\"SearchAction\",\"target\":{\"@type\":\"EntryPoint\",\"urlTemplate\":\"https:\/\/www.notibras.com\/site\/?s={search_term_string}\"},\"query-input\":{\"@type\":\"PropertyValueSpecification\",\"valueRequired\":true,\"valueName\":\"search_term_string\"}}],\"inLanguage\":\"pt-BR\"},{\"@type\":\"Organization\",\"@id\":\"https:\/\/www.notibras.com\/site\/#organization\",\"name\":\"Grupo Notibras de Comunica\u00e7\u00e3o\",\"url\":\"https:\/\/www.notibras.com\/site\/\",\"logo\":{\"@type\":\"ImageObject\",\"inLanguage\":\"pt-BR\",\"@id\":\"https:\/\/www.notibras.com\/site\/#\/schema\/logo\/image\/\",\"url\":\"https:\/\/www.notibras.com\/site\/wp-content\/uploads\/2023\/01\/notibras23.png\",\"contentUrl\":\"https:\/\/www.notibras.com\/site\/wp-content\/uploads\/2023\/01\/notibras23.png\",\"width\":350,\"height\":87,\"caption\":\"Grupo Notibras de Comunica\u00e7\u00e3o\"},\"image\":{\"@id\":\"https:\/\/www.notibras.com\/site\/#\/schema\/logo\/image\/\"},\"sameAs\":[\"https:\/\/www.facebook.com\/notibras\/\",\"https:\/\/x.com\/Notibras\",\"https:\/\/www.instagram.com\/notibras\/\"]},{\"@type\":\"Person\",\"@id\":\"https:\/\/www.notibras.com\/site\/#\/schema\/person\/36ab0979449956132d3e5b517ea76ac8\",\"name\":\"Reda\u00e7\u00e3o\",\"image\":{\"@type\":\"ImageObject\",\"inLanguage\":\"pt-BR\",\"@id\":\"https:\/\/secure.gravatar.com\/avatar\/e0a867bdedb85fd243eadf09663511f96fc81e0720a4a42581f334ad4303aa6b?s=96&d=mm&r=g\",\"url\":\"https:\/\/secure.gravatar.com\/avatar\/e0a867bdedb85fd243eadf09663511f96fc81e0720a4a42581f334ad4303aa6b?s=96&d=mm&r=g\",\"contentUrl\":\"https:\/\/secure.gravatar.com\/avatar\/e0a867bdedb85fd243eadf09663511f96fc81e0720a4a42581f334ad4303aa6b?s=96&d=mm&r=g\",\"caption\":\"Reda\u00e7\u00e3o\"}}]}<\/script>\n<!-- \/ Yoast SEO plugin. -->","yoast_head_json":{"title":"Em virada hist\u00f3rica, Galo deixa Corinthians de quatro no Mineir\u00e3o - Notibras","robots":{"index":"index","follow":"follow","max-snippet":"max-snippet:-1","max-image-preview":"max-image-preview:large","max-video-preview":"max-video-preview:-1"},"canonical":"https:\/\/www.notibras.com\/site\/em-virada-historia-galo-deixa-corinthians-de-quatro-no-mineirao\/","og_locale":"pt_BR","og_type":"article","og_title":"Em virada hist\u00f3rica, Galo deixa Corinthians de quatro no Mineir\u00e3o - Notibras","og_description":"A Libertadores de 2013 ainda est\u00e1 fresca na mem\u00f3ria do torcedor do Atl\u00e9tico-MG. Na noite desta quarta-feira, o torcedor mineiro pode reviver um pouco da maior conquista da hist\u00f3ria. Em um Mineir\u00e3o longe de estar lotado, mas com bom p\u00fablico, o clube de Belo Horizonte saiu atr\u00e1s no placar do Corinthians logo aos 5min, o [&hellip;]","og_url":"https:\/\/www.notibras.com\/site\/em-virada-historia-galo-deixa-corinthians-de-quatro-no-mineirao\/","og_site_name":"Notibras","article_publisher":"https:\/\/www.facebook.com\/notibras\/","article_published_time":"2014-10-16T02:11:09+00:00","article_modified_time":"2014-10-16T11:43:55+00:00","og_image":[{"width":749,"height":500,"url":"https:\/\/www.notibras.com\/site\/wp-content\/uploads\/2014\/10\/e1.jpg","type":"image\/jpeg"}],"author":"Reda\u00e7\u00e3o","twitter_card":"summary_large_image","twitter_creator":"@Notibras","twitter_site":"@Notibras","twitter_misc":{"Escrito por":"Reda\u00e7\u00e3o","Est. tempo de leitura":"4 minutos"},"schema":{"@context":"https:\/\/schema.org","@graph":[{"@type":"Article","@id":"https:\/\/www.notibras.com\/site\/em-virada-historia-galo-deixa-corinthians-de-quatro-no-mineirao\/#article","isPartOf":{"@id":"https:\/\/www.notibras.com\/site\/em-virada-historia-galo-deixa-corinthians-de-quatro-no-mineirao\/"},"author":{"name":"Reda\u00e7\u00e3o","@id":"https:\/\/www.notibras.com\/site\/#\/schema\/person\/36ab0979449956132d3e5b517ea76ac8"},"headline":"Em virada hist\u00f3rica, Galo deixa Corinthians de quatro no Mineir\u00e3o","datePublished":"2014-10-16T02:11:09+00:00","dateModified":"2014-10-16T11:43:55+00:00","mainEntityOfPage":{"@id":"https:\/\/www.notibras.com\/site\/em-virada-historia-galo-deixa-corinthians-de-quatro-no-mineirao\/"},"wordCount":829,"commentCount":0,"publisher":{"@id":"https:\/\/www.notibras.com\/site\/#organization"},"image":{"@id":"https:\/\/www.notibras.com\/site\/em-virada-historia-galo-deixa-corinthians-de-quatro-no-mineirao\/#primaryimage"},"thumbnailUrl":"https:\/\/www.notibras.com\/site\/wp-content\/uploads\/2014\/10\/e1.jpg","articleSection":["Esportes","Futebol"],"inLanguage":"pt-BR","potentialAction":[{"@type":"CommentAction","name":"Comment","target":["https:\/\/www.notibras.com\/site\/em-virada-historia-galo-deixa-corinthians-de-quatro-no-mineirao\/#respond"]}]},{"@type":"WebPage","@id":"https:\/\/www.notibras.com\/site\/em-virada-historia-galo-deixa-corinthians-de-quatro-no-mineirao\/","url":"https:\/\/www.notibras.com\/site\/em-virada-historia-galo-deixa-corinthians-de-quatro-no-mineirao\/","name":"Em virada hist\u00f3rica, Galo deixa Corinthians de quatro no Mineir\u00e3o - Notibras","isPartOf":{"@id":"https:\/\/www.notibras.com\/site\/#website"},"primaryImageOfPage":{"@id":"https:\/\/www.notibras.com\/site\/em-virada-historia-galo-deixa-corinthians-de-quatro-no-mineirao\/#primaryimage"},"image":{"@id":"https:\/\/www.notibras.com\/site\/em-virada-historia-galo-deixa-corinthians-de-quatro-no-mineirao\/#primaryimage"},"thumbnailUrl":"https:\/\/www.notibras.com\/site\/wp-content\/uploads\/2014\/10\/e1.jpg","datePublished":"2014-10-16T02:11:09+00:00","dateModified":"2014-10-16T11:43:55+00:00","breadcrumb":{"@id":"https:\/\/www.notibras.com\/site\/em-virada-historia-galo-deixa-corinthians-de-quatro-no-mineirao\/#breadcrumb"},"inLanguage":"pt-BR","potentialAction":[{"@type":"ReadAction","target":["https:\/\/www.notibras.com\/site\/em-virada-historia-galo-deixa-corinthians-de-quatro-no-mineirao\/"]}]},{"@type":"ImageObject","inLanguage":"pt-BR","@id":"https:\/\/www.notibras.com\/site\/em-virada-historia-galo-deixa-corinthians-de-quatro-no-mineirao\/#primaryimage","url":"https:\/\/www.notibras.com\/site\/wp-content\/uploads\/2014\/10\/e1.jpg","contentUrl":"https:\/\/www.notibras.com\/site\/wp-content\/uploads\/2014\/10\/e1.jpg","width":749,"height":500},{"@type":"BreadcrumbList","@id":"https:\/\/www.notibras.com\/site\/em-virada-historia-galo-deixa-corinthians-de-quatro-no-mineirao\/#breadcrumb","itemListElement":[{"@type":"ListItem","position":1,"name":"In\u00edcio","item":"https:\/\/www.notibras.com\/site\/"},{"@type":"ListItem","position":2,"name":"Em virada hist\u00f3rica, Galo deixa Corinthians de quatro no Mineir\u00e3o"}]},{"@type":"WebSite","@id":"https:\/\/www.notibras.com\/site\/#website","url":"https:\/\/www.notibras.com\/site\/","name":"Notibras","description":"Not\u00edcias de Bras\u00edlia, do Brasil e do Mundo","publisher":{"@id":"https:\/\/www.notibras.com\/site\/#organization"},"potentialAction":[{"@type":"SearchAction","target":{"@type":"EntryPoint","urlTemplate":"https:\/\/www.notibras.com\/site\/?s={search_term_string}"},"query-input":{"@type":"PropertyValueSpecification","valueRequired":true,"valueName":"search_term_string"}}],"inLanguage":"pt-BR"},{"@type":"Organization","@id":"https:\/\/www.notibras.com\/site\/#organization","name":"Grupo Notibras de Comunica\u00e7\u00e3o","url":"https:\/\/www.notibras.com\/site\/","logo":{"@type":"ImageObject","inLanguage":"pt-BR","@id":"https:\/\/www.notibras.com\/site\/#\/schema\/logo\/image\/","url":"https:\/\/www.notibras.com\/site\/wp-content\/uploads\/2023\/01\/notibras23.png","contentUrl":"https:\/\/www.notibras.com\/site\/wp-content\/uploads\/2023\/01\/notibras23.png","width":350,"height":87,"caption":"Grupo Notibras de Comunica\u00e7\u00e3o"},"image":{"@id":"https:\/\/www.notibras.com\/site\/#\/schema\/logo\/image\/"},"sameAs":["https:\/\/www.facebook.com\/notibras\/","https:\/\/x.com\/Notibras","https:\/\/www.instagram.com\/notibras\/"]},{"@type":"Person","@id":"https:\/\/www.notibras.com\/site\/#\/schema\/person\/36ab0979449956132d3e5b517ea76ac8","name":"Reda\u00e7\u00e3o","image":{"@type":"ImageObject","inLanguage":"pt-BR","@id":"https:\/\/secure.gravatar.com\/avatar\/e0a867bdedb85fd243eadf09663511f96fc81e0720a4a42581f334ad4303aa6b?s=96&d=mm&r=g","url":"https:\/\/secure.gravatar.com\/avatar\/e0a867bdedb85fd243eadf09663511f96fc81e0720a4a42581f334ad4303aa6b?s=96&d=mm&r=g","contentUrl":"https:\/\/secure.gravatar.com\/avatar\/e0a867bdedb85fd243eadf09663511f96fc81e0720a4a42581f334ad4303aa6b?s=96&d=mm&r=g","caption":"Reda\u00e7\u00e3o"}}]}},"amp_enabled":true,"_links":{"self":[{"href":"https:\/\/www.notibras.com\/site\/wp-json\/wp\/v2\/posts\/25088","targetHints":{"allow":["GET"]}}],"collection":[{"href":"https:\/\/www.notibras.com\/site\/wp-json\/wp\/v2\/posts"}],"about":[{"href":"https:\/\/www.notibras.com\/site\/wp-json\/wp\/v2\/types\/post"}],"author":[{"embeddable":true,"href":"https:\/\/www.notibras.com\/site\/wp-json\/wp\/v2\/users\/2"}],"replies":[{"embeddable":true,"href":"https:\/\/www.notibras.com\/site\/wp-json\/wp\/v2\/comments?post=25088"}],"version-history":[{"count":0,"href":"https:\/\/www.notibras.com\/site\/wp-json\/wp\/v2\/posts\/25088\/revisions"}],"wp:featuredmedia":[{"embeddable":true,"href":"https:\/\/www.notibras.com\/site\/wp-json\/wp\/v2\/media\/25089"}],"wp:attachment":[{"href":"https:\/\/www.notibras.com\/site\/wp-json\/wp\/v2\/media?parent=25088"}],"wp:term":[{"taxonomy":"category","embeddable":true,"href":"https:\/\/www.notibras.com\/site\/wp-json\/wp\/v2\/categories?post=25088"},{"taxonomy":"post_tag","embeddable":true,"href":"https:\/\/www.notibras.com\/site\/wp-json\/wp\/v2\/tags?post=25088"}],"curies":[{"name":"wp","href":"https:\/\/api.w.org\/{rel}","templated":true}]}}