{"id":25093,"date":"2014-10-15T20:16:36","date_gmt":"2014-10-15T23:16:36","guid":{"rendered":"http:\/\/www.notibras.com\/site\/?p=25093"},"modified":"2014-10-16T11:52:18","modified_gmt":"2014-10-16T14:52:18","slug":"sao-paulo-tem-nova-expulsao-mas-se-garante-na-sul-americana","status":"publish","type":"post","link":"https:\/\/www.notibras.com\/site\/sao-paulo-tem-nova-expulsao-mas-se-garante-na-sul-americana\/","title":{"rendered":"S\u00e3o Paulo tem nova expuls\u00e3o mas se garante na Sul-Americana"},"content":{"rendered":"<p>Precisando\u00a0apenas de um empate\u00a0para avan\u00e7ar, o S\u00e3o Paulo ignorou a vantagem conquistada na partida de ida (1 a 0)\u00a0e venceu mais uma vez o Huachipato, pela Copa Sul-Americana.\u00a0Nesta quarta-feira, jogando no Chile, a equipe paulista precisou superar a expuls\u00e3o de Denilson, ainda no primeiro tempo, e segurar a press\u00e3o dos donos da casa para triunfar\u00a0por 3 a 2. Michel Bastos, Paulo Henrique Ganso e Boschilla fizeram a favor dos brasileiros, enquanto Sagal e Vilches descontaram para os chilenos.<\/p>\n<p>O t\u00e9cnico Muricy Ramalho superou os v\u00e1rios desfalques e conseguiu colocar em campo um time equilibrado para carimbar a classifica\u00e7\u00e3o. De fora estavam o zagueiro Rafael Toloi, o volante Souza, os meias Maicon e Kak\u00e1, e os atacantes Ademilson e Lu\u00eds Fabiano, que foi expulso na partida de ida, no Morumbi. O destaque ficou por conta de Ganso, que teve participa\u00e7\u00e3o fundamental nos dois primeiros tentos da equipe.<\/p>\n<p>O primeiro tempo foi muito movimentado e equilibrado, com as equipes chegando com facilidade ao setor ofensivo e criando boas chances de gol. A etapa inicial ainda teve um cachorro invandindo o gramado e uma expuls\u00e3o para o S\u00e3o Paulo.<\/p>\n<p>Decidido a garantir com rapidez a vaga \u00e0s quartas de final da competi\u00e7\u00e3o continental, o S\u00e3o Paulo abriu o placar logo aos 9min. Alexandre Pato recebeu \u00f3timo passe de Ganso, invadiu a \u00e1rea e bateu para boa defesa de Jim\u00e9nez. No rebote, Michel Bastos chutou firme, de p\u00e9 esquerdo, e fez o primeiro.<\/p>\n<p>Com a derrota parcial por 1 a 0, o Huachipato precisava de tr\u00eas gols para eliminar os brasileiros, uma miss\u00e3o dif\u00edcil. Por\u00e9m, os chilenos n\u00e3o desistiram e, aos 20min, empataram. Depois de cruzamento na \u00e1rea, Mu\u00f1oz arrumou para Vilches pegar de primeira, sem chance para Ceni.<\/p>\n<p>O gol inflamou a torcida, mas a euforia n\u00e3o durou muito tempo. Dois minutos depois, ap\u00f3s bela troca de passes do setor ofensivo, Ganso colocou o S\u00e3o Paulo na frente. Pato enfiou bola para Kardec, que cruzou para tr\u00e1s, na entrada da \u00e1rea. O camisa 10 pegou de chapa, de primeira, e marcou um gola\u00e7o no Chile.<\/p>\n<blockquote>\n<p class=\"text\">O Huachipato, ent\u00e3o, corria atr\u00e1s para empatar novamente. Aos 34 minutos, Denilson chegou atrasado na marca\u00e7\u00e3o, recebeu o segundo amarelo e acabou expulso. Os donos da casa pressionaram at\u00e9 o fim da etapa inicial, mas n\u00e3o conseguiram empatar. Um pouco antes do animal invadir o gramado, Alexandre Pato ainda sentiu dores e precisou ser\u00a0substitu\u00eddo por Osvaldo.<\/p>\n<\/blockquote>\n<p class=\"text\">Com um jogador a menos, o S\u00e3o Paulo voltou todo atr\u00e1s da linha da bola, disposto a ficar na retranca, sem correr riscos. E deu certo. O Huachipato pressionou, jogou a etapa final inteira no campo de ataque, at\u00e9 assustou, mas n\u00e3o conseguiu a vaga.<\/p>\n<p class=\"text\">Aos 43min, Sagal dominou pela esquerda da \u00e1rea e bateu cruzado, sem chances para Rog\u00e9rio Ceni. Era o empate. Quando o situa\u00e7\u00e3o come\u00e7ava a ficar preocupante ao S\u00e3o Paulo, Boschilla, que havia acabado de entrar no lugar de Ganso, garantiu a vaga. Aos 45min, Michel Bastos serviu o meia-atacante da base, que fintou o marcador e chutou no canto direito de Jim\u00e9nez: 3 a 2.<\/p>\n<p class=\"text\">Agora, o S\u00e3o Paulo encara o Emelec na pr\u00f3xima fase da competi\u00e7\u00e3o continental. Apesar de perder para o Goi\u00e1s, por 1 a 0, no Serra Dourada, os equatorianos venceram nos p\u00eanaltis, por 6 a 5, e garantiram a vaga.<\/p>\n","protected":false},"excerpt":{"rendered":"<p>Precisando\u00a0apenas de um empate\u00a0para avan\u00e7ar, o S\u00e3o Paulo ignorou a vantagem conquistada na partida de ida (1 a 0)\u00a0e venceu mais uma vez o Huachipato, pela Copa Sul-Americana.\u00a0Nesta quarta-feira, jogando no Chile, a equipe paulista precisou superar a expuls\u00e3o de Denilson, ainda no primeiro tempo, e segurar a press\u00e3o dos donos da casa para triunfar\u00a0por [&hellip;]<\/p>\n","protected":false},"author":2,"featured_media":25094,"comment_status":"open","ping_status":"closed","sticky":false,"template":"","format":"standard","meta":{"_acf_changed":false,"footnotes":""},"categories":[19,29],"tags":[],"class_list":["post-25093","post","type-post","status-publish","format-standard","has-post-thumbnail","hentry","category-esportes","category-futebol"],"acf":[],"yoast_head":"<!-- This site is optimized with the Yoast SEO plugin v27.2 - https:\/\/yoast.com\/product\/yoast-seo-wordpress\/ -->\n<title>S\u00e3o Paulo tem nova expuls\u00e3o mas se garante na Sul-Americana - Notibras<\/title>\n<meta name=\"robots\" content=\"index, follow, max-snippet:-1, max-image-preview:large, max-video-preview:-1\" \/>\n<link rel=\"canonical\" href=\"https:\/\/www.notibras.com\/site\/sao-paulo-tem-nova-expulsao-mas-se-garante-na-sul-americana\/\" \/>\n<meta property=\"og:locale\" content=\"pt_BR\" \/>\n<meta property=\"og:type\" content=\"article\" \/>\n<meta property=\"og:title\" content=\"S\u00e3o Paulo tem nova expuls\u00e3o mas se garante na Sul-Americana - Notibras\" \/>\n<meta property=\"og:description\" content=\"Precisando\u00a0apenas de um empate\u00a0para avan\u00e7ar, o S\u00e3o Paulo ignorou a vantagem conquistada na partida de ida (1 a 0)\u00a0e venceu mais uma vez o Huachipato, pela Copa Sul-Americana.\u00a0Nesta quarta-feira, jogando no Chile, a equipe paulista precisou superar a expuls\u00e3o de Denilson, ainda no primeiro tempo, e segurar a press\u00e3o dos donos da casa para triunfar\u00a0por [&hellip;]\" \/>\n<meta property=\"og:url\" content=\"https:\/\/www.notibras.com\/site\/sao-paulo-tem-nova-expulsao-mas-se-garante-na-sul-americana\/\" \/>\n<meta property=\"og:site_name\" content=\"Notibras\" \/>\n<meta property=\"article:publisher\" content=\"https:\/\/www.facebook.com\/notibras\/\" \/>\n<meta property=\"article:published_time\" content=\"2014-10-15T23:16:36+00:00\" \/>\n<meta property=\"article:modified_time\" content=\"2014-10-16T14:52:18+00:00\" \/>\n<meta property=\"og:image\" content=\"https:\/\/www.notibras.com\/site\/wp-content\/uploads\/2014\/10\/e2.jpg\" \/>\n\t<meta property=\"og:image:width\" content=\"460\" \/>\n\t<meta property=\"og:image:height\" content=\"340\" \/>\n\t<meta property=\"og:image:type\" content=\"image\/jpeg\" \/>\n<meta name=\"author\" content=\"Reda\u00e7\u00e3o\" \/>\n<meta name=\"twitter:card\" content=\"summary_large_image\" \/>\n<meta name=\"twitter:creator\" content=\"@Notibras\" \/>\n<meta name=\"twitter:site\" content=\"@Notibras\" \/>\n<meta name=\"twitter:label1\" content=\"Escrito por\" \/>\n\t<meta name=\"twitter:data1\" content=\"Reda\u00e7\u00e3o\" \/>\n\t<meta name=\"twitter:label2\" content=\"Est. tempo de leitura\" \/>\n\t<meta name=\"twitter:data2\" content=\"3 minutos\" \/>\n<script type=\"application\/ld+json\" class=\"yoast-schema-graph\">{\"@context\":\"https:\/\/schema.org\",\"@graph\":[{\"@type\":\"Article\",\"@id\":\"https:\/\/www.notibras.com\/site\/sao-paulo-tem-nova-expulsao-mas-se-garante-na-sul-americana\/#article\",\"isPartOf\":{\"@id\":\"https:\/\/www.notibras.com\/site\/sao-paulo-tem-nova-expulsao-mas-se-garante-na-sul-americana\/\"},\"author\":{\"name\":\"Reda\u00e7\u00e3o\",\"@id\":\"https:\/\/www.notibras.com\/site\/#\/schema\/person\/36ab0979449956132d3e5b517ea76ac8\"},\"headline\":\"S\u00e3o Paulo tem nova expuls\u00e3o mas se garante na Sul-Americana\",\"datePublished\":\"2014-10-15T23:16:36+00:00\",\"dateModified\":\"2014-10-16T14:52:18+00:00\",\"mainEntityOfPage\":{\"@id\":\"https:\/\/www.notibras.com\/site\/sao-paulo-tem-nova-expulsao-mas-se-garante-na-sul-americana\/\"},\"wordCount\":594,\"commentCount\":0,\"publisher\":{\"@id\":\"https:\/\/www.notibras.com\/site\/#organization\"},\"image\":{\"@id\":\"https:\/\/www.notibras.com\/site\/sao-paulo-tem-nova-expulsao-mas-se-garante-na-sul-americana\/#primaryimage\"},\"thumbnailUrl\":\"https:\/\/www.notibras.com\/site\/wp-content\/uploads\/2014\/10\/e2.jpg\",\"articleSection\":[\"Esportes\",\"Futebol\"],\"inLanguage\":\"pt-BR\",\"potentialAction\":[{\"@type\":\"CommentAction\",\"name\":\"Comment\",\"target\":[\"https:\/\/www.notibras.com\/site\/sao-paulo-tem-nova-expulsao-mas-se-garante-na-sul-americana\/#respond\"]}]},{\"@type\":\"WebPage\",\"@id\":\"https:\/\/www.notibras.com\/site\/sao-paulo-tem-nova-expulsao-mas-se-garante-na-sul-americana\/\",\"url\":\"https:\/\/www.notibras.com\/site\/sao-paulo-tem-nova-expulsao-mas-se-garante-na-sul-americana\/\",\"name\":\"S\u00e3o Paulo tem nova expuls\u00e3o mas se garante na Sul-Americana - Notibras\",\"isPartOf\":{\"@id\":\"https:\/\/www.notibras.com\/site\/#website\"},\"primaryImageOfPage\":{\"@id\":\"https:\/\/www.notibras.com\/site\/sao-paulo-tem-nova-expulsao-mas-se-garante-na-sul-americana\/#primaryimage\"},\"image\":{\"@id\":\"https:\/\/www.notibras.com\/site\/sao-paulo-tem-nova-expulsao-mas-se-garante-na-sul-americana\/#primaryimage\"},\"thumbnailUrl\":\"https:\/\/www.notibras.com\/site\/wp-content\/uploads\/2014\/10\/e2.jpg\",\"datePublished\":\"2014-10-15T23:16:36+00:00\",\"dateModified\":\"2014-10-16T14:52:18+00:00\",\"breadcrumb\":{\"@id\":\"https:\/\/www.notibras.com\/site\/sao-paulo-tem-nova-expulsao-mas-se-garante-na-sul-americana\/#breadcrumb\"},\"inLanguage\":\"pt-BR\",\"potentialAction\":[{\"@type\":\"ReadAction\",\"target\":[\"https:\/\/www.notibras.com\/site\/sao-paulo-tem-nova-expulsao-mas-se-garante-na-sul-americana\/\"]}]},{\"@type\":\"ImageObject\",\"inLanguage\":\"pt-BR\",\"@id\":\"https:\/\/www.notibras.com\/site\/sao-paulo-tem-nova-expulsao-mas-se-garante-na-sul-americana\/#primaryimage\",\"url\":\"https:\/\/www.notibras.com\/site\/wp-content\/uploads\/2014\/10\/e2.jpg\",\"contentUrl\":\"https:\/\/www.notibras.com\/site\/wp-content\/uploads\/2014\/10\/e2.jpg\",\"width\":460,\"height\":340},{\"@type\":\"BreadcrumbList\",\"@id\":\"https:\/\/www.notibras.com\/site\/sao-paulo-tem-nova-expulsao-mas-se-garante-na-sul-americana\/#breadcrumb\",\"itemListElement\":[{\"@type\":\"ListItem\",\"position\":1,\"name\":\"In\u00edcio\",\"item\":\"https:\/\/www.notibras.com\/site\/\"},{\"@type\":\"ListItem\",\"position\":2,\"name\":\"S\u00e3o Paulo tem nova expuls\u00e3o mas se garante na Sul-Americana\"}]},{\"@type\":\"WebSite\",\"@id\":\"https:\/\/www.notibras.com\/site\/#website\",\"url\":\"https:\/\/www.notibras.com\/site\/\",\"name\":\"Notibras\",\"description\":\"Not\u00edcias de Bras\u00edlia, do Brasil e do Mundo\",\"publisher\":{\"@id\":\"https:\/\/www.notibras.com\/site\/#organization\"},\"potentialAction\":[{\"@type\":\"SearchAction\",\"target\":{\"@type\":\"EntryPoint\",\"urlTemplate\":\"https:\/\/www.notibras.com\/site\/?s={search_term_string}\"},\"query-input\":{\"@type\":\"PropertyValueSpecification\",\"valueRequired\":true,\"valueName\":\"search_term_string\"}}],\"inLanguage\":\"pt-BR\"},{\"@type\":\"Organization\",\"@id\":\"https:\/\/www.notibras.com\/site\/#organization\",\"name\":\"Grupo Notibras de Comunica\u00e7\u00e3o\",\"url\":\"https:\/\/www.notibras.com\/site\/\",\"logo\":{\"@type\":\"ImageObject\",\"inLanguage\":\"pt-BR\",\"@id\":\"https:\/\/www.notibras.com\/site\/#\/schema\/logo\/image\/\",\"url\":\"https:\/\/www.notibras.com\/site\/wp-content\/uploads\/2023\/01\/notibras23.png\",\"contentUrl\":\"https:\/\/www.notibras.com\/site\/wp-content\/uploads\/2023\/01\/notibras23.png\",\"width\":350,\"height\":87,\"caption\":\"Grupo Notibras de Comunica\u00e7\u00e3o\"},\"image\":{\"@id\":\"https:\/\/www.notibras.com\/site\/#\/schema\/logo\/image\/\"},\"sameAs\":[\"https:\/\/www.facebook.com\/notibras\/\",\"https:\/\/x.com\/Notibras\",\"https:\/\/www.instagram.com\/notibras\/\"]},{\"@type\":\"Person\",\"@id\":\"https:\/\/www.notibras.com\/site\/#\/schema\/person\/36ab0979449956132d3e5b517ea76ac8\",\"name\":\"Reda\u00e7\u00e3o\",\"image\":{\"@type\":\"ImageObject\",\"inLanguage\":\"pt-BR\",\"@id\":\"https:\/\/secure.gravatar.com\/avatar\/e0a867bdedb85fd243eadf09663511f96fc81e0720a4a42581f334ad4303aa6b?s=96&d=mm&r=g\",\"url\":\"https:\/\/secure.gravatar.com\/avatar\/e0a867bdedb85fd243eadf09663511f96fc81e0720a4a42581f334ad4303aa6b?s=96&d=mm&r=g\",\"contentUrl\":\"https:\/\/secure.gravatar.com\/avatar\/e0a867bdedb85fd243eadf09663511f96fc81e0720a4a42581f334ad4303aa6b?s=96&d=mm&r=g\",\"caption\":\"Reda\u00e7\u00e3o\"}}]}<\/script>\n<!-- \/ Yoast SEO plugin. -->","yoast_head_json":{"title":"S\u00e3o Paulo tem nova expuls\u00e3o mas se garante na Sul-Americana - Notibras","robots":{"index":"index","follow":"follow","max-snippet":"max-snippet:-1","max-image-preview":"max-image-preview:large","max-video-preview":"max-video-preview:-1"},"canonical":"https:\/\/www.notibras.com\/site\/sao-paulo-tem-nova-expulsao-mas-se-garante-na-sul-americana\/","og_locale":"pt_BR","og_type":"article","og_title":"S\u00e3o Paulo tem nova expuls\u00e3o mas se garante na Sul-Americana - Notibras","og_description":"Precisando\u00a0apenas de um empate\u00a0para avan\u00e7ar, o S\u00e3o Paulo ignorou a vantagem conquistada na partida de ida (1 a 0)\u00a0e venceu mais uma vez o Huachipato, pela Copa Sul-Americana.\u00a0Nesta quarta-feira, jogando no Chile, a equipe paulista precisou superar a expuls\u00e3o de Denilson, ainda no primeiro tempo, e segurar a press\u00e3o dos donos da casa para triunfar\u00a0por [&hellip;]","og_url":"https:\/\/www.notibras.com\/site\/sao-paulo-tem-nova-expulsao-mas-se-garante-na-sul-americana\/","og_site_name":"Notibras","article_publisher":"https:\/\/www.facebook.com\/notibras\/","article_published_time":"2014-10-15T23:16:36+00:00","article_modified_time":"2014-10-16T14:52:18+00:00","og_image":[{"width":460,"height":340,"url":"https:\/\/www.notibras.com\/site\/wp-content\/uploads\/2014\/10\/e2.jpg","type":"image\/jpeg"}],"author":"Reda\u00e7\u00e3o","twitter_card":"summary_large_image","twitter_creator":"@Notibras","twitter_site":"@Notibras","twitter_misc":{"Escrito por":"Reda\u00e7\u00e3o","Est. tempo de leitura":"3 minutos"},"schema":{"@context":"https:\/\/schema.org","@graph":[{"@type":"Article","@id":"https:\/\/www.notibras.com\/site\/sao-paulo-tem-nova-expulsao-mas-se-garante-na-sul-americana\/#article","isPartOf":{"@id":"https:\/\/www.notibras.com\/site\/sao-paulo-tem-nova-expulsao-mas-se-garante-na-sul-americana\/"},"author":{"name":"Reda\u00e7\u00e3o","@id":"https:\/\/www.notibras.com\/site\/#\/schema\/person\/36ab0979449956132d3e5b517ea76ac8"},"headline":"S\u00e3o Paulo tem nova expuls\u00e3o mas se garante na Sul-Americana","datePublished":"2014-10-15T23:16:36+00:00","dateModified":"2014-10-16T14:52:18+00:00","mainEntityOfPage":{"@id":"https:\/\/www.notibras.com\/site\/sao-paulo-tem-nova-expulsao-mas-se-garante-na-sul-americana\/"},"wordCount":594,"commentCount":0,"publisher":{"@id":"https:\/\/www.notibras.com\/site\/#organization"},"image":{"@id":"https:\/\/www.notibras.com\/site\/sao-paulo-tem-nova-expulsao-mas-se-garante-na-sul-americana\/#primaryimage"},"thumbnailUrl":"https:\/\/www.notibras.com\/site\/wp-content\/uploads\/2014\/10\/e2.jpg","articleSection":["Esportes","Futebol"],"inLanguage":"pt-BR","potentialAction":[{"@type":"CommentAction","name":"Comment","target":["https:\/\/www.notibras.com\/site\/sao-paulo-tem-nova-expulsao-mas-se-garante-na-sul-americana\/#respond"]}]},{"@type":"WebPage","@id":"https:\/\/www.notibras.com\/site\/sao-paulo-tem-nova-expulsao-mas-se-garante-na-sul-americana\/","url":"https:\/\/www.notibras.com\/site\/sao-paulo-tem-nova-expulsao-mas-se-garante-na-sul-americana\/","name":"S\u00e3o Paulo tem nova expuls\u00e3o mas se garante na Sul-Americana - Notibras","isPartOf":{"@id":"https:\/\/www.notibras.com\/site\/#website"},"primaryImageOfPage":{"@id":"https:\/\/www.notibras.com\/site\/sao-paulo-tem-nova-expulsao-mas-se-garante-na-sul-americana\/#primaryimage"},"image":{"@id":"https:\/\/www.notibras.com\/site\/sao-paulo-tem-nova-expulsao-mas-se-garante-na-sul-americana\/#primaryimage"},"thumbnailUrl":"https:\/\/www.notibras.com\/site\/wp-content\/uploads\/2014\/10\/e2.jpg","datePublished":"2014-10-15T23:16:36+00:00","dateModified":"2014-10-16T14:52:18+00:00","breadcrumb":{"@id":"https:\/\/www.notibras.com\/site\/sao-paulo-tem-nova-expulsao-mas-se-garante-na-sul-americana\/#breadcrumb"},"inLanguage":"pt-BR","potentialAction":[{"@type":"ReadAction","target":["https:\/\/www.notibras.com\/site\/sao-paulo-tem-nova-expulsao-mas-se-garante-na-sul-americana\/"]}]},{"@type":"ImageObject","inLanguage":"pt-BR","@id":"https:\/\/www.notibras.com\/site\/sao-paulo-tem-nova-expulsao-mas-se-garante-na-sul-americana\/#primaryimage","url":"https:\/\/www.notibras.com\/site\/wp-content\/uploads\/2014\/10\/e2.jpg","contentUrl":"https:\/\/www.notibras.com\/site\/wp-content\/uploads\/2014\/10\/e2.jpg","width":460,"height":340},{"@type":"BreadcrumbList","@id":"https:\/\/www.notibras.com\/site\/sao-paulo-tem-nova-expulsao-mas-se-garante-na-sul-americana\/#breadcrumb","itemListElement":[{"@type":"ListItem","position":1,"name":"In\u00edcio","item":"https:\/\/www.notibras.com\/site\/"},{"@type":"ListItem","position":2,"name":"S\u00e3o Paulo tem nova expuls\u00e3o mas se garante na Sul-Americana"}]},{"@type":"WebSite","@id":"https:\/\/www.notibras.com\/site\/#website","url":"https:\/\/www.notibras.com\/site\/","name":"Notibras","description":"Not\u00edcias de Bras\u00edlia, do Brasil e do Mundo","publisher":{"@id":"https:\/\/www.notibras.com\/site\/#organization"},"potentialAction":[{"@type":"SearchAction","target":{"@type":"EntryPoint","urlTemplate":"https:\/\/www.notibras.com\/site\/?s={search_term_string}"},"query-input":{"@type":"PropertyValueSpecification","valueRequired":true,"valueName":"search_term_string"}}],"inLanguage":"pt-BR"},{"@type":"Organization","@id":"https:\/\/www.notibras.com\/site\/#organization","name":"Grupo Notibras de Comunica\u00e7\u00e3o","url":"https:\/\/www.notibras.com\/site\/","logo":{"@type":"ImageObject","inLanguage":"pt-BR","@id":"https:\/\/www.notibras.com\/site\/#\/schema\/logo\/image\/","url":"https:\/\/www.notibras.com\/site\/wp-content\/uploads\/2023\/01\/notibras23.png","contentUrl":"https:\/\/www.notibras.com\/site\/wp-content\/uploads\/2023\/01\/notibras23.png","width":350,"height":87,"caption":"Grupo Notibras de Comunica\u00e7\u00e3o"},"image":{"@id":"https:\/\/www.notibras.com\/site\/#\/schema\/logo\/image\/"},"sameAs":["https:\/\/www.facebook.com\/notibras\/","https:\/\/x.com\/Notibras","https:\/\/www.instagram.com\/notibras\/"]},{"@type":"Person","@id":"https:\/\/www.notibras.com\/site\/#\/schema\/person\/36ab0979449956132d3e5b517ea76ac8","name":"Reda\u00e7\u00e3o","image":{"@type":"ImageObject","inLanguage":"pt-BR","@id":"https:\/\/secure.gravatar.com\/avatar\/e0a867bdedb85fd243eadf09663511f96fc81e0720a4a42581f334ad4303aa6b?s=96&d=mm&r=g","url":"https:\/\/secure.gravatar.com\/avatar\/e0a867bdedb85fd243eadf09663511f96fc81e0720a4a42581f334ad4303aa6b?s=96&d=mm&r=g","contentUrl":"https:\/\/secure.gravatar.com\/avatar\/e0a867bdedb85fd243eadf09663511f96fc81e0720a4a42581f334ad4303aa6b?s=96&d=mm&r=g","caption":"Reda\u00e7\u00e3o"}}]}},"amp_enabled":true,"_links":{"self":[{"href":"https:\/\/www.notibras.com\/site\/wp-json\/wp\/v2\/posts\/25093","targetHints":{"allow":["GET"]}}],"collection":[{"href":"https:\/\/www.notibras.com\/site\/wp-json\/wp\/v2\/posts"}],"about":[{"href":"https:\/\/www.notibras.com\/site\/wp-json\/wp\/v2\/types\/post"}],"author":[{"embeddable":true,"href":"https:\/\/www.notibras.com\/site\/wp-json\/wp\/v2\/users\/2"}],"replies":[{"embeddable":true,"href":"https:\/\/www.notibras.com\/site\/wp-json\/wp\/v2\/comments?post=25093"}],"version-history":[{"count":0,"href":"https:\/\/www.notibras.com\/site\/wp-json\/wp\/v2\/posts\/25093\/revisions"}],"wp:featuredmedia":[{"embeddable":true,"href":"https:\/\/www.notibras.com\/site\/wp-json\/wp\/v2\/media\/25094"}],"wp:attachment":[{"href":"https:\/\/www.notibras.com\/site\/wp-json\/wp\/v2\/media?parent=25093"}],"wp:term":[{"taxonomy":"category","embeddable":true,"href":"https:\/\/www.notibras.com\/site\/wp-json\/wp\/v2\/categories?post=25093"},{"taxonomy":"post_tag","embeddable":true,"href":"https:\/\/www.notibras.com\/site\/wp-json\/wp\/v2\/tags?post=25093"}],"curies":[{"name":"wp","href":"https:\/\/api.w.org\/{rel}","templated":true}]}}