{"id":25099,"date":"2014-10-15T18:27:34","date_gmt":"2014-10-15T21:27:34","guid":{"rendered":"http:\/\/www.notibras.com\/site\/?p=25099"},"modified":"2014-10-16T11:53:14","modified_gmt":"2014-10-16T14:53:14","slug":"goias-perde-nos-penaltis-e-da-adeus-a-copa-sul-americana","status":"publish","type":"post","link":"https:\/\/www.notibras.com\/site\/goias-perde-nos-penaltis-e-da-adeus-a-copa-sul-americana\/","title":{"rendered":"Goi\u00e1s perde nos p\u00eanaltis e d\u00e1 adeus \u00e0 Copa Sul-Americana"},"content":{"rendered":"<p>A noite desta quarta-feira, certamente, n\u00e3o ser\u00e1 esquecida pelos torcedores do Goi\u00e1s. O Serra Dourada abrigou um bom p\u00fablico e se pintou da cor esmeralda para apoiar a representa\u00e7\u00e3o da casa, que precisava reverter uma vantagem imposta pelo Emelec (1 a 0) pela sobreviv\u00eancia na Copa Sul-americana. No tempo regulamentar, os comandados de Ricardo Drubscky devolveram o marcador m\u00ednimo, contudo, acabaram superados nas penalidades m\u00e1ximas, por 6 a 5. \u00c9rik marcou o gol do compromisso durante os 90 minutos.<\/p>\n<p class=\"text\">Com o resultado, a representa\u00e7\u00e3o do Centro-Oeste deixa a competi\u00e7\u00e3o internacional e v\u00ea o carrasco alviazul passar para enfrentar o S\u00e3o Paulo. O Tricolor paulista confirmou a vaga ao triunfar novamente sobre o Huachipato-CHI. Na segunda vez, pelo placar de 3 a 2, em Talcahuano-CHI.<\/p>\n<p class=\"text\">Nos primeiros minutos, o Goi\u00e1s adotou postura cautelosa e pouco incomodou o Emelec. Mais solta, a equipe equatoriana chegou a reclamar de p\u00eanalti, logo aos 3min: ap\u00f3s cobran\u00e7a de escanteio, Bagu\u00ed acionou Bola\u00f1os, que carimbou a marca\u00e7\u00e3o em sua firme conclus\u00e3o. Entretanto, o \u00e1rbitro colombiano Wilmar Rold\u00e1n deixou o jogo seguir.<\/p>\n<blockquote>\n<p class=\"text\">Por\u00e9m, quando o rel\u00f3gio apontou a marca dos 19min, o Goi\u00e1s inaugurou o marcador e incendiou seus torcedores. Acionado em velocidade pelo setor direito, \u00c9rik invadiu a \u00e1rea, deixou Narv\u00e1ez no ch\u00e3o com um corte seco e finalizou colocado, no \u00e2ngulo direito de Dreer.<\/p>\n<\/blockquote>\n<p class=\"text\">Com o placar em m\u00e3os, o Esmeraldino atacava com intelig\u00eancia, sem se expor demasiadamente, e sempre explorando o costado de Bagu\u00ed. Por sua vez, os visitantes tentavam tocar a bola. Todavia, tinham dificuldades para escapar da forte marca\u00e7\u00e3o imposta pela s\u00f3lida linha defensiva.<\/p>\n<p class=\"text\">Logo no primeiro minuto do per\u00edodo complementar, o Goi\u00e1s desperdi\u00e7ou uma grande oportunidade de selar a classifica\u00e7\u00e3o: o volante Thiago Mendes invadiu a \u00e1rea com liberdade, mas, finalizou pela linha de fundo, assustando Dreer. A resposta do Emelec veio no ataque seguinte, em chute firme de Bola\u00f1os, que exigiu bela defesa de Renan.<\/p>\n<p class=\"text\">Quando o rel\u00f3gio apontou a marca dos 22, Ricardo Drubscky, que j\u00e1 havia trocado David por Ram\u00f3n, colocou o experiente centroavante Bruno Mineiro na vaga de Tiago Real. O dianteiro teve uma grande chance aos 29, entretanto, ap\u00f3s receber passe preciso de Esquerdinha, parou em defesa providencial de Dreer.<\/p>\n<p class=\"text\">Nos acr\u00e9scimos, quando a tens\u00e3o pelas penalidades m\u00e1ximas j\u00e1 preocupava o torcedor esmeraldino, \u00c9rik perdeu a grande chance de se consagrar: o jovem atacante arrancou pela ponta esquerda e invadiu a \u00e1rea com liberdade. Por\u00e9m, cara a cara com Dreer, se desequilibrou e concluiu incrivelmente \u00e0 esquerda da trave.<\/p>\n<p class=\"text\">Nem mesmo a s\u00e9rie convencional de cinco batidas foi suficiente para decretar o vencedor. Para o Goi\u00e1s, foram \u00e1s redes Thiago Mendes, Lima, Jackson e \u00c9rik. Apenas Bruno Mineiro desperdi\u00e7ou, parando em Dreer. J\u00e1 em favor do Emelec, marcaram Bola\u00f1os, Mondaini, Bagu\u00ed e Jos\u00e9 Qui\u00f1onez. Somente \u00c1ngel Mena perdeu.<\/p>\n<p class=\"text\">Nas cobran\u00e7as alternadas, Esquerdinha concluiu bem, assim como Gaibor. Todavia, Pedro Henrique desperdi\u00e7ou e Gim\u00e9nez marcou para classificar o Emelec, silenciando o Serra Dourada.<\/p>\n","protected":false},"excerpt":{"rendered":"<p>A noite desta quarta-feira, certamente, n\u00e3o ser\u00e1 esquecida pelos torcedores do Goi\u00e1s. O Serra Dourada abrigou um bom p\u00fablico e se pintou da cor esmeralda para apoiar a representa\u00e7\u00e3o da casa, que precisava reverter uma vantagem imposta pelo Emelec (1 a 0) pela sobreviv\u00eancia na Copa Sul-americana. No tempo regulamentar, os comandados de Ricardo Drubscky [&hellip;]<\/p>\n","protected":false},"author":2,"featured_media":25100,"comment_status":"open","ping_status":"closed","sticky":false,"template":"","format":"standard","meta":{"_acf_changed":false,"footnotes":""},"categories":[19,29],"tags":[],"class_list":["post-25099","post","type-post","status-publish","format-standard","has-post-thumbnail","hentry","category-esportes","category-futebol"],"acf":[],"yoast_head":"<!-- This site is optimized with the Yoast SEO plugin v27.2 - https:\/\/yoast.com\/product\/yoast-seo-wordpress\/ -->\n<title>Goi\u00e1s perde nos p\u00eanaltis e d\u00e1 adeus \u00e0 Copa Sul-Americana - Notibras<\/title>\n<meta name=\"robots\" content=\"index, follow, max-snippet:-1, max-image-preview:large, max-video-preview:-1\" \/>\n<link rel=\"canonical\" href=\"https:\/\/www.notibras.com\/site\/goias-perde-nos-penaltis-e-da-adeus-a-copa-sul-americana\/\" \/>\n<meta property=\"og:locale\" content=\"pt_BR\" \/>\n<meta property=\"og:type\" content=\"article\" \/>\n<meta property=\"og:title\" content=\"Goi\u00e1s perde nos p\u00eanaltis e d\u00e1 adeus \u00e0 Copa Sul-Americana - Notibras\" \/>\n<meta property=\"og:description\" content=\"A noite desta quarta-feira, certamente, n\u00e3o ser\u00e1 esquecida pelos torcedores do Goi\u00e1s. O Serra Dourada abrigou um bom p\u00fablico e se pintou da cor esmeralda para apoiar a representa\u00e7\u00e3o da casa, que precisava reverter uma vantagem imposta pelo Emelec (1 a 0) pela sobreviv\u00eancia na Copa Sul-americana. No tempo regulamentar, os comandados de Ricardo Drubscky [&hellip;]\" \/>\n<meta property=\"og:url\" content=\"https:\/\/www.notibras.com\/site\/goias-perde-nos-penaltis-e-da-adeus-a-copa-sul-americana\/\" \/>\n<meta property=\"og:site_name\" content=\"Notibras\" \/>\n<meta property=\"article:publisher\" content=\"https:\/\/www.facebook.com\/notibras\/\" \/>\n<meta property=\"article:published_time\" content=\"2014-10-15T21:27:34+00:00\" \/>\n<meta property=\"article:modified_time\" content=\"2014-10-16T14:53:14+00:00\" \/>\n<meta property=\"og:image\" content=\"https:\/\/www.notibras.com\/site\/wp-content\/uploads\/2014\/10\/go1.jpg\" \/>\n\t<meta property=\"og:image:width\" content=\"480\" \/>\n\t<meta property=\"og:image:height\" content=\"640\" \/>\n\t<meta property=\"og:image:type\" content=\"image\/jpeg\" \/>\n<meta name=\"author\" content=\"Reda\u00e7\u00e3o\" \/>\n<meta name=\"twitter:card\" content=\"summary_large_image\" \/>\n<meta name=\"twitter:creator\" content=\"@Notibras\" \/>\n<meta name=\"twitter:site\" content=\"@Notibras\" \/>\n<meta name=\"twitter:label1\" content=\"Escrito por\" \/>\n\t<meta name=\"twitter:data1\" content=\"Reda\u00e7\u00e3o\" \/>\n\t<meta name=\"twitter:label2\" content=\"Est. tempo de leitura\" \/>\n\t<meta name=\"twitter:data2\" content=\"3 minutos\" \/>\n<script type=\"application\/ld+json\" class=\"yoast-schema-graph\">{\"@context\":\"https:\/\/schema.org\",\"@graph\":[{\"@type\":\"Article\",\"@id\":\"https:\/\/www.notibras.com\/site\/goias-perde-nos-penaltis-e-da-adeus-a-copa-sul-americana\/#article\",\"isPartOf\":{\"@id\":\"https:\/\/www.notibras.com\/site\/goias-perde-nos-penaltis-e-da-adeus-a-copa-sul-americana\/\"},\"author\":{\"name\":\"Reda\u00e7\u00e3o\",\"@id\":\"https:\/\/www.notibras.com\/site\/#\/schema\/person\/36ab0979449956132d3e5b517ea76ac8\"},\"headline\":\"Goi\u00e1s perde nos p\u00eanaltis e d\u00e1 adeus \u00e0 Copa Sul-Americana\",\"datePublished\":\"2014-10-15T21:27:34+00:00\",\"dateModified\":\"2014-10-16T14:53:14+00:00\",\"mainEntityOfPage\":{\"@id\":\"https:\/\/www.notibras.com\/site\/goias-perde-nos-penaltis-e-da-adeus-a-copa-sul-americana\/\"},\"wordCount\":534,\"commentCount\":0,\"publisher\":{\"@id\":\"https:\/\/www.notibras.com\/site\/#organization\"},\"image\":{\"@id\":\"https:\/\/www.notibras.com\/site\/goias-perde-nos-penaltis-e-da-adeus-a-copa-sul-americana\/#primaryimage\"},\"thumbnailUrl\":\"https:\/\/www.notibras.com\/site\/wp-content\/uploads\/2014\/10\/go1.jpg\",\"articleSection\":[\"Esportes\",\"Futebol\"],\"inLanguage\":\"pt-BR\",\"potentialAction\":[{\"@type\":\"CommentAction\",\"name\":\"Comment\",\"target\":[\"https:\/\/www.notibras.com\/site\/goias-perde-nos-penaltis-e-da-adeus-a-copa-sul-americana\/#respond\"]}]},{\"@type\":\"WebPage\",\"@id\":\"https:\/\/www.notibras.com\/site\/goias-perde-nos-penaltis-e-da-adeus-a-copa-sul-americana\/\",\"url\":\"https:\/\/www.notibras.com\/site\/goias-perde-nos-penaltis-e-da-adeus-a-copa-sul-americana\/\",\"name\":\"Goi\u00e1s perde nos p\u00eanaltis e d\u00e1 adeus \u00e0 Copa Sul-Americana - Notibras\",\"isPartOf\":{\"@id\":\"https:\/\/www.notibras.com\/site\/#website\"},\"primaryImageOfPage\":{\"@id\":\"https:\/\/www.notibras.com\/site\/goias-perde-nos-penaltis-e-da-adeus-a-copa-sul-americana\/#primaryimage\"},\"image\":{\"@id\":\"https:\/\/www.notibras.com\/site\/goias-perde-nos-penaltis-e-da-adeus-a-copa-sul-americana\/#primaryimage\"},\"thumbnailUrl\":\"https:\/\/www.notibras.com\/site\/wp-content\/uploads\/2014\/10\/go1.jpg\",\"datePublished\":\"2014-10-15T21:27:34+00:00\",\"dateModified\":\"2014-10-16T14:53:14+00:00\",\"breadcrumb\":{\"@id\":\"https:\/\/www.notibras.com\/site\/goias-perde-nos-penaltis-e-da-adeus-a-copa-sul-americana\/#breadcrumb\"},\"inLanguage\":\"pt-BR\",\"potentialAction\":[{\"@type\":\"ReadAction\",\"target\":[\"https:\/\/www.notibras.com\/site\/goias-perde-nos-penaltis-e-da-adeus-a-copa-sul-americana\/\"]}]},{\"@type\":\"ImageObject\",\"inLanguage\":\"pt-BR\",\"@id\":\"https:\/\/www.notibras.com\/site\/goias-perde-nos-penaltis-e-da-adeus-a-copa-sul-americana\/#primaryimage\",\"url\":\"https:\/\/www.notibras.com\/site\/wp-content\/uploads\/2014\/10\/go1.jpg\",\"contentUrl\":\"https:\/\/www.notibras.com\/site\/wp-content\/uploads\/2014\/10\/go1.jpg\",\"width\":480,\"height\":640},{\"@type\":\"BreadcrumbList\",\"@id\":\"https:\/\/www.notibras.com\/site\/goias-perde-nos-penaltis-e-da-adeus-a-copa-sul-americana\/#breadcrumb\",\"itemListElement\":[{\"@type\":\"ListItem\",\"position\":1,\"name\":\"In\u00edcio\",\"item\":\"https:\/\/www.notibras.com\/site\/\"},{\"@type\":\"ListItem\",\"position\":2,\"name\":\"Goi\u00e1s perde nos p\u00eanaltis e d\u00e1 adeus \u00e0 Copa Sul-Americana\"}]},{\"@type\":\"WebSite\",\"@id\":\"https:\/\/www.notibras.com\/site\/#website\",\"url\":\"https:\/\/www.notibras.com\/site\/\",\"name\":\"Notibras\",\"description\":\"Not\u00edcias de Bras\u00edlia, do Brasil e do Mundo\",\"publisher\":{\"@id\":\"https:\/\/www.notibras.com\/site\/#organization\"},\"potentialAction\":[{\"@type\":\"SearchAction\",\"target\":{\"@type\":\"EntryPoint\",\"urlTemplate\":\"https:\/\/www.notibras.com\/site\/?s={search_term_string}\"},\"query-input\":{\"@type\":\"PropertyValueSpecification\",\"valueRequired\":true,\"valueName\":\"search_term_string\"}}],\"inLanguage\":\"pt-BR\"},{\"@type\":\"Organization\",\"@id\":\"https:\/\/www.notibras.com\/site\/#organization\",\"name\":\"Grupo Notibras de Comunica\u00e7\u00e3o\",\"url\":\"https:\/\/www.notibras.com\/site\/\",\"logo\":{\"@type\":\"ImageObject\",\"inLanguage\":\"pt-BR\",\"@id\":\"https:\/\/www.notibras.com\/site\/#\/schema\/logo\/image\/\",\"url\":\"https:\/\/www.notibras.com\/site\/wp-content\/uploads\/2023\/01\/notibras23.png\",\"contentUrl\":\"https:\/\/www.notibras.com\/site\/wp-content\/uploads\/2023\/01\/notibras23.png\",\"width\":350,\"height\":87,\"caption\":\"Grupo Notibras de Comunica\u00e7\u00e3o\"},\"image\":{\"@id\":\"https:\/\/www.notibras.com\/site\/#\/schema\/logo\/image\/\"},\"sameAs\":[\"https:\/\/www.facebook.com\/notibras\/\",\"https:\/\/x.com\/Notibras\",\"https:\/\/www.instagram.com\/notibras\/\"]},{\"@type\":\"Person\",\"@id\":\"https:\/\/www.notibras.com\/site\/#\/schema\/person\/36ab0979449956132d3e5b517ea76ac8\",\"name\":\"Reda\u00e7\u00e3o\",\"image\":{\"@type\":\"ImageObject\",\"inLanguage\":\"pt-BR\",\"@id\":\"https:\/\/secure.gravatar.com\/avatar\/e0a867bdedb85fd243eadf09663511f96fc81e0720a4a42581f334ad4303aa6b?s=96&d=mm&r=g\",\"url\":\"https:\/\/secure.gravatar.com\/avatar\/e0a867bdedb85fd243eadf09663511f96fc81e0720a4a42581f334ad4303aa6b?s=96&d=mm&r=g\",\"contentUrl\":\"https:\/\/secure.gravatar.com\/avatar\/e0a867bdedb85fd243eadf09663511f96fc81e0720a4a42581f334ad4303aa6b?s=96&d=mm&r=g\",\"caption\":\"Reda\u00e7\u00e3o\"}}]}<\/script>\n<!-- \/ Yoast SEO plugin. -->","yoast_head_json":{"title":"Goi\u00e1s perde nos p\u00eanaltis e d\u00e1 adeus \u00e0 Copa Sul-Americana - Notibras","robots":{"index":"index","follow":"follow","max-snippet":"max-snippet:-1","max-image-preview":"max-image-preview:large","max-video-preview":"max-video-preview:-1"},"canonical":"https:\/\/www.notibras.com\/site\/goias-perde-nos-penaltis-e-da-adeus-a-copa-sul-americana\/","og_locale":"pt_BR","og_type":"article","og_title":"Goi\u00e1s perde nos p\u00eanaltis e d\u00e1 adeus \u00e0 Copa Sul-Americana - Notibras","og_description":"A noite desta quarta-feira, certamente, n\u00e3o ser\u00e1 esquecida pelos torcedores do Goi\u00e1s. O Serra Dourada abrigou um bom p\u00fablico e se pintou da cor esmeralda para apoiar a representa\u00e7\u00e3o da casa, que precisava reverter uma vantagem imposta pelo Emelec (1 a 0) pela sobreviv\u00eancia na Copa Sul-americana. No tempo regulamentar, os comandados de Ricardo Drubscky [&hellip;]","og_url":"https:\/\/www.notibras.com\/site\/goias-perde-nos-penaltis-e-da-adeus-a-copa-sul-americana\/","og_site_name":"Notibras","article_publisher":"https:\/\/www.facebook.com\/notibras\/","article_published_time":"2014-10-15T21:27:34+00:00","article_modified_time":"2014-10-16T14:53:14+00:00","og_image":[{"width":480,"height":640,"url":"https:\/\/www.notibras.com\/site\/wp-content\/uploads\/2014\/10\/go1.jpg","type":"image\/jpeg"}],"author":"Reda\u00e7\u00e3o","twitter_card":"summary_large_image","twitter_creator":"@Notibras","twitter_site":"@Notibras","twitter_misc":{"Escrito por":"Reda\u00e7\u00e3o","Est. tempo de leitura":"3 minutos"},"schema":{"@context":"https:\/\/schema.org","@graph":[{"@type":"Article","@id":"https:\/\/www.notibras.com\/site\/goias-perde-nos-penaltis-e-da-adeus-a-copa-sul-americana\/#article","isPartOf":{"@id":"https:\/\/www.notibras.com\/site\/goias-perde-nos-penaltis-e-da-adeus-a-copa-sul-americana\/"},"author":{"name":"Reda\u00e7\u00e3o","@id":"https:\/\/www.notibras.com\/site\/#\/schema\/person\/36ab0979449956132d3e5b517ea76ac8"},"headline":"Goi\u00e1s perde nos p\u00eanaltis e d\u00e1 adeus \u00e0 Copa Sul-Americana","datePublished":"2014-10-15T21:27:34+00:00","dateModified":"2014-10-16T14:53:14+00:00","mainEntityOfPage":{"@id":"https:\/\/www.notibras.com\/site\/goias-perde-nos-penaltis-e-da-adeus-a-copa-sul-americana\/"},"wordCount":534,"commentCount":0,"publisher":{"@id":"https:\/\/www.notibras.com\/site\/#organization"},"image":{"@id":"https:\/\/www.notibras.com\/site\/goias-perde-nos-penaltis-e-da-adeus-a-copa-sul-americana\/#primaryimage"},"thumbnailUrl":"https:\/\/www.notibras.com\/site\/wp-content\/uploads\/2014\/10\/go1.jpg","articleSection":["Esportes","Futebol"],"inLanguage":"pt-BR","potentialAction":[{"@type":"CommentAction","name":"Comment","target":["https:\/\/www.notibras.com\/site\/goias-perde-nos-penaltis-e-da-adeus-a-copa-sul-americana\/#respond"]}]},{"@type":"WebPage","@id":"https:\/\/www.notibras.com\/site\/goias-perde-nos-penaltis-e-da-adeus-a-copa-sul-americana\/","url":"https:\/\/www.notibras.com\/site\/goias-perde-nos-penaltis-e-da-adeus-a-copa-sul-americana\/","name":"Goi\u00e1s perde nos p\u00eanaltis e d\u00e1 adeus \u00e0 Copa Sul-Americana - Notibras","isPartOf":{"@id":"https:\/\/www.notibras.com\/site\/#website"},"primaryImageOfPage":{"@id":"https:\/\/www.notibras.com\/site\/goias-perde-nos-penaltis-e-da-adeus-a-copa-sul-americana\/#primaryimage"},"image":{"@id":"https:\/\/www.notibras.com\/site\/goias-perde-nos-penaltis-e-da-adeus-a-copa-sul-americana\/#primaryimage"},"thumbnailUrl":"https:\/\/www.notibras.com\/site\/wp-content\/uploads\/2014\/10\/go1.jpg","datePublished":"2014-10-15T21:27:34+00:00","dateModified":"2014-10-16T14:53:14+00:00","breadcrumb":{"@id":"https:\/\/www.notibras.com\/site\/goias-perde-nos-penaltis-e-da-adeus-a-copa-sul-americana\/#breadcrumb"},"inLanguage":"pt-BR","potentialAction":[{"@type":"ReadAction","target":["https:\/\/www.notibras.com\/site\/goias-perde-nos-penaltis-e-da-adeus-a-copa-sul-americana\/"]}]},{"@type":"ImageObject","inLanguage":"pt-BR","@id":"https:\/\/www.notibras.com\/site\/goias-perde-nos-penaltis-e-da-adeus-a-copa-sul-americana\/#primaryimage","url":"https:\/\/www.notibras.com\/site\/wp-content\/uploads\/2014\/10\/go1.jpg","contentUrl":"https:\/\/www.notibras.com\/site\/wp-content\/uploads\/2014\/10\/go1.jpg","width":480,"height":640},{"@type":"BreadcrumbList","@id":"https:\/\/www.notibras.com\/site\/goias-perde-nos-penaltis-e-da-adeus-a-copa-sul-americana\/#breadcrumb","itemListElement":[{"@type":"ListItem","position":1,"name":"In\u00edcio","item":"https:\/\/www.notibras.com\/site\/"},{"@type":"ListItem","position":2,"name":"Goi\u00e1s perde nos p\u00eanaltis e d\u00e1 adeus \u00e0 Copa Sul-Americana"}]},{"@type":"WebSite","@id":"https:\/\/www.notibras.com\/site\/#website","url":"https:\/\/www.notibras.com\/site\/","name":"Notibras","description":"Not\u00edcias de Bras\u00edlia, do Brasil e do Mundo","publisher":{"@id":"https:\/\/www.notibras.com\/site\/#organization"},"potentialAction":[{"@type":"SearchAction","target":{"@type":"EntryPoint","urlTemplate":"https:\/\/www.notibras.com\/site\/?s={search_term_string}"},"query-input":{"@type":"PropertyValueSpecification","valueRequired":true,"valueName":"search_term_string"}}],"inLanguage":"pt-BR"},{"@type":"Organization","@id":"https:\/\/www.notibras.com\/site\/#organization","name":"Grupo Notibras de Comunica\u00e7\u00e3o","url":"https:\/\/www.notibras.com\/site\/","logo":{"@type":"ImageObject","inLanguage":"pt-BR","@id":"https:\/\/www.notibras.com\/site\/#\/schema\/logo\/image\/","url":"https:\/\/www.notibras.com\/site\/wp-content\/uploads\/2023\/01\/notibras23.png","contentUrl":"https:\/\/www.notibras.com\/site\/wp-content\/uploads\/2023\/01\/notibras23.png","width":350,"height":87,"caption":"Grupo Notibras de Comunica\u00e7\u00e3o"},"image":{"@id":"https:\/\/www.notibras.com\/site\/#\/schema\/logo\/image\/"},"sameAs":["https:\/\/www.facebook.com\/notibras\/","https:\/\/x.com\/Notibras","https:\/\/www.instagram.com\/notibras\/"]},{"@type":"Person","@id":"https:\/\/www.notibras.com\/site\/#\/schema\/person\/36ab0979449956132d3e5b517ea76ac8","name":"Reda\u00e7\u00e3o","image":{"@type":"ImageObject","inLanguage":"pt-BR","@id":"https:\/\/secure.gravatar.com\/avatar\/e0a867bdedb85fd243eadf09663511f96fc81e0720a4a42581f334ad4303aa6b?s=96&d=mm&r=g","url":"https:\/\/secure.gravatar.com\/avatar\/e0a867bdedb85fd243eadf09663511f96fc81e0720a4a42581f334ad4303aa6b?s=96&d=mm&r=g","contentUrl":"https:\/\/secure.gravatar.com\/avatar\/e0a867bdedb85fd243eadf09663511f96fc81e0720a4a42581f334ad4303aa6b?s=96&d=mm&r=g","caption":"Reda\u00e7\u00e3o"}}]}},"amp_enabled":true,"_links":{"self":[{"href":"https:\/\/www.notibras.com\/site\/wp-json\/wp\/v2\/posts\/25099","targetHints":{"allow":["GET"]}}],"collection":[{"href":"https:\/\/www.notibras.com\/site\/wp-json\/wp\/v2\/posts"}],"about":[{"href":"https:\/\/www.notibras.com\/site\/wp-json\/wp\/v2\/types\/post"}],"author":[{"embeddable":true,"href":"https:\/\/www.notibras.com\/site\/wp-json\/wp\/v2\/users\/2"}],"replies":[{"embeddable":true,"href":"https:\/\/www.notibras.com\/site\/wp-json\/wp\/v2\/comments?post=25099"}],"version-history":[{"count":0,"href":"https:\/\/www.notibras.com\/site\/wp-json\/wp\/v2\/posts\/25099\/revisions"}],"wp:featuredmedia":[{"embeddable":true,"href":"https:\/\/www.notibras.com\/site\/wp-json\/wp\/v2\/media\/25100"}],"wp:attachment":[{"href":"https:\/\/www.notibras.com\/site\/wp-json\/wp\/v2\/media?parent=25099"}],"wp:term":[{"taxonomy":"category","embeddable":true,"href":"https:\/\/www.notibras.com\/site\/wp-json\/wp\/v2\/categories?post=25099"},{"taxonomy":"post_tag","embeddable":true,"href":"https:\/\/www.notibras.com\/site\/wp-json\/wp\/v2\/tags?post=25099"}],"curies":[{"name":"wp","href":"https:\/\/api.w.org\/{rel}","templated":true}]}}