{"id":2510,"date":"2014-02-22T15:50:44","date_gmt":"2014-02-22T18:50:44","guid":{"rendered":"http:\/\/www.notibras.com\/site\/?p=2510"},"modified":"2014-02-22T15:52:47","modified_gmt":"2014-02-22T18:52:47","slug":"acao-conjunta-de-policias-mata-em-minas-nove-assalantes-de-bancos","status":"publish","type":"post","link":"https:\/\/www.notibras.com\/site\/acao-conjunta-de-policias-mata-em-minas-nove-assalantes-de-bancos\/","title":{"rendered":"A\u00e7\u00e3o conjunta mata 9 assaltantes de bancos"},"content":{"rendered":"<p>Nove suspeitos de roubo a bancos foram mortos em uma opera\u00e7\u00e3o conjunta de pol\u00edcias de Minas Gerais, S\u00e3o Paulo e federal na madrugada deste s\u00e1bado em Itamonte (MG). As v\u00edtimas eram integrantes de uma quadrilha especializada e participaram da explos\u00e3o de um caixa eletr\u00f4nico na cidade por volta das 2h.<\/p>\n<p>A pol\u00edcia agiu, e houve troca de tiros entre policiais e os suspeitos, que haviam deixado S\u00e3o Paulo para\u00a0assaltar caixas eletr\u00f4nicos em cidades do sul de Minas, conforme a assessoria da Pol\u00edcia Civil do Estado. Um policial civil foi baleado no bra\u00e7o durante a a\u00e7\u00e3o, mas n\u00e3o corre risco de morrer. Com a quadrilha, foram apreendidos\u00a0fuzis, pistolas e\u00a0bananas de dinamite.<\/p>\n<p>A pol\u00edcia seguia os passos da quadrilha e apurou que os criminosos pretendiam voltar a atacar\u00a0Itamonte e outras cidades na regi\u00e3o entre os dois Estados. O grupo estava sendo monitorado h\u00e1 aproximadamente dois meses. Cerca de 15 deles sa\u00edram\u00a0armados de S\u00e3o Paulo em sete carros, conforme a Pol\u00edcia Civil de Minas Gerais,\u00a0e foram acompanhados por policiais durante o caminho.<\/p>\n<p>Mais de 80 agentes participaram da opera\u00e7\u00e3o. Quando chegaram \u00e0 cidade, os bandidos explodiram um caixa eletr\u00f4nico, mas logo foram surpreendidos e come\u00e7ou um tiroteio.<\/p>\n<p>Na troca de tiros, nove suspeitos morreram, cinco foram presos\u00a0(entre eles,\u00a0tr\u00eas ficaram feridos)\u00a0e um conseguiu fugir e est\u00e1 sendo procurado. Buscas est\u00e3o sendo feitas pr\u00f3ximo ao matagal onde ele se escondeu, conforme o chefe do Departamento de Pol\u00edcia Civil de Pouso Alegre, delegado Jo\u00e3o Eus\u00e9bio. Os sete ve\u00edculos utilizados pela quadrilha foram apreendidos.<\/p>\n<p>Al\u00e9m de roubar os cinco caixas eletr\u00f4nicos de Itamonte, a quadrilha planejava dominar o pelot\u00e3o da Pol\u00edcia Militar local, segundo explicou\u00a0o titular da Delegacia de Investiga\u00e7\u00f5es sobre Roubo a Bancos de S\u00e3o Paulo (Deic), delegado F\u00e1bio Pinheiro Lopes. Um dos confrontos se deu perto da unidade da PM, onde suspeitos tamb\u00e9m foram mortos.<\/p>\n<p>A opera\u00e7\u00e3o conjunta contou com agentes\u00a0da Pol\u00edcia Civil de Minas Gerais,\u00a0Pol\u00edcia Civil de S\u00e3o Paulo, Pol\u00edcia Rodovi\u00e1ria Federal e a Pol\u00edcia Militar mineira.<\/p>\n","protected":false},"excerpt":{"rendered":"<p>Nove suspeitos de roubo a bancos foram mortos em uma opera\u00e7\u00e3o conjunta de pol\u00edcias de Minas Gerais, S\u00e3o Paulo e federal na madrugada deste s\u00e1bado em Itamonte (MG). As v\u00edtimas eram integrantes de uma quadrilha especializada e participaram da explos\u00e3o de um caixa eletr\u00f4nico na cidade por volta das 2h. A pol\u00edcia agiu, e houve [&hellip;]<\/p>\n","protected":false},"author":2,"featured_media":2511,"comment_status":"open","ping_status":"closed","sticky":false,"template":"","format":"standard","meta":{"_acf_changed":false,"footnotes":""},"categories":[16],"tags":[],"class_list":["post-2510","post","type-post","status-publish","format-standard","has-post-thumbnail","hentry","category-brasil"],"acf":[],"yoast_head":"<!-- This site is optimized with the Yoast SEO plugin v27.2 - https:\/\/yoast.com\/product\/yoast-seo-wordpress\/ -->\n<title>A\u00e7\u00e3o conjunta mata 9 assaltantes de bancos - Notibras<\/title>\n<meta name=\"robots\" content=\"index, follow, max-snippet:-1, max-image-preview:large, max-video-preview:-1\" \/>\n<link rel=\"canonical\" href=\"https:\/\/www.notibras.com\/site\/acao-conjunta-de-policias-mata-em-minas-nove-assalantes-de-bancos\/\" \/>\n<meta property=\"og:locale\" content=\"pt_BR\" \/>\n<meta property=\"og:type\" content=\"article\" \/>\n<meta property=\"og:title\" content=\"A\u00e7\u00e3o conjunta mata 9 assaltantes de bancos - Notibras\" \/>\n<meta property=\"og:description\" content=\"Nove suspeitos de roubo a bancos foram mortos em uma opera\u00e7\u00e3o conjunta de pol\u00edcias de Minas Gerais, S\u00e3o Paulo e federal na madrugada deste s\u00e1bado em Itamonte (MG). As v\u00edtimas eram integrantes de uma quadrilha especializada e participaram da explos\u00e3o de um caixa eletr\u00f4nico na cidade por volta das 2h. A pol\u00edcia agiu, e houve [&hellip;]\" \/>\n<meta property=\"og:url\" content=\"https:\/\/www.notibras.com\/site\/acao-conjunta-de-policias-mata-em-minas-nove-assalantes-de-bancos\/\" \/>\n<meta property=\"og:site_name\" content=\"Notibras\" \/>\n<meta property=\"article:publisher\" content=\"https:\/\/www.facebook.com\/notibras\/\" \/>\n<meta property=\"article:published_time\" content=\"2014-02-22T18:50:44+00:00\" \/>\n<meta property=\"article:modified_time\" content=\"2014-02-22T18:52:47+00:00\" \/>\n<meta property=\"og:image\" content=\"https:\/\/www.notibras.com\/site\/wp-content\/uploads\/2014\/02\/eb98c91f6925381df8f5981eb09169e4.jpg\" \/>\n\t<meta property=\"og:image:width\" content=\"620\" \/>\n\t<meta property=\"og:image:height\" content=\"510\" \/>\n\t<meta property=\"og:image:type\" content=\"image\/jpeg\" \/>\n<meta name=\"author\" content=\"Reda\u00e7\u00e3o\" \/>\n<meta name=\"twitter:card\" content=\"summary_large_image\" \/>\n<meta name=\"twitter:creator\" content=\"@Notibras\" \/>\n<meta name=\"twitter:site\" content=\"@Notibras\" \/>\n<meta name=\"twitter:label1\" content=\"Escrito por\" \/>\n\t<meta name=\"twitter:data1\" content=\"Reda\u00e7\u00e3o\" \/>\n\t<meta name=\"twitter:label2\" content=\"Est. tempo de leitura\" \/>\n\t<meta name=\"twitter:data2\" content=\"2 minutos\" \/>\n<script type=\"application\/ld+json\" class=\"yoast-schema-graph\">{\"@context\":\"https:\/\/schema.org\",\"@graph\":[{\"@type\":\"Article\",\"@id\":\"https:\/\/www.notibras.com\/site\/acao-conjunta-de-policias-mata-em-minas-nove-assalantes-de-bancos\/#article\",\"isPartOf\":{\"@id\":\"https:\/\/www.notibras.com\/site\/acao-conjunta-de-policias-mata-em-minas-nove-assalantes-de-bancos\/\"},\"author\":{\"name\":\"Reda\u00e7\u00e3o\",\"@id\":\"https:\/\/www.notibras.com\/site\/#\/schema\/person\/36ab0979449956132d3e5b517ea76ac8\"},\"headline\":\"A\u00e7\u00e3o conjunta mata 9 assaltantes de bancos\",\"datePublished\":\"2014-02-22T18:50:44+00:00\",\"dateModified\":\"2014-02-22T18:52:47+00:00\",\"mainEntityOfPage\":{\"@id\":\"https:\/\/www.notibras.com\/site\/acao-conjunta-de-policias-mata-em-minas-nove-assalantes-de-bancos\/\"},\"wordCount\":383,\"commentCount\":0,\"publisher\":{\"@id\":\"https:\/\/www.notibras.com\/site\/#organization\"},\"image\":{\"@id\":\"https:\/\/www.notibras.com\/site\/acao-conjunta-de-policias-mata-em-minas-nove-assalantes-de-bancos\/#primaryimage\"},\"thumbnailUrl\":\"https:\/\/www.notibras.com\/site\/wp-content\/uploads\/2014\/02\/eb98c91f6925381df8f5981eb09169e4.jpg\",\"articleSection\":[\"Brasil\"],\"inLanguage\":\"pt-BR\",\"potentialAction\":[{\"@type\":\"CommentAction\",\"name\":\"Comment\",\"target\":[\"https:\/\/www.notibras.com\/site\/acao-conjunta-de-policias-mata-em-minas-nove-assalantes-de-bancos\/#respond\"]}]},{\"@type\":\"WebPage\",\"@id\":\"https:\/\/www.notibras.com\/site\/acao-conjunta-de-policias-mata-em-minas-nove-assalantes-de-bancos\/\",\"url\":\"https:\/\/www.notibras.com\/site\/acao-conjunta-de-policias-mata-em-minas-nove-assalantes-de-bancos\/\",\"name\":\"A\u00e7\u00e3o conjunta mata 9 assaltantes de bancos - Notibras\",\"isPartOf\":{\"@id\":\"https:\/\/www.notibras.com\/site\/#website\"},\"primaryImageOfPage\":{\"@id\":\"https:\/\/www.notibras.com\/site\/acao-conjunta-de-policias-mata-em-minas-nove-assalantes-de-bancos\/#primaryimage\"},\"image\":{\"@id\":\"https:\/\/www.notibras.com\/site\/acao-conjunta-de-policias-mata-em-minas-nove-assalantes-de-bancos\/#primaryimage\"},\"thumbnailUrl\":\"https:\/\/www.notibras.com\/site\/wp-content\/uploads\/2014\/02\/eb98c91f6925381df8f5981eb09169e4.jpg\",\"datePublished\":\"2014-02-22T18:50:44+00:00\",\"dateModified\":\"2014-02-22T18:52:47+00:00\",\"breadcrumb\":{\"@id\":\"https:\/\/www.notibras.com\/site\/acao-conjunta-de-policias-mata-em-minas-nove-assalantes-de-bancos\/#breadcrumb\"},\"inLanguage\":\"pt-BR\",\"potentialAction\":[{\"@type\":\"ReadAction\",\"target\":[\"https:\/\/www.notibras.com\/site\/acao-conjunta-de-policias-mata-em-minas-nove-assalantes-de-bancos\/\"]}]},{\"@type\":\"ImageObject\",\"inLanguage\":\"pt-BR\",\"@id\":\"https:\/\/www.notibras.com\/site\/acao-conjunta-de-policias-mata-em-minas-nove-assalantes-de-bancos\/#primaryimage\",\"url\":\"https:\/\/www.notibras.com\/site\/wp-content\/uploads\/2014\/02\/eb98c91f6925381df8f5981eb09169e4.jpg\",\"contentUrl\":\"https:\/\/www.notibras.com\/site\/wp-content\/uploads\/2014\/02\/eb98c91f6925381df8f5981eb09169e4.jpg\",\"width\":620,\"height\":510},{\"@type\":\"BreadcrumbList\",\"@id\":\"https:\/\/www.notibras.com\/site\/acao-conjunta-de-policias-mata-em-minas-nove-assalantes-de-bancos\/#breadcrumb\",\"itemListElement\":[{\"@type\":\"ListItem\",\"position\":1,\"name\":\"In\u00edcio\",\"item\":\"https:\/\/www.notibras.com\/site\/\"},{\"@type\":\"ListItem\",\"position\":2,\"name\":\"A\u00e7\u00e3o conjunta mata 9 assaltantes de bancos\"}]},{\"@type\":\"WebSite\",\"@id\":\"https:\/\/www.notibras.com\/site\/#website\",\"url\":\"https:\/\/www.notibras.com\/site\/\",\"name\":\"Notibras\",\"description\":\"Not\u00edcias de Bras\u00edlia, do Brasil e do Mundo\",\"publisher\":{\"@id\":\"https:\/\/www.notibras.com\/site\/#organization\"},\"potentialAction\":[{\"@type\":\"SearchAction\",\"target\":{\"@type\":\"EntryPoint\",\"urlTemplate\":\"https:\/\/www.notibras.com\/site\/?s={search_term_string}\"},\"query-input\":{\"@type\":\"PropertyValueSpecification\",\"valueRequired\":true,\"valueName\":\"search_term_string\"}}],\"inLanguage\":\"pt-BR\"},{\"@type\":\"Organization\",\"@id\":\"https:\/\/www.notibras.com\/site\/#organization\",\"name\":\"Grupo Notibras de Comunica\u00e7\u00e3o\",\"url\":\"https:\/\/www.notibras.com\/site\/\",\"logo\":{\"@type\":\"ImageObject\",\"inLanguage\":\"pt-BR\",\"@id\":\"https:\/\/www.notibras.com\/site\/#\/schema\/logo\/image\/\",\"url\":\"https:\/\/www.notibras.com\/site\/wp-content\/uploads\/2023\/01\/notibras23.png\",\"contentUrl\":\"https:\/\/www.notibras.com\/site\/wp-content\/uploads\/2023\/01\/notibras23.png\",\"width\":350,\"height\":87,\"caption\":\"Grupo Notibras de Comunica\u00e7\u00e3o\"},\"image\":{\"@id\":\"https:\/\/www.notibras.com\/site\/#\/schema\/logo\/image\/\"},\"sameAs\":[\"https:\/\/www.facebook.com\/notibras\/\",\"https:\/\/x.com\/Notibras\",\"https:\/\/www.instagram.com\/notibras\/\"]},{\"@type\":\"Person\",\"@id\":\"https:\/\/www.notibras.com\/site\/#\/schema\/person\/36ab0979449956132d3e5b517ea76ac8\",\"name\":\"Reda\u00e7\u00e3o\",\"image\":{\"@type\":\"ImageObject\",\"inLanguage\":\"pt-BR\",\"@id\":\"https:\/\/secure.gravatar.com\/avatar\/e0a867bdedb85fd243eadf09663511f96fc81e0720a4a42581f334ad4303aa6b?s=96&d=mm&r=g\",\"url\":\"https:\/\/secure.gravatar.com\/avatar\/e0a867bdedb85fd243eadf09663511f96fc81e0720a4a42581f334ad4303aa6b?s=96&d=mm&r=g\",\"contentUrl\":\"https:\/\/secure.gravatar.com\/avatar\/e0a867bdedb85fd243eadf09663511f96fc81e0720a4a42581f334ad4303aa6b?s=96&d=mm&r=g\",\"caption\":\"Reda\u00e7\u00e3o\"}}]}<\/script>\n<!-- \/ Yoast SEO plugin. -->","yoast_head_json":{"title":"A\u00e7\u00e3o conjunta mata 9 assaltantes de bancos - Notibras","robots":{"index":"index","follow":"follow","max-snippet":"max-snippet:-1","max-image-preview":"max-image-preview:large","max-video-preview":"max-video-preview:-1"},"canonical":"https:\/\/www.notibras.com\/site\/acao-conjunta-de-policias-mata-em-minas-nove-assalantes-de-bancos\/","og_locale":"pt_BR","og_type":"article","og_title":"A\u00e7\u00e3o conjunta mata 9 assaltantes de bancos - Notibras","og_description":"Nove suspeitos de roubo a bancos foram mortos em uma opera\u00e7\u00e3o conjunta de pol\u00edcias de Minas Gerais, S\u00e3o Paulo e federal na madrugada deste s\u00e1bado em Itamonte (MG). As v\u00edtimas eram integrantes de uma quadrilha especializada e participaram da explos\u00e3o de um caixa eletr\u00f4nico na cidade por volta das 2h. A pol\u00edcia agiu, e houve [&hellip;]","og_url":"https:\/\/www.notibras.com\/site\/acao-conjunta-de-policias-mata-em-minas-nove-assalantes-de-bancos\/","og_site_name":"Notibras","article_publisher":"https:\/\/www.facebook.com\/notibras\/","article_published_time":"2014-02-22T18:50:44+00:00","article_modified_time":"2014-02-22T18:52:47+00:00","og_image":[{"width":620,"height":510,"url":"https:\/\/www.notibras.com\/site\/wp-content\/uploads\/2014\/02\/eb98c91f6925381df8f5981eb09169e4.jpg","type":"image\/jpeg"}],"author":"Reda\u00e7\u00e3o","twitter_card":"summary_large_image","twitter_creator":"@Notibras","twitter_site":"@Notibras","twitter_misc":{"Escrito por":"Reda\u00e7\u00e3o","Est. tempo de leitura":"2 minutos"},"schema":{"@context":"https:\/\/schema.org","@graph":[{"@type":"Article","@id":"https:\/\/www.notibras.com\/site\/acao-conjunta-de-policias-mata-em-minas-nove-assalantes-de-bancos\/#article","isPartOf":{"@id":"https:\/\/www.notibras.com\/site\/acao-conjunta-de-policias-mata-em-minas-nove-assalantes-de-bancos\/"},"author":{"name":"Reda\u00e7\u00e3o","@id":"https:\/\/www.notibras.com\/site\/#\/schema\/person\/36ab0979449956132d3e5b517ea76ac8"},"headline":"A\u00e7\u00e3o conjunta mata 9 assaltantes de bancos","datePublished":"2014-02-22T18:50:44+00:00","dateModified":"2014-02-22T18:52:47+00:00","mainEntityOfPage":{"@id":"https:\/\/www.notibras.com\/site\/acao-conjunta-de-policias-mata-em-minas-nove-assalantes-de-bancos\/"},"wordCount":383,"commentCount":0,"publisher":{"@id":"https:\/\/www.notibras.com\/site\/#organization"},"image":{"@id":"https:\/\/www.notibras.com\/site\/acao-conjunta-de-policias-mata-em-minas-nove-assalantes-de-bancos\/#primaryimage"},"thumbnailUrl":"https:\/\/www.notibras.com\/site\/wp-content\/uploads\/2014\/02\/eb98c91f6925381df8f5981eb09169e4.jpg","articleSection":["Brasil"],"inLanguage":"pt-BR","potentialAction":[{"@type":"CommentAction","name":"Comment","target":["https:\/\/www.notibras.com\/site\/acao-conjunta-de-policias-mata-em-minas-nove-assalantes-de-bancos\/#respond"]}]},{"@type":"WebPage","@id":"https:\/\/www.notibras.com\/site\/acao-conjunta-de-policias-mata-em-minas-nove-assalantes-de-bancos\/","url":"https:\/\/www.notibras.com\/site\/acao-conjunta-de-policias-mata-em-minas-nove-assalantes-de-bancos\/","name":"A\u00e7\u00e3o conjunta mata 9 assaltantes de bancos - Notibras","isPartOf":{"@id":"https:\/\/www.notibras.com\/site\/#website"},"primaryImageOfPage":{"@id":"https:\/\/www.notibras.com\/site\/acao-conjunta-de-policias-mata-em-minas-nove-assalantes-de-bancos\/#primaryimage"},"image":{"@id":"https:\/\/www.notibras.com\/site\/acao-conjunta-de-policias-mata-em-minas-nove-assalantes-de-bancos\/#primaryimage"},"thumbnailUrl":"https:\/\/www.notibras.com\/site\/wp-content\/uploads\/2014\/02\/eb98c91f6925381df8f5981eb09169e4.jpg","datePublished":"2014-02-22T18:50:44+00:00","dateModified":"2014-02-22T18:52:47+00:00","breadcrumb":{"@id":"https:\/\/www.notibras.com\/site\/acao-conjunta-de-policias-mata-em-minas-nove-assalantes-de-bancos\/#breadcrumb"},"inLanguage":"pt-BR","potentialAction":[{"@type":"ReadAction","target":["https:\/\/www.notibras.com\/site\/acao-conjunta-de-policias-mata-em-minas-nove-assalantes-de-bancos\/"]}]},{"@type":"ImageObject","inLanguage":"pt-BR","@id":"https:\/\/www.notibras.com\/site\/acao-conjunta-de-policias-mata-em-minas-nove-assalantes-de-bancos\/#primaryimage","url":"https:\/\/www.notibras.com\/site\/wp-content\/uploads\/2014\/02\/eb98c91f6925381df8f5981eb09169e4.jpg","contentUrl":"https:\/\/www.notibras.com\/site\/wp-content\/uploads\/2014\/02\/eb98c91f6925381df8f5981eb09169e4.jpg","width":620,"height":510},{"@type":"BreadcrumbList","@id":"https:\/\/www.notibras.com\/site\/acao-conjunta-de-policias-mata-em-minas-nove-assalantes-de-bancos\/#breadcrumb","itemListElement":[{"@type":"ListItem","position":1,"name":"In\u00edcio","item":"https:\/\/www.notibras.com\/site\/"},{"@type":"ListItem","position":2,"name":"A\u00e7\u00e3o conjunta mata 9 assaltantes de bancos"}]},{"@type":"WebSite","@id":"https:\/\/www.notibras.com\/site\/#website","url":"https:\/\/www.notibras.com\/site\/","name":"Notibras","description":"Not\u00edcias de Bras\u00edlia, do Brasil e do Mundo","publisher":{"@id":"https:\/\/www.notibras.com\/site\/#organization"},"potentialAction":[{"@type":"SearchAction","target":{"@type":"EntryPoint","urlTemplate":"https:\/\/www.notibras.com\/site\/?s={search_term_string}"},"query-input":{"@type":"PropertyValueSpecification","valueRequired":true,"valueName":"search_term_string"}}],"inLanguage":"pt-BR"},{"@type":"Organization","@id":"https:\/\/www.notibras.com\/site\/#organization","name":"Grupo Notibras de Comunica\u00e7\u00e3o","url":"https:\/\/www.notibras.com\/site\/","logo":{"@type":"ImageObject","inLanguage":"pt-BR","@id":"https:\/\/www.notibras.com\/site\/#\/schema\/logo\/image\/","url":"https:\/\/www.notibras.com\/site\/wp-content\/uploads\/2023\/01\/notibras23.png","contentUrl":"https:\/\/www.notibras.com\/site\/wp-content\/uploads\/2023\/01\/notibras23.png","width":350,"height":87,"caption":"Grupo Notibras de Comunica\u00e7\u00e3o"},"image":{"@id":"https:\/\/www.notibras.com\/site\/#\/schema\/logo\/image\/"},"sameAs":["https:\/\/www.facebook.com\/notibras\/","https:\/\/x.com\/Notibras","https:\/\/www.instagram.com\/notibras\/"]},{"@type":"Person","@id":"https:\/\/www.notibras.com\/site\/#\/schema\/person\/36ab0979449956132d3e5b517ea76ac8","name":"Reda\u00e7\u00e3o","image":{"@type":"ImageObject","inLanguage":"pt-BR","@id":"https:\/\/secure.gravatar.com\/avatar\/e0a867bdedb85fd243eadf09663511f96fc81e0720a4a42581f334ad4303aa6b?s=96&d=mm&r=g","url":"https:\/\/secure.gravatar.com\/avatar\/e0a867bdedb85fd243eadf09663511f96fc81e0720a4a42581f334ad4303aa6b?s=96&d=mm&r=g","contentUrl":"https:\/\/secure.gravatar.com\/avatar\/e0a867bdedb85fd243eadf09663511f96fc81e0720a4a42581f334ad4303aa6b?s=96&d=mm&r=g","caption":"Reda\u00e7\u00e3o"}}]}},"amp_enabled":true,"_links":{"self":[{"href":"https:\/\/www.notibras.com\/site\/wp-json\/wp\/v2\/posts\/2510","targetHints":{"allow":["GET"]}}],"collection":[{"href":"https:\/\/www.notibras.com\/site\/wp-json\/wp\/v2\/posts"}],"about":[{"href":"https:\/\/www.notibras.com\/site\/wp-json\/wp\/v2\/types\/post"}],"author":[{"embeddable":true,"href":"https:\/\/www.notibras.com\/site\/wp-json\/wp\/v2\/users\/2"}],"replies":[{"embeddable":true,"href":"https:\/\/www.notibras.com\/site\/wp-json\/wp\/v2\/comments?post=2510"}],"version-history":[{"count":0,"href":"https:\/\/www.notibras.com\/site\/wp-json\/wp\/v2\/posts\/2510\/revisions"}],"wp:featuredmedia":[{"embeddable":true,"href":"https:\/\/www.notibras.com\/site\/wp-json\/wp\/v2\/media\/2511"}],"wp:attachment":[{"href":"https:\/\/www.notibras.com\/site\/wp-json\/wp\/v2\/media?parent=2510"}],"wp:term":[{"taxonomy":"category","embeddable":true,"href":"https:\/\/www.notibras.com\/site\/wp-json\/wp\/v2\/categories?post=2510"},{"taxonomy":"post_tag","embeddable":true,"href":"https:\/\/www.notibras.com\/site\/wp-json\/wp\/v2\/tags?post=2510"}],"curies":[{"name":"wp","href":"https:\/\/api.w.org\/{rel}","templated":true}]}}