{"id":25113,"date":"2014-10-16T07:07:08","date_gmt":"2014-10-16T10:07:08","guid":{"rendered":"http:\/\/www.notibras.com\/site\/?p=25113"},"modified":"2014-10-16T07:07:08","modified_gmt":"2014-10-16T10:07:08","slug":"claudio-e-maruska-passam-noites-em-claro-quem-balanca-o-filho","status":"publish","type":"post","link":"https:\/\/www.notibras.com\/site\/claudio-e-maruska-passam-noites-em-claro-quem-balanca-o-filho\/","title":{"rendered":"Cl\u00e1udio e Maruska passam noites em claro. Quem balan\u00e7a o filho?"},"content":{"rendered":"<p>Com o caixa no vermelho, supostamente falida como est\u00e1 o governo de Agnelo Queiroz em fim de festa, a Terracap vive \u00e0s voltas com um dilema: ou toca, \u00e0 revelia dos interesses da sociedade brasiliense, o projeto de reforma do Aut\u00f3dromo Nelson Piquet para sediar uma etapa da F\u00f3rmula Indy em 2015, ou deixa para o pr\u00f3ximo ocupante do Pal\u00e1cio do Buriti a responsabilidade de pagar uma multa por quebra de contrato avaliada em muitos milh\u00f5es de reais. Cl\u00e1udio Monteiro, que avalizou o projeto, tem passado noites em claro queimando calorias, como Maruska Lima, sem saber o que fazer.\u00a0 Assessores de Rodrigo Rollemberg e Jofran Frejat, que disputam o governo, lavam as m\u00e3os. E dizem que quem pariu (ou que venha a parir) Mateus, Duda, V\u00edtor ou que nome tenha, que balance.<\/p>\n","protected":false},"excerpt":{"rendered":"<p>Com o caixa no vermelho, supostamente falida como est\u00e1 o governo de Agnelo Queiroz em fim de festa, a Terracap vive \u00e0s voltas com um dilema: ou toca, \u00e0 revelia dos interesses da sociedade brasiliense, o projeto de reforma do Aut\u00f3dromo Nelson Piquet para sediar uma etapa da F\u00f3rmula Indy em 2015, ou deixa para [&hellip;]<\/p>\n","protected":false},"author":2,"featured_media":25114,"comment_status":"open","ping_status":"closed","sticky":false,"template":"","format":"standard","meta":{"_acf_changed":false,"footnotes":""},"categories":[26],"tags":[],"class_list":["post-25113","post","type-post","status-publish","format-standard","has-post-thumbnail","hentry","category-eleicoes-2022"],"acf":[],"yoast_head":"<!-- This site is optimized with the Yoast SEO plugin v27.5 - https:\/\/yoast.com\/product\/yoast-seo-wordpress\/ -->\n<title>Cl\u00e1udio e Maruska passam noites em claro. Quem balan\u00e7a o filho? - Notibras<\/title>\n<meta name=\"robots\" content=\"index, follow, max-snippet:-1, max-image-preview:large, max-video-preview:-1\" \/>\n<link rel=\"canonical\" href=\"https:\/\/www.notibras.com\/site\/claudio-e-maruska-passam-noites-em-claro-quem-balanca-o-filho\/\" \/>\n<meta property=\"og:locale\" content=\"pt_BR\" \/>\n<meta property=\"og:type\" content=\"article\" \/>\n<meta property=\"og:title\" content=\"Cl\u00e1udio e Maruska passam noites em claro. Quem balan\u00e7a o filho? - Notibras\" \/>\n<meta property=\"og:description\" content=\"Com o caixa no vermelho, supostamente falida como est\u00e1 o governo de Agnelo Queiroz em fim de festa, a Terracap vive \u00e0s voltas com um dilema: ou toca, \u00e0 revelia dos interesses da sociedade brasiliense, o projeto de reforma do Aut\u00f3dromo Nelson Piquet para sediar uma etapa da F\u00f3rmula Indy em 2015, ou deixa para [&hellip;]\" \/>\n<meta property=\"og:url\" content=\"https:\/\/www.notibras.com\/site\/claudio-e-maruska-passam-noites-em-claro-quem-balanca-o-filho\/\" \/>\n<meta property=\"og:site_name\" content=\"Notibras\" \/>\n<meta property=\"article:publisher\" content=\"https:\/\/www.facebook.com\/notibras\/\" \/>\n<meta property=\"article:published_time\" content=\"2014-10-16T10:07:08+00:00\" \/>\n<meta property=\"og:image\" content=\"https:\/\/www.notibras.com\/site\/wp-content\/uploads\/2014\/10\/Indy.jpg\" \/>\n\t<meta property=\"og:image:width\" content=\"800\" \/>\n\t<meta property=\"og:image:height\" content=\"586\" \/>\n\t<meta property=\"og:image:type\" content=\"image\/jpeg\" \/>\n<meta name=\"author\" content=\"Reda\u00e7\u00e3o\" \/>\n<meta name=\"twitter:card\" content=\"summary_large_image\" \/>\n<meta name=\"twitter:creator\" content=\"@Notibras\" \/>\n<meta name=\"twitter:site\" content=\"@Notibras\" \/>\n<meta name=\"twitter:label1\" content=\"Escrito por\" \/>\n\t<meta name=\"twitter:data1\" content=\"Reda\u00e7\u00e3o\" \/>\n\t<meta name=\"twitter:label2\" content=\"Est. tempo de leitura\" \/>\n\t<meta name=\"twitter:data2\" content=\"1 minuto\" \/>\n<script type=\"application\/ld+json\" class=\"yoast-schema-graph\">{\"@context\":\"https:\\\/\\\/schema.org\",\"@graph\":[{\"@type\":\"Article\",\"@id\":\"https:\\\/\\\/www.notibras.com\\\/site\\\/claudio-e-maruska-passam-noites-em-claro-quem-balanca-o-filho\\\/#article\",\"isPartOf\":{\"@id\":\"https:\\\/\\\/www.notibras.com\\\/site\\\/claudio-e-maruska-passam-noites-em-claro-quem-balanca-o-filho\\\/\"},\"author\":{\"name\":\"Reda\u00e7\u00e3o\",\"@id\":\"https:\\\/\\\/www.notibras.com\\\/site\\\/#\\\/schema\\\/person\\\/36ab0979449956132d3e5b517ea76ac8\"},\"headline\":\"Cl\u00e1udio e Maruska passam noites em claro. Quem balan\u00e7a o filho?\",\"datePublished\":\"2014-10-16T10:07:08+00:00\",\"mainEntityOfPage\":{\"@id\":\"https:\\\/\\\/www.notibras.com\\\/site\\\/claudio-e-maruska-passam-noites-em-claro-quem-balanca-o-filho\\\/\"},\"wordCount\":151,\"commentCount\":0,\"publisher\":{\"@id\":\"https:\\\/\\\/www.notibras.com\\\/site\\\/#organization\"},\"image\":{\"@id\":\"https:\\\/\\\/www.notibras.com\\\/site\\\/claudio-e-maruska-passam-noites-em-claro-quem-balanca-o-filho\\\/#primaryimage\"},\"thumbnailUrl\":\"https:\\\/\\\/www.notibras.com\\\/site\\\/wp-content\\\/uploads\\\/2014\\\/10\\\/Indy.jpg\",\"articleSection\":[\"Elei\u00e7\u00f5es 2022\"],\"inLanguage\":\"pt-BR\",\"potentialAction\":[{\"@type\":\"CommentAction\",\"name\":\"Comment\",\"target\":[\"https:\\\/\\\/www.notibras.com\\\/site\\\/claudio-e-maruska-passam-noites-em-claro-quem-balanca-o-filho\\\/#respond\"]}]},{\"@type\":\"WebPage\",\"@id\":\"https:\\\/\\\/www.notibras.com\\\/site\\\/claudio-e-maruska-passam-noites-em-claro-quem-balanca-o-filho\\\/\",\"url\":\"https:\\\/\\\/www.notibras.com\\\/site\\\/claudio-e-maruska-passam-noites-em-claro-quem-balanca-o-filho\\\/\",\"name\":\"Cl\u00e1udio e Maruska passam noites em claro. Quem balan\u00e7a o filho? - Notibras\",\"isPartOf\":{\"@id\":\"https:\\\/\\\/www.notibras.com\\\/site\\\/#website\"},\"primaryImageOfPage\":{\"@id\":\"https:\\\/\\\/www.notibras.com\\\/site\\\/claudio-e-maruska-passam-noites-em-claro-quem-balanca-o-filho\\\/#primaryimage\"},\"image\":{\"@id\":\"https:\\\/\\\/www.notibras.com\\\/site\\\/claudio-e-maruska-passam-noites-em-claro-quem-balanca-o-filho\\\/#primaryimage\"},\"thumbnailUrl\":\"https:\\\/\\\/www.notibras.com\\\/site\\\/wp-content\\\/uploads\\\/2014\\\/10\\\/Indy.jpg\",\"datePublished\":\"2014-10-16T10:07:08+00:00\",\"breadcrumb\":{\"@id\":\"https:\\\/\\\/www.notibras.com\\\/site\\\/claudio-e-maruska-passam-noites-em-claro-quem-balanca-o-filho\\\/#breadcrumb\"},\"inLanguage\":\"pt-BR\",\"potentialAction\":[{\"@type\":\"ReadAction\",\"target\":[\"https:\\\/\\\/www.notibras.com\\\/site\\\/claudio-e-maruska-passam-noites-em-claro-quem-balanca-o-filho\\\/\"]}]},{\"@type\":\"ImageObject\",\"inLanguage\":\"pt-BR\",\"@id\":\"https:\\\/\\\/www.notibras.com\\\/site\\\/claudio-e-maruska-passam-noites-em-claro-quem-balanca-o-filho\\\/#primaryimage\",\"url\":\"https:\\\/\\\/www.notibras.com\\\/site\\\/wp-content\\\/uploads\\\/2014\\\/10\\\/Indy.jpg\",\"contentUrl\":\"https:\\\/\\\/www.notibras.com\\\/site\\\/wp-content\\\/uploads\\\/2014\\\/10\\\/Indy.jpg\",\"width\":800,\"height\":586},{\"@type\":\"BreadcrumbList\",\"@id\":\"https:\\\/\\\/www.notibras.com\\\/site\\\/claudio-e-maruska-passam-noites-em-claro-quem-balanca-o-filho\\\/#breadcrumb\",\"itemListElement\":[{\"@type\":\"ListItem\",\"position\":1,\"name\":\"In\u00edcio\",\"item\":\"https:\\\/\\\/www.notibras.com\\\/site\\\/\"},{\"@type\":\"ListItem\",\"position\":2,\"name\":\"Cl\u00e1udio e Maruska passam noites em claro. Quem balan\u00e7a o filho?\"}]},{\"@type\":\"WebSite\",\"@id\":\"https:\\\/\\\/www.notibras.com\\\/site\\\/#website\",\"url\":\"https:\\\/\\\/www.notibras.com\\\/site\\\/\",\"name\":\"Notibras\",\"description\":\"Not\u00edcias de Bras\u00edlia, do Brasil e do Mundo\",\"publisher\":{\"@id\":\"https:\\\/\\\/www.notibras.com\\\/site\\\/#organization\"},\"potentialAction\":[{\"@type\":\"SearchAction\",\"target\":{\"@type\":\"EntryPoint\",\"urlTemplate\":\"https:\\\/\\\/www.notibras.com\\\/site\\\/?s={search_term_string}\"},\"query-input\":{\"@type\":\"PropertyValueSpecification\",\"valueRequired\":true,\"valueName\":\"search_term_string\"}}],\"inLanguage\":\"pt-BR\"},{\"@type\":\"Organization\",\"@id\":\"https:\\\/\\\/www.notibras.com\\\/site\\\/#organization\",\"name\":\"Grupo Notibras de Comunica\u00e7\u00e3o\",\"url\":\"https:\\\/\\\/www.notibras.com\\\/site\\\/\",\"logo\":{\"@type\":\"ImageObject\",\"inLanguage\":\"pt-BR\",\"@id\":\"https:\\\/\\\/www.notibras.com\\\/site\\\/#\\\/schema\\\/logo\\\/image\\\/\",\"url\":\"https:\\\/\\\/www.notibras.com\\\/site\\\/wp-content\\\/uploads\\\/2023\\\/01\\\/notibras23.png\",\"contentUrl\":\"https:\\\/\\\/www.notibras.com\\\/site\\\/wp-content\\\/uploads\\\/2023\\\/01\\\/notibras23.png\",\"width\":350,\"height\":87,\"caption\":\"Grupo Notibras de Comunica\u00e7\u00e3o\"},\"image\":{\"@id\":\"https:\\\/\\\/www.notibras.com\\\/site\\\/#\\\/schema\\\/logo\\\/image\\\/\"},\"sameAs\":[\"https:\\\/\\\/www.facebook.com\\\/notibras\\\/\",\"https:\\\/\\\/x.com\\\/Notibras\",\"https:\\\/\\\/www.instagram.com\\\/notibras\\\/\"]},{\"@type\":\"Person\",\"@id\":\"https:\\\/\\\/www.notibras.com\\\/site\\\/#\\\/schema\\\/person\\\/36ab0979449956132d3e5b517ea76ac8\",\"name\":\"Reda\u00e7\u00e3o\",\"image\":{\"@type\":\"ImageObject\",\"inLanguage\":\"pt-BR\",\"@id\":\"https:\\\/\\\/secure.gravatar.com\\\/avatar\\\/e0a867bdedb85fd243eadf09663511f96fc81e0720a4a42581f334ad4303aa6b?s=96&d=mm&r=g\",\"url\":\"https:\\\/\\\/secure.gravatar.com\\\/avatar\\\/e0a867bdedb85fd243eadf09663511f96fc81e0720a4a42581f334ad4303aa6b?s=96&d=mm&r=g\",\"contentUrl\":\"https:\\\/\\\/secure.gravatar.com\\\/avatar\\\/e0a867bdedb85fd243eadf09663511f96fc81e0720a4a42581f334ad4303aa6b?s=96&d=mm&r=g\",\"caption\":\"Reda\u00e7\u00e3o\"}}]}<\/script>\n<!-- \/ Yoast SEO plugin. -->","yoast_head_json":{"title":"Cl\u00e1udio e Maruska passam noites em claro. Quem balan\u00e7a o filho? - Notibras","robots":{"index":"index","follow":"follow","max-snippet":"max-snippet:-1","max-image-preview":"max-image-preview:large","max-video-preview":"max-video-preview:-1"},"canonical":"https:\/\/www.notibras.com\/site\/claudio-e-maruska-passam-noites-em-claro-quem-balanca-o-filho\/","og_locale":"pt_BR","og_type":"article","og_title":"Cl\u00e1udio e Maruska passam noites em claro. Quem balan\u00e7a o filho? - Notibras","og_description":"Com o caixa no vermelho, supostamente falida como est\u00e1 o governo de Agnelo Queiroz em fim de festa, a Terracap vive \u00e0s voltas com um dilema: ou toca, \u00e0 revelia dos interesses da sociedade brasiliense, o projeto de reforma do Aut\u00f3dromo Nelson Piquet para sediar uma etapa da F\u00f3rmula Indy em 2015, ou deixa para [&hellip;]","og_url":"https:\/\/www.notibras.com\/site\/claudio-e-maruska-passam-noites-em-claro-quem-balanca-o-filho\/","og_site_name":"Notibras","article_publisher":"https:\/\/www.facebook.com\/notibras\/","article_published_time":"2014-10-16T10:07:08+00:00","og_image":[{"width":800,"height":586,"url":"https:\/\/www.notibras.com\/site\/wp-content\/uploads\/2014\/10\/Indy.jpg","type":"image\/jpeg"}],"author":"Reda\u00e7\u00e3o","twitter_card":"summary_large_image","twitter_creator":"@Notibras","twitter_site":"@Notibras","twitter_misc":{"Escrito por":"Reda\u00e7\u00e3o","Est. tempo de leitura":"1 minuto"},"schema":{"@context":"https:\/\/schema.org","@graph":[{"@type":"Article","@id":"https:\/\/www.notibras.com\/site\/claudio-e-maruska-passam-noites-em-claro-quem-balanca-o-filho\/#article","isPartOf":{"@id":"https:\/\/www.notibras.com\/site\/claudio-e-maruska-passam-noites-em-claro-quem-balanca-o-filho\/"},"author":{"name":"Reda\u00e7\u00e3o","@id":"https:\/\/www.notibras.com\/site\/#\/schema\/person\/36ab0979449956132d3e5b517ea76ac8"},"headline":"Cl\u00e1udio e Maruska passam noites em claro. Quem balan\u00e7a o filho?","datePublished":"2014-10-16T10:07:08+00:00","mainEntityOfPage":{"@id":"https:\/\/www.notibras.com\/site\/claudio-e-maruska-passam-noites-em-claro-quem-balanca-o-filho\/"},"wordCount":151,"commentCount":0,"publisher":{"@id":"https:\/\/www.notibras.com\/site\/#organization"},"image":{"@id":"https:\/\/www.notibras.com\/site\/claudio-e-maruska-passam-noites-em-claro-quem-balanca-o-filho\/#primaryimage"},"thumbnailUrl":"https:\/\/www.notibras.com\/site\/wp-content\/uploads\/2014\/10\/Indy.jpg","articleSection":["Elei\u00e7\u00f5es 2022"],"inLanguage":"pt-BR","potentialAction":[{"@type":"CommentAction","name":"Comment","target":["https:\/\/www.notibras.com\/site\/claudio-e-maruska-passam-noites-em-claro-quem-balanca-o-filho\/#respond"]}]},{"@type":"WebPage","@id":"https:\/\/www.notibras.com\/site\/claudio-e-maruska-passam-noites-em-claro-quem-balanca-o-filho\/","url":"https:\/\/www.notibras.com\/site\/claudio-e-maruska-passam-noites-em-claro-quem-balanca-o-filho\/","name":"Cl\u00e1udio e Maruska passam noites em claro. Quem balan\u00e7a o filho? - Notibras","isPartOf":{"@id":"https:\/\/www.notibras.com\/site\/#website"},"primaryImageOfPage":{"@id":"https:\/\/www.notibras.com\/site\/claudio-e-maruska-passam-noites-em-claro-quem-balanca-o-filho\/#primaryimage"},"image":{"@id":"https:\/\/www.notibras.com\/site\/claudio-e-maruska-passam-noites-em-claro-quem-balanca-o-filho\/#primaryimage"},"thumbnailUrl":"https:\/\/www.notibras.com\/site\/wp-content\/uploads\/2014\/10\/Indy.jpg","datePublished":"2014-10-16T10:07:08+00:00","breadcrumb":{"@id":"https:\/\/www.notibras.com\/site\/claudio-e-maruska-passam-noites-em-claro-quem-balanca-o-filho\/#breadcrumb"},"inLanguage":"pt-BR","potentialAction":[{"@type":"ReadAction","target":["https:\/\/www.notibras.com\/site\/claudio-e-maruska-passam-noites-em-claro-quem-balanca-o-filho\/"]}]},{"@type":"ImageObject","inLanguage":"pt-BR","@id":"https:\/\/www.notibras.com\/site\/claudio-e-maruska-passam-noites-em-claro-quem-balanca-o-filho\/#primaryimage","url":"https:\/\/www.notibras.com\/site\/wp-content\/uploads\/2014\/10\/Indy.jpg","contentUrl":"https:\/\/www.notibras.com\/site\/wp-content\/uploads\/2014\/10\/Indy.jpg","width":800,"height":586},{"@type":"BreadcrumbList","@id":"https:\/\/www.notibras.com\/site\/claudio-e-maruska-passam-noites-em-claro-quem-balanca-o-filho\/#breadcrumb","itemListElement":[{"@type":"ListItem","position":1,"name":"In\u00edcio","item":"https:\/\/www.notibras.com\/site\/"},{"@type":"ListItem","position":2,"name":"Cl\u00e1udio e Maruska passam noites em claro. Quem balan\u00e7a o filho?"}]},{"@type":"WebSite","@id":"https:\/\/www.notibras.com\/site\/#website","url":"https:\/\/www.notibras.com\/site\/","name":"Notibras","description":"Not\u00edcias de Bras\u00edlia, do Brasil e do Mundo","publisher":{"@id":"https:\/\/www.notibras.com\/site\/#organization"},"potentialAction":[{"@type":"SearchAction","target":{"@type":"EntryPoint","urlTemplate":"https:\/\/www.notibras.com\/site\/?s={search_term_string}"},"query-input":{"@type":"PropertyValueSpecification","valueRequired":true,"valueName":"search_term_string"}}],"inLanguage":"pt-BR"},{"@type":"Organization","@id":"https:\/\/www.notibras.com\/site\/#organization","name":"Grupo Notibras de Comunica\u00e7\u00e3o","url":"https:\/\/www.notibras.com\/site\/","logo":{"@type":"ImageObject","inLanguage":"pt-BR","@id":"https:\/\/www.notibras.com\/site\/#\/schema\/logo\/image\/","url":"https:\/\/www.notibras.com\/site\/wp-content\/uploads\/2023\/01\/notibras23.png","contentUrl":"https:\/\/www.notibras.com\/site\/wp-content\/uploads\/2023\/01\/notibras23.png","width":350,"height":87,"caption":"Grupo Notibras de Comunica\u00e7\u00e3o"},"image":{"@id":"https:\/\/www.notibras.com\/site\/#\/schema\/logo\/image\/"},"sameAs":["https:\/\/www.facebook.com\/notibras\/","https:\/\/x.com\/Notibras","https:\/\/www.instagram.com\/notibras\/"]},{"@type":"Person","@id":"https:\/\/www.notibras.com\/site\/#\/schema\/person\/36ab0979449956132d3e5b517ea76ac8","name":"Reda\u00e7\u00e3o","image":{"@type":"ImageObject","inLanguage":"pt-BR","@id":"https:\/\/secure.gravatar.com\/avatar\/e0a867bdedb85fd243eadf09663511f96fc81e0720a4a42581f334ad4303aa6b?s=96&d=mm&r=g","url":"https:\/\/secure.gravatar.com\/avatar\/e0a867bdedb85fd243eadf09663511f96fc81e0720a4a42581f334ad4303aa6b?s=96&d=mm&r=g","contentUrl":"https:\/\/secure.gravatar.com\/avatar\/e0a867bdedb85fd243eadf09663511f96fc81e0720a4a42581f334ad4303aa6b?s=96&d=mm&r=g","caption":"Reda\u00e7\u00e3o"}}]}},"amp_enabled":true,"_links":{"self":[{"href":"https:\/\/www.notibras.com\/site\/wp-json\/wp\/v2\/posts\/25113","targetHints":{"allow":["GET"]}}],"collection":[{"href":"https:\/\/www.notibras.com\/site\/wp-json\/wp\/v2\/posts"}],"about":[{"href":"https:\/\/www.notibras.com\/site\/wp-json\/wp\/v2\/types\/post"}],"author":[{"embeddable":true,"href":"https:\/\/www.notibras.com\/site\/wp-json\/wp\/v2\/users\/2"}],"replies":[{"embeddable":true,"href":"https:\/\/www.notibras.com\/site\/wp-json\/wp\/v2\/comments?post=25113"}],"version-history":[{"count":0,"href":"https:\/\/www.notibras.com\/site\/wp-json\/wp\/v2\/posts\/25113\/revisions"}],"wp:featuredmedia":[{"embeddable":true,"href":"https:\/\/www.notibras.com\/site\/wp-json\/wp\/v2\/media\/25114"}],"wp:attachment":[{"href":"https:\/\/www.notibras.com\/site\/wp-json\/wp\/v2\/media?parent=25113"}],"wp:term":[{"taxonomy":"category","embeddable":true,"href":"https:\/\/www.notibras.com\/site\/wp-json\/wp\/v2\/categories?post=25113"},{"taxonomy":"post_tag","embeddable":true,"href":"https:\/\/www.notibras.com\/site\/wp-json\/wp\/v2\/tags?post=25113"}],"curies":[{"name":"wp","href":"https:\/\/api.w.org\/{rel}","templated":true}]}}