{"id":2517,"date":"2014-02-22T14:56:33","date_gmt":"2014-02-22T17:56:33","guid":{"rendered":"http:\/\/www.notibras.com\/site\/?p=2517"},"modified":"2014-02-22T15:57:23","modified_gmt":"2014-02-22T18:57:23","slug":"pais-voltou-ao-pre-real-diz-eduardo-campos","status":"publish","type":"post","link":"https:\/\/www.notibras.com\/site\/pais-voltou-ao-pre-real-diz-eduardo-campos\/","title":{"rendered":"Pa\u00eds voltou \u00e0 era do pr\u00e9-Real, diz Eduardo Campos"},"content":{"rendered":"<p>O pr\u00e9-candidato da chapa PSB, Rede Solidariedade e PPS \u00e0 presid\u00eancia da Rep\u00fablica, Eduardo Campos, afirmou neste s\u00e1bado, em Porto Alegre, ter a sensa\u00e7\u00e3o de que o Pa\u00eds melhorou, mas ao mesmo tempo, disse que o Brasil voltou ao per\u00edodo pr\u00e9-plano Real.<\/p>\n<p>\u201cCome\u00e7amos a perder a no\u00e7\u00e3o da governan\u00e7a da economia, voltamos ao estado pr\u00e9-Real, com infla\u00e7\u00e3o&#8230; com recrudescimento do ciclo de viol\u00eancia, essa \u00e9 a situa\u00e7\u00e3o real, esse \u00e9 o processo que se vive. Querem responsabilizar uma pessoa, mas a responsabilidade n\u00e3o \u00e9 individual, o que acontece \u00e9 uma responsabilidade pol\u00edtica\u201d, disse ao defender um pacto program\u00e1tico para governar o Pa\u00eds.<\/p>\n<p>Quando fala em pacto program\u00e1tico, Campos se refere ao que aconteceu neste s\u00e1bado em Porto Alegre, quando foi realizado\u00a0o primeiro de cinco semin\u00e1rios regionais program\u00e1ticos nos quais ser\u00e3o debatidas diretrizes do plano de governo da chapa, cujos eixos foram apresentados em uma esp\u00e9cie de milonga (declama\u00e7\u00e3o de poesia musicada) program\u00e1tica.<\/p>\n<p>Apesar de Campos dizer que n\u00e3o se declara como prov\u00e1vel candidato, ao menos nesse momento, \u201cainda n\u00e3o \u00e9 hora para isso\u201d, tanto Marina como o presidente do PPS, Roberto Freire, dizem que a alian\u00e7a foi formada com o integrante pernambucano na posi\u00e7\u00e3o principal.<\/p>\n<p>\u201cO esfor\u00e7o que a Rede fez foi uma avalia\u00e7\u00e3o de que est\u00e1vamos nos dirigindo a um candidato e a um partido que tinha candidatura, e que estava produzindo um programa\u201d disse Marina, seguida por Roberto Freire: \u201cPPS est\u00e1 aqui com candidatura de Eduardo Campos \u00e0 presid\u00eancia da Rep\u00fablica\u201d.<\/p>\n<p>A alian\u00e7a entre Marina e Campos ocorreu no final do ano passado, quando o partido que ela tentou fundar, a Rede, n\u00e3o conseguiu oficializar o registro. Falando para militantes, os dois disseram que o senador peemedebista ga\u00facho Pedro Simon foi o principal articulador dessa composi\u00e7\u00e3o.<\/p>\n<p>\u201cPedro me ligou, fez um arrodeio maior que um dia de fome, perguntando se eu tinha visto a situa\u00e7\u00e3o da Marina&#8230; e me decidiu para ligar para o Jarbas Passarinho. Liguei para ele que estava em Portugal, e ele me disse: \u2018n\u00e3o entendi nada que o Simon falou\u2019\u201d, afirmou Campos\u00a0provocando risos, antes de completar que Passarinho tinha ouvido de Simon que ele deveria chamar Marina para o PSB.<\/p>\n<p>Pedro Simon, por sua vez, falou em seu discurso \u201chaver\u00e3o de perguntar o que ele est\u00e1 fazendo aqui\u201d, o que causou risos entre a plateia de aproximadamente 1 mil pessoas, mas justificou que estava l\u00e1 por causa do av\u00f4 de Eduardo Campos, Miguel Arraes, mas n\u00e3o deixou de elogiar\u00a0todos os prov\u00e1veis candidatos \u00e0 presid\u00eancia.<\/p>\n","protected":false},"excerpt":{"rendered":"<p>O pr\u00e9-candidato da chapa PSB, Rede Solidariedade e PPS \u00e0 presid\u00eancia da Rep\u00fablica, Eduardo Campos, afirmou neste s\u00e1bado, em Porto Alegre, ter a sensa\u00e7\u00e3o de que o Pa\u00eds melhorou, mas ao mesmo tempo, disse que o Brasil voltou ao per\u00edodo pr\u00e9-plano Real. \u201cCome\u00e7amos a perder a no\u00e7\u00e3o da governan\u00e7a da economia, voltamos ao estado pr\u00e9-Real, [&hellip;]<\/p>\n","protected":false},"author":2,"featured_media":2518,"comment_status":"open","ping_status":"closed","sticky":false,"template":"","format":"standard","meta":{"_acf_changed":false,"footnotes":""},"categories":[16],"tags":[],"class_list":["post-2517","post","type-post","status-publish","format-standard","has-post-thumbnail","hentry","category-brasil"],"acf":[],"yoast_head":"<!-- This site is optimized with the Yoast SEO plugin v27.2 - https:\/\/yoast.com\/product\/yoast-seo-wordpress\/ -->\n<title>Pa\u00eds voltou \u00e0 era do pr\u00e9-Real, diz Eduardo Campos - Notibras<\/title>\n<meta name=\"robots\" content=\"index, follow, max-snippet:-1, max-image-preview:large, max-video-preview:-1\" \/>\n<link rel=\"canonical\" href=\"https:\/\/www.notibras.com\/site\/pais-voltou-ao-pre-real-diz-eduardo-campos\/\" \/>\n<meta property=\"og:locale\" content=\"pt_BR\" \/>\n<meta property=\"og:type\" content=\"article\" \/>\n<meta property=\"og:title\" content=\"Pa\u00eds voltou \u00e0 era do pr\u00e9-Real, diz Eduardo Campos - Notibras\" \/>\n<meta property=\"og:description\" content=\"O pr\u00e9-candidato da chapa PSB, Rede Solidariedade e PPS \u00e0 presid\u00eancia da Rep\u00fablica, Eduardo Campos, afirmou neste s\u00e1bado, em Porto Alegre, ter a sensa\u00e7\u00e3o de que o Pa\u00eds melhorou, mas ao mesmo tempo, disse que o Brasil voltou ao per\u00edodo pr\u00e9-plano Real. \u201cCome\u00e7amos a perder a no\u00e7\u00e3o da governan\u00e7a da economia, voltamos ao estado pr\u00e9-Real, [&hellip;]\" \/>\n<meta property=\"og:url\" content=\"https:\/\/www.notibras.com\/site\/pais-voltou-ao-pre-real-diz-eduardo-campos\/\" \/>\n<meta property=\"og:site_name\" content=\"Notibras\" \/>\n<meta property=\"article:publisher\" content=\"https:\/\/www.facebook.com\/notibras\/\" \/>\n<meta property=\"article:published_time\" content=\"2014-02-22T17:56:33+00:00\" \/>\n<meta property=\"article:modified_time\" content=\"2014-02-22T18:57:23+00:00\" \/>\n<meta property=\"og:image\" content=\"https:\/\/www.notibras.com\/site\/wp-content\/uploads\/2014\/02\/opo.jpg\" \/>\n\t<meta property=\"og:image:width\" content=\"619\" \/>\n\t<meta property=\"og:image:height\" content=\"464\" \/>\n\t<meta property=\"og:image:type\" content=\"image\/jpeg\" \/>\n<meta name=\"author\" content=\"Reda\u00e7\u00e3o\" \/>\n<meta name=\"twitter:card\" content=\"summary_large_image\" \/>\n<meta name=\"twitter:creator\" content=\"@Notibras\" \/>\n<meta name=\"twitter:site\" content=\"@Notibras\" \/>\n<meta name=\"twitter:label1\" content=\"Escrito por\" \/>\n\t<meta name=\"twitter:data1\" content=\"Reda\u00e7\u00e3o\" \/>\n\t<meta name=\"twitter:label2\" content=\"Est. tempo de leitura\" \/>\n\t<meta name=\"twitter:data2\" content=\"2 minutos\" \/>\n<script type=\"application\/ld+json\" class=\"yoast-schema-graph\">{\"@context\":\"https:\/\/schema.org\",\"@graph\":[{\"@type\":\"Article\",\"@id\":\"https:\/\/www.notibras.com\/site\/pais-voltou-ao-pre-real-diz-eduardo-campos\/#article\",\"isPartOf\":{\"@id\":\"https:\/\/www.notibras.com\/site\/pais-voltou-ao-pre-real-diz-eduardo-campos\/\"},\"author\":{\"name\":\"Reda\u00e7\u00e3o\",\"@id\":\"https:\/\/www.notibras.com\/site\/#\/schema\/person\/36ab0979449956132d3e5b517ea76ac8\"},\"headline\":\"Pa\u00eds voltou \u00e0 era do pr\u00e9-Real, diz Eduardo Campos\",\"datePublished\":\"2014-02-22T17:56:33+00:00\",\"dateModified\":\"2014-02-22T18:57:23+00:00\",\"mainEntityOfPage\":{\"@id\":\"https:\/\/www.notibras.com\/site\/pais-voltou-ao-pre-real-diz-eduardo-campos\/\"},\"wordCount\":461,\"commentCount\":0,\"publisher\":{\"@id\":\"https:\/\/www.notibras.com\/site\/#organization\"},\"image\":{\"@id\":\"https:\/\/www.notibras.com\/site\/pais-voltou-ao-pre-real-diz-eduardo-campos\/#primaryimage\"},\"thumbnailUrl\":\"https:\/\/www.notibras.com\/site\/wp-content\/uploads\/2014\/02\/opo.jpg\",\"articleSection\":[\"Brasil\"],\"inLanguage\":\"pt-BR\",\"potentialAction\":[{\"@type\":\"CommentAction\",\"name\":\"Comment\",\"target\":[\"https:\/\/www.notibras.com\/site\/pais-voltou-ao-pre-real-diz-eduardo-campos\/#respond\"]}]},{\"@type\":\"WebPage\",\"@id\":\"https:\/\/www.notibras.com\/site\/pais-voltou-ao-pre-real-diz-eduardo-campos\/\",\"url\":\"https:\/\/www.notibras.com\/site\/pais-voltou-ao-pre-real-diz-eduardo-campos\/\",\"name\":\"Pa\u00eds voltou \u00e0 era do pr\u00e9-Real, diz Eduardo Campos - Notibras\",\"isPartOf\":{\"@id\":\"https:\/\/www.notibras.com\/site\/#website\"},\"primaryImageOfPage\":{\"@id\":\"https:\/\/www.notibras.com\/site\/pais-voltou-ao-pre-real-diz-eduardo-campos\/#primaryimage\"},\"image\":{\"@id\":\"https:\/\/www.notibras.com\/site\/pais-voltou-ao-pre-real-diz-eduardo-campos\/#primaryimage\"},\"thumbnailUrl\":\"https:\/\/www.notibras.com\/site\/wp-content\/uploads\/2014\/02\/opo.jpg\",\"datePublished\":\"2014-02-22T17:56:33+00:00\",\"dateModified\":\"2014-02-22T18:57:23+00:00\",\"breadcrumb\":{\"@id\":\"https:\/\/www.notibras.com\/site\/pais-voltou-ao-pre-real-diz-eduardo-campos\/#breadcrumb\"},\"inLanguage\":\"pt-BR\",\"potentialAction\":[{\"@type\":\"ReadAction\",\"target\":[\"https:\/\/www.notibras.com\/site\/pais-voltou-ao-pre-real-diz-eduardo-campos\/\"]}]},{\"@type\":\"ImageObject\",\"inLanguage\":\"pt-BR\",\"@id\":\"https:\/\/www.notibras.com\/site\/pais-voltou-ao-pre-real-diz-eduardo-campos\/#primaryimage\",\"url\":\"https:\/\/www.notibras.com\/site\/wp-content\/uploads\/2014\/02\/opo.jpg\",\"contentUrl\":\"https:\/\/www.notibras.com\/site\/wp-content\/uploads\/2014\/02\/opo.jpg\",\"width\":619,\"height\":464},{\"@type\":\"BreadcrumbList\",\"@id\":\"https:\/\/www.notibras.com\/site\/pais-voltou-ao-pre-real-diz-eduardo-campos\/#breadcrumb\",\"itemListElement\":[{\"@type\":\"ListItem\",\"position\":1,\"name\":\"In\u00edcio\",\"item\":\"https:\/\/www.notibras.com\/site\/\"},{\"@type\":\"ListItem\",\"position\":2,\"name\":\"Pa\u00eds voltou \u00e0 era do pr\u00e9-Real, diz Eduardo Campos\"}]},{\"@type\":\"WebSite\",\"@id\":\"https:\/\/www.notibras.com\/site\/#website\",\"url\":\"https:\/\/www.notibras.com\/site\/\",\"name\":\"Notibras\",\"description\":\"Not\u00edcias de Bras\u00edlia, do Brasil e do Mundo\",\"publisher\":{\"@id\":\"https:\/\/www.notibras.com\/site\/#organization\"},\"potentialAction\":[{\"@type\":\"SearchAction\",\"target\":{\"@type\":\"EntryPoint\",\"urlTemplate\":\"https:\/\/www.notibras.com\/site\/?s={search_term_string}\"},\"query-input\":{\"@type\":\"PropertyValueSpecification\",\"valueRequired\":true,\"valueName\":\"search_term_string\"}}],\"inLanguage\":\"pt-BR\"},{\"@type\":\"Organization\",\"@id\":\"https:\/\/www.notibras.com\/site\/#organization\",\"name\":\"Grupo Notibras de Comunica\u00e7\u00e3o\",\"url\":\"https:\/\/www.notibras.com\/site\/\",\"logo\":{\"@type\":\"ImageObject\",\"inLanguage\":\"pt-BR\",\"@id\":\"https:\/\/www.notibras.com\/site\/#\/schema\/logo\/image\/\",\"url\":\"https:\/\/www.notibras.com\/site\/wp-content\/uploads\/2023\/01\/notibras23.png\",\"contentUrl\":\"https:\/\/www.notibras.com\/site\/wp-content\/uploads\/2023\/01\/notibras23.png\",\"width\":350,\"height\":87,\"caption\":\"Grupo Notibras de Comunica\u00e7\u00e3o\"},\"image\":{\"@id\":\"https:\/\/www.notibras.com\/site\/#\/schema\/logo\/image\/\"},\"sameAs\":[\"https:\/\/www.facebook.com\/notibras\/\",\"https:\/\/x.com\/Notibras\",\"https:\/\/www.instagram.com\/notibras\/\"]},{\"@type\":\"Person\",\"@id\":\"https:\/\/www.notibras.com\/site\/#\/schema\/person\/36ab0979449956132d3e5b517ea76ac8\",\"name\":\"Reda\u00e7\u00e3o\",\"image\":{\"@type\":\"ImageObject\",\"inLanguage\":\"pt-BR\",\"@id\":\"https:\/\/secure.gravatar.com\/avatar\/e0a867bdedb85fd243eadf09663511f96fc81e0720a4a42581f334ad4303aa6b?s=96&d=mm&r=g\",\"url\":\"https:\/\/secure.gravatar.com\/avatar\/e0a867bdedb85fd243eadf09663511f96fc81e0720a4a42581f334ad4303aa6b?s=96&d=mm&r=g\",\"contentUrl\":\"https:\/\/secure.gravatar.com\/avatar\/e0a867bdedb85fd243eadf09663511f96fc81e0720a4a42581f334ad4303aa6b?s=96&d=mm&r=g\",\"caption\":\"Reda\u00e7\u00e3o\"}}]}<\/script>\n<!-- \/ Yoast SEO plugin. -->","yoast_head_json":{"title":"Pa\u00eds voltou \u00e0 era do pr\u00e9-Real, diz Eduardo Campos - Notibras","robots":{"index":"index","follow":"follow","max-snippet":"max-snippet:-1","max-image-preview":"max-image-preview:large","max-video-preview":"max-video-preview:-1"},"canonical":"https:\/\/www.notibras.com\/site\/pais-voltou-ao-pre-real-diz-eduardo-campos\/","og_locale":"pt_BR","og_type":"article","og_title":"Pa\u00eds voltou \u00e0 era do pr\u00e9-Real, diz Eduardo Campos - Notibras","og_description":"O pr\u00e9-candidato da chapa PSB, Rede Solidariedade e PPS \u00e0 presid\u00eancia da Rep\u00fablica, Eduardo Campos, afirmou neste s\u00e1bado, em Porto Alegre, ter a sensa\u00e7\u00e3o de que o Pa\u00eds melhorou, mas ao mesmo tempo, disse que o Brasil voltou ao per\u00edodo pr\u00e9-plano Real. \u201cCome\u00e7amos a perder a no\u00e7\u00e3o da governan\u00e7a da economia, voltamos ao estado pr\u00e9-Real, [&hellip;]","og_url":"https:\/\/www.notibras.com\/site\/pais-voltou-ao-pre-real-diz-eduardo-campos\/","og_site_name":"Notibras","article_publisher":"https:\/\/www.facebook.com\/notibras\/","article_published_time":"2014-02-22T17:56:33+00:00","article_modified_time":"2014-02-22T18:57:23+00:00","og_image":[{"width":619,"height":464,"url":"https:\/\/www.notibras.com\/site\/wp-content\/uploads\/2014\/02\/opo.jpg","type":"image\/jpeg"}],"author":"Reda\u00e7\u00e3o","twitter_card":"summary_large_image","twitter_creator":"@Notibras","twitter_site":"@Notibras","twitter_misc":{"Escrito por":"Reda\u00e7\u00e3o","Est. tempo de leitura":"2 minutos"},"schema":{"@context":"https:\/\/schema.org","@graph":[{"@type":"Article","@id":"https:\/\/www.notibras.com\/site\/pais-voltou-ao-pre-real-diz-eduardo-campos\/#article","isPartOf":{"@id":"https:\/\/www.notibras.com\/site\/pais-voltou-ao-pre-real-diz-eduardo-campos\/"},"author":{"name":"Reda\u00e7\u00e3o","@id":"https:\/\/www.notibras.com\/site\/#\/schema\/person\/36ab0979449956132d3e5b517ea76ac8"},"headline":"Pa\u00eds voltou \u00e0 era do pr\u00e9-Real, diz Eduardo Campos","datePublished":"2014-02-22T17:56:33+00:00","dateModified":"2014-02-22T18:57:23+00:00","mainEntityOfPage":{"@id":"https:\/\/www.notibras.com\/site\/pais-voltou-ao-pre-real-diz-eduardo-campos\/"},"wordCount":461,"commentCount":0,"publisher":{"@id":"https:\/\/www.notibras.com\/site\/#organization"},"image":{"@id":"https:\/\/www.notibras.com\/site\/pais-voltou-ao-pre-real-diz-eduardo-campos\/#primaryimage"},"thumbnailUrl":"https:\/\/www.notibras.com\/site\/wp-content\/uploads\/2014\/02\/opo.jpg","articleSection":["Brasil"],"inLanguage":"pt-BR","potentialAction":[{"@type":"CommentAction","name":"Comment","target":["https:\/\/www.notibras.com\/site\/pais-voltou-ao-pre-real-diz-eduardo-campos\/#respond"]}]},{"@type":"WebPage","@id":"https:\/\/www.notibras.com\/site\/pais-voltou-ao-pre-real-diz-eduardo-campos\/","url":"https:\/\/www.notibras.com\/site\/pais-voltou-ao-pre-real-diz-eduardo-campos\/","name":"Pa\u00eds voltou \u00e0 era do pr\u00e9-Real, diz Eduardo Campos - Notibras","isPartOf":{"@id":"https:\/\/www.notibras.com\/site\/#website"},"primaryImageOfPage":{"@id":"https:\/\/www.notibras.com\/site\/pais-voltou-ao-pre-real-diz-eduardo-campos\/#primaryimage"},"image":{"@id":"https:\/\/www.notibras.com\/site\/pais-voltou-ao-pre-real-diz-eduardo-campos\/#primaryimage"},"thumbnailUrl":"https:\/\/www.notibras.com\/site\/wp-content\/uploads\/2014\/02\/opo.jpg","datePublished":"2014-02-22T17:56:33+00:00","dateModified":"2014-02-22T18:57:23+00:00","breadcrumb":{"@id":"https:\/\/www.notibras.com\/site\/pais-voltou-ao-pre-real-diz-eduardo-campos\/#breadcrumb"},"inLanguage":"pt-BR","potentialAction":[{"@type":"ReadAction","target":["https:\/\/www.notibras.com\/site\/pais-voltou-ao-pre-real-diz-eduardo-campos\/"]}]},{"@type":"ImageObject","inLanguage":"pt-BR","@id":"https:\/\/www.notibras.com\/site\/pais-voltou-ao-pre-real-diz-eduardo-campos\/#primaryimage","url":"https:\/\/www.notibras.com\/site\/wp-content\/uploads\/2014\/02\/opo.jpg","contentUrl":"https:\/\/www.notibras.com\/site\/wp-content\/uploads\/2014\/02\/opo.jpg","width":619,"height":464},{"@type":"BreadcrumbList","@id":"https:\/\/www.notibras.com\/site\/pais-voltou-ao-pre-real-diz-eduardo-campos\/#breadcrumb","itemListElement":[{"@type":"ListItem","position":1,"name":"In\u00edcio","item":"https:\/\/www.notibras.com\/site\/"},{"@type":"ListItem","position":2,"name":"Pa\u00eds voltou \u00e0 era do pr\u00e9-Real, diz Eduardo Campos"}]},{"@type":"WebSite","@id":"https:\/\/www.notibras.com\/site\/#website","url":"https:\/\/www.notibras.com\/site\/","name":"Notibras","description":"Not\u00edcias de Bras\u00edlia, do Brasil e do Mundo","publisher":{"@id":"https:\/\/www.notibras.com\/site\/#organization"},"potentialAction":[{"@type":"SearchAction","target":{"@type":"EntryPoint","urlTemplate":"https:\/\/www.notibras.com\/site\/?s={search_term_string}"},"query-input":{"@type":"PropertyValueSpecification","valueRequired":true,"valueName":"search_term_string"}}],"inLanguage":"pt-BR"},{"@type":"Organization","@id":"https:\/\/www.notibras.com\/site\/#organization","name":"Grupo Notibras de Comunica\u00e7\u00e3o","url":"https:\/\/www.notibras.com\/site\/","logo":{"@type":"ImageObject","inLanguage":"pt-BR","@id":"https:\/\/www.notibras.com\/site\/#\/schema\/logo\/image\/","url":"https:\/\/www.notibras.com\/site\/wp-content\/uploads\/2023\/01\/notibras23.png","contentUrl":"https:\/\/www.notibras.com\/site\/wp-content\/uploads\/2023\/01\/notibras23.png","width":350,"height":87,"caption":"Grupo Notibras de Comunica\u00e7\u00e3o"},"image":{"@id":"https:\/\/www.notibras.com\/site\/#\/schema\/logo\/image\/"},"sameAs":["https:\/\/www.facebook.com\/notibras\/","https:\/\/x.com\/Notibras","https:\/\/www.instagram.com\/notibras\/"]},{"@type":"Person","@id":"https:\/\/www.notibras.com\/site\/#\/schema\/person\/36ab0979449956132d3e5b517ea76ac8","name":"Reda\u00e7\u00e3o","image":{"@type":"ImageObject","inLanguage":"pt-BR","@id":"https:\/\/secure.gravatar.com\/avatar\/e0a867bdedb85fd243eadf09663511f96fc81e0720a4a42581f334ad4303aa6b?s=96&d=mm&r=g","url":"https:\/\/secure.gravatar.com\/avatar\/e0a867bdedb85fd243eadf09663511f96fc81e0720a4a42581f334ad4303aa6b?s=96&d=mm&r=g","contentUrl":"https:\/\/secure.gravatar.com\/avatar\/e0a867bdedb85fd243eadf09663511f96fc81e0720a4a42581f334ad4303aa6b?s=96&d=mm&r=g","caption":"Reda\u00e7\u00e3o"}}]}},"amp_enabled":true,"_links":{"self":[{"href":"https:\/\/www.notibras.com\/site\/wp-json\/wp\/v2\/posts\/2517","targetHints":{"allow":["GET"]}}],"collection":[{"href":"https:\/\/www.notibras.com\/site\/wp-json\/wp\/v2\/posts"}],"about":[{"href":"https:\/\/www.notibras.com\/site\/wp-json\/wp\/v2\/types\/post"}],"author":[{"embeddable":true,"href":"https:\/\/www.notibras.com\/site\/wp-json\/wp\/v2\/users\/2"}],"replies":[{"embeddable":true,"href":"https:\/\/www.notibras.com\/site\/wp-json\/wp\/v2\/comments?post=2517"}],"version-history":[{"count":0,"href":"https:\/\/www.notibras.com\/site\/wp-json\/wp\/v2\/posts\/2517\/revisions"}],"wp:featuredmedia":[{"embeddable":true,"href":"https:\/\/www.notibras.com\/site\/wp-json\/wp\/v2\/media\/2518"}],"wp:attachment":[{"href":"https:\/\/www.notibras.com\/site\/wp-json\/wp\/v2\/media?parent=2517"}],"wp:term":[{"taxonomy":"category","embeddable":true,"href":"https:\/\/www.notibras.com\/site\/wp-json\/wp\/v2\/categories?post=2517"},{"taxonomy":"post_tag","embeddable":true,"href":"https:\/\/www.notibras.com\/site\/wp-json\/wp\/v2\/tags?post=2517"}],"curies":[{"name":"wp","href":"https:\/\/api.w.org\/{rel}","templated":true}]}}