{"id":25220,"date":"2014-10-17T23:51:35","date_gmt":"2014-10-18T02:51:35","guid":{"rendered":"http:\/\/www.notibras.com\/site\/?p=25220"},"modified":"2014-10-18T19:17:56","modified_gmt":"2014-10-18T22:17:56","slug":"gntes-e-delegados-federais-eme-pe-de-ghuerra-dilma-acusada-de-tentar-manipular-a-categoria","status":"publish","type":"post","link":"https:\/\/www.notibras.com\/site\/gntes-e-delegados-federais-eme-pe-de-ghuerra-dilma-acusada-de-tentar-manipular-a-categoria\/","title":{"rendered":"Agentes e delegados federais est\u00e3o em p\u00e9 de guerra; Dilma suspeita de manipular grupo"},"content":{"rendered":"<p>Desde as opera\u00e7\u00f5es desencadeadas pela Pol\u00edcia Federal que colocou na parede v\u00e1rias figuras pol\u00edticas que est\u00e3o no topo da hierarquia dos partidos, a presidente da Rep\u00fablica Dilma Rousseff (PT), usa o tema como bandeira. Sustenta que, nunca antes na hist\u00f3ria brasileira, se investigou profundamente as mazelas no servi\u00e7o p\u00fablico e seus arredores.<\/p>\n<p>Nem tanto. Em n\u00fameros, houve equil\u00edbrio entre os dois \u00faltimos anos de trabalhos da gest\u00e3o de Dilma e seu mestre e antecessor, o ex-presidente Lula. Enquanto em 2009 e 2010 foram 488 opera\u00e7\u00f5es da PF, em 2013 e 2014, 509 investiga\u00e7\u00f5es entraram na lista da institui\u00e7\u00e3o. Uma diferen\u00e7a de 19 de um governo para o outro. Para usar uma experss\u00e3o em voga, empate t\u00e9cnico.<\/p>\n<p>Se nas palavras da Dilma, a PF \u00e9 forte o suficiente para investigar, internamente a institui\u00e7\u00e3o se mostra fraca e desnutrida de recursos humanos. E se diz manipulada politicamente. Na teoria a pr\u00e1tica \u00e9 outra. Assim, se d\u00e1 andamento a uma queda de bra\u00e7o entre agentes e delegados.<\/p>\n<p>Em carta direta e r\u00edspida, o vice-presidente da Federa\u00e7\u00e3o Nacional dos Policiais Federais, Luis Ant\u00f4nio de Ara\u00fajo Boudens, acusou a diretoria da institui\u00e7\u00e3o de imparcialidade.<\/p>\n<p>&#8211; Mais uma vez, houve patroc\u00ednio direto da sua gest\u00e3o para a amplia\u00e7\u00e3o isolada de prerrogativas dos seus pares e a consequente e previs\u00edvel degrada\u00e7\u00e3o do j\u00e1 combalido ambiente interno.<\/p>\n<p>Desde que est\u00e1 em andamento uma Medida Provis\u00f3ria que restringe o cargo de diretor geral apenas aos delegados de classe especial, os demais profissionais &#8211; agentes, escriv\u00e3es, peritos, papiloscopistas \u2013 colocam a dire\u00e7\u00e3o da PF na parede.<\/p>\n<p>Essa nova regra, publicada no Di\u00e1rio Oficial da Uni\u00e3o no \u00faltimo dia 14, ainda prev\u00ea que para ser delegado \u00e9 preciso ser bacharel em direito e comprovar experi\u00eancia judicial ou policial de tr\u00eas anos. At\u00e9 ent\u00e3o era necess\u00e1rio apenas a forma\u00e7\u00e3o acad\u00eamica.<\/p>\n<p>&#8211; N\u00e3o h\u00e1 qualquer justificativa plaus\u00edvel para a supervaloriza\u00e7\u00e3o do cargo de delegado de Pol\u00edcia Federal e para o esquecimento e abandono das demais categorias, escreveu Boudens.<\/p>\n<p>Agentes da PF acusam a presidente Dilma de usar a MP que beneficia os delegados com fins eleitoreiros. Por causa disso, a categoria prev\u00ea paralisa\u00e7\u00e3o nos pr\u00f3ximos dias, logo \u00e0s v\u00e9speras do segundo turno das elei\u00e7\u00f5es.<\/p>\n<p><strong>Elton Santos<\/strong><\/p>\n","protected":false},"excerpt":{"rendered":"<p>Desde as opera\u00e7\u00f5es desencadeadas pela Pol\u00edcia Federal que colocou na parede v\u00e1rias figuras pol\u00edticas que est\u00e3o no topo da hierarquia dos partidos, a presidente da Rep\u00fablica Dilma Rousseff (PT), usa o tema como bandeira. Sustenta que, nunca antes na hist\u00f3ria brasileira, se investigou profundamente as mazelas no servi\u00e7o p\u00fablico e seus arredores. Nem tanto. Em [&hellip;]<\/p>\n","protected":false},"author":2,"featured_media":25221,"comment_status":"open","ping_status":"closed","sticky":false,"template":"","format":"standard","meta":{"_acf_changed":false,"footnotes":""},"categories":[16],"tags":[],"class_list":["post-25220","post","type-post","status-publish","format-standard","has-post-thumbnail","hentry","category-brasil"],"acf":[],"yoast_head":"<!-- This site is optimized with the Yoast SEO plugin v27.5 - https:\/\/yoast.com\/product\/yoast-seo-wordpress\/ -->\n<title>Agentes e delegados federais est\u00e3o em p\u00e9 de guerra; Dilma suspeita de manipular grupo - Notibras<\/title>\n<meta name=\"robots\" content=\"index, follow, max-snippet:-1, max-image-preview:large, max-video-preview:-1\" \/>\n<link rel=\"canonical\" href=\"https:\/\/www.notibras.com\/site\/gntes-e-delegados-federais-eme-pe-de-ghuerra-dilma-acusada-de-tentar-manipular-a-categoria\/\" \/>\n<meta property=\"og:locale\" content=\"pt_BR\" \/>\n<meta property=\"og:type\" content=\"article\" \/>\n<meta property=\"og:title\" content=\"Agentes e delegados federais est\u00e3o em p\u00e9 de guerra; Dilma suspeita de manipular grupo - Notibras\" \/>\n<meta property=\"og:description\" content=\"Desde as opera\u00e7\u00f5es desencadeadas pela Pol\u00edcia Federal que colocou na parede v\u00e1rias figuras pol\u00edticas que est\u00e3o no topo da hierarquia dos partidos, a presidente da Rep\u00fablica Dilma Rousseff (PT), usa o tema como bandeira. Sustenta que, nunca antes na hist\u00f3ria brasileira, se investigou profundamente as mazelas no servi\u00e7o p\u00fablico e seus arredores. Nem tanto. Em [&hellip;]\" \/>\n<meta property=\"og:url\" content=\"https:\/\/www.notibras.com\/site\/gntes-e-delegados-federais-eme-pe-de-ghuerra-dilma-acusada-de-tentar-manipular-a-categoria\/\" \/>\n<meta property=\"og:site_name\" content=\"Notibras\" \/>\n<meta property=\"article:publisher\" content=\"https:\/\/www.facebook.com\/notibras\/\" \/>\n<meta property=\"article:published_time\" content=\"2014-10-18T02:51:35+00:00\" \/>\n<meta property=\"article:modified_time\" content=\"2014-10-18T22:17:56+00:00\" \/>\n<meta property=\"og:image\" content=\"https:\/\/www.notibras.com\/site\/wp-content\/uploads\/2014\/10\/grevepf.jpg\" \/>\n\t<meta property=\"og:image:width\" content=\"620\" \/>\n\t<meta property=\"og:image:height\" content=\"465\" \/>\n\t<meta property=\"og:image:type\" content=\"image\/jpeg\" \/>\n<meta name=\"author\" content=\"Reda\u00e7\u00e3o\" \/>\n<meta name=\"twitter:card\" content=\"summary_large_image\" \/>\n<meta name=\"twitter:creator\" content=\"@Notibras\" \/>\n<meta name=\"twitter:site\" content=\"@Notibras\" \/>\n<meta name=\"twitter:label1\" content=\"Escrito por\" \/>\n\t<meta name=\"twitter:data1\" content=\"Reda\u00e7\u00e3o\" \/>\n\t<meta name=\"twitter:label2\" content=\"Est. tempo de leitura\" \/>\n\t<meta name=\"twitter:data2\" content=\"2 minutos\" \/>\n<script type=\"application\/ld+json\" class=\"yoast-schema-graph\">{\"@context\":\"https:\\\/\\\/schema.org\",\"@graph\":[{\"@type\":\"Article\",\"@id\":\"https:\\\/\\\/www.notibras.com\\\/site\\\/gntes-e-delegados-federais-eme-pe-de-ghuerra-dilma-acusada-de-tentar-manipular-a-categoria\\\/#article\",\"isPartOf\":{\"@id\":\"https:\\\/\\\/www.notibras.com\\\/site\\\/gntes-e-delegados-federais-eme-pe-de-ghuerra-dilma-acusada-de-tentar-manipular-a-categoria\\\/\"},\"author\":{\"name\":\"Reda\u00e7\u00e3o\",\"@id\":\"https:\\\/\\\/www.notibras.com\\\/site\\\/#\\\/schema\\\/person\\\/36ab0979449956132d3e5b517ea76ac8\"},\"headline\":\"Agentes e delegados federais est\u00e3o em p\u00e9 de guerra; Dilma suspeita de manipular grupo\",\"datePublished\":\"2014-10-18T02:51:35+00:00\",\"dateModified\":\"2014-10-18T22:17:56+00:00\",\"mainEntityOfPage\":{\"@id\":\"https:\\\/\\\/www.notibras.com\\\/site\\\/gntes-e-delegados-federais-eme-pe-de-ghuerra-dilma-acusada-de-tentar-manipular-a-categoria\\\/\"},\"wordCount\":416,\"commentCount\":0,\"publisher\":{\"@id\":\"https:\\\/\\\/www.notibras.com\\\/site\\\/#organization\"},\"image\":{\"@id\":\"https:\\\/\\\/www.notibras.com\\\/site\\\/gntes-e-delegados-federais-eme-pe-de-ghuerra-dilma-acusada-de-tentar-manipular-a-categoria\\\/#primaryimage\"},\"thumbnailUrl\":\"https:\\\/\\\/www.notibras.com\\\/site\\\/wp-content\\\/uploads\\\/2014\\\/10\\\/grevepf.jpg\",\"articleSection\":[\"Brasil\"],\"inLanguage\":\"pt-BR\",\"potentialAction\":[{\"@type\":\"CommentAction\",\"name\":\"Comment\",\"target\":[\"https:\\\/\\\/www.notibras.com\\\/site\\\/gntes-e-delegados-federais-eme-pe-de-ghuerra-dilma-acusada-de-tentar-manipular-a-categoria\\\/#respond\"]}]},{\"@type\":\"WebPage\",\"@id\":\"https:\\\/\\\/www.notibras.com\\\/site\\\/gntes-e-delegados-federais-eme-pe-de-ghuerra-dilma-acusada-de-tentar-manipular-a-categoria\\\/\",\"url\":\"https:\\\/\\\/www.notibras.com\\\/site\\\/gntes-e-delegados-federais-eme-pe-de-ghuerra-dilma-acusada-de-tentar-manipular-a-categoria\\\/\",\"name\":\"Agentes e delegados federais est\u00e3o em p\u00e9 de guerra; Dilma suspeita de manipular grupo - Notibras\",\"isPartOf\":{\"@id\":\"https:\\\/\\\/www.notibras.com\\\/site\\\/#website\"},\"primaryImageOfPage\":{\"@id\":\"https:\\\/\\\/www.notibras.com\\\/site\\\/gntes-e-delegados-federais-eme-pe-de-ghuerra-dilma-acusada-de-tentar-manipular-a-categoria\\\/#primaryimage\"},\"image\":{\"@id\":\"https:\\\/\\\/www.notibras.com\\\/site\\\/gntes-e-delegados-federais-eme-pe-de-ghuerra-dilma-acusada-de-tentar-manipular-a-categoria\\\/#primaryimage\"},\"thumbnailUrl\":\"https:\\\/\\\/www.notibras.com\\\/site\\\/wp-content\\\/uploads\\\/2014\\\/10\\\/grevepf.jpg\",\"datePublished\":\"2014-10-18T02:51:35+00:00\",\"dateModified\":\"2014-10-18T22:17:56+00:00\",\"breadcrumb\":{\"@id\":\"https:\\\/\\\/www.notibras.com\\\/site\\\/gntes-e-delegados-federais-eme-pe-de-ghuerra-dilma-acusada-de-tentar-manipular-a-categoria\\\/#breadcrumb\"},\"inLanguage\":\"pt-BR\",\"potentialAction\":[{\"@type\":\"ReadAction\",\"target\":[\"https:\\\/\\\/www.notibras.com\\\/site\\\/gntes-e-delegados-federais-eme-pe-de-ghuerra-dilma-acusada-de-tentar-manipular-a-categoria\\\/\"]}]},{\"@type\":\"ImageObject\",\"inLanguage\":\"pt-BR\",\"@id\":\"https:\\\/\\\/www.notibras.com\\\/site\\\/gntes-e-delegados-federais-eme-pe-de-ghuerra-dilma-acusada-de-tentar-manipular-a-categoria\\\/#primaryimage\",\"url\":\"https:\\\/\\\/www.notibras.com\\\/site\\\/wp-content\\\/uploads\\\/2014\\\/10\\\/grevepf.jpg\",\"contentUrl\":\"https:\\\/\\\/www.notibras.com\\\/site\\\/wp-content\\\/uploads\\\/2014\\\/10\\\/grevepf.jpg\",\"width\":620,\"height\":465},{\"@type\":\"BreadcrumbList\",\"@id\":\"https:\\\/\\\/www.notibras.com\\\/site\\\/gntes-e-delegados-federais-eme-pe-de-ghuerra-dilma-acusada-de-tentar-manipular-a-categoria\\\/#breadcrumb\",\"itemListElement\":[{\"@type\":\"ListItem\",\"position\":1,\"name\":\"In\u00edcio\",\"item\":\"https:\\\/\\\/www.notibras.com\\\/site\\\/\"},{\"@type\":\"ListItem\",\"position\":2,\"name\":\"Agentes e delegados federais est\u00e3o em p\u00e9 de guerra; Dilma suspeita de manipular grupo\"}]},{\"@type\":\"WebSite\",\"@id\":\"https:\\\/\\\/www.notibras.com\\\/site\\\/#website\",\"url\":\"https:\\\/\\\/www.notibras.com\\\/site\\\/\",\"name\":\"Notibras\",\"description\":\"Not\u00edcias de Bras\u00edlia, do Brasil e do Mundo\",\"publisher\":{\"@id\":\"https:\\\/\\\/www.notibras.com\\\/site\\\/#organization\"},\"potentialAction\":[{\"@type\":\"SearchAction\",\"target\":{\"@type\":\"EntryPoint\",\"urlTemplate\":\"https:\\\/\\\/www.notibras.com\\\/site\\\/?s={search_term_string}\"},\"query-input\":{\"@type\":\"PropertyValueSpecification\",\"valueRequired\":true,\"valueName\":\"search_term_string\"}}],\"inLanguage\":\"pt-BR\"},{\"@type\":\"Organization\",\"@id\":\"https:\\\/\\\/www.notibras.com\\\/site\\\/#organization\",\"name\":\"Grupo Notibras de Comunica\u00e7\u00e3o\",\"url\":\"https:\\\/\\\/www.notibras.com\\\/site\\\/\",\"logo\":{\"@type\":\"ImageObject\",\"inLanguage\":\"pt-BR\",\"@id\":\"https:\\\/\\\/www.notibras.com\\\/site\\\/#\\\/schema\\\/logo\\\/image\\\/\",\"url\":\"https:\\\/\\\/www.notibras.com\\\/site\\\/wp-content\\\/uploads\\\/2023\\\/01\\\/notibras23.png\",\"contentUrl\":\"https:\\\/\\\/www.notibras.com\\\/site\\\/wp-content\\\/uploads\\\/2023\\\/01\\\/notibras23.png\",\"width\":350,\"height\":87,\"caption\":\"Grupo Notibras de Comunica\u00e7\u00e3o\"},\"image\":{\"@id\":\"https:\\\/\\\/www.notibras.com\\\/site\\\/#\\\/schema\\\/logo\\\/image\\\/\"},\"sameAs\":[\"https:\\\/\\\/www.facebook.com\\\/notibras\\\/\",\"https:\\\/\\\/x.com\\\/Notibras\",\"https:\\\/\\\/www.instagram.com\\\/notibras\\\/\"]},{\"@type\":\"Person\",\"@id\":\"https:\\\/\\\/www.notibras.com\\\/site\\\/#\\\/schema\\\/person\\\/36ab0979449956132d3e5b517ea76ac8\",\"name\":\"Reda\u00e7\u00e3o\",\"image\":{\"@type\":\"ImageObject\",\"inLanguage\":\"pt-BR\",\"@id\":\"https:\\\/\\\/secure.gravatar.com\\\/avatar\\\/e0a867bdedb85fd243eadf09663511f96fc81e0720a4a42581f334ad4303aa6b?s=96&d=mm&r=g\",\"url\":\"https:\\\/\\\/secure.gravatar.com\\\/avatar\\\/e0a867bdedb85fd243eadf09663511f96fc81e0720a4a42581f334ad4303aa6b?s=96&d=mm&r=g\",\"contentUrl\":\"https:\\\/\\\/secure.gravatar.com\\\/avatar\\\/e0a867bdedb85fd243eadf09663511f96fc81e0720a4a42581f334ad4303aa6b?s=96&d=mm&r=g\",\"caption\":\"Reda\u00e7\u00e3o\"}}]}<\/script>\n<!-- \/ Yoast SEO plugin. -->","yoast_head_json":{"title":"Agentes e delegados federais est\u00e3o em p\u00e9 de guerra; Dilma suspeita de manipular grupo - Notibras","robots":{"index":"index","follow":"follow","max-snippet":"max-snippet:-1","max-image-preview":"max-image-preview:large","max-video-preview":"max-video-preview:-1"},"canonical":"https:\/\/www.notibras.com\/site\/gntes-e-delegados-federais-eme-pe-de-ghuerra-dilma-acusada-de-tentar-manipular-a-categoria\/","og_locale":"pt_BR","og_type":"article","og_title":"Agentes e delegados federais est\u00e3o em p\u00e9 de guerra; Dilma suspeita de manipular grupo - Notibras","og_description":"Desde as opera\u00e7\u00f5es desencadeadas pela Pol\u00edcia Federal que colocou na parede v\u00e1rias figuras pol\u00edticas que est\u00e3o no topo da hierarquia dos partidos, a presidente da Rep\u00fablica Dilma Rousseff (PT), usa o tema como bandeira. Sustenta que, nunca antes na hist\u00f3ria brasileira, se investigou profundamente as mazelas no servi\u00e7o p\u00fablico e seus arredores. Nem tanto. Em [&hellip;]","og_url":"https:\/\/www.notibras.com\/site\/gntes-e-delegados-federais-eme-pe-de-ghuerra-dilma-acusada-de-tentar-manipular-a-categoria\/","og_site_name":"Notibras","article_publisher":"https:\/\/www.facebook.com\/notibras\/","article_published_time":"2014-10-18T02:51:35+00:00","article_modified_time":"2014-10-18T22:17:56+00:00","og_image":[{"width":620,"height":465,"url":"https:\/\/www.notibras.com\/site\/wp-content\/uploads\/2014\/10\/grevepf.jpg","type":"image\/jpeg"}],"author":"Reda\u00e7\u00e3o","twitter_card":"summary_large_image","twitter_creator":"@Notibras","twitter_site":"@Notibras","twitter_misc":{"Escrito por":"Reda\u00e7\u00e3o","Est. tempo de leitura":"2 minutos"},"schema":{"@context":"https:\/\/schema.org","@graph":[{"@type":"Article","@id":"https:\/\/www.notibras.com\/site\/gntes-e-delegados-federais-eme-pe-de-ghuerra-dilma-acusada-de-tentar-manipular-a-categoria\/#article","isPartOf":{"@id":"https:\/\/www.notibras.com\/site\/gntes-e-delegados-federais-eme-pe-de-ghuerra-dilma-acusada-de-tentar-manipular-a-categoria\/"},"author":{"name":"Reda\u00e7\u00e3o","@id":"https:\/\/www.notibras.com\/site\/#\/schema\/person\/36ab0979449956132d3e5b517ea76ac8"},"headline":"Agentes e delegados federais est\u00e3o em p\u00e9 de guerra; Dilma suspeita de manipular grupo","datePublished":"2014-10-18T02:51:35+00:00","dateModified":"2014-10-18T22:17:56+00:00","mainEntityOfPage":{"@id":"https:\/\/www.notibras.com\/site\/gntes-e-delegados-federais-eme-pe-de-ghuerra-dilma-acusada-de-tentar-manipular-a-categoria\/"},"wordCount":416,"commentCount":0,"publisher":{"@id":"https:\/\/www.notibras.com\/site\/#organization"},"image":{"@id":"https:\/\/www.notibras.com\/site\/gntes-e-delegados-federais-eme-pe-de-ghuerra-dilma-acusada-de-tentar-manipular-a-categoria\/#primaryimage"},"thumbnailUrl":"https:\/\/www.notibras.com\/site\/wp-content\/uploads\/2014\/10\/grevepf.jpg","articleSection":["Brasil"],"inLanguage":"pt-BR","potentialAction":[{"@type":"CommentAction","name":"Comment","target":["https:\/\/www.notibras.com\/site\/gntes-e-delegados-federais-eme-pe-de-ghuerra-dilma-acusada-de-tentar-manipular-a-categoria\/#respond"]}]},{"@type":"WebPage","@id":"https:\/\/www.notibras.com\/site\/gntes-e-delegados-federais-eme-pe-de-ghuerra-dilma-acusada-de-tentar-manipular-a-categoria\/","url":"https:\/\/www.notibras.com\/site\/gntes-e-delegados-federais-eme-pe-de-ghuerra-dilma-acusada-de-tentar-manipular-a-categoria\/","name":"Agentes e delegados federais est\u00e3o em p\u00e9 de guerra; Dilma suspeita de manipular grupo - Notibras","isPartOf":{"@id":"https:\/\/www.notibras.com\/site\/#website"},"primaryImageOfPage":{"@id":"https:\/\/www.notibras.com\/site\/gntes-e-delegados-federais-eme-pe-de-ghuerra-dilma-acusada-de-tentar-manipular-a-categoria\/#primaryimage"},"image":{"@id":"https:\/\/www.notibras.com\/site\/gntes-e-delegados-federais-eme-pe-de-ghuerra-dilma-acusada-de-tentar-manipular-a-categoria\/#primaryimage"},"thumbnailUrl":"https:\/\/www.notibras.com\/site\/wp-content\/uploads\/2014\/10\/grevepf.jpg","datePublished":"2014-10-18T02:51:35+00:00","dateModified":"2014-10-18T22:17:56+00:00","breadcrumb":{"@id":"https:\/\/www.notibras.com\/site\/gntes-e-delegados-federais-eme-pe-de-ghuerra-dilma-acusada-de-tentar-manipular-a-categoria\/#breadcrumb"},"inLanguage":"pt-BR","potentialAction":[{"@type":"ReadAction","target":["https:\/\/www.notibras.com\/site\/gntes-e-delegados-federais-eme-pe-de-ghuerra-dilma-acusada-de-tentar-manipular-a-categoria\/"]}]},{"@type":"ImageObject","inLanguage":"pt-BR","@id":"https:\/\/www.notibras.com\/site\/gntes-e-delegados-federais-eme-pe-de-ghuerra-dilma-acusada-de-tentar-manipular-a-categoria\/#primaryimage","url":"https:\/\/www.notibras.com\/site\/wp-content\/uploads\/2014\/10\/grevepf.jpg","contentUrl":"https:\/\/www.notibras.com\/site\/wp-content\/uploads\/2014\/10\/grevepf.jpg","width":620,"height":465},{"@type":"BreadcrumbList","@id":"https:\/\/www.notibras.com\/site\/gntes-e-delegados-federais-eme-pe-de-ghuerra-dilma-acusada-de-tentar-manipular-a-categoria\/#breadcrumb","itemListElement":[{"@type":"ListItem","position":1,"name":"In\u00edcio","item":"https:\/\/www.notibras.com\/site\/"},{"@type":"ListItem","position":2,"name":"Agentes e delegados federais est\u00e3o em p\u00e9 de guerra; Dilma suspeita de manipular grupo"}]},{"@type":"WebSite","@id":"https:\/\/www.notibras.com\/site\/#website","url":"https:\/\/www.notibras.com\/site\/","name":"Notibras","description":"Not\u00edcias de Bras\u00edlia, do Brasil e do Mundo","publisher":{"@id":"https:\/\/www.notibras.com\/site\/#organization"},"potentialAction":[{"@type":"SearchAction","target":{"@type":"EntryPoint","urlTemplate":"https:\/\/www.notibras.com\/site\/?s={search_term_string}"},"query-input":{"@type":"PropertyValueSpecification","valueRequired":true,"valueName":"search_term_string"}}],"inLanguage":"pt-BR"},{"@type":"Organization","@id":"https:\/\/www.notibras.com\/site\/#organization","name":"Grupo Notibras de Comunica\u00e7\u00e3o","url":"https:\/\/www.notibras.com\/site\/","logo":{"@type":"ImageObject","inLanguage":"pt-BR","@id":"https:\/\/www.notibras.com\/site\/#\/schema\/logo\/image\/","url":"https:\/\/www.notibras.com\/site\/wp-content\/uploads\/2023\/01\/notibras23.png","contentUrl":"https:\/\/www.notibras.com\/site\/wp-content\/uploads\/2023\/01\/notibras23.png","width":350,"height":87,"caption":"Grupo Notibras de Comunica\u00e7\u00e3o"},"image":{"@id":"https:\/\/www.notibras.com\/site\/#\/schema\/logo\/image\/"},"sameAs":["https:\/\/www.facebook.com\/notibras\/","https:\/\/x.com\/Notibras","https:\/\/www.instagram.com\/notibras\/"]},{"@type":"Person","@id":"https:\/\/www.notibras.com\/site\/#\/schema\/person\/36ab0979449956132d3e5b517ea76ac8","name":"Reda\u00e7\u00e3o","image":{"@type":"ImageObject","inLanguage":"pt-BR","@id":"https:\/\/secure.gravatar.com\/avatar\/e0a867bdedb85fd243eadf09663511f96fc81e0720a4a42581f334ad4303aa6b?s=96&d=mm&r=g","url":"https:\/\/secure.gravatar.com\/avatar\/e0a867bdedb85fd243eadf09663511f96fc81e0720a4a42581f334ad4303aa6b?s=96&d=mm&r=g","contentUrl":"https:\/\/secure.gravatar.com\/avatar\/e0a867bdedb85fd243eadf09663511f96fc81e0720a4a42581f334ad4303aa6b?s=96&d=mm&r=g","caption":"Reda\u00e7\u00e3o"}}]}},"amp_enabled":true,"_links":{"self":[{"href":"https:\/\/www.notibras.com\/site\/wp-json\/wp\/v2\/posts\/25220","targetHints":{"allow":["GET"]}}],"collection":[{"href":"https:\/\/www.notibras.com\/site\/wp-json\/wp\/v2\/posts"}],"about":[{"href":"https:\/\/www.notibras.com\/site\/wp-json\/wp\/v2\/types\/post"}],"author":[{"embeddable":true,"href":"https:\/\/www.notibras.com\/site\/wp-json\/wp\/v2\/users\/2"}],"replies":[{"embeddable":true,"href":"https:\/\/www.notibras.com\/site\/wp-json\/wp\/v2\/comments?post=25220"}],"version-history":[{"count":0,"href":"https:\/\/www.notibras.com\/site\/wp-json\/wp\/v2\/posts\/25220\/revisions"}],"wp:featuredmedia":[{"embeddable":true,"href":"https:\/\/www.notibras.com\/site\/wp-json\/wp\/v2\/media\/25221"}],"wp:attachment":[{"href":"https:\/\/www.notibras.com\/site\/wp-json\/wp\/v2\/media?parent=25220"}],"wp:term":[{"taxonomy":"category","embeddable":true,"href":"https:\/\/www.notibras.com\/site\/wp-json\/wp\/v2\/categories?post=25220"},{"taxonomy":"post_tag","embeddable":true,"href":"https:\/\/www.notibras.com\/site\/wp-json\/wp\/v2\/tags?post=25220"}],"curies":[{"name":"wp","href":"https:\/\/api.w.org\/{rel}","templated":true}]}}