{"id":25241,"date":"2014-10-17T22:03:22","date_gmt":"2014-10-18T01:03:22","guid":{"rendered":"http:\/\/www.notibras.com\/site\/?p=25241"},"modified":"2014-10-18T02:08:30","modified_gmt":"2014-10-18T05:08:30","slug":"parana-e-america-mg-fazem-jogo-morno-e-empatam-em-1-a-1","status":"publish","type":"post","link":"https:\/\/www.notibras.com\/site\/parana-e-america-mg-fazem-jogo-morno-e-empatam-em-1-a-1\/","title":{"rendered":"Paran\u00e1 e Am\u00e9rica-MG fazem jogo morno e empatam em 1 a 1"},"content":{"rendered":"<p>J\u00e1 est\u00e1 se tornando uma rotina perigosa para o Paran\u00e1 Clube. O time dificilmente perde na Vila Capanema nesta S\u00e9rie B do Campeonato Brasileiro. Por\u00e9m, tamb\u00e9m n\u00e3o ganha. Desta vez o empate em 1 a 1 aconteceu diante do Am\u00e9rica Mineiro, e complicou os planos do time nesta reta final de competi\u00e7\u00e3o. Com 37 pontos ganhos, os paranistas seguem na 13\u00aa coloca\u00e7\u00e3o, apenas quatro pontos \u00e0 frente da zona de rebaixamento. J\u00e1 o Coelho, com 42 pontos, praticamente se despede da luta apelo acesso.<\/p>\n<p>Depois de um primeiro tecnicamente muito fraco, a partida voltou mais animada ap\u00f3s o intervalo e, aos 15 minutos, Giancarlo pegou sobra de bola dentro da pequena \u00e1rea e empurrou para o fundo das redes, para abrir o placar. A alegria durou pouco, j\u00e1 que, aos 22 minutos, Obina, de p\u00eanalti, deixou tudo igual.<\/p>\n<p>O Paran\u00e1 Clube volta a campo na ter\u00e7a-feira, quando recebe a Portuguesa, na Vila Capanema, em Curitiba. No mesmo dia, o Am\u00e9rica Mineiro ter\u00e1 pela frente o Oeste, no Est\u00e1dio dos Amaros, em It\u00e1polis.<\/p>\n<p>O jogo &#8211; Apesar do forte temporal que atingiu a regi\u00e3o metropolitana de Curitiba, o gramado da Vila teve uma recupera\u00e7\u00e3o at\u00e9 certo ponto eficiente, permanecendo apenas escorregadio, sem po\u00e7as. Com a bola rolando, muita marca\u00e7\u00e3o e dois times tentando tomar para si as a\u00e7\u00f5es da partida, mas errando alguns passes e sem buscar as finaliza\u00e7\u00f5es. O primeiro chute veio aos 16 minutos, em cobran\u00e7a de falta rasteira de L\u00facio Fl\u00e1vio, que pareceu mais um cruzamento, nas m\u00e3os de Jo\u00e3o Ricardo.<\/p>\n<blockquote><p>O jogo era de poucas emo\u00e7\u00f5es para o fraco p\u00fablico que encarou o tempo chuvoso e o hor\u00e1rio nada convidativo para uma sexta-feira. Aos 25 minutos, o Coelho levou perigo, com Raul, que cruzou fechado mas, Obina e William n\u00e3o conseguiram completar o lance. Na resposta, dois minutos depois, L\u00facio Fl\u00e1vio cobrou falta na cabe\u00e7a de Alisson, que desviou pela linha de fundo.<\/p><\/blockquote>\n<p>O Tricolor seguia com seu problema cr\u00f4nico no ataque, sem conseguir criar pelos lados ou mesmo penetrar na defesa advers\u00e1ria pelo meio. Obina mostrava dificuldade para correr, segurando a coxa e apontando alguma les\u00e3o no tornozelo. Lance com algum perigo mesmo somente voltou a acontecer aos 34 minutos, em cobran\u00e7a de lata de Tch\u00f4 para Andrei Girotto, que tocou de cabe\u00e7a para fora. Aos 46 minutos, Henrique Santos chutou forte e Jo\u00e3o Ricardo agarrou.<\/p>\n<p>Para a segunda etapa, o Paran\u00e1 retornou com Tiago Alves no lugar de Henrique Santos. Aos dois minutos Chiquinho fez boa jogada pela lateral e cruzou para Giancarlo, que n\u00e3o conseguiu finalizar, com a chegada de Ricardo. Aos quatro minutos, Pablo vacilou, a bola sobrou para Giancarlo e o atacante conseguiu desperdi\u00e7ar a melhor chance da partida. A etapa final j\u00e1 era muito superior aos 45 minutos iniciais.Depois das chances perdidas, finalmente aos 15 minutos Giancarlo desencantou. O atacante paranista aproveitou rebote de bola na trave e com oportunismo empurrou para o fundo das redes. Entretanto, aos 21 minutos, ap\u00f3s confus\u00e3o na \u00e1rea, o \u00e1rbitro marcou p\u00eanalti de Marcos em Tch\u00f4. Na cobran\u00e7a, Obina, deixou tudo igual no placar. Revoltado com o lance, Edson Sitta reclamou com a arbitragem e foi expulso.<\/p>\n<p>Com um a menos, o Paran\u00e1 tentava contar o nervosismo para buscar o segundo gol. Aos 28 minutos, L\u00facio Fl\u00e1vio arriscou de fora da \u00e1rea, nas m\u00e3os de Jo\u00e3o Ricardo. De longe, Vitor Hugo soltou um petardo e isolou a bola, aos 37 minutos. O Coelho teve uma grande chance para virar, aos 45 minutos, com Ricardinho, que entrou na \u00e1rea e bateu para defesa de Marcos, que garantiu o ponto paranista.<\/p>\n","protected":false},"excerpt":{"rendered":"<p>J\u00e1 est\u00e1 se tornando uma rotina perigosa para o Paran\u00e1 Clube. O time dificilmente perde na Vila Capanema nesta S\u00e9rie B do Campeonato Brasileiro. Por\u00e9m, tamb\u00e9m n\u00e3o ganha. Desta vez o empate em 1 a 1 aconteceu diante do Am\u00e9rica Mineiro, e complicou os planos do time nesta reta final de competi\u00e7\u00e3o. Com 37 pontos [&hellip;]<\/p>\n","protected":false},"author":2,"featured_media":25242,"comment_status":"open","ping_status":"closed","sticky":false,"template":"","format":"standard","meta":{"_acf_changed":false,"footnotes":""},"categories":[19,29],"tags":[],"class_list":["post-25241","post","type-post","status-publish","format-standard","has-post-thumbnail","hentry","category-esportes","category-futebol"],"acf":[],"yoast_head":"<!-- This site is optimized with the Yoast SEO plugin v27.2 - https:\/\/yoast.com\/product\/yoast-seo-wordpress\/ -->\n<title>Paran\u00e1 e Am\u00e9rica-MG fazem jogo morno e empatam em 1 a 1 - Notibras<\/title>\n<meta name=\"robots\" content=\"index, follow, max-snippet:-1, max-image-preview:large, max-video-preview:-1\" \/>\n<link rel=\"canonical\" href=\"https:\/\/www.notibras.com\/site\/parana-e-america-mg-fazem-jogo-morno-e-empatam-em-1-a-1\/\" \/>\n<meta property=\"og:locale\" content=\"pt_BR\" \/>\n<meta property=\"og:type\" content=\"article\" \/>\n<meta property=\"og:title\" content=\"Paran\u00e1 e Am\u00e9rica-MG fazem jogo morno e empatam em 1 a 1 - Notibras\" \/>\n<meta property=\"og:description\" content=\"J\u00e1 est\u00e1 se tornando uma rotina perigosa para o Paran\u00e1 Clube. O time dificilmente perde na Vila Capanema nesta S\u00e9rie B do Campeonato Brasileiro. Por\u00e9m, tamb\u00e9m n\u00e3o ganha. Desta vez o empate em 1 a 1 aconteceu diante do Am\u00e9rica Mineiro, e complicou os planos do time nesta reta final de competi\u00e7\u00e3o. Com 37 pontos [&hellip;]\" \/>\n<meta property=\"og:url\" content=\"https:\/\/www.notibras.com\/site\/parana-e-america-mg-fazem-jogo-morno-e-empatam-em-1-a-1\/\" \/>\n<meta property=\"og:site_name\" content=\"Notibras\" \/>\n<meta property=\"article:publisher\" content=\"https:\/\/www.facebook.com\/notibras\/\" \/>\n<meta property=\"article:published_time\" content=\"2014-10-18T01:03:22+00:00\" \/>\n<meta property=\"article:modified_time\" content=\"2014-10-18T05:08:30+00:00\" \/>\n<meta property=\"og:image\" content=\"https:\/\/www.notibras.com\/site\/wp-content\/uploads\/2014\/10\/Paran\u00e1-x-Am\u00e9rica-MG.jpg\" \/>\n\t<meta property=\"og:image:width\" content=\"650\" \/>\n\t<meta property=\"og:image:height\" content=\"413\" \/>\n\t<meta property=\"og:image:type\" content=\"image\/jpeg\" \/>\n<meta name=\"author\" content=\"Reda\u00e7\u00e3o\" \/>\n<meta name=\"twitter:card\" content=\"summary_large_image\" \/>\n<meta name=\"twitter:creator\" content=\"@Notibras\" \/>\n<meta name=\"twitter:site\" content=\"@Notibras\" \/>\n<meta name=\"twitter:label1\" content=\"Escrito por\" \/>\n\t<meta name=\"twitter:data1\" content=\"Reda\u00e7\u00e3o\" \/>\n\t<meta name=\"twitter:label2\" content=\"Est. tempo de leitura\" \/>\n\t<meta name=\"twitter:data2\" content=\"3 minutos\" \/>\n<script type=\"application\/ld+json\" class=\"yoast-schema-graph\">{\"@context\":\"https:\/\/schema.org\",\"@graph\":[{\"@type\":\"Article\",\"@id\":\"https:\/\/www.notibras.com\/site\/parana-e-america-mg-fazem-jogo-morno-e-empatam-em-1-a-1\/#article\",\"isPartOf\":{\"@id\":\"https:\/\/www.notibras.com\/site\/parana-e-america-mg-fazem-jogo-morno-e-empatam-em-1-a-1\/\"},\"author\":{\"name\":\"Reda\u00e7\u00e3o\",\"@id\":\"https:\/\/www.notibras.com\/site\/#\/schema\/person\/36ab0979449956132d3e5b517ea76ac8\"},\"headline\":\"Paran\u00e1 e Am\u00e9rica-MG fazem jogo morno e empatam em 1 a 1\",\"datePublished\":\"2014-10-18T01:03:22+00:00\",\"dateModified\":\"2014-10-18T05:08:30+00:00\",\"mainEntityOfPage\":{\"@id\":\"https:\/\/www.notibras.com\/site\/parana-e-america-mg-fazem-jogo-morno-e-empatam-em-1-a-1\/\"},\"wordCount\":635,\"commentCount\":0,\"publisher\":{\"@id\":\"https:\/\/www.notibras.com\/site\/#organization\"},\"image\":{\"@id\":\"https:\/\/www.notibras.com\/site\/parana-e-america-mg-fazem-jogo-morno-e-empatam-em-1-a-1\/#primaryimage\"},\"thumbnailUrl\":\"https:\/\/www.notibras.com\/site\/wp-content\/uploads\/2014\/10\/Paran\u00e1-x-Am\u00e9rica-MG.jpg\",\"articleSection\":[\"Esportes\",\"Futebol\"],\"inLanguage\":\"pt-BR\",\"potentialAction\":[{\"@type\":\"CommentAction\",\"name\":\"Comment\",\"target\":[\"https:\/\/www.notibras.com\/site\/parana-e-america-mg-fazem-jogo-morno-e-empatam-em-1-a-1\/#respond\"]}]},{\"@type\":\"WebPage\",\"@id\":\"https:\/\/www.notibras.com\/site\/parana-e-america-mg-fazem-jogo-morno-e-empatam-em-1-a-1\/\",\"url\":\"https:\/\/www.notibras.com\/site\/parana-e-america-mg-fazem-jogo-morno-e-empatam-em-1-a-1\/\",\"name\":\"Paran\u00e1 e Am\u00e9rica-MG fazem jogo morno e empatam em 1 a 1 - Notibras\",\"isPartOf\":{\"@id\":\"https:\/\/www.notibras.com\/site\/#website\"},\"primaryImageOfPage\":{\"@id\":\"https:\/\/www.notibras.com\/site\/parana-e-america-mg-fazem-jogo-morno-e-empatam-em-1-a-1\/#primaryimage\"},\"image\":{\"@id\":\"https:\/\/www.notibras.com\/site\/parana-e-america-mg-fazem-jogo-morno-e-empatam-em-1-a-1\/#primaryimage\"},\"thumbnailUrl\":\"https:\/\/www.notibras.com\/site\/wp-content\/uploads\/2014\/10\/Paran\u00e1-x-Am\u00e9rica-MG.jpg\",\"datePublished\":\"2014-10-18T01:03:22+00:00\",\"dateModified\":\"2014-10-18T05:08:30+00:00\",\"breadcrumb\":{\"@id\":\"https:\/\/www.notibras.com\/site\/parana-e-america-mg-fazem-jogo-morno-e-empatam-em-1-a-1\/#breadcrumb\"},\"inLanguage\":\"pt-BR\",\"potentialAction\":[{\"@type\":\"ReadAction\",\"target\":[\"https:\/\/www.notibras.com\/site\/parana-e-america-mg-fazem-jogo-morno-e-empatam-em-1-a-1\/\"]}]},{\"@type\":\"ImageObject\",\"inLanguage\":\"pt-BR\",\"@id\":\"https:\/\/www.notibras.com\/site\/parana-e-america-mg-fazem-jogo-morno-e-empatam-em-1-a-1\/#primaryimage\",\"url\":\"https:\/\/www.notibras.com\/site\/wp-content\/uploads\/2014\/10\/Paran\u00e1-x-Am\u00e9rica-MG.jpg\",\"contentUrl\":\"https:\/\/www.notibras.com\/site\/wp-content\/uploads\/2014\/10\/Paran\u00e1-x-Am\u00e9rica-MG.jpg\",\"width\":650,\"height\":413},{\"@type\":\"BreadcrumbList\",\"@id\":\"https:\/\/www.notibras.com\/site\/parana-e-america-mg-fazem-jogo-morno-e-empatam-em-1-a-1\/#breadcrumb\",\"itemListElement\":[{\"@type\":\"ListItem\",\"position\":1,\"name\":\"In\u00edcio\",\"item\":\"https:\/\/www.notibras.com\/site\/\"},{\"@type\":\"ListItem\",\"position\":2,\"name\":\"Paran\u00e1 e Am\u00e9rica-MG fazem jogo morno e empatam em 1 a 1\"}]},{\"@type\":\"WebSite\",\"@id\":\"https:\/\/www.notibras.com\/site\/#website\",\"url\":\"https:\/\/www.notibras.com\/site\/\",\"name\":\"Notibras\",\"description\":\"Not\u00edcias de Bras\u00edlia, do Brasil e do Mundo\",\"publisher\":{\"@id\":\"https:\/\/www.notibras.com\/site\/#organization\"},\"potentialAction\":[{\"@type\":\"SearchAction\",\"target\":{\"@type\":\"EntryPoint\",\"urlTemplate\":\"https:\/\/www.notibras.com\/site\/?s={search_term_string}\"},\"query-input\":{\"@type\":\"PropertyValueSpecification\",\"valueRequired\":true,\"valueName\":\"search_term_string\"}}],\"inLanguage\":\"pt-BR\"},{\"@type\":\"Organization\",\"@id\":\"https:\/\/www.notibras.com\/site\/#organization\",\"name\":\"Grupo Notibras de Comunica\u00e7\u00e3o\",\"url\":\"https:\/\/www.notibras.com\/site\/\",\"logo\":{\"@type\":\"ImageObject\",\"inLanguage\":\"pt-BR\",\"@id\":\"https:\/\/www.notibras.com\/site\/#\/schema\/logo\/image\/\",\"url\":\"https:\/\/www.notibras.com\/site\/wp-content\/uploads\/2023\/01\/notibras23.png\",\"contentUrl\":\"https:\/\/www.notibras.com\/site\/wp-content\/uploads\/2023\/01\/notibras23.png\",\"width\":350,\"height\":87,\"caption\":\"Grupo Notibras de Comunica\u00e7\u00e3o\"},\"image\":{\"@id\":\"https:\/\/www.notibras.com\/site\/#\/schema\/logo\/image\/\"},\"sameAs\":[\"https:\/\/www.facebook.com\/notibras\/\",\"https:\/\/x.com\/Notibras\",\"https:\/\/www.instagram.com\/notibras\/\"]},{\"@type\":\"Person\",\"@id\":\"https:\/\/www.notibras.com\/site\/#\/schema\/person\/36ab0979449956132d3e5b517ea76ac8\",\"name\":\"Reda\u00e7\u00e3o\",\"image\":{\"@type\":\"ImageObject\",\"inLanguage\":\"pt-BR\",\"@id\":\"https:\/\/secure.gravatar.com\/avatar\/e0a867bdedb85fd243eadf09663511f96fc81e0720a4a42581f334ad4303aa6b?s=96&d=mm&r=g\",\"url\":\"https:\/\/secure.gravatar.com\/avatar\/e0a867bdedb85fd243eadf09663511f96fc81e0720a4a42581f334ad4303aa6b?s=96&d=mm&r=g\",\"contentUrl\":\"https:\/\/secure.gravatar.com\/avatar\/e0a867bdedb85fd243eadf09663511f96fc81e0720a4a42581f334ad4303aa6b?s=96&d=mm&r=g\",\"caption\":\"Reda\u00e7\u00e3o\"}}]}<\/script>\n<!-- \/ Yoast SEO plugin. -->","yoast_head_json":{"title":"Paran\u00e1 e Am\u00e9rica-MG fazem jogo morno e empatam em 1 a 1 - Notibras","robots":{"index":"index","follow":"follow","max-snippet":"max-snippet:-1","max-image-preview":"max-image-preview:large","max-video-preview":"max-video-preview:-1"},"canonical":"https:\/\/www.notibras.com\/site\/parana-e-america-mg-fazem-jogo-morno-e-empatam-em-1-a-1\/","og_locale":"pt_BR","og_type":"article","og_title":"Paran\u00e1 e Am\u00e9rica-MG fazem jogo morno e empatam em 1 a 1 - Notibras","og_description":"J\u00e1 est\u00e1 se tornando uma rotina perigosa para o Paran\u00e1 Clube. O time dificilmente perde na Vila Capanema nesta S\u00e9rie B do Campeonato Brasileiro. Por\u00e9m, tamb\u00e9m n\u00e3o ganha. Desta vez o empate em 1 a 1 aconteceu diante do Am\u00e9rica Mineiro, e complicou os planos do time nesta reta final de competi\u00e7\u00e3o. Com 37 pontos [&hellip;]","og_url":"https:\/\/www.notibras.com\/site\/parana-e-america-mg-fazem-jogo-morno-e-empatam-em-1-a-1\/","og_site_name":"Notibras","article_publisher":"https:\/\/www.facebook.com\/notibras\/","article_published_time":"2014-10-18T01:03:22+00:00","article_modified_time":"2014-10-18T05:08:30+00:00","og_image":[{"width":650,"height":413,"url":"https:\/\/www.notibras.com\/site\/wp-content\/uploads\/2014\/10\/Paran\u00e1-x-Am\u00e9rica-MG.jpg","type":"image\/jpeg"}],"author":"Reda\u00e7\u00e3o","twitter_card":"summary_large_image","twitter_creator":"@Notibras","twitter_site":"@Notibras","twitter_misc":{"Escrito por":"Reda\u00e7\u00e3o","Est. tempo de leitura":"3 minutos"},"schema":{"@context":"https:\/\/schema.org","@graph":[{"@type":"Article","@id":"https:\/\/www.notibras.com\/site\/parana-e-america-mg-fazem-jogo-morno-e-empatam-em-1-a-1\/#article","isPartOf":{"@id":"https:\/\/www.notibras.com\/site\/parana-e-america-mg-fazem-jogo-morno-e-empatam-em-1-a-1\/"},"author":{"name":"Reda\u00e7\u00e3o","@id":"https:\/\/www.notibras.com\/site\/#\/schema\/person\/36ab0979449956132d3e5b517ea76ac8"},"headline":"Paran\u00e1 e Am\u00e9rica-MG fazem jogo morno e empatam em 1 a 1","datePublished":"2014-10-18T01:03:22+00:00","dateModified":"2014-10-18T05:08:30+00:00","mainEntityOfPage":{"@id":"https:\/\/www.notibras.com\/site\/parana-e-america-mg-fazem-jogo-morno-e-empatam-em-1-a-1\/"},"wordCount":635,"commentCount":0,"publisher":{"@id":"https:\/\/www.notibras.com\/site\/#organization"},"image":{"@id":"https:\/\/www.notibras.com\/site\/parana-e-america-mg-fazem-jogo-morno-e-empatam-em-1-a-1\/#primaryimage"},"thumbnailUrl":"https:\/\/www.notibras.com\/site\/wp-content\/uploads\/2014\/10\/Paran\u00e1-x-Am\u00e9rica-MG.jpg","articleSection":["Esportes","Futebol"],"inLanguage":"pt-BR","potentialAction":[{"@type":"CommentAction","name":"Comment","target":["https:\/\/www.notibras.com\/site\/parana-e-america-mg-fazem-jogo-morno-e-empatam-em-1-a-1\/#respond"]}]},{"@type":"WebPage","@id":"https:\/\/www.notibras.com\/site\/parana-e-america-mg-fazem-jogo-morno-e-empatam-em-1-a-1\/","url":"https:\/\/www.notibras.com\/site\/parana-e-america-mg-fazem-jogo-morno-e-empatam-em-1-a-1\/","name":"Paran\u00e1 e Am\u00e9rica-MG fazem jogo morno e empatam em 1 a 1 - Notibras","isPartOf":{"@id":"https:\/\/www.notibras.com\/site\/#website"},"primaryImageOfPage":{"@id":"https:\/\/www.notibras.com\/site\/parana-e-america-mg-fazem-jogo-morno-e-empatam-em-1-a-1\/#primaryimage"},"image":{"@id":"https:\/\/www.notibras.com\/site\/parana-e-america-mg-fazem-jogo-morno-e-empatam-em-1-a-1\/#primaryimage"},"thumbnailUrl":"https:\/\/www.notibras.com\/site\/wp-content\/uploads\/2014\/10\/Paran\u00e1-x-Am\u00e9rica-MG.jpg","datePublished":"2014-10-18T01:03:22+00:00","dateModified":"2014-10-18T05:08:30+00:00","breadcrumb":{"@id":"https:\/\/www.notibras.com\/site\/parana-e-america-mg-fazem-jogo-morno-e-empatam-em-1-a-1\/#breadcrumb"},"inLanguage":"pt-BR","potentialAction":[{"@type":"ReadAction","target":["https:\/\/www.notibras.com\/site\/parana-e-america-mg-fazem-jogo-morno-e-empatam-em-1-a-1\/"]}]},{"@type":"ImageObject","inLanguage":"pt-BR","@id":"https:\/\/www.notibras.com\/site\/parana-e-america-mg-fazem-jogo-morno-e-empatam-em-1-a-1\/#primaryimage","url":"https:\/\/www.notibras.com\/site\/wp-content\/uploads\/2014\/10\/Paran\u00e1-x-Am\u00e9rica-MG.jpg","contentUrl":"https:\/\/www.notibras.com\/site\/wp-content\/uploads\/2014\/10\/Paran\u00e1-x-Am\u00e9rica-MG.jpg","width":650,"height":413},{"@type":"BreadcrumbList","@id":"https:\/\/www.notibras.com\/site\/parana-e-america-mg-fazem-jogo-morno-e-empatam-em-1-a-1\/#breadcrumb","itemListElement":[{"@type":"ListItem","position":1,"name":"In\u00edcio","item":"https:\/\/www.notibras.com\/site\/"},{"@type":"ListItem","position":2,"name":"Paran\u00e1 e Am\u00e9rica-MG fazem jogo morno e empatam em 1 a 1"}]},{"@type":"WebSite","@id":"https:\/\/www.notibras.com\/site\/#website","url":"https:\/\/www.notibras.com\/site\/","name":"Notibras","description":"Not\u00edcias de Bras\u00edlia, do Brasil e do Mundo","publisher":{"@id":"https:\/\/www.notibras.com\/site\/#organization"},"potentialAction":[{"@type":"SearchAction","target":{"@type":"EntryPoint","urlTemplate":"https:\/\/www.notibras.com\/site\/?s={search_term_string}"},"query-input":{"@type":"PropertyValueSpecification","valueRequired":true,"valueName":"search_term_string"}}],"inLanguage":"pt-BR"},{"@type":"Organization","@id":"https:\/\/www.notibras.com\/site\/#organization","name":"Grupo Notibras de Comunica\u00e7\u00e3o","url":"https:\/\/www.notibras.com\/site\/","logo":{"@type":"ImageObject","inLanguage":"pt-BR","@id":"https:\/\/www.notibras.com\/site\/#\/schema\/logo\/image\/","url":"https:\/\/www.notibras.com\/site\/wp-content\/uploads\/2023\/01\/notibras23.png","contentUrl":"https:\/\/www.notibras.com\/site\/wp-content\/uploads\/2023\/01\/notibras23.png","width":350,"height":87,"caption":"Grupo Notibras de Comunica\u00e7\u00e3o"},"image":{"@id":"https:\/\/www.notibras.com\/site\/#\/schema\/logo\/image\/"},"sameAs":["https:\/\/www.facebook.com\/notibras\/","https:\/\/x.com\/Notibras","https:\/\/www.instagram.com\/notibras\/"]},{"@type":"Person","@id":"https:\/\/www.notibras.com\/site\/#\/schema\/person\/36ab0979449956132d3e5b517ea76ac8","name":"Reda\u00e7\u00e3o","image":{"@type":"ImageObject","inLanguage":"pt-BR","@id":"https:\/\/secure.gravatar.com\/avatar\/e0a867bdedb85fd243eadf09663511f96fc81e0720a4a42581f334ad4303aa6b?s=96&d=mm&r=g","url":"https:\/\/secure.gravatar.com\/avatar\/e0a867bdedb85fd243eadf09663511f96fc81e0720a4a42581f334ad4303aa6b?s=96&d=mm&r=g","contentUrl":"https:\/\/secure.gravatar.com\/avatar\/e0a867bdedb85fd243eadf09663511f96fc81e0720a4a42581f334ad4303aa6b?s=96&d=mm&r=g","caption":"Reda\u00e7\u00e3o"}}]}},"amp_enabled":true,"_links":{"self":[{"href":"https:\/\/www.notibras.com\/site\/wp-json\/wp\/v2\/posts\/25241","targetHints":{"allow":["GET"]}}],"collection":[{"href":"https:\/\/www.notibras.com\/site\/wp-json\/wp\/v2\/posts"}],"about":[{"href":"https:\/\/www.notibras.com\/site\/wp-json\/wp\/v2\/types\/post"}],"author":[{"embeddable":true,"href":"https:\/\/www.notibras.com\/site\/wp-json\/wp\/v2\/users\/2"}],"replies":[{"embeddable":true,"href":"https:\/\/www.notibras.com\/site\/wp-json\/wp\/v2\/comments?post=25241"}],"version-history":[{"count":0,"href":"https:\/\/www.notibras.com\/site\/wp-json\/wp\/v2\/posts\/25241\/revisions"}],"wp:featuredmedia":[{"embeddable":true,"href":"https:\/\/www.notibras.com\/site\/wp-json\/wp\/v2\/media\/25242"}],"wp:attachment":[{"href":"https:\/\/www.notibras.com\/site\/wp-json\/wp\/v2\/media?parent=25241"}],"wp:term":[{"taxonomy":"category","embeddable":true,"href":"https:\/\/www.notibras.com\/site\/wp-json\/wp\/v2\/categories?post=25241"},{"taxonomy":"post_tag","embeddable":true,"href":"https:\/\/www.notibras.com\/site\/wp-json\/wp\/v2\/tags?post=25241"}],"curies":[{"name":"wp","href":"https:\/\/api.w.org\/{rel}","templated":true}]}}