{"id":25258,"date":"2014-10-17T22:04:34","date_gmt":"2014-10-18T01:04:34","guid":{"rendered":"http:\/\/www.notibras.com\/site\/?p=25258"},"modified":"2014-10-18T03:09:02","modified_gmt":"2014-10-18T06:09:02","slug":"chuva-cai-em-sao-paulo-e-temperatura-desaba-de-38-para-21-graus","status":"publish","type":"post","link":"https:\/\/www.notibras.com\/site\/chuva-cai-em-sao-paulo-e-temperatura-desaba-de-38-para-21-graus\/","title":{"rendered":"Chuva cai em S\u00e3o Paulo e temperatura recorde desaba de tarde de 38 para 21 graus"},"content":{"rendered":"<p>Choveu r\u00e1pido em bairros da capital paulista na tarde desta sexta-feira (17) ap\u00f3s a cidade de S\u00e3o Paulo registrar recorde de calor com temperatura de 37,8\u00baC \u00e0s 14h, segundo o Instituto Nacional de Meteorologia (Inmet).<\/p>\n<p>De acordo com o monitoramento da Prefeitura de S\u00e3o Paulo, houve chuvas muito fracas e isoladas na regi\u00e3o de Santana, Freguesia do \u00f3, Vila Maria e Vila Guilherme. Perdizes e Lapa tamb\u00e9m tiveram registro de chuva passageira. Segundo o CGE, as esta\u00e7\u00f5es de medi\u00e7\u00e3o n\u00e3o chegaram a verificar nenhum mil\u00edmetro acumulado.<\/p>\n<p>Ap\u00f3s a chuva come\u00e7ar, \u00e0s 16h10, Santana registrava 25,8\u00b0C de temperatura, segundo o CGE. Quando a chuva parou, a temperatura j\u00e1 tinha baixado para 24,9\u00baC e terminou a tarde, \u00e0s 18h, com 21\u00baC.<\/p>\n<p>Os 37,8\u00baC registrados no come\u00e7o da tarde \u00e9 a marca mais alta desde o in\u00edcio das medi\u00e7\u00f5es, em 1943, na esta\u00e7\u00e3o do Inmet no Mirante de Santana, Zona Norte. At\u00e9 ent\u00e3o, a m\u00e1xima absoluta mais alta na capital havia sido de 37\u00baC, registrada em 10 de janeiro de 1999, ainda de acordo com o Inmet. Os dados do instituto de meteorologia mostram que 2014 teve cinco das dez temperaturas mais altas na cidade em 71 anos <em>(veja tabela abaixo)<\/em>.<\/p>\n<p>A esta\u00e7\u00e3o Ja\u00e7an\u00e3\/Tremeb\u00e9, tamb\u00e9m na Zona Norte, controlada pelo Centro Gerenciamento de Emerg\u00eancias (CGE), \u00f3rg\u00e3o da Prefeitura, marcou temperatura ainda mais alta, de 39,3\u00b0C, \u00e0s 13h50. A sensa\u00e7\u00e3o t\u00e9rmica na regi\u00e3o, segundo os meteorologistas, chegou a 47\u00b0C em locais descobertos. Mesmo os n\u00fameros do CGE sendo mais altos que os registros do Inmet, os dados hist\u00f3ricos consideram as medi\u00e7\u00f5es do Instituto Nacional de Meteorologia.<\/p>\n","protected":false},"excerpt":{"rendered":"<p>Choveu r\u00e1pido em bairros da capital paulista na tarde desta sexta-feira (17) ap\u00f3s a cidade de S\u00e3o Paulo registrar recorde de calor com temperatura de 37,8\u00baC \u00e0s 14h, segundo o Instituto Nacional de Meteorologia (Inmet). De acordo com o monitoramento da Prefeitura de S\u00e3o Paulo, houve chuvas muito fracas e isoladas na regi\u00e3o de Santana, [&hellip;]<\/p>\n","protected":false},"author":2,"featured_media":25259,"comment_status":"open","ping_status":"closed","sticky":false,"template":"","format":"standard","meta":{"_acf_changed":false,"footnotes":""},"categories":[16],"tags":[],"class_list":["post-25258","post","type-post","status-publish","format-standard","has-post-thumbnail","hentry","category-brasil"],"acf":[],"yoast_head":"<!-- This site is optimized with the Yoast SEO plugin v27.5 - https:\/\/yoast.com\/product\/yoast-seo-wordpress\/ -->\n<title>Chuva cai em S\u00e3o Paulo e temperatura recorde desaba de tarde de 38 para 21 graus - Notibras<\/title>\n<meta name=\"robots\" content=\"index, follow, max-snippet:-1, max-image-preview:large, max-video-preview:-1\" \/>\n<link rel=\"canonical\" href=\"https:\/\/www.notibras.com\/site\/chuva-cai-em-sao-paulo-e-temperatura-desaba-de-38-para-21-graus\/\" \/>\n<meta property=\"og:locale\" content=\"pt_BR\" \/>\n<meta property=\"og:type\" content=\"article\" \/>\n<meta property=\"og:title\" content=\"Chuva cai em S\u00e3o Paulo e temperatura recorde desaba de tarde de 38 para 21 graus - Notibras\" \/>\n<meta property=\"og:description\" content=\"Choveu r\u00e1pido em bairros da capital paulista na tarde desta sexta-feira (17) ap\u00f3s a cidade de S\u00e3o Paulo registrar recorde de calor com temperatura de 37,8\u00baC \u00e0s 14h, segundo o Instituto Nacional de Meteorologia (Inmet). De acordo com o monitoramento da Prefeitura de S\u00e3o Paulo, houve chuvas muito fracas e isoladas na regi\u00e3o de Santana, [&hellip;]\" \/>\n<meta property=\"og:url\" content=\"https:\/\/www.notibras.com\/site\/chuva-cai-em-sao-paulo-e-temperatura-desaba-de-38-para-21-graus\/\" \/>\n<meta property=\"og:site_name\" content=\"Notibras\" \/>\n<meta property=\"article:publisher\" content=\"https:\/\/www.facebook.com\/notibras\/\" \/>\n<meta property=\"article:published_time\" content=\"2014-10-18T01:04:34+00:00\" \/>\n<meta property=\"article:modified_time\" content=\"2014-10-18T06:09:02+00:00\" \/>\n<meta property=\"og:image\" content=\"https:\/\/www.notibras.com\/site\/wp-content\/uploads\/2014\/10\/age20141017316.jpg\" \/>\n\t<meta property=\"og:image:width\" content=\"620\" \/>\n\t<meta property=\"og:image:height\" content=\"465\" \/>\n\t<meta property=\"og:image:type\" content=\"image\/jpeg\" \/>\n<meta name=\"author\" content=\"Reda\u00e7\u00e3o\" \/>\n<meta name=\"twitter:card\" content=\"summary_large_image\" \/>\n<meta name=\"twitter:creator\" content=\"@Notibras\" \/>\n<meta name=\"twitter:site\" content=\"@Notibras\" \/>\n<meta name=\"twitter:label1\" content=\"Escrito por\" \/>\n\t<meta name=\"twitter:data1\" content=\"Reda\u00e7\u00e3o\" \/>\n\t<meta name=\"twitter:label2\" content=\"Est. tempo de leitura\" \/>\n\t<meta name=\"twitter:data2\" content=\"1 minuto\" \/>\n<script type=\"application\/ld+json\" class=\"yoast-schema-graph\">{\"@context\":\"https:\\\/\\\/schema.org\",\"@graph\":[{\"@type\":\"Article\",\"@id\":\"https:\\\/\\\/www.notibras.com\\\/site\\\/chuva-cai-em-sao-paulo-e-temperatura-desaba-de-38-para-21-graus\\\/#article\",\"isPartOf\":{\"@id\":\"https:\\\/\\\/www.notibras.com\\\/site\\\/chuva-cai-em-sao-paulo-e-temperatura-desaba-de-38-para-21-graus\\\/\"},\"author\":{\"name\":\"Reda\u00e7\u00e3o\",\"@id\":\"https:\\\/\\\/www.notibras.com\\\/site\\\/#\\\/schema\\\/person\\\/36ab0979449956132d3e5b517ea76ac8\"},\"headline\":\"Chuva cai em S\u00e3o Paulo e temperatura recorde desaba de tarde de 38 para 21 graus\",\"datePublished\":\"2014-10-18T01:04:34+00:00\",\"dateModified\":\"2014-10-18T06:09:02+00:00\",\"mainEntityOfPage\":{\"@id\":\"https:\\\/\\\/www.notibras.com\\\/site\\\/chuva-cai-em-sao-paulo-e-temperatura-desaba-de-38-para-21-graus\\\/\"},\"wordCount\":299,\"commentCount\":0,\"publisher\":{\"@id\":\"https:\\\/\\\/www.notibras.com\\\/site\\\/#organization\"},\"image\":{\"@id\":\"https:\\\/\\\/www.notibras.com\\\/site\\\/chuva-cai-em-sao-paulo-e-temperatura-desaba-de-38-para-21-graus\\\/#primaryimage\"},\"thumbnailUrl\":\"https:\\\/\\\/www.notibras.com\\\/site\\\/wp-content\\\/uploads\\\/2014\\\/10\\\/age20141017316.jpg\",\"articleSection\":[\"Brasil\"],\"inLanguage\":\"pt-BR\",\"potentialAction\":[{\"@type\":\"CommentAction\",\"name\":\"Comment\",\"target\":[\"https:\\\/\\\/www.notibras.com\\\/site\\\/chuva-cai-em-sao-paulo-e-temperatura-desaba-de-38-para-21-graus\\\/#respond\"]}]},{\"@type\":\"WebPage\",\"@id\":\"https:\\\/\\\/www.notibras.com\\\/site\\\/chuva-cai-em-sao-paulo-e-temperatura-desaba-de-38-para-21-graus\\\/\",\"url\":\"https:\\\/\\\/www.notibras.com\\\/site\\\/chuva-cai-em-sao-paulo-e-temperatura-desaba-de-38-para-21-graus\\\/\",\"name\":\"Chuva cai em S\u00e3o Paulo e temperatura recorde desaba de tarde de 38 para 21 graus - Notibras\",\"isPartOf\":{\"@id\":\"https:\\\/\\\/www.notibras.com\\\/site\\\/#website\"},\"primaryImageOfPage\":{\"@id\":\"https:\\\/\\\/www.notibras.com\\\/site\\\/chuva-cai-em-sao-paulo-e-temperatura-desaba-de-38-para-21-graus\\\/#primaryimage\"},\"image\":{\"@id\":\"https:\\\/\\\/www.notibras.com\\\/site\\\/chuva-cai-em-sao-paulo-e-temperatura-desaba-de-38-para-21-graus\\\/#primaryimage\"},\"thumbnailUrl\":\"https:\\\/\\\/www.notibras.com\\\/site\\\/wp-content\\\/uploads\\\/2014\\\/10\\\/age20141017316.jpg\",\"datePublished\":\"2014-10-18T01:04:34+00:00\",\"dateModified\":\"2014-10-18T06:09:02+00:00\",\"breadcrumb\":{\"@id\":\"https:\\\/\\\/www.notibras.com\\\/site\\\/chuva-cai-em-sao-paulo-e-temperatura-desaba-de-38-para-21-graus\\\/#breadcrumb\"},\"inLanguage\":\"pt-BR\",\"potentialAction\":[{\"@type\":\"ReadAction\",\"target\":[\"https:\\\/\\\/www.notibras.com\\\/site\\\/chuva-cai-em-sao-paulo-e-temperatura-desaba-de-38-para-21-graus\\\/\"]}]},{\"@type\":\"ImageObject\",\"inLanguage\":\"pt-BR\",\"@id\":\"https:\\\/\\\/www.notibras.com\\\/site\\\/chuva-cai-em-sao-paulo-e-temperatura-desaba-de-38-para-21-graus\\\/#primaryimage\",\"url\":\"https:\\\/\\\/www.notibras.com\\\/site\\\/wp-content\\\/uploads\\\/2014\\\/10\\\/age20141017316.jpg\",\"contentUrl\":\"https:\\\/\\\/www.notibras.com\\\/site\\\/wp-content\\\/uploads\\\/2014\\\/10\\\/age20141017316.jpg\",\"width\":620,\"height\":465},{\"@type\":\"BreadcrumbList\",\"@id\":\"https:\\\/\\\/www.notibras.com\\\/site\\\/chuva-cai-em-sao-paulo-e-temperatura-desaba-de-38-para-21-graus\\\/#breadcrumb\",\"itemListElement\":[{\"@type\":\"ListItem\",\"position\":1,\"name\":\"In\u00edcio\",\"item\":\"https:\\\/\\\/www.notibras.com\\\/site\\\/\"},{\"@type\":\"ListItem\",\"position\":2,\"name\":\"Chuva cai em S\u00e3o Paulo e temperatura recorde desaba de tarde de 38 para 21 graus\"}]},{\"@type\":\"WebSite\",\"@id\":\"https:\\\/\\\/www.notibras.com\\\/site\\\/#website\",\"url\":\"https:\\\/\\\/www.notibras.com\\\/site\\\/\",\"name\":\"Notibras\",\"description\":\"Not\u00edcias de Bras\u00edlia, do Brasil e do Mundo\",\"publisher\":{\"@id\":\"https:\\\/\\\/www.notibras.com\\\/site\\\/#organization\"},\"potentialAction\":[{\"@type\":\"SearchAction\",\"target\":{\"@type\":\"EntryPoint\",\"urlTemplate\":\"https:\\\/\\\/www.notibras.com\\\/site\\\/?s={search_term_string}\"},\"query-input\":{\"@type\":\"PropertyValueSpecification\",\"valueRequired\":true,\"valueName\":\"search_term_string\"}}],\"inLanguage\":\"pt-BR\"},{\"@type\":\"Organization\",\"@id\":\"https:\\\/\\\/www.notibras.com\\\/site\\\/#organization\",\"name\":\"Grupo Notibras de Comunica\u00e7\u00e3o\",\"url\":\"https:\\\/\\\/www.notibras.com\\\/site\\\/\",\"logo\":{\"@type\":\"ImageObject\",\"inLanguage\":\"pt-BR\",\"@id\":\"https:\\\/\\\/www.notibras.com\\\/site\\\/#\\\/schema\\\/logo\\\/image\\\/\",\"url\":\"https:\\\/\\\/www.notibras.com\\\/site\\\/wp-content\\\/uploads\\\/2023\\\/01\\\/notibras23.png\",\"contentUrl\":\"https:\\\/\\\/www.notibras.com\\\/site\\\/wp-content\\\/uploads\\\/2023\\\/01\\\/notibras23.png\",\"width\":350,\"height\":87,\"caption\":\"Grupo Notibras de Comunica\u00e7\u00e3o\"},\"image\":{\"@id\":\"https:\\\/\\\/www.notibras.com\\\/site\\\/#\\\/schema\\\/logo\\\/image\\\/\"},\"sameAs\":[\"https:\\\/\\\/www.facebook.com\\\/notibras\\\/\",\"https:\\\/\\\/x.com\\\/Notibras\",\"https:\\\/\\\/www.instagram.com\\\/notibras\\\/\"]},{\"@type\":\"Person\",\"@id\":\"https:\\\/\\\/www.notibras.com\\\/site\\\/#\\\/schema\\\/person\\\/36ab0979449956132d3e5b517ea76ac8\",\"name\":\"Reda\u00e7\u00e3o\",\"image\":{\"@type\":\"ImageObject\",\"inLanguage\":\"pt-BR\",\"@id\":\"https:\\\/\\\/secure.gravatar.com\\\/avatar\\\/e0a867bdedb85fd243eadf09663511f96fc81e0720a4a42581f334ad4303aa6b?s=96&d=mm&r=g\",\"url\":\"https:\\\/\\\/secure.gravatar.com\\\/avatar\\\/e0a867bdedb85fd243eadf09663511f96fc81e0720a4a42581f334ad4303aa6b?s=96&d=mm&r=g\",\"contentUrl\":\"https:\\\/\\\/secure.gravatar.com\\\/avatar\\\/e0a867bdedb85fd243eadf09663511f96fc81e0720a4a42581f334ad4303aa6b?s=96&d=mm&r=g\",\"caption\":\"Reda\u00e7\u00e3o\"}}]}<\/script>\n<!-- \/ Yoast SEO plugin. -->","yoast_head_json":{"title":"Chuva cai em S\u00e3o Paulo e temperatura recorde desaba de tarde de 38 para 21 graus - Notibras","robots":{"index":"index","follow":"follow","max-snippet":"max-snippet:-1","max-image-preview":"max-image-preview:large","max-video-preview":"max-video-preview:-1"},"canonical":"https:\/\/www.notibras.com\/site\/chuva-cai-em-sao-paulo-e-temperatura-desaba-de-38-para-21-graus\/","og_locale":"pt_BR","og_type":"article","og_title":"Chuva cai em S\u00e3o Paulo e temperatura recorde desaba de tarde de 38 para 21 graus - Notibras","og_description":"Choveu r\u00e1pido em bairros da capital paulista na tarde desta sexta-feira (17) ap\u00f3s a cidade de S\u00e3o Paulo registrar recorde de calor com temperatura de 37,8\u00baC \u00e0s 14h, segundo o Instituto Nacional de Meteorologia (Inmet). De acordo com o monitoramento da Prefeitura de S\u00e3o Paulo, houve chuvas muito fracas e isoladas na regi\u00e3o de Santana, [&hellip;]","og_url":"https:\/\/www.notibras.com\/site\/chuva-cai-em-sao-paulo-e-temperatura-desaba-de-38-para-21-graus\/","og_site_name":"Notibras","article_publisher":"https:\/\/www.facebook.com\/notibras\/","article_published_time":"2014-10-18T01:04:34+00:00","article_modified_time":"2014-10-18T06:09:02+00:00","og_image":[{"width":620,"height":465,"url":"https:\/\/www.notibras.com\/site\/wp-content\/uploads\/2014\/10\/age20141017316.jpg","type":"image\/jpeg"}],"author":"Reda\u00e7\u00e3o","twitter_card":"summary_large_image","twitter_creator":"@Notibras","twitter_site":"@Notibras","twitter_misc":{"Escrito por":"Reda\u00e7\u00e3o","Est. tempo de leitura":"1 minuto"},"schema":{"@context":"https:\/\/schema.org","@graph":[{"@type":"Article","@id":"https:\/\/www.notibras.com\/site\/chuva-cai-em-sao-paulo-e-temperatura-desaba-de-38-para-21-graus\/#article","isPartOf":{"@id":"https:\/\/www.notibras.com\/site\/chuva-cai-em-sao-paulo-e-temperatura-desaba-de-38-para-21-graus\/"},"author":{"name":"Reda\u00e7\u00e3o","@id":"https:\/\/www.notibras.com\/site\/#\/schema\/person\/36ab0979449956132d3e5b517ea76ac8"},"headline":"Chuva cai em S\u00e3o Paulo e temperatura recorde desaba de tarde de 38 para 21 graus","datePublished":"2014-10-18T01:04:34+00:00","dateModified":"2014-10-18T06:09:02+00:00","mainEntityOfPage":{"@id":"https:\/\/www.notibras.com\/site\/chuva-cai-em-sao-paulo-e-temperatura-desaba-de-38-para-21-graus\/"},"wordCount":299,"commentCount":0,"publisher":{"@id":"https:\/\/www.notibras.com\/site\/#organization"},"image":{"@id":"https:\/\/www.notibras.com\/site\/chuva-cai-em-sao-paulo-e-temperatura-desaba-de-38-para-21-graus\/#primaryimage"},"thumbnailUrl":"https:\/\/www.notibras.com\/site\/wp-content\/uploads\/2014\/10\/age20141017316.jpg","articleSection":["Brasil"],"inLanguage":"pt-BR","potentialAction":[{"@type":"CommentAction","name":"Comment","target":["https:\/\/www.notibras.com\/site\/chuva-cai-em-sao-paulo-e-temperatura-desaba-de-38-para-21-graus\/#respond"]}]},{"@type":"WebPage","@id":"https:\/\/www.notibras.com\/site\/chuva-cai-em-sao-paulo-e-temperatura-desaba-de-38-para-21-graus\/","url":"https:\/\/www.notibras.com\/site\/chuva-cai-em-sao-paulo-e-temperatura-desaba-de-38-para-21-graus\/","name":"Chuva cai em S\u00e3o Paulo e temperatura recorde desaba de tarde de 38 para 21 graus - Notibras","isPartOf":{"@id":"https:\/\/www.notibras.com\/site\/#website"},"primaryImageOfPage":{"@id":"https:\/\/www.notibras.com\/site\/chuva-cai-em-sao-paulo-e-temperatura-desaba-de-38-para-21-graus\/#primaryimage"},"image":{"@id":"https:\/\/www.notibras.com\/site\/chuva-cai-em-sao-paulo-e-temperatura-desaba-de-38-para-21-graus\/#primaryimage"},"thumbnailUrl":"https:\/\/www.notibras.com\/site\/wp-content\/uploads\/2014\/10\/age20141017316.jpg","datePublished":"2014-10-18T01:04:34+00:00","dateModified":"2014-10-18T06:09:02+00:00","breadcrumb":{"@id":"https:\/\/www.notibras.com\/site\/chuva-cai-em-sao-paulo-e-temperatura-desaba-de-38-para-21-graus\/#breadcrumb"},"inLanguage":"pt-BR","potentialAction":[{"@type":"ReadAction","target":["https:\/\/www.notibras.com\/site\/chuva-cai-em-sao-paulo-e-temperatura-desaba-de-38-para-21-graus\/"]}]},{"@type":"ImageObject","inLanguage":"pt-BR","@id":"https:\/\/www.notibras.com\/site\/chuva-cai-em-sao-paulo-e-temperatura-desaba-de-38-para-21-graus\/#primaryimage","url":"https:\/\/www.notibras.com\/site\/wp-content\/uploads\/2014\/10\/age20141017316.jpg","contentUrl":"https:\/\/www.notibras.com\/site\/wp-content\/uploads\/2014\/10\/age20141017316.jpg","width":620,"height":465},{"@type":"BreadcrumbList","@id":"https:\/\/www.notibras.com\/site\/chuva-cai-em-sao-paulo-e-temperatura-desaba-de-38-para-21-graus\/#breadcrumb","itemListElement":[{"@type":"ListItem","position":1,"name":"In\u00edcio","item":"https:\/\/www.notibras.com\/site\/"},{"@type":"ListItem","position":2,"name":"Chuva cai em S\u00e3o Paulo e temperatura recorde desaba de tarde de 38 para 21 graus"}]},{"@type":"WebSite","@id":"https:\/\/www.notibras.com\/site\/#website","url":"https:\/\/www.notibras.com\/site\/","name":"Notibras","description":"Not\u00edcias de Bras\u00edlia, do Brasil e do Mundo","publisher":{"@id":"https:\/\/www.notibras.com\/site\/#organization"},"potentialAction":[{"@type":"SearchAction","target":{"@type":"EntryPoint","urlTemplate":"https:\/\/www.notibras.com\/site\/?s={search_term_string}"},"query-input":{"@type":"PropertyValueSpecification","valueRequired":true,"valueName":"search_term_string"}}],"inLanguage":"pt-BR"},{"@type":"Organization","@id":"https:\/\/www.notibras.com\/site\/#organization","name":"Grupo Notibras de Comunica\u00e7\u00e3o","url":"https:\/\/www.notibras.com\/site\/","logo":{"@type":"ImageObject","inLanguage":"pt-BR","@id":"https:\/\/www.notibras.com\/site\/#\/schema\/logo\/image\/","url":"https:\/\/www.notibras.com\/site\/wp-content\/uploads\/2023\/01\/notibras23.png","contentUrl":"https:\/\/www.notibras.com\/site\/wp-content\/uploads\/2023\/01\/notibras23.png","width":350,"height":87,"caption":"Grupo Notibras de Comunica\u00e7\u00e3o"},"image":{"@id":"https:\/\/www.notibras.com\/site\/#\/schema\/logo\/image\/"},"sameAs":["https:\/\/www.facebook.com\/notibras\/","https:\/\/x.com\/Notibras","https:\/\/www.instagram.com\/notibras\/"]},{"@type":"Person","@id":"https:\/\/www.notibras.com\/site\/#\/schema\/person\/36ab0979449956132d3e5b517ea76ac8","name":"Reda\u00e7\u00e3o","image":{"@type":"ImageObject","inLanguage":"pt-BR","@id":"https:\/\/secure.gravatar.com\/avatar\/e0a867bdedb85fd243eadf09663511f96fc81e0720a4a42581f334ad4303aa6b?s=96&d=mm&r=g","url":"https:\/\/secure.gravatar.com\/avatar\/e0a867bdedb85fd243eadf09663511f96fc81e0720a4a42581f334ad4303aa6b?s=96&d=mm&r=g","contentUrl":"https:\/\/secure.gravatar.com\/avatar\/e0a867bdedb85fd243eadf09663511f96fc81e0720a4a42581f334ad4303aa6b?s=96&d=mm&r=g","caption":"Reda\u00e7\u00e3o"}}]}},"amp_enabled":true,"_links":{"self":[{"href":"https:\/\/www.notibras.com\/site\/wp-json\/wp\/v2\/posts\/25258","targetHints":{"allow":["GET"]}}],"collection":[{"href":"https:\/\/www.notibras.com\/site\/wp-json\/wp\/v2\/posts"}],"about":[{"href":"https:\/\/www.notibras.com\/site\/wp-json\/wp\/v2\/types\/post"}],"author":[{"embeddable":true,"href":"https:\/\/www.notibras.com\/site\/wp-json\/wp\/v2\/users\/2"}],"replies":[{"embeddable":true,"href":"https:\/\/www.notibras.com\/site\/wp-json\/wp\/v2\/comments?post=25258"}],"version-history":[{"count":0,"href":"https:\/\/www.notibras.com\/site\/wp-json\/wp\/v2\/posts\/25258\/revisions"}],"wp:featuredmedia":[{"embeddable":true,"href":"https:\/\/www.notibras.com\/site\/wp-json\/wp\/v2\/media\/25259"}],"wp:attachment":[{"href":"https:\/\/www.notibras.com\/site\/wp-json\/wp\/v2\/media?parent=25258"}],"wp:term":[{"taxonomy":"category","embeddable":true,"href":"https:\/\/www.notibras.com\/site\/wp-json\/wp\/v2\/categories?post=25258"},{"taxonomy":"post_tag","embeddable":true,"href":"https:\/\/www.notibras.com\/site\/wp-json\/wp\/v2\/tags?post=25258"}],"curies":[{"name":"wp","href":"https:\/\/api.w.org\/{rel}","templated":true}]}}