{"id":25317,"date":"2014-10-18T18:41:42","date_gmt":"2014-10-18T21:41:42","guid":{"rendered":"http:\/\/www.notibras.com\/site\/?p=25317"},"modified":"2014-10-18T18:43:25","modified_gmt":"2014-10-18T21:43:25","slug":"santa-cruz-marca-no-fim-vence-por-1-a-0-e-tira-vasco-da-ponta","status":"publish","type":"post","link":"https:\/\/www.notibras.com\/site\/santa-cruz-marca-no-fim-vence-por-1-a-0-e-tira-vasco-da-ponta\/","title":{"rendered":"Santa Cruz marca no fim, vence por 1 a 0 e tira Vasco da ponta"},"content":{"rendered":"<p class=\"text\">Santa Cruz e Vasco entraram em campo, neste s\u00e1bado, na Arena Pernambuco, \u201costentando\u201d a incr\u00edvel marca de 12 empates em 29 jogos na S\u00e9rie B do Campeonato Brasileiro \u2013 inferior apenas \u00e0 do Sampaio Corr\u00eaa, que havia empatado 13 vezes antes deste fim de semana.<\/p>\n<p class=\"text\">Assim, qual era o resultado mais esperado? Uma nova igualdade. E ela esteve muito aperto de acontecer. O \u00fanico gol do jogo s\u00f3 saiu aos 40min do segundo tempo, com Cassiano, que pisou em campo aos 37min da etapa final\u00a0e deu a vit\u00f3ria ao time pernambucano por 1 a 0 sobre os cariocas.<\/p>\n<blockquote>\n<p class=\"text\">Esta foi a primeira derrota do Vasco na S\u00e9rie B depois de dez rodadas \u2013 a \u00faltima derrota foi o fat\u00eddico 5 a 0 para o Ava\u00ed, em 30 de agosto &#8211; e tamb\u00e9m a primeira de Joel Santana \u00e0 frente do time cruz-maltino. O trope\u00e7o ainda fez o Vasco perder a vice-lideran\u00e7a da competi\u00e7\u00e3o para o Joinville, que tem o mesmo n\u00famero de pontos (54), mas duas vit\u00f3rias a mais (16 a 14). Por sua vez, o Santa Cruz aumentou sua invencibilidade para cinco jogos e subiu \u00e0 s\u00e9tima posi\u00e7\u00e3o, com 45 tentos.<\/p>\n<\/blockquote>\n<p class=\"text\">A torcida do Santa Cruz compareceu em bom p\u00fablico \u00e0 Arena Pernambuco e, no primeiro tempo, viu a sua equipe ser mais perigosa. O Vasco tinha o controle da posse de bola, mas n\u00e3o conseguia assustar tanto quanto o time pernambucano. No lance mais perigoso da etapa inicial, Tiago Costa recebeu com espa\u00e7o na ponta esquerda e obrigou Mart\u00edn Silva a fazer bela defesa no canto direito. O arqueiro uruguaio, ali\u00e1s, foi o grande nome dos 45 minutos iniciais, mostrando bastante seguran\u00e7a principalmente nas sa\u00eddas do gol.<\/p>\n","protected":false},"excerpt":{"rendered":"<p>Santa Cruz e Vasco entraram em campo, neste s\u00e1bado, na Arena Pernambuco, \u201costentando\u201d a incr\u00edvel marca de 12 empates em 29 jogos na S\u00e9rie B do Campeonato Brasileiro \u2013 inferior apenas \u00e0 do Sampaio Corr\u00eaa, que havia empatado 13 vezes antes deste fim de semana. Assim, qual era o resultado mais esperado? Uma nova igualdade. [&hellip;]<\/p>\n","protected":false},"author":2,"featured_media":25318,"comment_status":"open","ping_status":"closed","sticky":false,"template":"","format":"standard","meta":{"_acf_changed":false,"footnotes":""},"categories":[19,29],"tags":[],"class_list":["post-25317","post","type-post","status-publish","format-standard","has-post-thumbnail","hentry","category-esportes","category-futebol"],"acf":[],"yoast_head":"<!-- This site is optimized with the Yoast SEO plugin v27.2 - https:\/\/yoast.com\/product\/yoast-seo-wordpress\/ -->\n<title>Santa Cruz marca no fim, vence por 1 a 0 e tira Vasco da ponta - Notibras<\/title>\n<meta name=\"robots\" content=\"index, follow, max-snippet:-1, max-image-preview:large, max-video-preview:-1\" \/>\n<link rel=\"canonical\" href=\"https:\/\/www.notibras.com\/site\/santa-cruz-marca-no-fim-vence-por-1-a-0-e-tira-vasco-da-ponta\/\" \/>\n<meta property=\"og:locale\" content=\"pt_BR\" \/>\n<meta property=\"og:type\" content=\"article\" \/>\n<meta property=\"og:title\" content=\"Santa Cruz marca no fim, vence por 1 a 0 e tira Vasco da ponta - Notibras\" \/>\n<meta property=\"og:description\" content=\"Santa Cruz e Vasco entraram em campo, neste s\u00e1bado, na Arena Pernambuco, \u201costentando\u201d a incr\u00edvel marca de 12 empates em 29 jogos na S\u00e9rie B do Campeonato Brasileiro \u2013 inferior apenas \u00e0 do Sampaio Corr\u00eaa, que havia empatado 13 vezes antes deste fim de semana. Assim, qual era o resultado mais esperado? Uma nova igualdade. [&hellip;]\" \/>\n<meta property=\"og:url\" content=\"https:\/\/www.notibras.com\/site\/santa-cruz-marca-no-fim-vence-por-1-a-0-e-tira-vasco-da-ponta\/\" \/>\n<meta property=\"og:site_name\" content=\"Notibras\" \/>\n<meta property=\"article:publisher\" content=\"https:\/\/www.facebook.com\/notibras\/\" \/>\n<meta property=\"article:published_time\" content=\"2014-10-18T21:41:42+00:00\" \/>\n<meta property=\"article:modified_time\" content=\"2014-10-18T21:43:25+00:00\" \/>\n<meta property=\"og:image\" content=\"https:\/\/www.notibras.com\/site\/wp-content\/uploads\/2014\/10\/douglassantacruzxvascopeuricardolancepress.jpg\" \/>\n\t<meta property=\"og:image:width\" content=\"460\" \/>\n\t<meta property=\"og:image:height\" content=\"340\" \/>\n\t<meta property=\"og:image:type\" content=\"image\/jpeg\" \/>\n<meta name=\"author\" content=\"Reda\u00e7\u00e3o\" \/>\n<meta name=\"twitter:card\" content=\"summary_large_image\" \/>\n<meta name=\"twitter:creator\" content=\"@Notibras\" \/>\n<meta name=\"twitter:site\" content=\"@Notibras\" \/>\n<meta name=\"twitter:label1\" content=\"Escrito por\" \/>\n\t<meta name=\"twitter:data1\" content=\"Reda\u00e7\u00e3o\" \/>\n\t<meta name=\"twitter:label2\" content=\"Est. tempo de leitura\" \/>\n\t<meta name=\"twitter:data2\" content=\"1 minuto\" \/>\n<script type=\"application\/ld+json\" class=\"yoast-schema-graph\">{\"@context\":\"https:\/\/schema.org\",\"@graph\":[{\"@type\":\"Article\",\"@id\":\"https:\/\/www.notibras.com\/site\/santa-cruz-marca-no-fim-vence-por-1-a-0-e-tira-vasco-da-ponta\/#article\",\"isPartOf\":{\"@id\":\"https:\/\/www.notibras.com\/site\/santa-cruz-marca-no-fim-vence-por-1-a-0-e-tira-vasco-da-ponta\/\"},\"author\":{\"name\":\"Reda\u00e7\u00e3o\",\"@id\":\"https:\/\/www.notibras.com\/site\/#\/schema\/person\/36ab0979449956132d3e5b517ea76ac8\"},\"headline\":\"Santa Cruz marca no fim, vence por 1 a 0 e tira Vasco da ponta\",\"datePublished\":\"2014-10-18T21:41:42+00:00\",\"dateModified\":\"2014-10-18T21:43:25+00:00\",\"mainEntityOfPage\":{\"@id\":\"https:\/\/www.notibras.com\/site\/santa-cruz-marca-no-fim-vence-por-1-a-0-e-tira-vasco-da-ponta\/\"},\"wordCount\":296,\"commentCount\":0,\"publisher\":{\"@id\":\"https:\/\/www.notibras.com\/site\/#organization\"},\"image\":{\"@id\":\"https:\/\/www.notibras.com\/site\/santa-cruz-marca-no-fim-vence-por-1-a-0-e-tira-vasco-da-ponta\/#primaryimage\"},\"thumbnailUrl\":\"https:\/\/www.notibras.com\/site\/wp-content\/uploads\/2014\/10\/douglassantacruzxvascopeuricardolancepress.jpg\",\"articleSection\":[\"Esportes\",\"Futebol\"],\"inLanguage\":\"pt-BR\",\"potentialAction\":[{\"@type\":\"CommentAction\",\"name\":\"Comment\",\"target\":[\"https:\/\/www.notibras.com\/site\/santa-cruz-marca-no-fim-vence-por-1-a-0-e-tira-vasco-da-ponta\/#respond\"]}]},{\"@type\":\"WebPage\",\"@id\":\"https:\/\/www.notibras.com\/site\/santa-cruz-marca-no-fim-vence-por-1-a-0-e-tira-vasco-da-ponta\/\",\"url\":\"https:\/\/www.notibras.com\/site\/santa-cruz-marca-no-fim-vence-por-1-a-0-e-tira-vasco-da-ponta\/\",\"name\":\"Santa Cruz marca no fim, vence por 1 a 0 e tira Vasco da ponta - Notibras\",\"isPartOf\":{\"@id\":\"https:\/\/www.notibras.com\/site\/#website\"},\"primaryImageOfPage\":{\"@id\":\"https:\/\/www.notibras.com\/site\/santa-cruz-marca-no-fim-vence-por-1-a-0-e-tira-vasco-da-ponta\/#primaryimage\"},\"image\":{\"@id\":\"https:\/\/www.notibras.com\/site\/santa-cruz-marca-no-fim-vence-por-1-a-0-e-tira-vasco-da-ponta\/#primaryimage\"},\"thumbnailUrl\":\"https:\/\/www.notibras.com\/site\/wp-content\/uploads\/2014\/10\/douglassantacruzxvascopeuricardolancepress.jpg\",\"datePublished\":\"2014-10-18T21:41:42+00:00\",\"dateModified\":\"2014-10-18T21:43:25+00:00\",\"breadcrumb\":{\"@id\":\"https:\/\/www.notibras.com\/site\/santa-cruz-marca-no-fim-vence-por-1-a-0-e-tira-vasco-da-ponta\/#breadcrumb\"},\"inLanguage\":\"pt-BR\",\"potentialAction\":[{\"@type\":\"ReadAction\",\"target\":[\"https:\/\/www.notibras.com\/site\/santa-cruz-marca-no-fim-vence-por-1-a-0-e-tira-vasco-da-ponta\/\"]}]},{\"@type\":\"ImageObject\",\"inLanguage\":\"pt-BR\",\"@id\":\"https:\/\/www.notibras.com\/site\/santa-cruz-marca-no-fim-vence-por-1-a-0-e-tira-vasco-da-ponta\/#primaryimage\",\"url\":\"https:\/\/www.notibras.com\/site\/wp-content\/uploads\/2014\/10\/douglassantacruzxvascopeuricardolancepress.jpg\",\"contentUrl\":\"https:\/\/www.notibras.com\/site\/wp-content\/uploads\/2014\/10\/douglassantacruzxvascopeuricardolancepress.jpg\",\"width\":460,\"height\":340},{\"@type\":\"BreadcrumbList\",\"@id\":\"https:\/\/www.notibras.com\/site\/santa-cruz-marca-no-fim-vence-por-1-a-0-e-tira-vasco-da-ponta\/#breadcrumb\",\"itemListElement\":[{\"@type\":\"ListItem\",\"position\":1,\"name\":\"In\u00edcio\",\"item\":\"https:\/\/www.notibras.com\/site\/\"},{\"@type\":\"ListItem\",\"position\":2,\"name\":\"Santa Cruz marca no fim, vence por 1 a 0 e tira Vasco da ponta\"}]},{\"@type\":\"WebSite\",\"@id\":\"https:\/\/www.notibras.com\/site\/#website\",\"url\":\"https:\/\/www.notibras.com\/site\/\",\"name\":\"Notibras\",\"description\":\"Not\u00edcias de Bras\u00edlia, do Brasil e do Mundo\",\"publisher\":{\"@id\":\"https:\/\/www.notibras.com\/site\/#organization\"},\"potentialAction\":[{\"@type\":\"SearchAction\",\"target\":{\"@type\":\"EntryPoint\",\"urlTemplate\":\"https:\/\/www.notibras.com\/site\/?s={search_term_string}\"},\"query-input\":{\"@type\":\"PropertyValueSpecification\",\"valueRequired\":true,\"valueName\":\"search_term_string\"}}],\"inLanguage\":\"pt-BR\"},{\"@type\":\"Organization\",\"@id\":\"https:\/\/www.notibras.com\/site\/#organization\",\"name\":\"Grupo Notibras de Comunica\u00e7\u00e3o\",\"url\":\"https:\/\/www.notibras.com\/site\/\",\"logo\":{\"@type\":\"ImageObject\",\"inLanguage\":\"pt-BR\",\"@id\":\"https:\/\/www.notibras.com\/site\/#\/schema\/logo\/image\/\",\"url\":\"https:\/\/www.notibras.com\/site\/wp-content\/uploads\/2023\/01\/notibras23.png\",\"contentUrl\":\"https:\/\/www.notibras.com\/site\/wp-content\/uploads\/2023\/01\/notibras23.png\",\"width\":350,\"height\":87,\"caption\":\"Grupo Notibras de Comunica\u00e7\u00e3o\"},\"image\":{\"@id\":\"https:\/\/www.notibras.com\/site\/#\/schema\/logo\/image\/\"},\"sameAs\":[\"https:\/\/www.facebook.com\/notibras\/\",\"https:\/\/x.com\/Notibras\",\"https:\/\/www.instagram.com\/notibras\/\"]},{\"@type\":\"Person\",\"@id\":\"https:\/\/www.notibras.com\/site\/#\/schema\/person\/36ab0979449956132d3e5b517ea76ac8\",\"name\":\"Reda\u00e7\u00e3o\",\"image\":{\"@type\":\"ImageObject\",\"inLanguage\":\"pt-BR\",\"@id\":\"https:\/\/secure.gravatar.com\/avatar\/e0a867bdedb85fd243eadf09663511f96fc81e0720a4a42581f334ad4303aa6b?s=96&d=mm&r=g\",\"url\":\"https:\/\/secure.gravatar.com\/avatar\/e0a867bdedb85fd243eadf09663511f96fc81e0720a4a42581f334ad4303aa6b?s=96&d=mm&r=g\",\"contentUrl\":\"https:\/\/secure.gravatar.com\/avatar\/e0a867bdedb85fd243eadf09663511f96fc81e0720a4a42581f334ad4303aa6b?s=96&d=mm&r=g\",\"caption\":\"Reda\u00e7\u00e3o\"}}]}<\/script>\n<!-- \/ Yoast SEO plugin. -->","yoast_head_json":{"title":"Santa Cruz marca no fim, vence por 1 a 0 e tira Vasco da ponta - Notibras","robots":{"index":"index","follow":"follow","max-snippet":"max-snippet:-1","max-image-preview":"max-image-preview:large","max-video-preview":"max-video-preview:-1"},"canonical":"https:\/\/www.notibras.com\/site\/santa-cruz-marca-no-fim-vence-por-1-a-0-e-tira-vasco-da-ponta\/","og_locale":"pt_BR","og_type":"article","og_title":"Santa Cruz marca no fim, vence por 1 a 0 e tira Vasco da ponta - Notibras","og_description":"Santa Cruz e Vasco entraram em campo, neste s\u00e1bado, na Arena Pernambuco, \u201costentando\u201d a incr\u00edvel marca de 12 empates em 29 jogos na S\u00e9rie B do Campeonato Brasileiro \u2013 inferior apenas \u00e0 do Sampaio Corr\u00eaa, que havia empatado 13 vezes antes deste fim de semana. Assim, qual era o resultado mais esperado? Uma nova igualdade. [&hellip;]","og_url":"https:\/\/www.notibras.com\/site\/santa-cruz-marca-no-fim-vence-por-1-a-0-e-tira-vasco-da-ponta\/","og_site_name":"Notibras","article_publisher":"https:\/\/www.facebook.com\/notibras\/","article_published_time":"2014-10-18T21:41:42+00:00","article_modified_time":"2014-10-18T21:43:25+00:00","og_image":[{"width":460,"height":340,"url":"https:\/\/www.notibras.com\/site\/wp-content\/uploads\/2014\/10\/douglassantacruzxvascopeuricardolancepress.jpg","type":"image\/jpeg"}],"author":"Reda\u00e7\u00e3o","twitter_card":"summary_large_image","twitter_creator":"@Notibras","twitter_site":"@Notibras","twitter_misc":{"Escrito por":"Reda\u00e7\u00e3o","Est. tempo de leitura":"1 minuto"},"schema":{"@context":"https:\/\/schema.org","@graph":[{"@type":"Article","@id":"https:\/\/www.notibras.com\/site\/santa-cruz-marca-no-fim-vence-por-1-a-0-e-tira-vasco-da-ponta\/#article","isPartOf":{"@id":"https:\/\/www.notibras.com\/site\/santa-cruz-marca-no-fim-vence-por-1-a-0-e-tira-vasco-da-ponta\/"},"author":{"name":"Reda\u00e7\u00e3o","@id":"https:\/\/www.notibras.com\/site\/#\/schema\/person\/36ab0979449956132d3e5b517ea76ac8"},"headline":"Santa Cruz marca no fim, vence por 1 a 0 e tira Vasco da ponta","datePublished":"2014-10-18T21:41:42+00:00","dateModified":"2014-10-18T21:43:25+00:00","mainEntityOfPage":{"@id":"https:\/\/www.notibras.com\/site\/santa-cruz-marca-no-fim-vence-por-1-a-0-e-tira-vasco-da-ponta\/"},"wordCount":296,"commentCount":0,"publisher":{"@id":"https:\/\/www.notibras.com\/site\/#organization"},"image":{"@id":"https:\/\/www.notibras.com\/site\/santa-cruz-marca-no-fim-vence-por-1-a-0-e-tira-vasco-da-ponta\/#primaryimage"},"thumbnailUrl":"https:\/\/www.notibras.com\/site\/wp-content\/uploads\/2014\/10\/douglassantacruzxvascopeuricardolancepress.jpg","articleSection":["Esportes","Futebol"],"inLanguage":"pt-BR","potentialAction":[{"@type":"CommentAction","name":"Comment","target":["https:\/\/www.notibras.com\/site\/santa-cruz-marca-no-fim-vence-por-1-a-0-e-tira-vasco-da-ponta\/#respond"]}]},{"@type":"WebPage","@id":"https:\/\/www.notibras.com\/site\/santa-cruz-marca-no-fim-vence-por-1-a-0-e-tira-vasco-da-ponta\/","url":"https:\/\/www.notibras.com\/site\/santa-cruz-marca-no-fim-vence-por-1-a-0-e-tira-vasco-da-ponta\/","name":"Santa Cruz marca no fim, vence por 1 a 0 e tira Vasco da ponta - Notibras","isPartOf":{"@id":"https:\/\/www.notibras.com\/site\/#website"},"primaryImageOfPage":{"@id":"https:\/\/www.notibras.com\/site\/santa-cruz-marca-no-fim-vence-por-1-a-0-e-tira-vasco-da-ponta\/#primaryimage"},"image":{"@id":"https:\/\/www.notibras.com\/site\/santa-cruz-marca-no-fim-vence-por-1-a-0-e-tira-vasco-da-ponta\/#primaryimage"},"thumbnailUrl":"https:\/\/www.notibras.com\/site\/wp-content\/uploads\/2014\/10\/douglassantacruzxvascopeuricardolancepress.jpg","datePublished":"2014-10-18T21:41:42+00:00","dateModified":"2014-10-18T21:43:25+00:00","breadcrumb":{"@id":"https:\/\/www.notibras.com\/site\/santa-cruz-marca-no-fim-vence-por-1-a-0-e-tira-vasco-da-ponta\/#breadcrumb"},"inLanguage":"pt-BR","potentialAction":[{"@type":"ReadAction","target":["https:\/\/www.notibras.com\/site\/santa-cruz-marca-no-fim-vence-por-1-a-0-e-tira-vasco-da-ponta\/"]}]},{"@type":"ImageObject","inLanguage":"pt-BR","@id":"https:\/\/www.notibras.com\/site\/santa-cruz-marca-no-fim-vence-por-1-a-0-e-tira-vasco-da-ponta\/#primaryimage","url":"https:\/\/www.notibras.com\/site\/wp-content\/uploads\/2014\/10\/douglassantacruzxvascopeuricardolancepress.jpg","contentUrl":"https:\/\/www.notibras.com\/site\/wp-content\/uploads\/2014\/10\/douglassantacruzxvascopeuricardolancepress.jpg","width":460,"height":340},{"@type":"BreadcrumbList","@id":"https:\/\/www.notibras.com\/site\/santa-cruz-marca-no-fim-vence-por-1-a-0-e-tira-vasco-da-ponta\/#breadcrumb","itemListElement":[{"@type":"ListItem","position":1,"name":"In\u00edcio","item":"https:\/\/www.notibras.com\/site\/"},{"@type":"ListItem","position":2,"name":"Santa Cruz marca no fim, vence por 1 a 0 e tira Vasco da ponta"}]},{"@type":"WebSite","@id":"https:\/\/www.notibras.com\/site\/#website","url":"https:\/\/www.notibras.com\/site\/","name":"Notibras","description":"Not\u00edcias de Bras\u00edlia, do Brasil e do Mundo","publisher":{"@id":"https:\/\/www.notibras.com\/site\/#organization"},"potentialAction":[{"@type":"SearchAction","target":{"@type":"EntryPoint","urlTemplate":"https:\/\/www.notibras.com\/site\/?s={search_term_string}"},"query-input":{"@type":"PropertyValueSpecification","valueRequired":true,"valueName":"search_term_string"}}],"inLanguage":"pt-BR"},{"@type":"Organization","@id":"https:\/\/www.notibras.com\/site\/#organization","name":"Grupo Notibras de Comunica\u00e7\u00e3o","url":"https:\/\/www.notibras.com\/site\/","logo":{"@type":"ImageObject","inLanguage":"pt-BR","@id":"https:\/\/www.notibras.com\/site\/#\/schema\/logo\/image\/","url":"https:\/\/www.notibras.com\/site\/wp-content\/uploads\/2023\/01\/notibras23.png","contentUrl":"https:\/\/www.notibras.com\/site\/wp-content\/uploads\/2023\/01\/notibras23.png","width":350,"height":87,"caption":"Grupo Notibras de Comunica\u00e7\u00e3o"},"image":{"@id":"https:\/\/www.notibras.com\/site\/#\/schema\/logo\/image\/"},"sameAs":["https:\/\/www.facebook.com\/notibras\/","https:\/\/x.com\/Notibras","https:\/\/www.instagram.com\/notibras\/"]},{"@type":"Person","@id":"https:\/\/www.notibras.com\/site\/#\/schema\/person\/36ab0979449956132d3e5b517ea76ac8","name":"Reda\u00e7\u00e3o","image":{"@type":"ImageObject","inLanguage":"pt-BR","@id":"https:\/\/secure.gravatar.com\/avatar\/e0a867bdedb85fd243eadf09663511f96fc81e0720a4a42581f334ad4303aa6b?s=96&d=mm&r=g","url":"https:\/\/secure.gravatar.com\/avatar\/e0a867bdedb85fd243eadf09663511f96fc81e0720a4a42581f334ad4303aa6b?s=96&d=mm&r=g","contentUrl":"https:\/\/secure.gravatar.com\/avatar\/e0a867bdedb85fd243eadf09663511f96fc81e0720a4a42581f334ad4303aa6b?s=96&d=mm&r=g","caption":"Reda\u00e7\u00e3o"}}]}},"amp_enabled":true,"_links":{"self":[{"href":"https:\/\/www.notibras.com\/site\/wp-json\/wp\/v2\/posts\/25317","targetHints":{"allow":["GET"]}}],"collection":[{"href":"https:\/\/www.notibras.com\/site\/wp-json\/wp\/v2\/posts"}],"about":[{"href":"https:\/\/www.notibras.com\/site\/wp-json\/wp\/v2\/types\/post"}],"author":[{"embeddable":true,"href":"https:\/\/www.notibras.com\/site\/wp-json\/wp\/v2\/users\/2"}],"replies":[{"embeddable":true,"href":"https:\/\/www.notibras.com\/site\/wp-json\/wp\/v2\/comments?post=25317"}],"version-history":[{"count":0,"href":"https:\/\/www.notibras.com\/site\/wp-json\/wp\/v2\/posts\/25317\/revisions"}],"wp:featuredmedia":[{"embeddable":true,"href":"https:\/\/www.notibras.com\/site\/wp-json\/wp\/v2\/media\/25318"}],"wp:attachment":[{"href":"https:\/\/www.notibras.com\/site\/wp-json\/wp\/v2\/media?parent=25317"}],"wp:term":[{"taxonomy":"category","embeddable":true,"href":"https:\/\/www.notibras.com\/site\/wp-json\/wp\/v2\/categories?post=25317"},{"taxonomy":"post_tag","embeddable":true,"href":"https:\/\/www.notibras.com\/site\/wp-json\/wp\/v2\/tags?post=25317"}],"curies":[{"name":"wp","href":"https:\/\/api.w.org\/{rel}","templated":true}]}}