{"id":25345,"date":"2014-10-18T22:53:56","date_gmt":"2014-10-19T01:53:56","guid":{"rendered":"http:\/\/www.notibras.com\/site\/?p=25345"},"modified":"2014-10-19T17:26:41","modified_gmt":"2014-10-19T20:26:41","slug":"com-tres-vitorias-seguidas-galo-vai-se-garantido-na-libertadores","status":"publish","type":"post","link":"https:\/\/www.notibras.com\/site\/com-tres-vitorias-seguidas-galo-vai-se-garantido-na-libertadores\/","title":{"rendered":"Com tr\u00eas vit\u00f3rias seguidas, Galo vai se garantindo na Libertadores"},"content":{"rendered":"<p>O t\u00e9cnico Levir Culpi parece ter encontrado o encaixe perfeito do Atl\u00e9tico-MG. Depois de eliminar o Corinthians com uma virada hist\u00f3ria na Copa do Brasil, a equipe mineira bateu\u00a0a Chapecoense por 1 a 0, neste s\u00e1bado, no Independ\u00eancia, e chegou a tr\u00eas vit\u00f3rias consecutivas, embalando\u00a0no Campeonato Brasileiro. Os triunfos seguidos mant\u00eam o time em quarto na S\u00e9rie A, dentro da zona de classifica\u00e7\u00e3o para a Copa Libertadores de 2015.<\/p>\n<p class=\"text\">Guilherme foi, mais uma vez, o destaque do Atl\u00e9tico-MG. Assim como na virada contra o Corinthians na mata-mata nacional, quando marcou\u00a0dois gols, o meia-atacante, apesar de n\u00e3o deixar sua marca neste s\u00e1bado, conduziu o clube mineiro com boas assist\u00eancias. Foi dele o passe decisivo para o gol da vit\u00f3ria, anotado por Douglas Santos.<\/p>\n<p class=\"text\">Com a vit\u00f3ria, o Atl\u00e9tico-MG se mant\u00e9m no G-4 \u00a0com 50 pontos. J\u00e1 a Chapecoense perde a oportunidade de se distanciar ainda mais da zona do rebaixamento. Os catarinenses continuam com 34 pontos conquistados, quatro longe do Bahia, primeiro time da regi\u00e3o da degola.<\/p>\n<p class=\"text\">Atl\u00e9tico-MG e Chapecoense fizeram um primeiro tempo bem movimentado no Independ\u00eancia. Apesar de tentar sair para o ataque, os catarinenses foram dominados pelo time mineiro, que dominou a etapa inicial e por falta de sorte, e erro da arbitragem, n\u00e3o saiu com uma larga vantagem.<\/p>\n<p class=\"text\">Com Guilherme organizando a equipe, o Atl\u00e9tico-MG criou diversas oportunidades e conseguiu abrir o placar aos 27min. Ap\u00f3s passe do meia-atacante, Douglas Santos invadiu a \u00e1rea e bateu cruzado, sem chances para o goleiro Danilo.<\/p>\n<blockquote>\n<p class=\"text\">Os donos da casa continuaram a press\u00e3o e s\u00f3 n\u00e3o aumentaram o marcador por um erro do bandeirinha. Aos 38min, Guilherme acertou outro belo lan\u00e7amento para Carlos, que driblou o goleiro e estufou a rede. Por\u00e9m, o assistente, equivocadamente, marcou impedimento.<\/p>\n<\/blockquote>\n<p class=\"text\">As equipes voltaram do intervalo assim como terminaram o primeiro tempo: Atl\u00e9tico-MG pressionando a Chapecoense. Em \u00f3tima fase, Guilherme continuou inspirado e, aos 11min, encontrou Diego Tardelli livre na \u00e1rea, mas o camisa 9 concluiu na rede pelo lado de fora.<\/p>\n<p class=\"text\">A Chapecoense tentava explorar o espa\u00e7o deixado pelo sistema defensivo mineiro e, aos poucos, assustava. Aos 19min, Rodrigo Biro avan\u00e7ou com velocidade pela esquerda e cruzou para tr\u00e1s. Camilo, livre, pegou muito forte e embaixo da bola, mandando por cima do gol.<\/p>\n<p class=\"text\">Preocupado com o sistema defensivo de sua equipe, Levir Culpi sacou Diego Tardelli e colocou o volante Pierre. A altera\u00e7\u00e3o, no entando, chamou a Chapecoense para o ataque, que, depois disso, pressionou o Atl\u00e9tico-MG. Os catarinenses s\u00f3 n\u00e3o conseguiram empatar porque Camilo estava com o p\u00e9 descalibrado. Aos 27min, Marcos Rocha recuou errado e deixou camisa 10 sozinho, na cara do gol. O meia invadiu a \u00e1rea, mas bateu muito por cima e desperdi\u00e7ou a melhor chance da Chapecoense na partida.<\/p>\n<p class=\"text\">Na pr\u00f3xima rodada, o Atl\u00e9tico-MG visita o Bahia, ter\u00e7a-feira (21), \u00e0s 21h50, na Fonte Nova, em Salvador. J\u00e1 a Chapecoense recebe o S\u00e3o Paulo, quarta-feira (22), \u00e0s 22h, na Arena Cond\u00e1, em Santa Catarina.<\/p>\n<p>&nbsp;<\/p>\n","protected":false},"excerpt":{"rendered":"<p>O t\u00e9cnico Levir Culpi parece ter encontrado o encaixe perfeito do Atl\u00e9tico-MG. Depois de eliminar o Corinthians com uma virada hist\u00f3ria na Copa do Brasil, a equipe mineira bateu\u00a0a Chapecoense por 1 a 0, neste s\u00e1bado, no Independ\u00eancia, e chegou a tr\u00eas vit\u00f3rias consecutivas, embalando\u00a0no Campeonato Brasileiro. Os triunfos seguidos mant\u00eam o time em quarto [&hellip;]<\/p>\n","protected":false},"author":2,"featured_media":25346,"comment_status":"open","ping_status":"closed","sticky":false,"template":"","format":"standard","meta":{"_acf_changed":false,"footnotes":""},"categories":[19,29],"tags":[],"class_list":["post-25345","post","type-post","status-publish","format-standard","has-post-thumbnail","hentry","category-esportes","category-futebol"],"acf":[],"yoast_head":"<!-- This site is optimized with the Yoast SEO plugin v27.2 - https:\/\/yoast.com\/product\/yoast-seo-wordpress\/ -->\n<title>Com tr\u00eas vit\u00f3rias seguidas, Galo vai se garantindo na Libertadores - Notibras<\/title>\n<meta name=\"robots\" content=\"index, follow, max-snippet:-1, max-image-preview:large, max-video-preview:-1\" \/>\n<link rel=\"canonical\" href=\"https:\/\/www.notibras.com\/site\/com-tres-vitorias-seguidas-galo-vai-se-garantido-na-libertadores\/\" \/>\n<meta property=\"og:locale\" content=\"pt_BR\" \/>\n<meta property=\"og:type\" content=\"article\" \/>\n<meta property=\"og:title\" content=\"Com tr\u00eas vit\u00f3rias seguidas, Galo vai se garantindo na Libertadores - Notibras\" \/>\n<meta property=\"og:description\" content=\"O t\u00e9cnico Levir Culpi parece ter encontrado o encaixe perfeito do Atl\u00e9tico-MG. Depois de eliminar o Corinthians com uma virada hist\u00f3ria na Copa do Brasil, a equipe mineira bateu\u00a0a Chapecoense por 1 a 0, neste s\u00e1bado, no Independ\u00eancia, e chegou a tr\u00eas vit\u00f3rias consecutivas, embalando\u00a0no Campeonato Brasileiro. Os triunfos seguidos mant\u00eam o time em quarto [&hellip;]\" \/>\n<meta property=\"og:url\" content=\"https:\/\/www.notibras.com\/site\/com-tres-vitorias-seguidas-galo-vai-se-garantido-na-libertadores\/\" \/>\n<meta property=\"og:site_name\" content=\"Notibras\" \/>\n<meta property=\"article:publisher\" content=\"https:\/\/www.facebook.com\/notibras\/\" \/>\n<meta property=\"article:published_time\" content=\"2014-10-19T01:53:56+00:00\" \/>\n<meta property=\"article:modified_time\" content=\"2014-10-19T20:26:41+00:00\" \/>\n<meta property=\"og:image\" content=\"https:\/\/www.notibras.com\/site\/wp-content\/uploads\/2014\/10\/daniloatleticomgxchapecoensepedrovilelagetty.jpg\" \/>\n\t<meta property=\"og:image:width\" content=\"480\" \/>\n\t<meta property=\"og:image:height\" content=\"640\" \/>\n\t<meta property=\"og:image:type\" content=\"image\/jpeg\" \/>\n<meta name=\"author\" content=\"Reda\u00e7\u00e3o\" \/>\n<meta name=\"twitter:card\" content=\"summary_large_image\" \/>\n<meta name=\"twitter:creator\" content=\"@Notibras\" \/>\n<meta name=\"twitter:site\" content=\"@Notibras\" \/>\n<meta name=\"twitter:label1\" content=\"Escrito por\" \/>\n\t<meta name=\"twitter:data1\" content=\"Reda\u00e7\u00e3o\" \/>\n\t<meta name=\"twitter:label2\" content=\"Est. tempo de leitura\" \/>\n\t<meta name=\"twitter:data2\" content=\"3 minutos\" \/>\n<script type=\"application\/ld+json\" class=\"yoast-schema-graph\">{\"@context\":\"https:\/\/schema.org\",\"@graph\":[{\"@type\":\"Article\",\"@id\":\"https:\/\/www.notibras.com\/site\/com-tres-vitorias-seguidas-galo-vai-se-garantido-na-libertadores\/#article\",\"isPartOf\":{\"@id\":\"https:\/\/www.notibras.com\/site\/com-tres-vitorias-seguidas-galo-vai-se-garantido-na-libertadores\/\"},\"author\":{\"name\":\"Reda\u00e7\u00e3o\",\"@id\":\"https:\/\/www.notibras.com\/site\/#\/schema\/person\/36ab0979449956132d3e5b517ea76ac8\"},\"headline\":\"Com tr\u00eas vit\u00f3rias seguidas, Galo vai se garantindo na Libertadores\",\"datePublished\":\"2014-10-19T01:53:56+00:00\",\"dateModified\":\"2014-10-19T20:26:41+00:00\",\"mainEntityOfPage\":{\"@id\":\"https:\/\/www.notibras.com\/site\/com-tres-vitorias-seguidas-galo-vai-se-garantido-na-libertadores\/\"},\"wordCount\":532,\"commentCount\":0,\"publisher\":{\"@id\":\"https:\/\/www.notibras.com\/site\/#organization\"},\"image\":{\"@id\":\"https:\/\/www.notibras.com\/site\/com-tres-vitorias-seguidas-galo-vai-se-garantido-na-libertadores\/#primaryimage\"},\"thumbnailUrl\":\"https:\/\/www.notibras.com\/site\/wp-content\/uploads\/2014\/10\/daniloatleticomgxchapecoensepedrovilelagetty.jpg\",\"articleSection\":[\"Esportes\",\"Futebol\"],\"inLanguage\":\"pt-BR\",\"potentialAction\":[{\"@type\":\"CommentAction\",\"name\":\"Comment\",\"target\":[\"https:\/\/www.notibras.com\/site\/com-tres-vitorias-seguidas-galo-vai-se-garantido-na-libertadores\/#respond\"]}]},{\"@type\":\"WebPage\",\"@id\":\"https:\/\/www.notibras.com\/site\/com-tres-vitorias-seguidas-galo-vai-se-garantido-na-libertadores\/\",\"url\":\"https:\/\/www.notibras.com\/site\/com-tres-vitorias-seguidas-galo-vai-se-garantido-na-libertadores\/\",\"name\":\"Com tr\u00eas vit\u00f3rias seguidas, Galo vai se garantindo na Libertadores - Notibras\",\"isPartOf\":{\"@id\":\"https:\/\/www.notibras.com\/site\/#website\"},\"primaryImageOfPage\":{\"@id\":\"https:\/\/www.notibras.com\/site\/com-tres-vitorias-seguidas-galo-vai-se-garantido-na-libertadores\/#primaryimage\"},\"image\":{\"@id\":\"https:\/\/www.notibras.com\/site\/com-tres-vitorias-seguidas-galo-vai-se-garantido-na-libertadores\/#primaryimage\"},\"thumbnailUrl\":\"https:\/\/www.notibras.com\/site\/wp-content\/uploads\/2014\/10\/daniloatleticomgxchapecoensepedrovilelagetty.jpg\",\"datePublished\":\"2014-10-19T01:53:56+00:00\",\"dateModified\":\"2014-10-19T20:26:41+00:00\",\"breadcrumb\":{\"@id\":\"https:\/\/www.notibras.com\/site\/com-tres-vitorias-seguidas-galo-vai-se-garantido-na-libertadores\/#breadcrumb\"},\"inLanguage\":\"pt-BR\",\"potentialAction\":[{\"@type\":\"ReadAction\",\"target\":[\"https:\/\/www.notibras.com\/site\/com-tres-vitorias-seguidas-galo-vai-se-garantido-na-libertadores\/\"]}]},{\"@type\":\"ImageObject\",\"inLanguage\":\"pt-BR\",\"@id\":\"https:\/\/www.notibras.com\/site\/com-tres-vitorias-seguidas-galo-vai-se-garantido-na-libertadores\/#primaryimage\",\"url\":\"https:\/\/www.notibras.com\/site\/wp-content\/uploads\/2014\/10\/daniloatleticomgxchapecoensepedrovilelagetty.jpg\",\"contentUrl\":\"https:\/\/www.notibras.com\/site\/wp-content\/uploads\/2014\/10\/daniloatleticomgxchapecoensepedrovilelagetty.jpg\",\"width\":480,\"height\":640},{\"@type\":\"BreadcrumbList\",\"@id\":\"https:\/\/www.notibras.com\/site\/com-tres-vitorias-seguidas-galo-vai-se-garantido-na-libertadores\/#breadcrumb\",\"itemListElement\":[{\"@type\":\"ListItem\",\"position\":1,\"name\":\"In\u00edcio\",\"item\":\"https:\/\/www.notibras.com\/site\/\"},{\"@type\":\"ListItem\",\"position\":2,\"name\":\"Com tr\u00eas vit\u00f3rias seguidas, Galo vai se garantindo na Libertadores\"}]},{\"@type\":\"WebSite\",\"@id\":\"https:\/\/www.notibras.com\/site\/#website\",\"url\":\"https:\/\/www.notibras.com\/site\/\",\"name\":\"Notibras\",\"description\":\"Not\u00edcias de Bras\u00edlia, do Brasil e do Mundo\",\"publisher\":{\"@id\":\"https:\/\/www.notibras.com\/site\/#organization\"},\"potentialAction\":[{\"@type\":\"SearchAction\",\"target\":{\"@type\":\"EntryPoint\",\"urlTemplate\":\"https:\/\/www.notibras.com\/site\/?s={search_term_string}\"},\"query-input\":{\"@type\":\"PropertyValueSpecification\",\"valueRequired\":true,\"valueName\":\"search_term_string\"}}],\"inLanguage\":\"pt-BR\"},{\"@type\":\"Organization\",\"@id\":\"https:\/\/www.notibras.com\/site\/#organization\",\"name\":\"Grupo Notibras de Comunica\u00e7\u00e3o\",\"url\":\"https:\/\/www.notibras.com\/site\/\",\"logo\":{\"@type\":\"ImageObject\",\"inLanguage\":\"pt-BR\",\"@id\":\"https:\/\/www.notibras.com\/site\/#\/schema\/logo\/image\/\",\"url\":\"https:\/\/www.notibras.com\/site\/wp-content\/uploads\/2023\/01\/notibras23.png\",\"contentUrl\":\"https:\/\/www.notibras.com\/site\/wp-content\/uploads\/2023\/01\/notibras23.png\",\"width\":350,\"height\":87,\"caption\":\"Grupo Notibras de Comunica\u00e7\u00e3o\"},\"image\":{\"@id\":\"https:\/\/www.notibras.com\/site\/#\/schema\/logo\/image\/\"},\"sameAs\":[\"https:\/\/www.facebook.com\/notibras\/\",\"https:\/\/x.com\/Notibras\",\"https:\/\/www.instagram.com\/notibras\/\"]},{\"@type\":\"Person\",\"@id\":\"https:\/\/www.notibras.com\/site\/#\/schema\/person\/36ab0979449956132d3e5b517ea76ac8\",\"name\":\"Reda\u00e7\u00e3o\",\"image\":{\"@type\":\"ImageObject\",\"inLanguage\":\"pt-BR\",\"@id\":\"https:\/\/secure.gravatar.com\/avatar\/e0a867bdedb85fd243eadf09663511f96fc81e0720a4a42581f334ad4303aa6b?s=96&d=mm&r=g\",\"url\":\"https:\/\/secure.gravatar.com\/avatar\/e0a867bdedb85fd243eadf09663511f96fc81e0720a4a42581f334ad4303aa6b?s=96&d=mm&r=g\",\"contentUrl\":\"https:\/\/secure.gravatar.com\/avatar\/e0a867bdedb85fd243eadf09663511f96fc81e0720a4a42581f334ad4303aa6b?s=96&d=mm&r=g\",\"caption\":\"Reda\u00e7\u00e3o\"}}]}<\/script>\n<!-- \/ Yoast SEO plugin. -->","yoast_head_json":{"title":"Com tr\u00eas vit\u00f3rias seguidas, Galo vai se garantindo na Libertadores - Notibras","robots":{"index":"index","follow":"follow","max-snippet":"max-snippet:-1","max-image-preview":"max-image-preview:large","max-video-preview":"max-video-preview:-1"},"canonical":"https:\/\/www.notibras.com\/site\/com-tres-vitorias-seguidas-galo-vai-se-garantido-na-libertadores\/","og_locale":"pt_BR","og_type":"article","og_title":"Com tr\u00eas vit\u00f3rias seguidas, Galo vai se garantindo na Libertadores - Notibras","og_description":"O t\u00e9cnico Levir Culpi parece ter encontrado o encaixe perfeito do Atl\u00e9tico-MG. Depois de eliminar o Corinthians com uma virada hist\u00f3ria na Copa do Brasil, a equipe mineira bateu\u00a0a Chapecoense por 1 a 0, neste s\u00e1bado, no Independ\u00eancia, e chegou a tr\u00eas vit\u00f3rias consecutivas, embalando\u00a0no Campeonato Brasileiro. Os triunfos seguidos mant\u00eam o time em quarto [&hellip;]","og_url":"https:\/\/www.notibras.com\/site\/com-tres-vitorias-seguidas-galo-vai-se-garantido-na-libertadores\/","og_site_name":"Notibras","article_publisher":"https:\/\/www.facebook.com\/notibras\/","article_published_time":"2014-10-19T01:53:56+00:00","article_modified_time":"2014-10-19T20:26:41+00:00","og_image":[{"width":480,"height":640,"url":"https:\/\/www.notibras.com\/site\/wp-content\/uploads\/2014\/10\/daniloatleticomgxchapecoensepedrovilelagetty.jpg","type":"image\/jpeg"}],"author":"Reda\u00e7\u00e3o","twitter_card":"summary_large_image","twitter_creator":"@Notibras","twitter_site":"@Notibras","twitter_misc":{"Escrito por":"Reda\u00e7\u00e3o","Est. tempo de leitura":"3 minutos"},"schema":{"@context":"https:\/\/schema.org","@graph":[{"@type":"Article","@id":"https:\/\/www.notibras.com\/site\/com-tres-vitorias-seguidas-galo-vai-se-garantido-na-libertadores\/#article","isPartOf":{"@id":"https:\/\/www.notibras.com\/site\/com-tres-vitorias-seguidas-galo-vai-se-garantido-na-libertadores\/"},"author":{"name":"Reda\u00e7\u00e3o","@id":"https:\/\/www.notibras.com\/site\/#\/schema\/person\/36ab0979449956132d3e5b517ea76ac8"},"headline":"Com tr\u00eas vit\u00f3rias seguidas, Galo vai se garantindo na Libertadores","datePublished":"2014-10-19T01:53:56+00:00","dateModified":"2014-10-19T20:26:41+00:00","mainEntityOfPage":{"@id":"https:\/\/www.notibras.com\/site\/com-tres-vitorias-seguidas-galo-vai-se-garantido-na-libertadores\/"},"wordCount":532,"commentCount":0,"publisher":{"@id":"https:\/\/www.notibras.com\/site\/#organization"},"image":{"@id":"https:\/\/www.notibras.com\/site\/com-tres-vitorias-seguidas-galo-vai-se-garantido-na-libertadores\/#primaryimage"},"thumbnailUrl":"https:\/\/www.notibras.com\/site\/wp-content\/uploads\/2014\/10\/daniloatleticomgxchapecoensepedrovilelagetty.jpg","articleSection":["Esportes","Futebol"],"inLanguage":"pt-BR","potentialAction":[{"@type":"CommentAction","name":"Comment","target":["https:\/\/www.notibras.com\/site\/com-tres-vitorias-seguidas-galo-vai-se-garantido-na-libertadores\/#respond"]}]},{"@type":"WebPage","@id":"https:\/\/www.notibras.com\/site\/com-tres-vitorias-seguidas-galo-vai-se-garantido-na-libertadores\/","url":"https:\/\/www.notibras.com\/site\/com-tres-vitorias-seguidas-galo-vai-se-garantido-na-libertadores\/","name":"Com tr\u00eas vit\u00f3rias seguidas, Galo vai se garantindo na Libertadores - Notibras","isPartOf":{"@id":"https:\/\/www.notibras.com\/site\/#website"},"primaryImageOfPage":{"@id":"https:\/\/www.notibras.com\/site\/com-tres-vitorias-seguidas-galo-vai-se-garantido-na-libertadores\/#primaryimage"},"image":{"@id":"https:\/\/www.notibras.com\/site\/com-tres-vitorias-seguidas-galo-vai-se-garantido-na-libertadores\/#primaryimage"},"thumbnailUrl":"https:\/\/www.notibras.com\/site\/wp-content\/uploads\/2014\/10\/daniloatleticomgxchapecoensepedrovilelagetty.jpg","datePublished":"2014-10-19T01:53:56+00:00","dateModified":"2014-10-19T20:26:41+00:00","breadcrumb":{"@id":"https:\/\/www.notibras.com\/site\/com-tres-vitorias-seguidas-galo-vai-se-garantido-na-libertadores\/#breadcrumb"},"inLanguage":"pt-BR","potentialAction":[{"@type":"ReadAction","target":["https:\/\/www.notibras.com\/site\/com-tres-vitorias-seguidas-galo-vai-se-garantido-na-libertadores\/"]}]},{"@type":"ImageObject","inLanguage":"pt-BR","@id":"https:\/\/www.notibras.com\/site\/com-tres-vitorias-seguidas-galo-vai-se-garantido-na-libertadores\/#primaryimage","url":"https:\/\/www.notibras.com\/site\/wp-content\/uploads\/2014\/10\/daniloatleticomgxchapecoensepedrovilelagetty.jpg","contentUrl":"https:\/\/www.notibras.com\/site\/wp-content\/uploads\/2014\/10\/daniloatleticomgxchapecoensepedrovilelagetty.jpg","width":480,"height":640},{"@type":"BreadcrumbList","@id":"https:\/\/www.notibras.com\/site\/com-tres-vitorias-seguidas-galo-vai-se-garantido-na-libertadores\/#breadcrumb","itemListElement":[{"@type":"ListItem","position":1,"name":"In\u00edcio","item":"https:\/\/www.notibras.com\/site\/"},{"@type":"ListItem","position":2,"name":"Com tr\u00eas vit\u00f3rias seguidas, Galo vai se garantindo na Libertadores"}]},{"@type":"WebSite","@id":"https:\/\/www.notibras.com\/site\/#website","url":"https:\/\/www.notibras.com\/site\/","name":"Notibras","description":"Not\u00edcias de Bras\u00edlia, do Brasil e do Mundo","publisher":{"@id":"https:\/\/www.notibras.com\/site\/#organization"},"potentialAction":[{"@type":"SearchAction","target":{"@type":"EntryPoint","urlTemplate":"https:\/\/www.notibras.com\/site\/?s={search_term_string}"},"query-input":{"@type":"PropertyValueSpecification","valueRequired":true,"valueName":"search_term_string"}}],"inLanguage":"pt-BR"},{"@type":"Organization","@id":"https:\/\/www.notibras.com\/site\/#organization","name":"Grupo Notibras de Comunica\u00e7\u00e3o","url":"https:\/\/www.notibras.com\/site\/","logo":{"@type":"ImageObject","inLanguage":"pt-BR","@id":"https:\/\/www.notibras.com\/site\/#\/schema\/logo\/image\/","url":"https:\/\/www.notibras.com\/site\/wp-content\/uploads\/2023\/01\/notibras23.png","contentUrl":"https:\/\/www.notibras.com\/site\/wp-content\/uploads\/2023\/01\/notibras23.png","width":350,"height":87,"caption":"Grupo Notibras de Comunica\u00e7\u00e3o"},"image":{"@id":"https:\/\/www.notibras.com\/site\/#\/schema\/logo\/image\/"},"sameAs":["https:\/\/www.facebook.com\/notibras\/","https:\/\/x.com\/Notibras","https:\/\/www.instagram.com\/notibras\/"]},{"@type":"Person","@id":"https:\/\/www.notibras.com\/site\/#\/schema\/person\/36ab0979449956132d3e5b517ea76ac8","name":"Reda\u00e7\u00e3o","image":{"@type":"ImageObject","inLanguage":"pt-BR","@id":"https:\/\/secure.gravatar.com\/avatar\/e0a867bdedb85fd243eadf09663511f96fc81e0720a4a42581f334ad4303aa6b?s=96&d=mm&r=g","url":"https:\/\/secure.gravatar.com\/avatar\/e0a867bdedb85fd243eadf09663511f96fc81e0720a4a42581f334ad4303aa6b?s=96&d=mm&r=g","contentUrl":"https:\/\/secure.gravatar.com\/avatar\/e0a867bdedb85fd243eadf09663511f96fc81e0720a4a42581f334ad4303aa6b?s=96&d=mm&r=g","caption":"Reda\u00e7\u00e3o"}}]}},"amp_enabled":true,"_links":{"self":[{"href":"https:\/\/www.notibras.com\/site\/wp-json\/wp\/v2\/posts\/25345","targetHints":{"allow":["GET"]}}],"collection":[{"href":"https:\/\/www.notibras.com\/site\/wp-json\/wp\/v2\/posts"}],"about":[{"href":"https:\/\/www.notibras.com\/site\/wp-json\/wp\/v2\/types\/post"}],"author":[{"embeddable":true,"href":"https:\/\/www.notibras.com\/site\/wp-json\/wp\/v2\/users\/2"}],"replies":[{"embeddable":true,"href":"https:\/\/www.notibras.com\/site\/wp-json\/wp\/v2\/comments?post=25345"}],"version-history":[{"count":0,"href":"https:\/\/www.notibras.com\/site\/wp-json\/wp\/v2\/posts\/25345\/revisions"}],"wp:featuredmedia":[{"embeddable":true,"href":"https:\/\/www.notibras.com\/site\/wp-json\/wp\/v2\/media\/25346"}],"wp:attachment":[{"href":"https:\/\/www.notibras.com\/site\/wp-json\/wp\/v2\/media?parent=25345"}],"wp:term":[{"taxonomy":"category","embeddable":true,"href":"https:\/\/www.notibras.com\/site\/wp-json\/wp\/v2\/categories?post=25345"},{"taxonomy":"post_tag","embeddable":true,"href":"https:\/\/www.notibras.com\/site\/wp-json\/wp\/v2\/tags?post=25345"}],"curies":[{"name":"wp","href":"https:\/\/api.w.org\/{rel}","templated":true}]}}