{"id":25403,"date":"2014-10-19T16:28:49","date_gmt":"2014-10-19T19:28:49","guid":{"rendered":"http:\/\/www.notibras.com\/site\/?p=25403"},"modified":"2014-10-19T17:30:51","modified_gmt":"2014-10-19T20:30:51","slug":"corinthians-ameniza-crise-com-vitoria-sobre-inter-no-beira-rio","status":"publish","type":"post","link":"https:\/\/www.notibras.com\/site\/corinthians-ameniza-crise-com-vitoria-sobre-inter-no-beira-rio\/","title":{"rendered":"Corinthians ameniza crise com vit\u00f3ria sobre Inter no Beira-Rio"},"content":{"rendered":"<p class=\"text\">Ap\u00f3s ser goleado e eliminado pelo\u00a0Atl\u00e9tico-MG de forma hist\u00f3ria na Copa do Brasil, o Corinthians conseguiu amenizar a crise gerada na semana ao vencer o Internacional, neste domingo, no Beira-Rio, pela\u00a029\u00aa rodada do Campeonato Brasileiro.<\/p>\n<p class=\"text\">Com um bom aproveitamento do sistema ofensivo, a equipe comandada por Mano Menezes marcou duas vezes e conseguiu segurar a press\u00e3o imposta pelos donos da casa para garantir o placar de 2 a 1\u00a0em Porto Alegre. Guerrero e Gil fizeram pelos visitantes, enquanto Nilmar descontou para os donos da casa.<\/p>\n<p class=\"text\">Com a vit\u00f3ria, o Corinthians chega aos 49 pontos e se mant\u00e9m na quinta posi\u00e7\u00e3o, encostado no G-4,\u00a0apenas um ponto atr\u00e1s do Atl\u00e9tico-MG (4\u00ba). O Internacional continua com os 50 tentos conquistados, em terceiro, mas perde a vice-lideran\u00e7a para o S\u00e3o Paulo, que venceu o Bahia neste s\u00e1bado.<\/p>\n<p>A partida no Beira-Rio come\u00e7ou com muita velocidade e, com menos de cinco minutos, o Corinthians abriu o placar. Aos 4min, Renato Augusto passou de calcanhar para F\u00e1bio Santos, que cruzou para \u00e1rea. Guerrero errou a cabe\u00e7ada, mas conseguiu pegar a sobra e bateu firme de p\u00e9 esquerdo.<\/p>\n<p>Ap\u00f3s sofrer o gol, o Inter melhorou na partida e esbo\u00e7ou uma leve press\u00e3o. Aos 10min, Ar\u00e1nguiz cobrou falta forte com efeito e acertou o travess\u00e3o. Na sequ\u00eancia, o ritmo dos donos da casa foi interrompido por um choque entre C\u00e1ssio e Fabr\u00edcio. O goleiro alvinegro sofreu um corte na orelha e a partida ficou paralisada por quase dez minutos para atendimento m\u00e9dico.<\/p>\n<blockquote><p>Quando a bola voltou a rolar, o Internacional tomou conta da partida, mas n\u00e3o conseguiu superar C\u00e1ssio, nem mesmo com os 13 minutos de acr\u00e9scimos dados pelo \u00e1rbitro. A melhores chances sa\u00edram dos p\u00e9s de Nilmar, que fez sua primeira partida como titular depois de seu retorno ao clube ga\u00facho. Aos 37min, o atacante parou no goleiro alvinegro, e aos 56min finalizou com perigo para fora. Por\u00e9m, como diz o ditado, quem n\u00e3o faz, toma. Em uma jogada de bola parada, Jadson colocou na cabe\u00e7a de Gil, que subiu sozinho para desviar e aumentar a vantagem do Corinthians.<\/p><\/blockquote>\n<p>O Internacional voltou do segundo tempo com a mesma vontade que terminou o primeiro. No entanto, o clube ga\u00facho conseguiu marcar apenas uma vez, n\u00e3o suficiente para empatar a partida. Aos 28min, Gil e C\u00e1ssio falharam no mesmo lance e a bola acabou sobrando para Nilmar empurrar para as redes. O tento foi o primeiro do atacante ap\u00f3s seu retorno ao time colorado. O Inter continuou pressionando, mas n\u00e3o foi capaz de transformar a posse de bola em gol e acabou superado dentro de casa.<\/p>\n<p>Na pr\u00f3xima rodada, o Corinthians recebe o Vit\u00f3ria, quarta-feira (22), \u00e0s 19h30, na Arena Pantanal. A equipe paulista decidiu levar a partida para o Mato Grosso depois de perder um mando de campo por conta da briga entre suas torcidas na Arena em Itaquera. J\u00e1 o Internacional visita o Flamengo, no mesmo dia e hor\u00e1rio, no Maracan\u00e3, no Rio de Janeiro.<\/p>\n","protected":false},"excerpt":{"rendered":"<p>Ap\u00f3s ser goleado e eliminado pelo\u00a0Atl\u00e9tico-MG de forma hist\u00f3ria na Copa do Brasil, o Corinthians conseguiu amenizar a crise gerada na semana ao vencer o Internacional, neste domingo, no Beira-Rio, pela\u00a029\u00aa rodada do Campeonato Brasileiro. Com um bom aproveitamento do sistema ofensivo, a equipe comandada por Mano Menezes marcou duas vezes e conseguiu segurar a [&hellip;]<\/p>\n","protected":false},"author":2,"featured_media":25404,"comment_status":"open","ping_status":"closed","sticky":false,"template":"","format":"standard","meta":{"_acf_changed":false,"footnotes":""},"categories":[19,29],"tags":[],"class_list":["post-25403","post","type-post","status-publish","format-standard","has-post-thumbnail","hentry","category-esportes","category-futebol"],"acf":[],"yoast_head":"<!-- This site is optimized with the Yoast SEO plugin v27.2 - https:\/\/yoast.com\/product\/yoast-seo-wordpress\/ -->\n<title>Corinthians ameniza crise com vit\u00f3ria sobre Inter no Beira-Rio - Notibras<\/title>\n<meta name=\"robots\" content=\"index, follow, max-snippet:-1, max-image-preview:large, max-video-preview:-1\" \/>\n<link rel=\"canonical\" href=\"https:\/\/www.notibras.com\/site\/corinthians-ameniza-crise-com-vitoria-sobre-inter-no-beira-rio\/\" \/>\n<meta property=\"og:locale\" content=\"pt_BR\" \/>\n<meta property=\"og:type\" content=\"article\" \/>\n<meta property=\"og:title\" content=\"Corinthians ameniza crise com vit\u00f3ria sobre Inter no Beira-Rio - Notibras\" \/>\n<meta property=\"og:description\" content=\"Ap\u00f3s ser goleado e eliminado pelo\u00a0Atl\u00e9tico-MG de forma hist\u00f3ria na Copa do Brasil, o Corinthians conseguiu amenizar a crise gerada na semana ao vencer o Internacional, neste domingo, no Beira-Rio, pela\u00a029\u00aa rodada do Campeonato Brasileiro. Com um bom aproveitamento do sistema ofensivo, a equipe comandada por Mano Menezes marcou duas vezes e conseguiu segurar a [&hellip;]\" \/>\n<meta property=\"og:url\" content=\"https:\/\/www.notibras.com\/site\/corinthians-ameniza-crise-com-vitoria-sobre-inter-no-beira-rio\/\" \/>\n<meta property=\"og:site_name\" content=\"Notibras\" \/>\n<meta property=\"article:publisher\" content=\"https:\/\/www.facebook.com\/notibras\/\" \/>\n<meta property=\"article:published_time\" content=\"2014-10-19T19:28:49+00:00\" \/>\n<meta property=\"article:modified_time\" content=\"2014-10-19T20:30:51+00:00\" \/>\n<meta property=\"og:image\" content=\"https:\/\/www.notibras.com\/site\/wp-content\/uploads\/2014\/10\/f12.jpg\" \/>\n\t<meta property=\"og:image:width\" content=\"460\" \/>\n\t<meta property=\"og:image:height\" content=\"340\" \/>\n\t<meta property=\"og:image:type\" content=\"image\/jpeg\" \/>\n<meta name=\"author\" content=\"Reda\u00e7\u00e3o\" \/>\n<meta name=\"twitter:card\" content=\"summary_large_image\" \/>\n<meta name=\"twitter:creator\" content=\"@Notibras\" \/>\n<meta name=\"twitter:site\" content=\"@Notibras\" \/>\n<meta name=\"twitter:label1\" content=\"Escrito por\" \/>\n\t<meta name=\"twitter:data1\" content=\"Reda\u00e7\u00e3o\" \/>\n\t<meta name=\"twitter:label2\" content=\"Est. tempo de leitura\" \/>\n\t<meta name=\"twitter:data2\" content=\"3 minutos\" \/>\n<script type=\"application\/ld+json\" class=\"yoast-schema-graph\">{\"@context\":\"https:\/\/schema.org\",\"@graph\":[{\"@type\":\"Article\",\"@id\":\"https:\/\/www.notibras.com\/site\/corinthians-ameniza-crise-com-vitoria-sobre-inter-no-beira-rio\/#article\",\"isPartOf\":{\"@id\":\"https:\/\/www.notibras.com\/site\/corinthians-ameniza-crise-com-vitoria-sobre-inter-no-beira-rio\/\"},\"author\":{\"name\":\"Reda\u00e7\u00e3o\",\"@id\":\"https:\/\/www.notibras.com\/site\/#\/schema\/person\/36ab0979449956132d3e5b517ea76ac8\"},\"headline\":\"Corinthians ameniza crise com vit\u00f3ria sobre Inter no Beira-Rio\",\"datePublished\":\"2014-10-19T19:28:49+00:00\",\"dateModified\":\"2014-10-19T20:30:51+00:00\",\"mainEntityOfPage\":{\"@id\":\"https:\/\/www.notibras.com\/site\/corinthians-ameniza-crise-com-vitoria-sobre-inter-no-beira-rio\/\"},\"wordCount\":535,\"commentCount\":0,\"publisher\":{\"@id\":\"https:\/\/www.notibras.com\/site\/#organization\"},\"image\":{\"@id\":\"https:\/\/www.notibras.com\/site\/corinthians-ameniza-crise-com-vitoria-sobre-inter-no-beira-rio\/#primaryimage\"},\"thumbnailUrl\":\"https:\/\/www.notibras.com\/site\/wp-content\/uploads\/2014\/10\/f12.jpg\",\"articleSection\":[\"Esportes\",\"Futebol\"],\"inLanguage\":\"pt-BR\",\"potentialAction\":[{\"@type\":\"CommentAction\",\"name\":\"Comment\",\"target\":[\"https:\/\/www.notibras.com\/site\/corinthians-ameniza-crise-com-vitoria-sobre-inter-no-beira-rio\/#respond\"]}]},{\"@type\":\"WebPage\",\"@id\":\"https:\/\/www.notibras.com\/site\/corinthians-ameniza-crise-com-vitoria-sobre-inter-no-beira-rio\/\",\"url\":\"https:\/\/www.notibras.com\/site\/corinthians-ameniza-crise-com-vitoria-sobre-inter-no-beira-rio\/\",\"name\":\"Corinthians ameniza crise com vit\u00f3ria sobre Inter no Beira-Rio - Notibras\",\"isPartOf\":{\"@id\":\"https:\/\/www.notibras.com\/site\/#website\"},\"primaryImageOfPage\":{\"@id\":\"https:\/\/www.notibras.com\/site\/corinthians-ameniza-crise-com-vitoria-sobre-inter-no-beira-rio\/#primaryimage\"},\"image\":{\"@id\":\"https:\/\/www.notibras.com\/site\/corinthians-ameniza-crise-com-vitoria-sobre-inter-no-beira-rio\/#primaryimage\"},\"thumbnailUrl\":\"https:\/\/www.notibras.com\/site\/wp-content\/uploads\/2014\/10\/f12.jpg\",\"datePublished\":\"2014-10-19T19:28:49+00:00\",\"dateModified\":\"2014-10-19T20:30:51+00:00\",\"breadcrumb\":{\"@id\":\"https:\/\/www.notibras.com\/site\/corinthians-ameniza-crise-com-vitoria-sobre-inter-no-beira-rio\/#breadcrumb\"},\"inLanguage\":\"pt-BR\",\"potentialAction\":[{\"@type\":\"ReadAction\",\"target\":[\"https:\/\/www.notibras.com\/site\/corinthians-ameniza-crise-com-vitoria-sobre-inter-no-beira-rio\/\"]}]},{\"@type\":\"ImageObject\",\"inLanguage\":\"pt-BR\",\"@id\":\"https:\/\/www.notibras.com\/site\/corinthians-ameniza-crise-com-vitoria-sobre-inter-no-beira-rio\/#primaryimage\",\"url\":\"https:\/\/www.notibras.com\/site\/wp-content\/uploads\/2014\/10\/f12.jpg\",\"contentUrl\":\"https:\/\/www.notibras.com\/site\/wp-content\/uploads\/2014\/10\/f12.jpg\",\"width\":460,\"height\":340},{\"@type\":\"BreadcrumbList\",\"@id\":\"https:\/\/www.notibras.com\/site\/corinthians-ameniza-crise-com-vitoria-sobre-inter-no-beira-rio\/#breadcrumb\",\"itemListElement\":[{\"@type\":\"ListItem\",\"position\":1,\"name\":\"In\u00edcio\",\"item\":\"https:\/\/www.notibras.com\/site\/\"},{\"@type\":\"ListItem\",\"position\":2,\"name\":\"Corinthians ameniza crise com vit\u00f3ria sobre Inter no Beira-Rio\"}]},{\"@type\":\"WebSite\",\"@id\":\"https:\/\/www.notibras.com\/site\/#website\",\"url\":\"https:\/\/www.notibras.com\/site\/\",\"name\":\"Notibras\",\"description\":\"Not\u00edcias de Bras\u00edlia, do Brasil e do Mundo\",\"publisher\":{\"@id\":\"https:\/\/www.notibras.com\/site\/#organization\"},\"potentialAction\":[{\"@type\":\"SearchAction\",\"target\":{\"@type\":\"EntryPoint\",\"urlTemplate\":\"https:\/\/www.notibras.com\/site\/?s={search_term_string}\"},\"query-input\":{\"@type\":\"PropertyValueSpecification\",\"valueRequired\":true,\"valueName\":\"search_term_string\"}}],\"inLanguage\":\"pt-BR\"},{\"@type\":\"Organization\",\"@id\":\"https:\/\/www.notibras.com\/site\/#organization\",\"name\":\"Grupo Notibras de Comunica\u00e7\u00e3o\",\"url\":\"https:\/\/www.notibras.com\/site\/\",\"logo\":{\"@type\":\"ImageObject\",\"inLanguage\":\"pt-BR\",\"@id\":\"https:\/\/www.notibras.com\/site\/#\/schema\/logo\/image\/\",\"url\":\"https:\/\/www.notibras.com\/site\/wp-content\/uploads\/2023\/01\/notibras23.png\",\"contentUrl\":\"https:\/\/www.notibras.com\/site\/wp-content\/uploads\/2023\/01\/notibras23.png\",\"width\":350,\"height\":87,\"caption\":\"Grupo Notibras de Comunica\u00e7\u00e3o\"},\"image\":{\"@id\":\"https:\/\/www.notibras.com\/site\/#\/schema\/logo\/image\/\"},\"sameAs\":[\"https:\/\/www.facebook.com\/notibras\/\",\"https:\/\/x.com\/Notibras\",\"https:\/\/www.instagram.com\/notibras\/\"]},{\"@type\":\"Person\",\"@id\":\"https:\/\/www.notibras.com\/site\/#\/schema\/person\/36ab0979449956132d3e5b517ea76ac8\",\"name\":\"Reda\u00e7\u00e3o\",\"image\":{\"@type\":\"ImageObject\",\"inLanguage\":\"pt-BR\",\"@id\":\"https:\/\/secure.gravatar.com\/avatar\/e0a867bdedb85fd243eadf09663511f96fc81e0720a4a42581f334ad4303aa6b?s=96&d=mm&r=g\",\"url\":\"https:\/\/secure.gravatar.com\/avatar\/e0a867bdedb85fd243eadf09663511f96fc81e0720a4a42581f334ad4303aa6b?s=96&d=mm&r=g\",\"contentUrl\":\"https:\/\/secure.gravatar.com\/avatar\/e0a867bdedb85fd243eadf09663511f96fc81e0720a4a42581f334ad4303aa6b?s=96&d=mm&r=g\",\"caption\":\"Reda\u00e7\u00e3o\"}}]}<\/script>\n<!-- \/ Yoast SEO plugin. -->","yoast_head_json":{"title":"Corinthians ameniza crise com vit\u00f3ria sobre Inter no Beira-Rio - Notibras","robots":{"index":"index","follow":"follow","max-snippet":"max-snippet:-1","max-image-preview":"max-image-preview:large","max-video-preview":"max-video-preview:-1"},"canonical":"https:\/\/www.notibras.com\/site\/corinthians-ameniza-crise-com-vitoria-sobre-inter-no-beira-rio\/","og_locale":"pt_BR","og_type":"article","og_title":"Corinthians ameniza crise com vit\u00f3ria sobre Inter no Beira-Rio - Notibras","og_description":"Ap\u00f3s ser goleado e eliminado pelo\u00a0Atl\u00e9tico-MG de forma hist\u00f3ria na Copa do Brasil, o Corinthians conseguiu amenizar a crise gerada na semana ao vencer o Internacional, neste domingo, no Beira-Rio, pela\u00a029\u00aa rodada do Campeonato Brasileiro. Com um bom aproveitamento do sistema ofensivo, a equipe comandada por Mano Menezes marcou duas vezes e conseguiu segurar a [&hellip;]","og_url":"https:\/\/www.notibras.com\/site\/corinthians-ameniza-crise-com-vitoria-sobre-inter-no-beira-rio\/","og_site_name":"Notibras","article_publisher":"https:\/\/www.facebook.com\/notibras\/","article_published_time":"2014-10-19T19:28:49+00:00","article_modified_time":"2014-10-19T20:30:51+00:00","og_image":[{"width":460,"height":340,"url":"https:\/\/www.notibras.com\/site\/wp-content\/uploads\/2014\/10\/f12.jpg","type":"image\/jpeg"}],"author":"Reda\u00e7\u00e3o","twitter_card":"summary_large_image","twitter_creator":"@Notibras","twitter_site":"@Notibras","twitter_misc":{"Escrito por":"Reda\u00e7\u00e3o","Est. tempo de leitura":"3 minutos"},"schema":{"@context":"https:\/\/schema.org","@graph":[{"@type":"Article","@id":"https:\/\/www.notibras.com\/site\/corinthians-ameniza-crise-com-vitoria-sobre-inter-no-beira-rio\/#article","isPartOf":{"@id":"https:\/\/www.notibras.com\/site\/corinthians-ameniza-crise-com-vitoria-sobre-inter-no-beira-rio\/"},"author":{"name":"Reda\u00e7\u00e3o","@id":"https:\/\/www.notibras.com\/site\/#\/schema\/person\/36ab0979449956132d3e5b517ea76ac8"},"headline":"Corinthians ameniza crise com vit\u00f3ria sobre Inter no Beira-Rio","datePublished":"2014-10-19T19:28:49+00:00","dateModified":"2014-10-19T20:30:51+00:00","mainEntityOfPage":{"@id":"https:\/\/www.notibras.com\/site\/corinthians-ameniza-crise-com-vitoria-sobre-inter-no-beira-rio\/"},"wordCount":535,"commentCount":0,"publisher":{"@id":"https:\/\/www.notibras.com\/site\/#organization"},"image":{"@id":"https:\/\/www.notibras.com\/site\/corinthians-ameniza-crise-com-vitoria-sobre-inter-no-beira-rio\/#primaryimage"},"thumbnailUrl":"https:\/\/www.notibras.com\/site\/wp-content\/uploads\/2014\/10\/f12.jpg","articleSection":["Esportes","Futebol"],"inLanguage":"pt-BR","potentialAction":[{"@type":"CommentAction","name":"Comment","target":["https:\/\/www.notibras.com\/site\/corinthians-ameniza-crise-com-vitoria-sobre-inter-no-beira-rio\/#respond"]}]},{"@type":"WebPage","@id":"https:\/\/www.notibras.com\/site\/corinthians-ameniza-crise-com-vitoria-sobre-inter-no-beira-rio\/","url":"https:\/\/www.notibras.com\/site\/corinthians-ameniza-crise-com-vitoria-sobre-inter-no-beira-rio\/","name":"Corinthians ameniza crise com vit\u00f3ria sobre Inter no Beira-Rio - Notibras","isPartOf":{"@id":"https:\/\/www.notibras.com\/site\/#website"},"primaryImageOfPage":{"@id":"https:\/\/www.notibras.com\/site\/corinthians-ameniza-crise-com-vitoria-sobre-inter-no-beira-rio\/#primaryimage"},"image":{"@id":"https:\/\/www.notibras.com\/site\/corinthians-ameniza-crise-com-vitoria-sobre-inter-no-beira-rio\/#primaryimage"},"thumbnailUrl":"https:\/\/www.notibras.com\/site\/wp-content\/uploads\/2014\/10\/f12.jpg","datePublished":"2014-10-19T19:28:49+00:00","dateModified":"2014-10-19T20:30:51+00:00","breadcrumb":{"@id":"https:\/\/www.notibras.com\/site\/corinthians-ameniza-crise-com-vitoria-sobre-inter-no-beira-rio\/#breadcrumb"},"inLanguage":"pt-BR","potentialAction":[{"@type":"ReadAction","target":["https:\/\/www.notibras.com\/site\/corinthians-ameniza-crise-com-vitoria-sobre-inter-no-beira-rio\/"]}]},{"@type":"ImageObject","inLanguage":"pt-BR","@id":"https:\/\/www.notibras.com\/site\/corinthians-ameniza-crise-com-vitoria-sobre-inter-no-beira-rio\/#primaryimage","url":"https:\/\/www.notibras.com\/site\/wp-content\/uploads\/2014\/10\/f12.jpg","contentUrl":"https:\/\/www.notibras.com\/site\/wp-content\/uploads\/2014\/10\/f12.jpg","width":460,"height":340},{"@type":"BreadcrumbList","@id":"https:\/\/www.notibras.com\/site\/corinthians-ameniza-crise-com-vitoria-sobre-inter-no-beira-rio\/#breadcrumb","itemListElement":[{"@type":"ListItem","position":1,"name":"In\u00edcio","item":"https:\/\/www.notibras.com\/site\/"},{"@type":"ListItem","position":2,"name":"Corinthians ameniza crise com vit\u00f3ria sobre Inter no Beira-Rio"}]},{"@type":"WebSite","@id":"https:\/\/www.notibras.com\/site\/#website","url":"https:\/\/www.notibras.com\/site\/","name":"Notibras","description":"Not\u00edcias de Bras\u00edlia, do Brasil e do Mundo","publisher":{"@id":"https:\/\/www.notibras.com\/site\/#organization"},"potentialAction":[{"@type":"SearchAction","target":{"@type":"EntryPoint","urlTemplate":"https:\/\/www.notibras.com\/site\/?s={search_term_string}"},"query-input":{"@type":"PropertyValueSpecification","valueRequired":true,"valueName":"search_term_string"}}],"inLanguage":"pt-BR"},{"@type":"Organization","@id":"https:\/\/www.notibras.com\/site\/#organization","name":"Grupo Notibras de Comunica\u00e7\u00e3o","url":"https:\/\/www.notibras.com\/site\/","logo":{"@type":"ImageObject","inLanguage":"pt-BR","@id":"https:\/\/www.notibras.com\/site\/#\/schema\/logo\/image\/","url":"https:\/\/www.notibras.com\/site\/wp-content\/uploads\/2023\/01\/notibras23.png","contentUrl":"https:\/\/www.notibras.com\/site\/wp-content\/uploads\/2023\/01\/notibras23.png","width":350,"height":87,"caption":"Grupo Notibras de Comunica\u00e7\u00e3o"},"image":{"@id":"https:\/\/www.notibras.com\/site\/#\/schema\/logo\/image\/"},"sameAs":["https:\/\/www.facebook.com\/notibras\/","https:\/\/x.com\/Notibras","https:\/\/www.instagram.com\/notibras\/"]},{"@type":"Person","@id":"https:\/\/www.notibras.com\/site\/#\/schema\/person\/36ab0979449956132d3e5b517ea76ac8","name":"Reda\u00e7\u00e3o","image":{"@type":"ImageObject","inLanguage":"pt-BR","@id":"https:\/\/secure.gravatar.com\/avatar\/e0a867bdedb85fd243eadf09663511f96fc81e0720a4a42581f334ad4303aa6b?s=96&d=mm&r=g","url":"https:\/\/secure.gravatar.com\/avatar\/e0a867bdedb85fd243eadf09663511f96fc81e0720a4a42581f334ad4303aa6b?s=96&d=mm&r=g","contentUrl":"https:\/\/secure.gravatar.com\/avatar\/e0a867bdedb85fd243eadf09663511f96fc81e0720a4a42581f334ad4303aa6b?s=96&d=mm&r=g","caption":"Reda\u00e7\u00e3o"}}]}},"amp_enabled":true,"_links":{"self":[{"href":"https:\/\/www.notibras.com\/site\/wp-json\/wp\/v2\/posts\/25403","targetHints":{"allow":["GET"]}}],"collection":[{"href":"https:\/\/www.notibras.com\/site\/wp-json\/wp\/v2\/posts"}],"about":[{"href":"https:\/\/www.notibras.com\/site\/wp-json\/wp\/v2\/types\/post"}],"author":[{"embeddable":true,"href":"https:\/\/www.notibras.com\/site\/wp-json\/wp\/v2\/users\/2"}],"replies":[{"embeddable":true,"href":"https:\/\/www.notibras.com\/site\/wp-json\/wp\/v2\/comments?post=25403"}],"version-history":[{"count":0,"href":"https:\/\/www.notibras.com\/site\/wp-json\/wp\/v2\/posts\/25403\/revisions"}],"wp:featuredmedia":[{"embeddable":true,"href":"https:\/\/www.notibras.com\/site\/wp-json\/wp\/v2\/media\/25404"}],"wp:attachment":[{"href":"https:\/\/www.notibras.com\/site\/wp-json\/wp\/v2\/media?parent=25403"}],"wp:term":[{"taxonomy":"category","embeddable":true,"href":"https:\/\/www.notibras.com\/site\/wp-json\/wp\/v2\/categories?post=25403"},{"taxonomy":"post_tag","embeddable":true,"href":"https:\/\/www.notibras.com\/site\/wp-json\/wp\/v2\/tags?post=25403"}],"curies":[{"name":"wp","href":"https:\/\/api.w.org\/{rel}","templated":true}]}}