{"id":25406,"date":"2014-10-19T16:32:28","date_gmt":"2014-10-19T19:32:28","guid":{"rendered":"http:\/\/www.notibras.com\/site\/?p=25406"},"modified":"2014-10-19T17:34:47","modified_gmt":"2014-10-19T20:34:47","slug":"furacao-vence-flamengo-por-2-a-1-e-se-afasta-da-zona-da-degola","status":"publish","type":"post","link":"https:\/\/www.notibras.com\/site\/furacao-vence-flamengo-por-2-a-1-e-se-afasta-da-zona-da-degola\/","title":{"rendered":"Furac\u00e3o vence Flamengo por 2 a 1 e se afasta da zona da degola"},"content":{"rendered":"<p class=\"text\">O Atl\u00e9tico-PR entrou em campo para enfrentar o Flamengo, neste domingo, na Arena da Baixada, necessitando de uma vit\u00f3ria para ganhar\u00a0respiro na luta contra o rebaixamento. A dist\u00e2ncia para a zona da degola, afinal, era de apenas quatro pontos.<\/p>\n<p class=\"text\">E o time paranaense levou um susto: viu os cariocas abrirem o placar logo no come\u00e7o e o fantasma do descenso ficar cada vez mais vivo. Entretanto, ap\u00f3s grande atua\u00e7\u00e3o de Cl\u00e9o (que anotou dois gols), os comandados de Claudinei de Oliveira viraram o jogo e venceram por 2 a 1, chegando aos 37 pontos (10\u00aa posi\u00e7\u00e3o) e abrindo sete de dist\u00e2ncia para\u00a0o Z-4. O Flamengo tem a mesma pontua\u00e7\u00e3o, mas caiu para o 11\u00ba posto.<\/p>\n<p class=\"text\">O jogo foi muito movimentado na Arena da Baixada. Apesar de estar jogando fora de casa e diante da hostil torcida atleticana, o Flamengo abriu o placar logo aos 7min \u2013 e de maneira pol\u00eamica. Everton finalizou cruzamento de Canteros dentro da \u00e1rea, mas, antes de entrar, a bola tocou em Eduardo da Silva.<\/p>\n<p class=\"text\">O atacante brasileiro naturalizado croata estava em posi\u00e7\u00e3o legal, mas a redonda triscou em seu bra\u00e7o pouco antes de morrer no fundo das redes paranaenses. O \u00e1rbitro Jean Pierre consultou o seu assistente adicional e s\u00f3 depois confirmou o gol para Eduardo da Silva.<\/p>\n<blockquote><p>N\u00e3o houve, por\u00e9m, tempo para que os cariocas comemorassem. O Atl\u00e9tico-PR empatou o jogo nove minutos depois. Dellatorre recebeu com espa\u00e7o dentro da \u00e1rea, deixou Anderson Pico no ch\u00e3o e chutou para o gol. Chic\u00e3o afastou em cima da linha, mas Cl\u00e9o completou para o gol aberto.<\/p><\/blockquote>\n<p>No momento da finaliza\u00e7\u00e3o de Dellatorre, ele estava na mesma linha que o goleiro do Flamengo. Pouco antes do intervalo, veio a virada dos mandantes. Aos 45min, Marcelo sofreu p\u00eanalti do zagueiro flamenguista que \u00e9 seu xar\u00e1, e novamente Cl\u00e9o balan\u00e7ou as redes ap\u00f3s cobrar a penalidade com categoria no meio do gol: 2 a 1.<\/p>\n<p>No segundo tempo, por pouco o Atl\u00e9tico-PR n\u00e3o ampliou a vantagem ainda antes dos 20min. Aos 18, Natanael cobrou falta de longe e mandou a bola com muita for\u00e7a rente \u00e0 trave de Paulo Victor. Pouco depois, novamente o lateral esquerdo assustou: invadiu a \u00e1rea com espa\u00e7o e s\u00f3 n\u00e3o fez o terceiro gol paranaense porque o goleiro flamenguista exerceu bela interven\u00e7\u00e3o. No fim, o time carioca ensaiou uma press\u00e3o, mas esbarrou na falta de qualidade e teve que amargar mais uma derrota no Campeonato Brasileiro (a terceira nos \u00faltimos cinco jogos).<\/p>\n<p>Flamengo e Atl\u00e9tico-PR voltam a campo na pr\u00f3xima quarta-feira, \u00e0s 19h30 (de Bras\u00edlia). O time carioca pega o Inter, no Maracan\u00e3, enquanto os paranaenses visitam o Crici\u00fama no Heriberto H\u00fclse.<\/p>\n","protected":false},"excerpt":{"rendered":"<p>O Atl\u00e9tico-PR entrou em campo para enfrentar o Flamengo, neste domingo, na Arena da Baixada, necessitando de uma vit\u00f3ria para ganhar\u00a0respiro na luta contra o rebaixamento. A dist\u00e2ncia para a zona da degola, afinal, era de apenas quatro pontos. E o time paranaense levou um susto: viu os cariocas abrirem o placar logo no come\u00e7o [&hellip;]<\/p>\n","protected":false},"author":2,"featured_media":25407,"comment_status":"open","ping_status":"closed","sticky":false,"template":"","format":"standard","meta":{"_acf_changed":false,"footnotes":""},"categories":[19,29],"tags":[],"class_list":["post-25406","post","type-post","status-publish","format-standard","has-post-thumbnail","hentry","category-esportes","category-futebol"],"acf":[],"yoast_head":"<!-- This site is optimized with the Yoast SEO plugin v27.2 - https:\/\/yoast.com\/product\/yoast-seo-wordpress\/ -->\n<title>Furac\u00e3o vence Flamengo por 2 a 1 e se afasta da zona da degola - Notibras<\/title>\n<meta name=\"robots\" content=\"index, follow, max-snippet:-1, max-image-preview:large, max-video-preview:-1\" \/>\n<link rel=\"canonical\" href=\"https:\/\/www.notibras.com\/site\/furacao-vence-flamengo-por-2-a-1-e-se-afasta-da-zona-da-degola\/\" \/>\n<meta property=\"og:locale\" content=\"pt_BR\" \/>\n<meta property=\"og:type\" content=\"article\" \/>\n<meta property=\"og:title\" content=\"Furac\u00e3o vence Flamengo por 2 a 1 e se afasta da zona da degola - Notibras\" \/>\n<meta property=\"og:description\" content=\"O Atl\u00e9tico-PR entrou em campo para enfrentar o Flamengo, neste domingo, na Arena da Baixada, necessitando de uma vit\u00f3ria para ganhar\u00a0respiro na luta contra o rebaixamento. A dist\u00e2ncia para a zona da degola, afinal, era de apenas quatro pontos. E o time paranaense levou um susto: viu os cariocas abrirem o placar logo no come\u00e7o [&hellip;]\" \/>\n<meta property=\"og:url\" content=\"https:\/\/www.notibras.com\/site\/furacao-vence-flamengo-por-2-a-1-e-se-afasta-da-zona-da-degola\/\" \/>\n<meta property=\"og:site_name\" content=\"Notibras\" \/>\n<meta property=\"article:publisher\" content=\"https:\/\/www.facebook.com\/notibras\/\" \/>\n<meta property=\"article:published_time\" content=\"2014-10-19T19:32:28+00:00\" \/>\n<meta property=\"article:modified_time\" content=\"2014-10-19T20:34:47+00:00\" \/>\n<meta property=\"og:image\" content=\"https:\/\/www.notibras.com\/site\/wp-content\/uploads\/2014\/10\/f2.jpg\" \/>\n\t<meta property=\"og:image:width\" content=\"460\" \/>\n\t<meta property=\"og:image:height\" content=\"340\" \/>\n\t<meta property=\"og:image:type\" content=\"image\/jpeg\" \/>\n<meta name=\"author\" content=\"Reda\u00e7\u00e3o\" \/>\n<meta name=\"twitter:card\" content=\"summary_large_image\" \/>\n<meta name=\"twitter:creator\" content=\"@Notibras\" \/>\n<meta name=\"twitter:site\" content=\"@Notibras\" \/>\n<meta name=\"twitter:label1\" content=\"Escrito por\" \/>\n\t<meta name=\"twitter:data1\" content=\"Reda\u00e7\u00e3o\" \/>\n\t<meta name=\"twitter:label2\" content=\"Est. tempo de leitura\" \/>\n\t<meta name=\"twitter:data2\" content=\"2 minutos\" \/>\n<script type=\"application\/ld+json\" class=\"yoast-schema-graph\">{\"@context\":\"https:\/\/schema.org\",\"@graph\":[{\"@type\":\"Article\",\"@id\":\"https:\/\/www.notibras.com\/site\/furacao-vence-flamengo-por-2-a-1-e-se-afasta-da-zona-da-degola\/#article\",\"isPartOf\":{\"@id\":\"https:\/\/www.notibras.com\/site\/furacao-vence-flamengo-por-2-a-1-e-se-afasta-da-zona-da-degola\/\"},\"author\":{\"name\":\"Reda\u00e7\u00e3o\",\"@id\":\"https:\/\/www.notibras.com\/site\/#\/schema\/person\/36ab0979449956132d3e5b517ea76ac8\"},\"headline\":\"Furac\u00e3o vence Flamengo por 2 a 1 e se afasta da zona da degola\",\"datePublished\":\"2014-10-19T19:32:28+00:00\",\"dateModified\":\"2014-10-19T20:34:47+00:00\",\"mainEntityOfPage\":{\"@id\":\"https:\/\/www.notibras.com\/site\/furacao-vence-flamengo-por-2-a-1-e-se-afasta-da-zona-da-degola\/\"},\"wordCount\":479,\"commentCount\":0,\"publisher\":{\"@id\":\"https:\/\/www.notibras.com\/site\/#organization\"},\"image\":{\"@id\":\"https:\/\/www.notibras.com\/site\/furacao-vence-flamengo-por-2-a-1-e-se-afasta-da-zona-da-degola\/#primaryimage\"},\"thumbnailUrl\":\"https:\/\/www.notibras.com\/site\/wp-content\/uploads\/2014\/10\/f2.jpg\",\"articleSection\":[\"Esportes\",\"Futebol\"],\"inLanguage\":\"pt-BR\",\"potentialAction\":[{\"@type\":\"CommentAction\",\"name\":\"Comment\",\"target\":[\"https:\/\/www.notibras.com\/site\/furacao-vence-flamengo-por-2-a-1-e-se-afasta-da-zona-da-degola\/#respond\"]}]},{\"@type\":\"WebPage\",\"@id\":\"https:\/\/www.notibras.com\/site\/furacao-vence-flamengo-por-2-a-1-e-se-afasta-da-zona-da-degola\/\",\"url\":\"https:\/\/www.notibras.com\/site\/furacao-vence-flamengo-por-2-a-1-e-se-afasta-da-zona-da-degola\/\",\"name\":\"Furac\u00e3o vence Flamengo por 2 a 1 e se afasta da zona da degola - Notibras\",\"isPartOf\":{\"@id\":\"https:\/\/www.notibras.com\/site\/#website\"},\"primaryImageOfPage\":{\"@id\":\"https:\/\/www.notibras.com\/site\/furacao-vence-flamengo-por-2-a-1-e-se-afasta-da-zona-da-degola\/#primaryimage\"},\"image\":{\"@id\":\"https:\/\/www.notibras.com\/site\/furacao-vence-flamengo-por-2-a-1-e-se-afasta-da-zona-da-degola\/#primaryimage\"},\"thumbnailUrl\":\"https:\/\/www.notibras.com\/site\/wp-content\/uploads\/2014\/10\/f2.jpg\",\"datePublished\":\"2014-10-19T19:32:28+00:00\",\"dateModified\":\"2014-10-19T20:34:47+00:00\",\"breadcrumb\":{\"@id\":\"https:\/\/www.notibras.com\/site\/furacao-vence-flamengo-por-2-a-1-e-se-afasta-da-zona-da-degola\/#breadcrumb\"},\"inLanguage\":\"pt-BR\",\"potentialAction\":[{\"@type\":\"ReadAction\",\"target\":[\"https:\/\/www.notibras.com\/site\/furacao-vence-flamengo-por-2-a-1-e-se-afasta-da-zona-da-degola\/\"]}]},{\"@type\":\"ImageObject\",\"inLanguage\":\"pt-BR\",\"@id\":\"https:\/\/www.notibras.com\/site\/furacao-vence-flamengo-por-2-a-1-e-se-afasta-da-zona-da-degola\/#primaryimage\",\"url\":\"https:\/\/www.notibras.com\/site\/wp-content\/uploads\/2014\/10\/f2.jpg\",\"contentUrl\":\"https:\/\/www.notibras.com\/site\/wp-content\/uploads\/2014\/10\/f2.jpg\",\"width\":460,\"height\":340},{\"@type\":\"BreadcrumbList\",\"@id\":\"https:\/\/www.notibras.com\/site\/furacao-vence-flamengo-por-2-a-1-e-se-afasta-da-zona-da-degola\/#breadcrumb\",\"itemListElement\":[{\"@type\":\"ListItem\",\"position\":1,\"name\":\"In\u00edcio\",\"item\":\"https:\/\/www.notibras.com\/site\/\"},{\"@type\":\"ListItem\",\"position\":2,\"name\":\"Furac\u00e3o vence Flamengo por 2 a 1 e se afasta da zona da degola\"}]},{\"@type\":\"WebSite\",\"@id\":\"https:\/\/www.notibras.com\/site\/#website\",\"url\":\"https:\/\/www.notibras.com\/site\/\",\"name\":\"Notibras\",\"description\":\"Not\u00edcias de Bras\u00edlia, do Brasil e do Mundo\",\"publisher\":{\"@id\":\"https:\/\/www.notibras.com\/site\/#organization\"},\"potentialAction\":[{\"@type\":\"SearchAction\",\"target\":{\"@type\":\"EntryPoint\",\"urlTemplate\":\"https:\/\/www.notibras.com\/site\/?s={search_term_string}\"},\"query-input\":{\"@type\":\"PropertyValueSpecification\",\"valueRequired\":true,\"valueName\":\"search_term_string\"}}],\"inLanguage\":\"pt-BR\"},{\"@type\":\"Organization\",\"@id\":\"https:\/\/www.notibras.com\/site\/#organization\",\"name\":\"Grupo Notibras de Comunica\u00e7\u00e3o\",\"url\":\"https:\/\/www.notibras.com\/site\/\",\"logo\":{\"@type\":\"ImageObject\",\"inLanguage\":\"pt-BR\",\"@id\":\"https:\/\/www.notibras.com\/site\/#\/schema\/logo\/image\/\",\"url\":\"https:\/\/www.notibras.com\/site\/wp-content\/uploads\/2023\/01\/notibras23.png\",\"contentUrl\":\"https:\/\/www.notibras.com\/site\/wp-content\/uploads\/2023\/01\/notibras23.png\",\"width\":350,\"height\":87,\"caption\":\"Grupo Notibras de Comunica\u00e7\u00e3o\"},\"image\":{\"@id\":\"https:\/\/www.notibras.com\/site\/#\/schema\/logo\/image\/\"},\"sameAs\":[\"https:\/\/www.facebook.com\/notibras\/\",\"https:\/\/x.com\/Notibras\",\"https:\/\/www.instagram.com\/notibras\/\"]},{\"@type\":\"Person\",\"@id\":\"https:\/\/www.notibras.com\/site\/#\/schema\/person\/36ab0979449956132d3e5b517ea76ac8\",\"name\":\"Reda\u00e7\u00e3o\",\"image\":{\"@type\":\"ImageObject\",\"inLanguage\":\"pt-BR\",\"@id\":\"https:\/\/secure.gravatar.com\/avatar\/e0a867bdedb85fd243eadf09663511f96fc81e0720a4a42581f334ad4303aa6b?s=96&d=mm&r=g\",\"url\":\"https:\/\/secure.gravatar.com\/avatar\/e0a867bdedb85fd243eadf09663511f96fc81e0720a4a42581f334ad4303aa6b?s=96&d=mm&r=g\",\"contentUrl\":\"https:\/\/secure.gravatar.com\/avatar\/e0a867bdedb85fd243eadf09663511f96fc81e0720a4a42581f334ad4303aa6b?s=96&d=mm&r=g\",\"caption\":\"Reda\u00e7\u00e3o\"}}]}<\/script>\n<!-- \/ Yoast SEO plugin. -->","yoast_head_json":{"title":"Furac\u00e3o vence Flamengo por 2 a 1 e se afasta da zona da degola - Notibras","robots":{"index":"index","follow":"follow","max-snippet":"max-snippet:-1","max-image-preview":"max-image-preview:large","max-video-preview":"max-video-preview:-1"},"canonical":"https:\/\/www.notibras.com\/site\/furacao-vence-flamengo-por-2-a-1-e-se-afasta-da-zona-da-degola\/","og_locale":"pt_BR","og_type":"article","og_title":"Furac\u00e3o vence Flamengo por 2 a 1 e se afasta da zona da degola - Notibras","og_description":"O Atl\u00e9tico-PR entrou em campo para enfrentar o Flamengo, neste domingo, na Arena da Baixada, necessitando de uma vit\u00f3ria para ganhar\u00a0respiro na luta contra o rebaixamento. A dist\u00e2ncia para a zona da degola, afinal, era de apenas quatro pontos. E o time paranaense levou um susto: viu os cariocas abrirem o placar logo no come\u00e7o [&hellip;]","og_url":"https:\/\/www.notibras.com\/site\/furacao-vence-flamengo-por-2-a-1-e-se-afasta-da-zona-da-degola\/","og_site_name":"Notibras","article_publisher":"https:\/\/www.facebook.com\/notibras\/","article_published_time":"2014-10-19T19:32:28+00:00","article_modified_time":"2014-10-19T20:34:47+00:00","og_image":[{"width":460,"height":340,"url":"https:\/\/www.notibras.com\/site\/wp-content\/uploads\/2014\/10\/f2.jpg","type":"image\/jpeg"}],"author":"Reda\u00e7\u00e3o","twitter_card":"summary_large_image","twitter_creator":"@Notibras","twitter_site":"@Notibras","twitter_misc":{"Escrito por":"Reda\u00e7\u00e3o","Est. tempo de leitura":"2 minutos"},"schema":{"@context":"https:\/\/schema.org","@graph":[{"@type":"Article","@id":"https:\/\/www.notibras.com\/site\/furacao-vence-flamengo-por-2-a-1-e-se-afasta-da-zona-da-degola\/#article","isPartOf":{"@id":"https:\/\/www.notibras.com\/site\/furacao-vence-flamengo-por-2-a-1-e-se-afasta-da-zona-da-degola\/"},"author":{"name":"Reda\u00e7\u00e3o","@id":"https:\/\/www.notibras.com\/site\/#\/schema\/person\/36ab0979449956132d3e5b517ea76ac8"},"headline":"Furac\u00e3o vence Flamengo por 2 a 1 e se afasta da zona da degola","datePublished":"2014-10-19T19:32:28+00:00","dateModified":"2014-10-19T20:34:47+00:00","mainEntityOfPage":{"@id":"https:\/\/www.notibras.com\/site\/furacao-vence-flamengo-por-2-a-1-e-se-afasta-da-zona-da-degola\/"},"wordCount":479,"commentCount":0,"publisher":{"@id":"https:\/\/www.notibras.com\/site\/#organization"},"image":{"@id":"https:\/\/www.notibras.com\/site\/furacao-vence-flamengo-por-2-a-1-e-se-afasta-da-zona-da-degola\/#primaryimage"},"thumbnailUrl":"https:\/\/www.notibras.com\/site\/wp-content\/uploads\/2014\/10\/f2.jpg","articleSection":["Esportes","Futebol"],"inLanguage":"pt-BR","potentialAction":[{"@type":"CommentAction","name":"Comment","target":["https:\/\/www.notibras.com\/site\/furacao-vence-flamengo-por-2-a-1-e-se-afasta-da-zona-da-degola\/#respond"]}]},{"@type":"WebPage","@id":"https:\/\/www.notibras.com\/site\/furacao-vence-flamengo-por-2-a-1-e-se-afasta-da-zona-da-degola\/","url":"https:\/\/www.notibras.com\/site\/furacao-vence-flamengo-por-2-a-1-e-se-afasta-da-zona-da-degola\/","name":"Furac\u00e3o vence Flamengo por 2 a 1 e se afasta da zona da degola - Notibras","isPartOf":{"@id":"https:\/\/www.notibras.com\/site\/#website"},"primaryImageOfPage":{"@id":"https:\/\/www.notibras.com\/site\/furacao-vence-flamengo-por-2-a-1-e-se-afasta-da-zona-da-degola\/#primaryimage"},"image":{"@id":"https:\/\/www.notibras.com\/site\/furacao-vence-flamengo-por-2-a-1-e-se-afasta-da-zona-da-degola\/#primaryimage"},"thumbnailUrl":"https:\/\/www.notibras.com\/site\/wp-content\/uploads\/2014\/10\/f2.jpg","datePublished":"2014-10-19T19:32:28+00:00","dateModified":"2014-10-19T20:34:47+00:00","breadcrumb":{"@id":"https:\/\/www.notibras.com\/site\/furacao-vence-flamengo-por-2-a-1-e-se-afasta-da-zona-da-degola\/#breadcrumb"},"inLanguage":"pt-BR","potentialAction":[{"@type":"ReadAction","target":["https:\/\/www.notibras.com\/site\/furacao-vence-flamengo-por-2-a-1-e-se-afasta-da-zona-da-degola\/"]}]},{"@type":"ImageObject","inLanguage":"pt-BR","@id":"https:\/\/www.notibras.com\/site\/furacao-vence-flamengo-por-2-a-1-e-se-afasta-da-zona-da-degola\/#primaryimage","url":"https:\/\/www.notibras.com\/site\/wp-content\/uploads\/2014\/10\/f2.jpg","contentUrl":"https:\/\/www.notibras.com\/site\/wp-content\/uploads\/2014\/10\/f2.jpg","width":460,"height":340},{"@type":"BreadcrumbList","@id":"https:\/\/www.notibras.com\/site\/furacao-vence-flamengo-por-2-a-1-e-se-afasta-da-zona-da-degola\/#breadcrumb","itemListElement":[{"@type":"ListItem","position":1,"name":"In\u00edcio","item":"https:\/\/www.notibras.com\/site\/"},{"@type":"ListItem","position":2,"name":"Furac\u00e3o vence Flamengo por 2 a 1 e se afasta da zona da degola"}]},{"@type":"WebSite","@id":"https:\/\/www.notibras.com\/site\/#website","url":"https:\/\/www.notibras.com\/site\/","name":"Notibras","description":"Not\u00edcias de Bras\u00edlia, do Brasil e do Mundo","publisher":{"@id":"https:\/\/www.notibras.com\/site\/#organization"},"potentialAction":[{"@type":"SearchAction","target":{"@type":"EntryPoint","urlTemplate":"https:\/\/www.notibras.com\/site\/?s={search_term_string}"},"query-input":{"@type":"PropertyValueSpecification","valueRequired":true,"valueName":"search_term_string"}}],"inLanguage":"pt-BR"},{"@type":"Organization","@id":"https:\/\/www.notibras.com\/site\/#organization","name":"Grupo Notibras de Comunica\u00e7\u00e3o","url":"https:\/\/www.notibras.com\/site\/","logo":{"@type":"ImageObject","inLanguage":"pt-BR","@id":"https:\/\/www.notibras.com\/site\/#\/schema\/logo\/image\/","url":"https:\/\/www.notibras.com\/site\/wp-content\/uploads\/2023\/01\/notibras23.png","contentUrl":"https:\/\/www.notibras.com\/site\/wp-content\/uploads\/2023\/01\/notibras23.png","width":350,"height":87,"caption":"Grupo Notibras de Comunica\u00e7\u00e3o"},"image":{"@id":"https:\/\/www.notibras.com\/site\/#\/schema\/logo\/image\/"},"sameAs":["https:\/\/www.facebook.com\/notibras\/","https:\/\/x.com\/Notibras","https:\/\/www.instagram.com\/notibras\/"]},{"@type":"Person","@id":"https:\/\/www.notibras.com\/site\/#\/schema\/person\/36ab0979449956132d3e5b517ea76ac8","name":"Reda\u00e7\u00e3o","image":{"@type":"ImageObject","inLanguage":"pt-BR","@id":"https:\/\/secure.gravatar.com\/avatar\/e0a867bdedb85fd243eadf09663511f96fc81e0720a4a42581f334ad4303aa6b?s=96&d=mm&r=g","url":"https:\/\/secure.gravatar.com\/avatar\/e0a867bdedb85fd243eadf09663511f96fc81e0720a4a42581f334ad4303aa6b?s=96&d=mm&r=g","contentUrl":"https:\/\/secure.gravatar.com\/avatar\/e0a867bdedb85fd243eadf09663511f96fc81e0720a4a42581f334ad4303aa6b?s=96&d=mm&r=g","caption":"Reda\u00e7\u00e3o"}}]}},"amp_enabled":true,"_links":{"self":[{"href":"https:\/\/www.notibras.com\/site\/wp-json\/wp\/v2\/posts\/25406","targetHints":{"allow":["GET"]}}],"collection":[{"href":"https:\/\/www.notibras.com\/site\/wp-json\/wp\/v2\/posts"}],"about":[{"href":"https:\/\/www.notibras.com\/site\/wp-json\/wp\/v2\/types\/post"}],"author":[{"embeddable":true,"href":"https:\/\/www.notibras.com\/site\/wp-json\/wp\/v2\/users\/2"}],"replies":[{"embeddable":true,"href":"https:\/\/www.notibras.com\/site\/wp-json\/wp\/v2\/comments?post=25406"}],"version-history":[{"count":0,"href":"https:\/\/www.notibras.com\/site\/wp-json\/wp\/v2\/posts\/25406\/revisions"}],"wp:featuredmedia":[{"embeddable":true,"href":"https:\/\/www.notibras.com\/site\/wp-json\/wp\/v2\/media\/25407"}],"wp:attachment":[{"href":"https:\/\/www.notibras.com\/site\/wp-json\/wp\/v2\/media?parent=25406"}],"wp:term":[{"taxonomy":"category","embeddable":true,"href":"https:\/\/www.notibras.com\/site\/wp-json\/wp\/v2\/categories?post=25406"},{"taxonomy":"post_tag","embeddable":true,"href":"https:\/\/www.notibras.com\/site\/wp-json\/wp\/v2\/tags?post=25406"}],"curies":[{"name":"wp","href":"https:\/\/api.w.org\/{rel}","templated":true}]}}