{"id":25412,"date":"2014-10-19T17:56:11","date_gmt":"2014-10-19T20:56:11","guid":{"rendered":"http:\/\/www.notibras.com\/site\/?p=25412"},"modified":"2014-10-20T08:20:42","modified_gmt":"2014-10-20T11:20:42","slug":"candidata-frustrada-sandra-professora-inimiga-de-loirinhas-putas-e-defensora-de-dilma-vai-se-explicar-na-justica","status":"publish","type":"post","link":"https:\/\/www.notibras.com\/site\/candidata-frustrada-sandra-professora-inimiga-de-loirinhas-putas-e-defensora-de-dilma-vai-se-explicar-na-justica\/","title":{"rendered":"Sandra, inimiga de &#8216;loirinhas putas&#8217;, vai ter de se explicar na justi\u00e7a"},"content":{"rendered":"<p>A deputada Celina Le\u00e3o (PDT) decidiu entrar com uma representa\u00e7\u00e3o contra a professora Sandra Leite Teixeira\u00a0 no Minist\u00e9rio P\u00fablico, no Conselho de Educa\u00e7\u00e3o,\u00a0 na Comiss\u00e3o de \u00c9tica da C\u00e2mara Legislativa e na Delegacia da Mulher.<\/p>\n<p>A decis\u00e3o da parlamentar veio depois que a professora agrediu verbalmente um grupo de jovens militantes do PSDB, em Bras\u00edlia. O epis\u00f3dio foi registrado em v\u00eddeo (<a title=\"Este link externo ir\u00e1 abrir em nova janela\" href=\"https:\/\/www.youtube.com\/watch?v=cEyL3Krvg5k\" target=\"_blank\">https:\/\/www.youtube.com\/watch?v=cEyL3Krvg5k<\/a>) , que circula nas redes sociais.<\/p>\n<blockquote><p>A mulher vai aos extremos\u00a0 contra\u00a0 uma jovem, branca e loira. Al\u00e9m de acusa\u00e7\u00f5es contra o candidato \u00e0 presid\u00eancia A\u00e9cio Neves (PSDB), a professora\u00a0 cospe no grupo e\u00a0 insulta a jovem: \u201cloirinha feia,\u00a0 loirinha de merda, deve ser\u00a0 puta. Vagabunda e puta! \u201d, gritava Sandra Leite e amea\u00e7ava: \u201cSe vier vai apanhar, x\u00f4 daqui!\u201d.<\/p><\/blockquote>\n<p>A educadora\u00a0 foi candidata a deputada distrital pelo Partido Comunista Brasileiro (PCB) e lutava pela reelei\u00e7\u00e3o da presidente da Republica Dilma Rousseff (PT).<\/p>\n<p>Para Celina Le\u00e3o, o que aconteceu foi uma afronta \u00e0 democracia. \u201cVivemos em um pa\u00eds democr\u00e1tico, onde a liberdade de express\u00e3o \u00e9 garantida. A professora mostrou sua intoler\u00e2ncia com atitudes que devem ser banidas, como a discrimina\u00e7\u00e3o racial, a cal\u00fania e a afronta \u00e0 liberdade de express\u00e3o. Um epis\u00f3dio lament\u00e1vel para uma educadora, por isso vamos buscar as inst\u00e2ncias legais para que fatos desta natureza n\u00e3o voltem a acontecer\u201d, declarou a a deputada.<\/p>\n","protected":false},"excerpt":{"rendered":"<p>A deputada Celina Le\u00e3o (PDT) decidiu entrar com uma representa\u00e7\u00e3o contra a professora Sandra Leite Teixeira\u00a0 no Minist\u00e9rio P\u00fablico, no Conselho de Educa\u00e7\u00e3o,\u00a0 na Comiss\u00e3o de \u00c9tica da C\u00e2mara Legislativa e na Delegacia da Mulher. A decis\u00e3o da parlamentar veio depois que a professora agrediu verbalmente um grupo de jovens militantes do PSDB, em Bras\u00edlia. [&hellip;]<\/p>\n","protected":false},"author":2,"featured_media":25413,"comment_status":"open","ping_status":"closed","sticky":false,"template":"","format":"standard","meta":{"_acf_changed":false,"footnotes":""},"categories":[33],"tags":[],"class_list":["post-25412","post","type-post","status-publish","format-standard","has-post-thumbnail","hentry","category-eleicoes-2014"],"acf":[],"yoast_head":"<!-- This site is optimized with the Yoast SEO plugin v27.5 - https:\/\/yoast.com\/product\/yoast-seo-wordpress\/ -->\n<title>Sandra, inimiga de &#039;loirinhas putas&#039;, vai ter de se explicar na justi\u00e7a - Notibras<\/title>\n<meta name=\"robots\" content=\"index, follow, max-snippet:-1, max-image-preview:large, max-video-preview:-1\" \/>\n<link rel=\"canonical\" href=\"https:\/\/www.notibras.com\/site\/candidata-frustrada-sandra-professora-inimiga-de-loirinhas-putas-e-defensora-de-dilma-vai-se-explicar-na-justica\/\" \/>\n<meta property=\"og:locale\" content=\"pt_BR\" \/>\n<meta property=\"og:type\" content=\"article\" \/>\n<meta property=\"og:title\" content=\"Sandra, inimiga de &#039;loirinhas putas&#039;, vai ter de se explicar na justi\u00e7a - Notibras\" \/>\n<meta property=\"og:description\" content=\"A deputada Celina Le\u00e3o (PDT) decidiu entrar com uma representa\u00e7\u00e3o contra a professora Sandra Leite Teixeira\u00a0 no Minist\u00e9rio P\u00fablico, no Conselho de Educa\u00e7\u00e3o,\u00a0 na Comiss\u00e3o de \u00c9tica da C\u00e2mara Legislativa e na Delegacia da Mulher. A decis\u00e3o da parlamentar veio depois que a professora agrediu verbalmente um grupo de jovens militantes do PSDB, em Bras\u00edlia. [&hellip;]\" \/>\n<meta property=\"og:url\" content=\"https:\/\/www.notibras.com\/site\/candidata-frustrada-sandra-professora-inimiga-de-loirinhas-putas-e-defensora-de-dilma-vai-se-explicar-na-justica\/\" \/>\n<meta property=\"og:site_name\" content=\"Notibras\" \/>\n<meta property=\"article:publisher\" content=\"https:\/\/www.facebook.com\/notibras\/\" \/>\n<meta property=\"article:published_time\" content=\"2014-10-19T20:56:11+00:00\" \/>\n<meta property=\"article:modified_time\" content=\"2014-10-20T11:20:42+00:00\" \/>\n<meta property=\"og:image\" content=\"https:\/\/www.notibras.com\/site\/wp-content\/uploads\/2014\/10\/1958283_1547190975496800_6056879199011807249_n.jpg\" \/>\n\t<meta property=\"og:image:width\" content=\"525\" \/>\n\t<meta property=\"og:image:height\" content=\"350\" \/>\n\t<meta property=\"og:image:type\" content=\"image\/jpeg\" \/>\n<meta name=\"author\" content=\"Reda\u00e7\u00e3o\" \/>\n<meta name=\"twitter:card\" content=\"summary_large_image\" \/>\n<meta name=\"twitter:creator\" content=\"@Notibras\" \/>\n<meta name=\"twitter:site\" content=\"@Notibras\" \/>\n<meta name=\"twitter:label1\" content=\"Escrito por\" \/>\n\t<meta name=\"twitter:data1\" content=\"Reda\u00e7\u00e3o\" \/>\n\t<meta name=\"twitter:label2\" content=\"Est. tempo de leitura\" \/>\n\t<meta name=\"twitter:data2\" content=\"1 minuto\" \/>\n<script type=\"application\/ld+json\" class=\"yoast-schema-graph\">{\"@context\":\"https:\\\/\\\/schema.org\",\"@graph\":[{\"@type\":\"Article\",\"@id\":\"https:\\\/\\\/www.notibras.com\\\/site\\\/candidata-frustrada-sandra-professora-inimiga-de-loirinhas-putas-e-defensora-de-dilma-vai-se-explicar-na-justica\\\/#article\",\"isPartOf\":{\"@id\":\"https:\\\/\\\/www.notibras.com\\\/site\\\/candidata-frustrada-sandra-professora-inimiga-de-loirinhas-putas-e-defensora-de-dilma-vai-se-explicar-na-justica\\\/\"},\"author\":{\"name\":\"Reda\u00e7\u00e3o\",\"@id\":\"https:\\\/\\\/www.notibras.com\\\/site\\\/#\\\/schema\\\/person\\\/36ab0979449956132d3e5b517ea76ac8\"},\"headline\":\"Sandra, inimiga de &#8216;loirinhas putas&#8217;, vai ter de se explicar na justi\u00e7a\",\"datePublished\":\"2014-10-19T20:56:11+00:00\",\"dateModified\":\"2014-10-20T11:20:42+00:00\",\"mainEntityOfPage\":{\"@id\":\"https:\\\/\\\/www.notibras.com\\\/site\\\/candidata-frustrada-sandra-professora-inimiga-de-loirinhas-putas-e-defensora-de-dilma-vai-se-explicar-na-justica\\\/\"},\"wordCount\":262,\"commentCount\":0,\"publisher\":{\"@id\":\"https:\\\/\\\/www.notibras.com\\\/site\\\/#organization\"},\"image\":{\"@id\":\"https:\\\/\\\/www.notibras.com\\\/site\\\/candidata-frustrada-sandra-professora-inimiga-de-loirinhas-putas-e-defensora-de-dilma-vai-se-explicar-na-justica\\\/#primaryimage\"},\"thumbnailUrl\":\"https:\\\/\\\/www.notibras.com\\\/site\\\/wp-content\\\/uploads\\\/2014\\\/10\\\/1958283_1547190975496800_6056879199011807249_n.jpg\",\"articleSection\":[\"Elei\u00e7\u00f5es 2014\"],\"inLanguage\":\"pt-BR\",\"potentialAction\":[{\"@type\":\"CommentAction\",\"name\":\"Comment\",\"target\":[\"https:\\\/\\\/www.notibras.com\\\/site\\\/candidata-frustrada-sandra-professora-inimiga-de-loirinhas-putas-e-defensora-de-dilma-vai-se-explicar-na-justica\\\/#respond\"]}]},{\"@type\":\"WebPage\",\"@id\":\"https:\\\/\\\/www.notibras.com\\\/site\\\/candidata-frustrada-sandra-professora-inimiga-de-loirinhas-putas-e-defensora-de-dilma-vai-se-explicar-na-justica\\\/\",\"url\":\"https:\\\/\\\/www.notibras.com\\\/site\\\/candidata-frustrada-sandra-professora-inimiga-de-loirinhas-putas-e-defensora-de-dilma-vai-se-explicar-na-justica\\\/\",\"name\":\"Sandra, inimiga de 'loirinhas putas', vai ter de se explicar na justi\u00e7a - Notibras\",\"isPartOf\":{\"@id\":\"https:\\\/\\\/www.notibras.com\\\/site\\\/#website\"},\"primaryImageOfPage\":{\"@id\":\"https:\\\/\\\/www.notibras.com\\\/site\\\/candidata-frustrada-sandra-professora-inimiga-de-loirinhas-putas-e-defensora-de-dilma-vai-se-explicar-na-justica\\\/#primaryimage\"},\"image\":{\"@id\":\"https:\\\/\\\/www.notibras.com\\\/site\\\/candidata-frustrada-sandra-professora-inimiga-de-loirinhas-putas-e-defensora-de-dilma-vai-se-explicar-na-justica\\\/#primaryimage\"},\"thumbnailUrl\":\"https:\\\/\\\/www.notibras.com\\\/site\\\/wp-content\\\/uploads\\\/2014\\\/10\\\/1958283_1547190975496800_6056879199011807249_n.jpg\",\"datePublished\":\"2014-10-19T20:56:11+00:00\",\"dateModified\":\"2014-10-20T11:20:42+00:00\",\"breadcrumb\":{\"@id\":\"https:\\\/\\\/www.notibras.com\\\/site\\\/candidata-frustrada-sandra-professora-inimiga-de-loirinhas-putas-e-defensora-de-dilma-vai-se-explicar-na-justica\\\/#breadcrumb\"},\"inLanguage\":\"pt-BR\",\"potentialAction\":[{\"@type\":\"ReadAction\",\"target\":[\"https:\\\/\\\/www.notibras.com\\\/site\\\/candidata-frustrada-sandra-professora-inimiga-de-loirinhas-putas-e-defensora-de-dilma-vai-se-explicar-na-justica\\\/\"]}]},{\"@type\":\"ImageObject\",\"inLanguage\":\"pt-BR\",\"@id\":\"https:\\\/\\\/www.notibras.com\\\/site\\\/candidata-frustrada-sandra-professora-inimiga-de-loirinhas-putas-e-defensora-de-dilma-vai-se-explicar-na-justica\\\/#primaryimage\",\"url\":\"https:\\\/\\\/www.notibras.com\\\/site\\\/wp-content\\\/uploads\\\/2014\\\/10\\\/1958283_1547190975496800_6056879199011807249_n.jpg\",\"contentUrl\":\"https:\\\/\\\/www.notibras.com\\\/site\\\/wp-content\\\/uploads\\\/2014\\\/10\\\/1958283_1547190975496800_6056879199011807249_n.jpg\",\"width\":525,\"height\":350},{\"@type\":\"BreadcrumbList\",\"@id\":\"https:\\\/\\\/www.notibras.com\\\/site\\\/candidata-frustrada-sandra-professora-inimiga-de-loirinhas-putas-e-defensora-de-dilma-vai-se-explicar-na-justica\\\/#breadcrumb\",\"itemListElement\":[{\"@type\":\"ListItem\",\"position\":1,\"name\":\"In\u00edcio\",\"item\":\"https:\\\/\\\/www.notibras.com\\\/site\\\/\"},{\"@type\":\"ListItem\",\"position\":2,\"name\":\"Sandra, inimiga de &#8216;loirinhas putas&#8217;, vai ter de se explicar na justi\u00e7a\"}]},{\"@type\":\"WebSite\",\"@id\":\"https:\\\/\\\/www.notibras.com\\\/site\\\/#website\",\"url\":\"https:\\\/\\\/www.notibras.com\\\/site\\\/\",\"name\":\"Notibras\",\"description\":\"Not\u00edcias de Bras\u00edlia, do Brasil e do Mundo\",\"publisher\":{\"@id\":\"https:\\\/\\\/www.notibras.com\\\/site\\\/#organization\"},\"potentialAction\":[{\"@type\":\"SearchAction\",\"target\":{\"@type\":\"EntryPoint\",\"urlTemplate\":\"https:\\\/\\\/www.notibras.com\\\/site\\\/?s={search_term_string}\"},\"query-input\":{\"@type\":\"PropertyValueSpecification\",\"valueRequired\":true,\"valueName\":\"search_term_string\"}}],\"inLanguage\":\"pt-BR\"},{\"@type\":\"Organization\",\"@id\":\"https:\\\/\\\/www.notibras.com\\\/site\\\/#organization\",\"name\":\"Grupo Notibras de Comunica\u00e7\u00e3o\",\"url\":\"https:\\\/\\\/www.notibras.com\\\/site\\\/\",\"logo\":{\"@type\":\"ImageObject\",\"inLanguage\":\"pt-BR\",\"@id\":\"https:\\\/\\\/www.notibras.com\\\/site\\\/#\\\/schema\\\/logo\\\/image\\\/\",\"url\":\"https:\\\/\\\/www.notibras.com\\\/site\\\/wp-content\\\/uploads\\\/2023\\\/01\\\/notibras23.png\",\"contentUrl\":\"https:\\\/\\\/www.notibras.com\\\/site\\\/wp-content\\\/uploads\\\/2023\\\/01\\\/notibras23.png\",\"width\":350,\"height\":87,\"caption\":\"Grupo Notibras de Comunica\u00e7\u00e3o\"},\"image\":{\"@id\":\"https:\\\/\\\/www.notibras.com\\\/site\\\/#\\\/schema\\\/logo\\\/image\\\/\"},\"sameAs\":[\"https:\\\/\\\/www.facebook.com\\\/notibras\\\/\",\"https:\\\/\\\/x.com\\\/Notibras\",\"https:\\\/\\\/www.instagram.com\\\/notibras\\\/\"]},{\"@type\":\"Person\",\"@id\":\"https:\\\/\\\/www.notibras.com\\\/site\\\/#\\\/schema\\\/person\\\/36ab0979449956132d3e5b517ea76ac8\",\"name\":\"Reda\u00e7\u00e3o\",\"image\":{\"@type\":\"ImageObject\",\"inLanguage\":\"pt-BR\",\"@id\":\"https:\\\/\\\/secure.gravatar.com\\\/avatar\\\/e0a867bdedb85fd243eadf09663511f96fc81e0720a4a42581f334ad4303aa6b?s=96&d=mm&r=g\",\"url\":\"https:\\\/\\\/secure.gravatar.com\\\/avatar\\\/e0a867bdedb85fd243eadf09663511f96fc81e0720a4a42581f334ad4303aa6b?s=96&d=mm&r=g\",\"contentUrl\":\"https:\\\/\\\/secure.gravatar.com\\\/avatar\\\/e0a867bdedb85fd243eadf09663511f96fc81e0720a4a42581f334ad4303aa6b?s=96&d=mm&r=g\",\"caption\":\"Reda\u00e7\u00e3o\"}}]}<\/script>\n<!-- \/ Yoast SEO plugin. -->","yoast_head_json":{"title":"Sandra, inimiga de 'loirinhas putas', vai ter de se explicar na justi\u00e7a - Notibras","robots":{"index":"index","follow":"follow","max-snippet":"max-snippet:-1","max-image-preview":"max-image-preview:large","max-video-preview":"max-video-preview:-1"},"canonical":"https:\/\/www.notibras.com\/site\/candidata-frustrada-sandra-professora-inimiga-de-loirinhas-putas-e-defensora-de-dilma-vai-se-explicar-na-justica\/","og_locale":"pt_BR","og_type":"article","og_title":"Sandra, inimiga de 'loirinhas putas', vai ter de se explicar na justi\u00e7a - Notibras","og_description":"A deputada Celina Le\u00e3o (PDT) decidiu entrar com uma representa\u00e7\u00e3o contra a professora Sandra Leite Teixeira\u00a0 no Minist\u00e9rio P\u00fablico, no Conselho de Educa\u00e7\u00e3o,\u00a0 na Comiss\u00e3o de \u00c9tica da C\u00e2mara Legislativa e na Delegacia da Mulher. A decis\u00e3o da parlamentar veio depois que a professora agrediu verbalmente um grupo de jovens militantes do PSDB, em Bras\u00edlia. [&hellip;]","og_url":"https:\/\/www.notibras.com\/site\/candidata-frustrada-sandra-professora-inimiga-de-loirinhas-putas-e-defensora-de-dilma-vai-se-explicar-na-justica\/","og_site_name":"Notibras","article_publisher":"https:\/\/www.facebook.com\/notibras\/","article_published_time":"2014-10-19T20:56:11+00:00","article_modified_time":"2014-10-20T11:20:42+00:00","og_image":[{"width":525,"height":350,"url":"https:\/\/www.notibras.com\/site\/wp-content\/uploads\/2014\/10\/1958283_1547190975496800_6056879199011807249_n.jpg","type":"image\/jpeg"}],"author":"Reda\u00e7\u00e3o","twitter_card":"summary_large_image","twitter_creator":"@Notibras","twitter_site":"@Notibras","twitter_misc":{"Escrito por":"Reda\u00e7\u00e3o","Est. tempo de leitura":"1 minuto"},"schema":{"@context":"https:\/\/schema.org","@graph":[{"@type":"Article","@id":"https:\/\/www.notibras.com\/site\/candidata-frustrada-sandra-professora-inimiga-de-loirinhas-putas-e-defensora-de-dilma-vai-se-explicar-na-justica\/#article","isPartOf":{"@id":"https:\/\/www.notibras.com\/site\/candidata-frustrada-sandra-professora-inimiga-de-loirinhas-putas-e-defensora-de-dilma-vai-se-explicar-na-justica\/"},"author":{"name":"Reda\u00e7\u00e3o","@id":"https:\/\/www.notibras.com\/site\/#\/schema\/person\/36ab0979449956132d3e5b517ea76ac8"},"headline":"Sandra, inimiga de &#8216;loirinhas putas&#8217;, vai ter de se explicar na justi\u00e7a","datePublished":"2014-10-19T20:56:11+00:00","dateModified":"2014-10-20T11:20:42+00:00","mainEntityOfPage":{"@id":"https:\/\/www.notibras.com\/site\/candidata-frustrada-sandra-professora-inimiga-de-loirinhas-putas-e-defensora-de-dilma-vai-se-explicar-na-justica\/"},"wordCount":262,"commentCount":0,"publisher":{"@id":"https:\/\/www.notibras.com\/site\/#organization"},"image":{"@id":"https:\/\/www.notibras.com\/site\/candidata-frustrada-sandra-professora-inimiga-de-loirinhas-putas-e-defensora-de-dilma-vai-se-explicar-na-justica\/#primaryimage"},"thumbnailUrl":"https:\/\/www.notibras.com\/site\/wp-content\/uploads\/2014\/10\/1958283_1547190975496800_6056879199011807249_n.jpg","articleSection":["Elei\u00e7\u00f5es 2014"],"inLanguage":"pt-BR","potentialAction":[{"@type":"CommentAction","name":"Comment","target":["https:\/\/www.notibras.com\/site\/candidata-frustrada-sandra-professora-inimiga-de-loirinhas-putas-e-defensora-de-dilma-vai-se-explicar-na-justica\/#respond"]}]},{"@type":"WebPage","@id":"https:\/\/www.notibras.com\/site\/candidata-frustrada-sandra-professora-inimiga-de-loirinhas-putas-e-defensora-de-dilma-vai-se-explicar-na-justica\/","url":"https:\/\/www.notibras.com\/site\/candidata-frustrada-sandra-professora-inimiga-de-loirinhas-putas-e-defensora-de-dilma-vai-se-explicar-na-justica\/","name":"Sandra, inimiga de 'loirinhas putas', vai ter de se explicar na justi\u00e7a - Notibras","isPartOf":{"@id":"https:\/\/www.notibras.com\/site\/#website"},"primaryImageOfPage":{"@id":"https:\/\/www.notibras.com\/site\/candidata-frustrada-sandra-professora-inimiga-de-loirinhas-putas-e-defensora-de-dilma-vai-se-explicar-na-justica\/#primaryimage"},"image":{"@id":"https:\/\/www.notibras.com\/site\/candidata-frustrada-sandra-professora-inimiga-de-loirinhas-putas-e-defensora-de-dilma-vai-se-explicar-na-justica\/#primaryimage"},"thumbnailUrl":"https:\/\/www.notibras.com\/site\/wp-content\/uploads\/2014\/10\/1958283_1547190975496800_6056879199011807249_n.jpg","datePublished":"2014-10-19T20:56:11+00:00","dateModified":"2014-10-20T11:20:42+00:00","breadcrumb":{"@id":"https:\/\/www.notibras.com\/site\/candidata-frustrada-sandra-professora-inimiga-de-loirinhas-putas-e-defensora-de-dilma-vai-se-explicar-na-justica\/#breadcrumb"},"inLanguage":"pt-BR","potentialAction":[{"@type":"ReadAction","target":["https:\/\/www.notibras.com\/site\/candidata-frustrada-sandra-professora-inimiga-de-loirinhas-putas-e-defensora-de-dilma-vai-se-explicar-na-justica\/"]}]},{"@type":"ImageObject","inLanguage":"pt-BR","@id":"https:\/\/www.notibras.com\/site\/candidata-frustrada-sandra-professora-inimiga-de-loirinhas-putas-e-defensora-de-dilma-vai-se-explicar-na-justica\/#primaryimage","url":"https:\/\/www.notibras.com\/site\/wp-content\/uploads\/2014\/10\/1958283_1547190975496800_6056879199011807249_n.jpg","contentUrl":"https:\/\/www.notibras.com\/site\/wp-content\/uploads\/2014\/10\/1958283_1547190975496800_6056879199011807249_n.jpg","width":525,"height":350},{"@type":"BreadcrumbList","@id":"https:\/\/www.notibras.com\/site\/candidata-frustrada-sandra-professora-inimiga-de-loirinhas-putas-e-defensora-de-dilma-vai-se-explicar-na-justica\/#breadcrumb","itemListElement":[{"@type":"ListItem","position":1,"name":"In\u00edcio","item":"https:\/\/www.notibras.com\/site\/"},{"@type":"ListItem","position":2,"name":"Sandra, inimiga de &#8216;loirinhas putas&#8217;, vai ter de se explicar na justi\u00e7a"}]},{"@type":"WebSite","@id":"https:\/\/www.notibras.com\/site\/#website","url":"https:\/\/www.notibras.com\/site\/","name":"Notibras","description":"Not\u00edcias de Bras\u00edlia, do Brasil e do Mundo","publisher":{"@id":"https:\/\/www.notibras.com\/site\/#organization"},"potentialAction":[{"@type":"SearchAction","target":{"@type":"EntryPoint","urlTemplate":"https:\/\/www.notibras.com\/site\/?s={search_term_string}"},"query-input":{"@type":"PropertyValueSpecification","valueRequired":true,"valueName":"search_term_string"}}],"inLanguage":"pt-BR"},{"@type":"Organization","@id":"https:\/\/www.notibras.com\/site\/#organization","name":"Grupo Notibras de Comunica\u00e7\u00e3o","url":"https:\/\/www.notibras.com\/site\/","logo":{"@type":"ImageObject","inLanguage":"pt-BR","@id":"https:\/\/www.notibras.com\/site\/#\/schema\/logo\/image\/","url":"https:\/\/www.notibras.com\/site\/wp-content\/uploads\/2023\/01\/notibras23.png","contentUrl":"https:\/\/www.notibras.com\/site\/wp-content\/uploads\/2023\/01\/notibras23.png","width":350,"height":87,"caption":"Grupo Notibras de Comunica\u00e7\u00e3o"},"image":{"@id":"https:\/\/www.notibras.com\/site\/#\/schema\/logo\/image\/"},"sameAs":["https:\/\/www.facebook.com\/notibras\/","https:\/\/x.com\/Notibras","https:\/\/www.instagram.com\/notibras\/"]},{"@type":"Person","@id":"https:\/\/www.notibras.com\/site\/#\/schema\/person\/36ab0979449956132d3e5b517ea76ac8","name":"Reda\u00e7\u00e3o","image":{"@type":"ImageObject","inLanguage":"pt-BR","@id":"https:\/\/secure.gravatar.com\/avatar\/e0a867bdedb85fd243eadf09663511f96fc81e0720a4a42581f334ad4303aa6b?s=96&d=mm&r=g","url":"https:\/\/secure.gravatar.com\/avatar\/e0a867bdedb85fd243eadf09663511f96fc81e0720a4a42581f334ad4303aa6b?s=96&d=mm&r=g","contentUrl":"https:\/\/secure.gravatar.com\/avatar\/e0a867bdedb85fd243eadf09663511f96fc81e0720a4a42581f334ad4303aa6b?s=96&d=mm&r=g","caption":"Reda\u00e7\u00e3o"}}]}},"amp_enabled":true,"_links":{"self":[{"href":"https:\/\/www.notibras.com\/site\/wp-json\/wp\/v2\/posts\/25412","targetHints":{"allow":["GET"]}}],"collection":[{"href":"https:\/\/www.notibras.com\/site\/wp-json\/wp\/v2\/posts"}],"about":[{"href":"https:\/\/www.notibras.com\/site\/wp-json\/wp\/v2\/types\/post"}],"author":[{"embeddable":true,"href":"https:\/\/www.notibras.com\/site\/wp-json\/wp\/v2\/users\/2"}],"replies":[{"embeddable":true,"href":"https:\/\/www.notibras.com\/site\/wp-json\/wp\/v2\/comments?post=25412"}],"version-history":[{"count":0,"href":"https:\/\/www.notibras.com\/site\/wp-json\/wp\/v2\/posts\/25412\/revisions"}],"wp:featuredmedia":[{"embeddable":true,"href":"https:\/\/www.notibras.com\/site\/wp-json\/wp\/v2\/media\/25413"}],"wp:attachment":[{"href":"https:\/\/www.notibras.com\/site\/wp-json\/wp\/v2\/media?parent=25412"}],"wp:term":[{"taxonomy":"category","embeddable":true,"href":"https:\/\/www.notibras.com\/site\/wp-json\/wp\/v2\/categories?post=25412"},{"taxonomy":"post_tag","embeddable":true,"href":"https:\/\/www.notibras.com\/site\/wp-json\/wp\/v2\/tags?post=25412"}],"curies":[{"name":"wp","href":"https:\/\/api.w.org\/{rel}","templated":true}]}}