{"id":25427,"date":"2014-10-19T22:27:50","date_gmt":"2014-10-20T01:27:50","guid":{"rendered":"http:\/\/www.notibras.com\/site\/?p=25427"},"modified":"2014-10-19T22:27:50","modified_gmt":"2014-10-20T01:27:50","slug":"rollemberg-e-frejat-trocam-farpas-em-mais-um-debate-na-televisao","status":"publish","type":"post","link":"https:\/\/www.notibras.com\/site\/rollemberg-e-frejat-trocam-farpas-em-mais-um-debate-na-televisao\/","title":{"rendered":"Rollemberg e Frejat trocam farpas em mais um debate na televis\u00e3o"},"content":{"rendered":"<p>Faltando uma semana para a vota\u00e7\u00e3o que vai eleger o governador do Distrito Federal, o debate da Record entre os dois candidatos que ir\u00e3o disputar o segundo turno foi marcado por uma intensa troca de acusa\u00e7\u00f5es.<\/p>\n<p>Rodrigo Rollemberg (PSB) e Jofran Frejat (PR) debateram neste domingo (19), no Museu Nacional da Rep\u00fablica, em Bras\u00edlia. Veja s\u00edntese do debate, produzido a partir de informa\u00e7\u00f5es da Record:<\/p>\n<p>No primeiro bloco do debate, os candidatos fizeram perguntas com temas livres aos seus advers\u00e1rios com direito a r\u00e9plica e tr\u00e9plica. A troca de acusa\u00e7\u00f5es j\u00e1 come\u00e7ou neste ponto do debate com Jofran Frejat acusando Rollemberg de usar o seu cargo de parlamentar para\u00a0 beneficiar parentes.<\/p>\n<blockquote><p>&#8211; Como deputado federal voc\u00ea fez emendas parlamentares de quase R$ 3 milh\u00f5es direcionadas ao Minist\u00e9rio da Cultura. Sua esposa M\u00e1rcia liberou o dinheiro das suas emendas para a empresa de sua cunhada. Para a ONG de sua tia Julieta, para a associa\u00e7\u00e3o dirigida pelo seu compadre Paulo S\u00e9rgio. Essa den\u00fancia n\u00e3o \u00e9 minha. Foi feita pelo Diret\u00f3rio-Geral dos estudantes da UnB. Est\u00e1 sob investiga\u00e7\u00e3o do Minist\u00e9rio P\u00fablico.<\/p><\/blockquote>\n<p>Rollemberg respondeu no mesmo tom, dizendo que Frejat seria marionete de Jos\u00e9 Roberto Arruda.<\/p>\n<p>&#8211; Jofran, sabe como voc\u00ea est\u00e1 sendo chamado nas ruas? De marionete do Arruda. \u00c9 uma pena que voc\u00ea tenha enveredado por este caminho. Voc\u00ea sabe que essas informa\u00e7\u00f5es s\u00e3o de um dossi\u00ea fajuto feito pelo ex-deputado Rog\u00e9rio Ulysses que foi expulso do PSB por corrup\u00e7\u00e3o, por envolvimento na Caixa de Pandora.<\/p>\n<p><strong>Habita\u00e7\u00e3o<\/strong><br \/>\nRodrigo Rollemberg disse que, se eleito, iria aperfei\u00e7oar o programa Morar Bem, e que aceleraria a libera\u00e7\u00e3o de escrituras em \u00e1reas ainda n\u00e3o regularizadas.<\/p>\n<p>Em resposta, Jofran Frejat criticou a atual pol\u00edtica de habita\u00e7\u00e3o e prometeu retomar projetos de governos anteriores.<\/p>\n<p>&#8211; O atual governo disse que ia distribuir 100 mil moradias e distribuiu s\u00f3 10 mil. Ele frustrou os sonhos das pessoas.\u00a0 Os condom\u00ednios n\u00f3s vamos regularizar de uma vez por todas.<\/p>\n<p><strong>Transporte<\/strong><br \/>\nUm dos pontos altos do debate foi quando Frejat prometeu a redu\u00e7\u00e3o da tarifa de \u00f4nibus para R$ 1. A proposta vai estimular o uso do transporte p\u00fablico e desafogar as vias da cidade.<\/p>\n<p>Rollemberg disse que a sugest\u00e3o \u00e9 \u201cdemag\u00f3gica e eleitoreira\u201d, e afirmou que sua principal iniciativa na \u00e1rea ser\u00e1 o bilhete \u00fanico, utilizado em outras cidades do Pa\u00eds.<\/p>\n<p>&#8211; Eu sou \u00e0 favor da tarifa zero. Sua proposta \u00e9 demag\u00f3gica e eleitoreira. A nossa proposta do bilhete \u00fanico j\u00e1 foi testada no rio SP em outras cidades, essa sim vai melhorar a vida das pessoas.<\/p>\n<p><strong>Sa\u00fade<\/strong><br \/>\nEm um momento mais tenso, Rollemberg disse que a gest\u00e3o de Frejat na Sa\u00fade n\u00e3o foi boa e que as obras feitas na \u00e1rea s\u00e3o de responsabilidade da Secretaria de Obras.<\/p>\n<p>&#8211; Quem faz obras \u00e9 a Secretaria de Obras. A sua gest\u00e3o n\u00e3o foi uma boa gest\u00e3o. Muita gente morreu nos hospitais por falta de atendimento. Basta ver as manchetes dos jornais da \u00e9poca.<\/p>\n<p>Frejat respondeu que enquanto estava \u00e0 frente da Secretaria de Sa\u00fade foram constru\u00eddos postos de sa\u00fade e hospitais para atenderem a popula\u00e7\u00e3o.<\/p>\n<p><strong>Entorno do DF<\/strong><br \/>\nOs dois candidatos disseram estar preocupados com o entorno do DF e disseram que a regi\u00e3o deve ser prioridade para o governo do DF.<\/p>\n<p>Rollemberg lembrou que 15% dos trabalhadores do DF moram no Entorno e que s\u00e3o necess\u00e1rios mais recursos para a infraestrutura da regi\u00e3o.<\/p>\n<p>Frejat atacou Rollemberg afirmando que o candidato fez parte do governo atual que encerrou o conv\u00eanio de Sa\u00fade com cidades de Goi\u00e1s pr\u00f3ximas ao DF.<\/p>\n","protected":false},"excerpt":{"rendered":"<p>Faltando uma semana para a vota\u00e7\u00e3o que vai eleger o governador do Distrito Federal, o debate da Record entre os dois candidatos que ir\u00e3o disputar o segundo turno foi marcado por uma intensa troca de acusa\u00e7\u00f5es. Rodrigo Rollemberg (PSB) e Jofran Frejat (PR) debateram neste domingo (19), no Museu Nacional da Rep\u00fablica, em Bras\u00edlia. Veja [&hellip;]<\/p>\n","protected":false},"author":2,"featured_media":25428,"comment_status":"open","ping_status":"closed","sticky":false,"template":"","format":"standard","meta":{"_acf_changed":false,"footnotes":""},"categories":[33],"tags":[],"class_list":["post-25427","post","type-post","status-publish","format-standard","has-post-thumbnail","hentry","category-eleicoes-2014"],"acf":[],"yoast_head":"<!-- This site is optimized with the Yoast SEO plugin v27.5 - https:\/\/yoast.com\/product\/yoast-seo-wordpress\/ -->\n<title>Rollemberg e Frejat trocam farpas em mais um debate na televis\u00e3o - Notibras<\/title>\n<meta name=\"robots\" content=\"index, follow, max-snippet:-1, max-image-preview:large, max-video-preview:-1\" \/>\n<link rel=\"canonical\" href=\"https:\/\/www.notibras.com\/site\/rollemberg-e-frejat-trocam-farpas-em-mais-um-debate-na-televisao\/\" \/>\n<meta property=\"og:locale\" content=\"pt_BR\" \/>\n<meta property=\"og:type\" content=\"article\" \/>\n<meta property=\"og:title\" content=\"Rollemberg e Frejat trocam farpas em mais um debate na televis\u00e3o - Notibras\" \/>\n<meta property=\"og:description\" content=\"Faltando uma semana para a vota\u00e7\u00e3o que vai eleger o governador do Distrito Federal, o debate da Record entre os dois candidatos que ir\u00e3o disputar o segundo turno foi marcado por uma intensa troca de acusa\u00e7\u00f5es. Rodrigo Rollemberg (PSB) e Jofran Frejat (PR) debateram neste domingo (19), no Museu Nacional da Rep\u00fablica, em Bras\u00edlia. Veja [&hellip;]\" \/>\n<meta property=\"og:url\" content=\"https:\/\/www.notibras.com\/site\/rollemberg-e-frejat-trocam-farpas-em-mais-um-debate-na-televisao\/\" \/>\n<meta property=\"og:site_name\" content=\"Notibras\" \/>\n<meta property=\"article:publisher\" content=\"https:\/\/www.facebook.com\/notibras\/\" \/>\n<meta property=\"article:published_time\" content=\"2014-10-20T01:27:50+00:00\" \/>\n<meta property=\"og:image\" content=\"https:\/\/www.notibras.com\/site\/wp-content\/uploads\/2014\/10\/w1y123f7d_6yo2887c4m_file.jpg\" \/>\n\t<meta property=\"og:image:width\" content=\"460\" \/>\n\t<meta property=\"og:image:height\" content=\"305\" \/>\n\t<meta property=\"og:image:type\" content=\"image\/jpeg\" \/>\n<meta name=\"author\" content=\"Reda\u00e7\u00e3o\" \/>\n<meta name=\"twitter:card\" content=\"summary_large_image\" \/>\n<meta name=\"twitter:creator\" content=\"@Notibras\" \/>\n<meta name=\"twitter:site\" content=\"@Notibras\" \/>\n<meta name=\"twitter:label1\" content=\"Escrito por\" \/>\n\t<meta name=\"twitter:data1\" content=\"Reda\u00e7\u00e3o\" \/>\n\t<meta name=\"twitter:label2\" content=\"Est. tempo de leitura\" \/>\n\t<meta name=\"twitter:data2\" content=\"3 minutos\" \/>\n<script type=\"application\/ld+json\" class=\"yoast-schema-graph\">{\"@context\":\"https:\\\/\\\/schema.org\",\"@graph\":[{\"@type\":\"Article\",\"@id\":\"https:\\\/\\\/www.notibras.com\\\/site\\\/rollemberg-e-frejat-trocam-farpas-em-mais-um-debate-na-televisao\\\/#article\",\"isPartOf\":{\"@id\":\"https:\\\/\\\/www.notibras.com\\\/site\\\/rollemberg-e-frejat-trocam-farpas-em-mais-um-debate-na-televisao\\\/\"},\"author\":{\"name\":\"Reda\u00e7\u00e3o\",\"@id\":\"https:\\\/\\\/www.notibras.com\\\/site\\\/#\\\/schema\\\/person\\\/36ab0979449956132d3e5b517ea76ac8\"},\"headline\":\"Rollemberg e Frejat trocam farpas em mais um debate na televis\u00e3o\",\"datePublished\":\"2014-10-20T01:27:50+00:00\",\"mainEntityOfPage\":{\"@id\":\"https:\\\/\\\/www.notibras.com\\\/site\\\/rollemberg-e-frejat-trocam-farpas-em-mais-um-debate-na-televisao\\\/\"},\"wordCount\":640,\"commentCount\":0,\"publisher\":{\"@id\":\"https:\\\/\\\/www.notibras.com\\\/site\\\/#organization\"},\"image\":{\"@id\":\"https:\\\/\\\/www.notibras.com\\\/site\\\/rollemberg-e-frejat-trocam-farpas-em-mais-um-debate-na-televisao\\\/#primaryimage\"},\"thumbnailUrl\":\"https:\\\/\\\/www.notibras.com\\\/site\\\/wp-content\\\/uploads\\\/2014\\\/10\\\/w1y123f7d_6yo2887c4m_file.jpg\",\"articleSection\":[\"Elei\u00e7\u00f5es 2014\"],\"inLanguage\":\"pt-BR\",\"potentialAction\":[{\"@type\":\"CommentAction\",\"name\":\"Comment\",\"target\":[\"https:\\\/\\\/www.notibras.com\\\/site\\\/rollemberg-e-frejat-trocam-farpas-em-mais-um-debate-na-televisao\\\/#respond\"]}]},{\"@type\":\"WebPage\",\"@id\":\"https:\\\/\\\/www.notibras.com\\\/site\\\/rollemberg-e-frejat-trocam-farpas-em-mais-um-debate-na-televisao\\\/\",\"url\":\"https:\\\/\\\/www.notibras.com\\\/site\\\/rollemberg-e-frejat-trocam-farpas-em-mais-um-debate-na-televisao\\\/\",\"name\":\"Rollemberg e Frejat trocam farpas em mais um debate na televis\u00e3o - Notibras\",\"isPartOf\":{\"@id\":\"https:\\\/\\\/www.notibras.com\\\/site\\\/#website\"},\"primaryImageOfPage\":{\"@id\":\"https:\\\/\\\/www.notibras.com\\\/site\\\/rollemberg-e-frejat-trocam-farpas-em-mais-um-debate-na-televisao\\\/#primaryimage\"},\"image\":{\"@id\":\"https:\\\/\\\/www.notibras.com\\\/site\\\/rollemberg-e-frejat-trocam-farpas-em-mais-um-debate-na-televisao\\\/#primaryimage\"},\"thumbnailUrl\":\"https:\\\/\\\/www.notibras.com\\\/site\\\/wp-content\\\/uploads\\\/2014\\\/10\\\/w1y123f7d_6yo2887c4m_file.jpg\",\"datePublished\":\"2014-10-20T01:27:50+00:00\",\"breadcrumb\":{\"@id\":\"https:\\\/\\\/www.notibras.com\\\/site\\\/rollemberg-e-frejat-trocam-farpas-em-mais-um-debate-na-televisao\\\/#breadcrumb\"},\"inLanguage\":\"pt-BR\",\"potentialAction\":[{\"@type\":\"ReadAction\",\"target\":[\"https:\\\/\\\/www.notibras.com\\\/site\\\/rollemberg-e-frejat-trocam-farpas-em-mais-um-debate-na-televisao\\\/\"]}]},{\"@type\":\"ImageObject\",\"inLanguage\":\"pt-BR\",\"@id\":\"https:\\\/\\\/www.notibras.com\\\/site\\\/rollemberg-e-frejat-trocam-farpas-em-mais-um-debate-na-televisao\\\/#primaryimage\",\"url\":\"https:\\\/\\\/www.notibras.com\\\/site\\\/wp-content\\\/uploads\\\/2014\\\/10\\\/w1y123f7d_6yo2887c4m_file.jpg\",\"contentUrl\":\"https:\\\/\\\/www.notibras.com\\\/site\\\/wp-content\\\/uploads\\\/2014\\\/10\\\/w1y123f7d_6yo2887c4m_file.jpg\",\"width\":460,\"height\":305},{\"@type\":\"BreadcrumbList\",\"@id\":\"https:\\\/\\\/www.notibras.com\\\/site\\\/rollemberg-e-frejat-trocam-farpas-em-mais-um-debate-na-televisao\\\/#breadcrumb\",\"itemListElement\":[{\"@type\":\"ListItem\",\"position\":1,\"name\":\"In\u00edcio\",\"item\":\"https:\\\/\\\/www.notibras.com\\\/site\\\/\"},{\"@type\":\"ListItem\",\"position\":2,\"name\":\"Rollemberg e Frejat trocam farpas em mais um debate na televis\u00e3o\"}]},{\"@type\":\"WebSite\",\"@id\":\"https:\\\/\\\/www.notibras.com\\\/site\\\/#website\",\"url\":\"https:\\\/\\\/www.notibras.com\\\/site\\\/\",\"name\":\"Notibras\",\"description\":\"Not\u00edcias de Bras\u00edlia, do Brasil e do Mundo\",\"publisher\":{\"@id\":\"https:\\\/\\\/www.notibras.com\\\/site\\\/#organization\"},\"potentialAction\":[{\"@type\":\"SearchAction\",\"target\":{\"@type\":\"EntryPoint\",\"urlTemplate\":\"https:\\\/\\\/www.notibras.com\\\/site\\\/?s={search_term_string}\"},\"query-input\":{\"@type\":\"PropertyValueSpecification\",\"valueRequired\":true,\"valueName\":\"search_term_string\"}}],\"inLanguage\":\"pt-BR\"},{\"@type\":\"Organization\",\"@id\":\"https:\\\/\\\/www.notibras.com\\\/site\\\/#organization\",\"name\":\"Grupo Notibras de Comunica\u00e7\u00e3o\",\"url\":\"https:\\\/\\\/www.notibras.com\\\/site\\\/\",\"logo\":{\"@type\":\"ImageObject\",\"inLanguage\":\"pt-BR\",\"@id\":\"https:\\\/\\\/www.notibras.com\\\/site\\\/#\\\/schema\\\/logo\\\/image\\\/\",\"url\":\"https:\\\/\\\/www.notibras.com\\\/site\\\/wp-content\\\/uploads\\\/2023\\\/01\\\/notibras23.png\",\"contentUrl\":\"https:\\\/\\\/www.notibras.com\\\/site\\\/wp-content\\\/uploads\\\/2023\\\/01\\\/notibras23.png\",\"width\":350,\"height\":87,\"caption\":\"Grupo Notibras de Comunica\u00e7\u00e3o\"},\"image\":{\"@id\":\"https:\\\/\\\/www.notibras.com\\\/site\\\/#\\\/schema\\\/logo\\\/image\\\/\"},\"sameAs\":[\"https:\\\/\\\/www.facebook.com\\\/notibras\\\/\",\"https:\\\/\\\/x.com\\\/Notibras\",\"https:\\\/\\\/www.instagram.com\\\/notibras\\\/\"]},{\"@type\":\"Person\",\"@id\":\"https:\\\/\\\/www.notibras.com\\\/site\\\/#\\\/schema\\\/person\\\/36ab0979449956132d3e5b517ea76ac8\",\"name\":\"Reda\u00e7\u00e3o\",\"image\":{\"@type\":\"ImageObject\",\"inLanguage\":\"pt-BR\",\"@id\":\"https:\\\/\\\/secure.gravatar.com\\\/avatar\\\/e0a867bdedb85fd243eadf09663511f96fc81e0720a4a42581f334ad4303aa6b?s=96&d=mm&r=g\",\"url\":\"https:\\\/\\\/secure.gravatar.com\\\/avatar\\\/e0a867bdedb85fd243eadf09663511f96fc81e0720a4a42581f334ad4303aa6b?s=96&d=mm&r=g\",\"contentUrl\":\"https:\\\/\\\/secure.gravatar.com\\\/avatar\\\/e0a867bdedb85fd243eadf09663511f96fc81e0720a4a42581f334ad4303aa6b?s=96&d=mm&r=g\",\"caption\":\"Reda\u00e7\u00e3o\"}}]}<\/script>\n<!-- \/ Yoast SEO plugin. -->","yoast_head_json":{"title":"Rollemberg e Frejat trocam farpas em mais um debate na televis\u00e3o - Notibras","robots":{"index":"index","follow":"follow","max-snippet":"max-snippet:-1","max-image-preview":"max-image-preview:large","max-video-preview":"max-video-preview:-1"},"canonical":"https:\/\/www.notibras.com\/site\/rollemberg-e-frejat-trocam-farpas-em-mais-um-debate-na-televisao\/","og_locale":"pt_BR","og_type":"article","og_title":"Rollemberg e Frejat trocam farpas em mais um debate na televis\u00e3o - Notibras","og_description":"Faltando uma semana para a vota\u00e7\u00e3o que vai eleger o governador do Distrito Federal, o debate da Record entre os dois candidatos que ir\u00e3o disputar o segundo turno foi marcado por uma intensa troca de acusa\u00e7\u00f5es. Rodrigo Rollemberg (PSB) e Jofran Frejat (PR) debateram neste domingo (19), no Museu Nacional da Rep\u00fablica, em Bras\u00edlia. Veja [&hellip;]","og_url":"https:\/\/www.notibras.com\/site\/rollemberg-e-frejat-trocam-farpas-em-mais-um-debate-na-televisao\/","og_site_name":"Notibras","article_publisher":"https:\/\/www.facebook.com\/notibras\/","article_published_time":"2014-10-20T01:27:50+00:00","og_image":[{"width":460,"height":305,"url":"https:\/\/www.notibras.com\/site\/wp-content\/uploads\/2014\/10\/w1y123f7d_6yo2887c4m_file.jpg","type":"image\/jpeg"}],"author":"Reda\u00e7\u00e3o","twitter_card":"summary_large_image","twitter_creator":"@Notibras","twitter_site":"@Notibras","twitter_misc":{"Escrito por":"Reda\u00e7\u00e3o","Est. tempo de leitura":"3 minutos"},"schema":{"@context":"https:\/\/schema.org","@graph":[{"@type":"Article","@id":"https:\/\/www.notibras.com\/site\/rollemberg-e-frejat-trocam-farpas-em-mais-um-debate-na-televisao\/#article","isPartOf":{"@id":"https:\/\/www.notibras.com\/site\/rollemberg-e-frejat-trocam-farpas-em-mais-um-debate-na-televisao\/"},"author":{"name":"Reda\u00e7\u00e3o","@id":"https:\/\/www.notibras.com\/site\/#\/schema\/person\/36ab0979449956132d3e5b517ea76ac8"},"headline":"Rollemberg e Frejat trocam farpas em mais um debate na televis\u00e3o","datePublished":"2014-10-20T01:27:50+00:00","mainEntityOfPage":{"@id":"https:\/\/www.notibras.com\/site\/rollemberg-e-frejat-trocam-farpas-em-mais-um-debate-na-televisao\/"},"wordCount":640,"commentCount":0,"publisher":{"@id":"https:\/\/www.notibras.com\/site\/#organization"},"image":{"@id":"https:\/\/www.notibras.com\/site\/rollemberg-e-frejat-trocam-farpas-em-mais-um-debate-na-televisao\/#primaryimage"},"thumbnailUrl":"https:\/\/www.notibras.com\/site\/wp-content\/uploads\/2014\/10\/w1y123f7d_6yo2887c4m_file.jpg","articleSection":["Elei\u00e7\u00f5es 2014"],"inLanguage":"pt-BR","potentialAction":[{"@type":"CommentAction","name":"Comment","target":["https:\/\/www.notibras.com\/site\/rollemberg-e-frejat-trocam-farpas-em-mais-um-debate-na-televisao\/#respond"]}]},{"@type":"WebPage","@id":"https:\/\/www.notibras.com\/site\/rollemberg-e-frejat-trocam-farpas-em-mais-um-debate-na-televisao\/","url":"https:\/\/www.notibras.com\/site\/rollemberg-e-frejat-trocam-farpas-em-mais-um-debate-na-televisao\/","name":"Rollemberg e Frejat trocam farpas em mais um debate na televis\u00e3o - Notibras","isPartOf":{"@id":"https:\/\/www.notibras.com\/site\/#website"},"primaryImageOfPage":{"@id":"https:\/\/www.notibras.com\/site\/rollemberg-e-frejat-trocam-farpas-em-mais-um-debate-na-televisao\/#primaryimage"},"image":{"@id":"https:\/\/www.notibras.com\/site\/rollemberg-e-frejat-trocam-farpas-em-mais-um-debate-na-televisao\/#primaryimage"},"thumbnailUrl":"https:\/\/www.notibras.com\/site\/wp-content\/uploads\/2014\/10\/w1y123f7d_6yo2887c4m_file.jpg","datePublished":"2014-10-20T01:27:50+00:00","breadcrumb":{"@id":"https:\/\/www.notibras.com\/site\/rollemberg-e-frejat-trocam-farpas-em-mais-um-debate-na-televisao\/#breadcrumb"},"inLanguage":"pt-BR","potentialAction":[{"@type":"ReadAction","target":["https:\/\/www.notibras.com\/site\/rollemberg-e-frejat-trocam-farpas-em-mais-um-debate-na-televisao\/"]}]},{"@type":"ImageObject","inLanguage":"pt-BR","@id":"https:\/\/www.notibras.com\/site\/rollemberg-e-frejat-trocam-farpas-em-mais-um-debate-na-televisao\/#primaryimage","url":"https:\/\/www.notibras.com\/site\/wp-content\/uploads\/2014\/10\/w1y123f7d_6yo2887c4m_file.jpg","contentUrl":"https:\/\/www.notibras.com\/site\/wp-content\/uploads\/2014\/10\/w1y123f7d_6yo2887c4m_file.jpg","width":460,"height":305},{"@type":"BreadcrumbList","@id":"https:\/\/www.notibras.com\/site\/rollemberg-e-frejat-trocam-farpas-em-mais-um-debate-na-televisao\/#breadcrumb","itemListElement":[{"@type":"ListItem","position":1,"name":"In\u00edcio","item":"https:\/\/www.notibras.com\/site\/"},{"@type":"ListItem","position":2,"name":"Rollemberg e Frejat trocam farpas em mais um debate na televis\u00e3o"}]},{"@type":"WebSite","@id":"https:\/\/www.notibras.com\/site\/#website","url":"https:\/\/www.notibras.com\/site\/","name":"Notibras","description":"Not\u00edcias de Bras\u00edlia, do Brasil e do Mundo","publisher":{"@id":"https:\/\/www.notibras.com\/site\/#organization"},"potentialAction":[{"@type":"SearchAction","target":{"@type":"EntryPoint","urlTemplate":"https:\/\/www.notibras.com\/site\/?s={search_term_string}"},"query-input":{"@type":"PropertyValueSpecification","valueRequired":true,"valueName":"search_term_string"}}],"inLanguage":"pt-BR"},{"@type":"Organization","@id":"https:\/\/www.notibras.com\/site\/#organization","name":"Grupo Notibras de Comunica\u00e7\u00e3o","url":"https:\/\/www.notibras.com\/site\/","logo":{"@type":"ImageObject","inLanguage":"pt-BR","@id":"https:\/\/www.notibras.com\/site\/#\/schema\/logo\/image\/","url":"https:\/\/www.notibras.com\/site\/wp-content\/uploads\/2023\/01\/notibras23.png","contentUrl":"https:\/\/www.notibras.com\/site\/wp-content\/uploads\/2023\/01\/notibras23.png","width":350,"height":87,"caption":"Grupo Notibras de Comunica\u00e7\u00e3o"},"image":{"@id":"https:\/\/www.notibras.com\/site\/#\/schema\/logo\/image\/"},"sameAs":["https:\/\/www.facebook.com\/notibras\/","https:\/\/x.com\/Notibras","https:\/\/www.instagram.com\/notibras\/"]},{"@type":"Person","@id":"https:\/\/www.notibras.com\/site\/#\/schema\/person\/36ab0979449956132d3e5b517ea76ac8","name":"Reda\u00e7\u00e3o","image":{"@type":"ImageObject","inLanguage":"pt-BR","@id":"https:\/\/secure.gravatar.com\/avatar\/e0a867bdedb85fd243eadf09663511f96fc81e0720a4a42581f334ad4303aa6b?s=96&d=mm&r=g","url":"https:\/\/secure.gravatar.com\/avatar\/e0a867bdedb85fd243eadf09663511f96fc81e0720a4a42581f334ad4303aa6b?s=96&d=mm&r=g","contentUrl":"https:\/\/secure.gravatar.com\/avatar\/e0a867bdedb85fd243eadf09663511f96fc81e0720a4a42581f334ad4303aa6b?s=96&d=mm&r=g","caption":"Reda\u00e7\u00e3o"}}]}},"amp_enabled":true,"_links":{"self":[{"href":"https:\/\/www.notibras.com\/site\/wp-json\/wp\/v2\/posts\/25427","targetHints":{"allow":["GET"]}}],"collection":[{"href":"https:\/\/www.notibras.com\/site\/wp-json\/wp\/v2\/posts"}],"about":[{"href":"https:\/\/www.notibras.com\/site\/wp-json\/wp\/v2\/types\/post"}],"author":[{"embeddable":true,"href":"https:\/\/www.notibras.com\/site\/wp-json\/wp\/v2\/users\/2"}],"replies":[{"embeddable":true,"href":"https:\/\/www.notibras.com\/site\/wp-json\/wp\/v2\/comments?post=25427"}],"version-history":[{"count":0,"href":"https:\/\/www.notibras.com\/site\/wp-json\/wp\/v2\/posts\/25427\/revisions"}],"wp:featuredmedia":[{"embeddable":true,"href":"https:\/\/www.notibras.com\/site\/wp-json\/wp\/v2\/media\/25428"}],"wp:attachment":[{"href":"https:\/\/www.notibras.com\/site\/wp-json\/wp\/v2\/media?parent=25427"}],"wp:term":[{"taxonomy":"category","embeddable":true,"href":"https:\/\/www.notibras.com\/site\/wp-json\/wp\/v2\/categories?post=25427"},{"taxonomy":"post_tag","embeddable":true,"href":"https:\/\/www.notibras.com\/site\/wp-json\/wp\/v2\/tags?post=25427"}],"curies":[{"name":"wp","href":"https:\/\/api.w.org\/{rel}","templated":true}]}}