{"id":25430,"date":"2014-10-19T20:30:16","date_gmt":"2014-10-19T23:30:16","guid":{"rendered":"http:\/\/www.notibras.com\/site\/?p=25430"},"modified":"2014-10-19T22:34:39","modified_gmt":"2014-10-20T01:34:39","slug":"justica-eleitoral-proibe-ataques-de-candidatos-a-parentes-na-campanha","status":"publish","type":"post","link":"https:\/\/www.notibras.com\/site\/justica-eleitoral-proibe-ataques-de-candidatos-a-parentes-na-campanha\/","title":{"rendered":"Justi\u00e7a Eleitoral pro\u00edbe ataques de candidatos a parentes na campanha"},"content":{"rendered":"<p>O Tribunal Superior Eleitoral (TSE) suspendeu trechos da propaganda eleitoral de A\u00e9cio Neves (PSDB) na televis\u00e3o envolvendo Igor Rousseff, irm\u00e3o da presidente Dilma Rousseff (PT), candidata \u00e0 reelei\u00e7\u00e3o. A decis\u00e3o foi tomada pelo ministro Admar Gonzaga no s\u00e1bado (18) \u00e0 noite, informou o Estad\u00e3o Conte\u00fado.<\/p>\n<p>O TSE determinou ainda que trechos da campanha de Dilma Rousseff que citam a recusa de A\u00e9cio em fazer o teste do baf\u00f4metro, durante uma blitz da pol\u00edcia do Rio de Janeiro, tamb\u00e9m\u00a0devem ser retirados do programa de televis\u00e3o.<\/p>\n<p>A propaganda tucana dizia que Igor Rousseff \u00a0&#8220;foi nomeado pelo prefeito Fernando Pimentel, no dia 20 de setembro de 2003 e nunca apareceu para trabalhar&#8221;. A defesa de Dilma apresentou na a\u00e7\u00e3o declara\u00e7\u00f5es do ex-prefeito Fernando Pimentel, eleito governador de Minas Gerais no primeiro turno, segundo o qual o irm\u00e3o da presidente trabalhava de forma regular.<\/p>\n<blockquote><p>Na representa\u00e7\u00e3o ao TSE, a coliga\u00e7\u00e3o de Dilma afirmou que A\u00e9cio Neves utilizou trechos editados do debate realizado pelo SBT, na quinta-feira, &#8220;com a n\u00edtida inten\u00e7\u00e3o de degradar a imagem, a honra e a dignidade da candidata, caluniando Dilma Rousseff, que \u00e0 \u00e9poca da nomea\u00e7\u00e3o de seu irm\u00e3o na prefeitura de Belo Horizonte nem sequer era presidente da Rep\u00fablica&#8221;.<\/p><\/blockquote>\n<p>Ao decidir pela concess\u00e3o da liminar, o ministro Admar Gonzaga lembrou que na sess\u00e3o do dia 16 de outubro o plen\u00e1rio do TSE decidiu que a propaganda deve ter cunho propositivo.<\/p>\n<p>J\u00e1 o ministro Tarc\u00edsio Vieira de Carvalho Neto concedeu, tamb\u00e9m no s\u00e1bado, quatro liminares a Dilma Rousseff e determinou a imediata suspens\u00e3o de propagandas eleitorais do candidato A\u00e9cio Neves envolvendo den\u00fancias contra a Petrobras, veiculadas no r\u00e1dio e na TV.<\/p>\n<p>Nas inser\u00e7\u00f5es divulgadas no r\u00e1dio, uma das pe\u00e7as afirma que o ex-diretor da estatal confessou que o PT recebia porcentual nos contratos firmados pela \u00e1rea de abastecimento da estatal. Em outra, o locutor afirma: &#8220;Voc\u00ea sabia que s\u00f3 com o dinheiro desviado da Petrobras pro PT daria para fazer mais doze est\u00e1dios da Copa, e por aqueles pre\u00e7os, hein?&#8221;.<\/p>\n<p>A inser\u00e7\u00e3o da TV mostra uma s\u00e9rie de manchetes de jornais contr\u00e1rias ao PT acompanhada da seguinte mensagem: &#8220;J\u00e1 que o PT est\u00e1 apresentando manchetes de jornal para atacar o A\u00e9cio, n\u00f3s vamos mostrar tamb\u00e9m algumas manchetes sobre o PT&#8221;. E conclui: &#8220;Chega? Ou quer Mais?&#8221;.<\/p>\n<p>No caso da pe\u00e7a sobre a blitz, o TSE acatou o pedido de A\u00e9cio, que acusou o PT de atacar sua honra ao insinuar que ele tenha recusado o baf\u00f4metro por estar embriagado, ainda de acordo com o Estad\u00e3o Conte\u00fado.<\/p>\n<p>O ministro Tarc\u00edsio Vieira de Carvalho Neto, do TSE, afirmou que o hor\u00e1rio eleitoral deve ser usado para a apresenta\u00e7\u00e3o de ideias e propostas e n\u00e3o para ataques pessoais.<\/p>\n<p>Segundo Vieira, os hor\u00e1rios gratuitos de r\u00e1dio e televis\u00e3o s\u00e3o &#8220;holofotes (que) devem estar direcionados para o candidato e para as suas ideias, n\u00e3o para pirotecnia ou artif\u00edcios t\u00e9cnicos que produzam imagens artificiais e enganosas&#8221;.<\/p>\n<blockquote><p>A campanha petista tamb\u00e9m foi proibida de veicular trecho de propaganda afirmando que o PSDB recebeu dinheiro do esquema de desvios da Petrobras para partidos, coordenado pelo ex-diretor da estatal Paulo Roberto Costa. O programa de Dilma tamb\u00e9m n\u00e3o poder\u00e1 questionar &#8220;onde est\u00e3o os corruptos do metr\u00f4 de S\u00e3o Paulo&#8221;.<\/p><\/blockquote>\n<p>Segundo o ministro do TSE, &#8220;ataques deste tipo prestam desservi\u00e7o ao debate eleitoral f\u00e9rtil e aut\u00eantico e, em maior escala, \u00e0 pr\u00f3pria democracia, por isso foi preciso fixar novos par\u00e2metros para a propaganda em r\u00e1dio e televis\u00e3o e, em especial, para o balizamento do trabalho dos ju\u00edzes.<\/p>\n<p>O TSE proibiu, ainda, a propaganda petista com a frase &#8220;Oh, Minas Gerais, oh, Minas Gerais, quem conhece A\u00e9cio n\u00e3o vota jamais&#8230;&#8221;, parodiando trecho de uma m\u00fasica cl\u00e1ssica sobre o Estado.<\/p>\n","protected":false},"excerpt":{"rendered":"<p>O Tribunal Superior Eleitoral (TSE) suspendeu trechos da propaganda eleitoral de A\u00e9cio Neves (PSDB) na televis\u00e3o envolvendo Igor Rousseff, irm\u00e3o da presidente Dilma Rousseff (PT), candidata \u00e0 reelei\u00e7\u00e3o. A decis\u00e3o foi tomada pelo ministro Admar Gonzaga no s\u00e1bado (18) \u00e0 noite, informou o Estad\u00e3o Conte\u00fado. O TSE determinou ainda que trechos da campanha de Dilma [&hellip;]<\/p>\n","protected":false},"author":2,"featured_media":25431,"comment_status":"open","ping_status":"closed","sticky":false,"template":"","format":"standard","meta":{"_acf_changed":false,"footnotes":""},"categories":[33],"tags":[],"class_list":["post-25430","post","type-post","status-publish","format-standard","has-post-thumbnail","hentry","category-eleicoes-2014"],"acf":[],"yoast_head":"<!-- This site is optimized with the Yoast SEO plugin v27.5 - https:\/\/yoast.com\/product\/yoast-seo-wordpress\/ -->\n<title>Justi\u00e7a Eleitoral pro\u00edbe ataques de candidatos a parentes na campanha - Notibras<\/title>\n<meta name=\"robots\" content=\"index, follow, max-snippet:-1, max-image-preview:large, max-video-preview:-1\" \/>\n<link rel=\"canonical\" href=\"https:\/\/www.notibras.com\/site\/justica-eleitoral-proibe-ataques-de-candidatos-a-parentes-na-campanha\/\" \/>\n<meta property=\"og:locale\" content=\"pt_BR\" \/>\n<meta property=\"og:type\" content=\"article\" \/>\n<meta property=\"og:title\" content=\"Justi\u00e7a Eleitoral pro\u00edbe ataques de candidatos a parentes na campanha - Notibras\" \/>\n<meta property=\"og:description\" content=\"O Tribunal Superior Eleitoral (TSE) suspendeu trechos da propaganda eleitoral de A\u00e9cio Neves (PSDB) na televis\u00e3o envolvendo Igor Rousseff, irm\u00e3o da presidente Dilma Rousseff (PT), candidata \u00e0 reelei\u00e7\u00e3o. A decis\u00e3o foi tomada pelo ministro Admar Gonzaga no s\u00e1bado (18) \u00e0 noite, informou o Estad\u00e3o Conte\u00fado. O TSE determinou ainda que trechos da campanha de Dilma [&hellip;]\" \/>\n<meta property=\"og:url\" content=\"https:\/\/www.notibras.com\/site\/justica-eleitoral-proibe-ataques-de-candidatos-a-parentes-na-campanha\/\" \/>\n<meta property=\"og:site_name\" content=\"Notibras\" \/>\n<meta property=\"article:publisher\" content=\"https:\/\/www.facebook.com\/notibras\/\" \/>\n<meta property=\"article:published_time\" content=\"2014-10-19T23:30:16+00:00\" \/>\n<meta property=\"article:modified_time\" content=\"2014-10-20T01:34:39+00:00\" \/>\n<meta property=\"og:image\" content=\"https:\/\/www.notibras.com\/site\/wp-content\/uploads\/2014\/10\/size_590_ae-300x224.jpg\" \/>\n\t<meta property=\"og:image:width\" content=\"300\" \/>\n\t<meta property=\"og:image:height\" content=\"224\" \/>\n\t<meta property=\"og:image:type\" content=\"image\/jpeg\" \/>\n<meta name=\"author\" content=\"Reda\u00e7\u00e3o\" \/>\n<meta name=\"twitter:card\" content=\"summary_large_image\" \/>\n<meta name=\"twitter:creator\" content=\"@Notibras\" \/>\n<meta name=\"twitter:site\" content=\"@Notibras\" \/>\n<meta name=\"twitter:label1\" content=\"Escrito por\" \/>\n\t<meta name=\"twitter:data1\" content=\"Reda\u00e7\u00e3o\" \/>\n\t<meta name=\"twitter:label2\" content=\"Est. tempo de leitura\" \/>\n\t<meta name=\"twitter:data2\" content=\"3 minutos\" \/>\n<script type=\"application\/ld+json\" class=\"yoast-schema-graph\">{\"@context\":\"https:\\\/\\\/schema.org\",\"@graph\":[{\"@type\":\"Article\",\"@id\":\"https:\\\/\\\/www.notibras.com\\\/site\\\/justica-eleitoral-proibe-ataques-de-candidatos-a-parentes-na-campanha\\\/#article\",\"isPartOf\":{\"@id\":\"https:\\\/\\\/www.notibras.com\\\/site\\\/justica-eleitoral-proibe-ataques-de-candidatos-a-parentes-na-campanha\\\/\"},\"author\":{\"name\":\"Reda\u00e7\u00e3o\",\"@id\":\"https:\\\/\\\/www.notibras.com\\\/site\\\/#\\\/schema\\\/person\\\/36ab0979449956132d3e5b517ea76ac8\"},\"headline\":\"Justi\u00e7a Eleitoral pro\u00edbe ataques de candidatos a parentes na campanha\",\"datePublished\":\"2014-10-19T23:30:16+00:00\",\"dateModified\":\"2014-10-20T01:34:39+00:00\",\"mainEntityOfPage\":{\"@id\":\"https:\\\/\\\/www.notibras.com\\\/site\\\/justica-eleitoral-proibe-ataques-de-candidatos-a-parentes-na-campanha\\\/\"},\"wordCount\":690,\"commentCount\":0,\"publisher\":{\"@id\":\"https:\\\/\\\/www.notibras.com\\\/site\\\/#organization\"},\"image\":{\"@id\":\"https:\\\/\\\/www.notibras.com\\\/site\\\/justica-eleitoral-proibe-ataques-de-candidatos-a-parentes-na-campanha\\\/#primaryimage\"},\"thumbnailUrl\":\"https:\\\/\\\/www.notibras.com\\\/site\\\/wp-content\\\/uploads\\\/2014\\\/10\\\/size_590_ae-300x224.jpg\",\"articleSection\":[\"Elei\u00e7\u00f5es 2014\"],\"inLanguage\":\"pt-BR\",\"potentialAction\":[{\"@type\":\"CommentAction\",\"name\":\"Comment\",\"target\":[\"https:\\\/\\\/www.notibras.com\\\/site\\\/justica-eleitoral-proibe-ataques-de-candidatos-a-parentes-na-campanha\\\/#respond\"]}]},{\"@type\":\"WebPage\",\"@id\":\"https:\\\/\\\/www.notibras.com\\\/site\\\/justica-eleitoral-proibe-ataques-de-candidatos-a-parentes-na-campanha\\\/\",\"url\":\"https:\\\/\\\/www.notibras.com\\\/site\\\/justica-eleitoral-proibe-ataques-de-candidatos-a-parentes-na-campanha\\\/\",\"name\":\"Justi\u00e7a Eleitoral pro\u00edbe ataques de candidatos a parentes na campanha - Notibras\",\"isPartOf\":{\"@id\":\"https:\\\/\\\/www.notibras.com\\\/site\\\/#website\"},\"primaryImageOfPage\":{\"@id\":\"https:\\\/\\\/www.notibras.com\\\/site\\\/justica-eleitoral-proibe-ataques-de-candidatos-a-parentes-na-campanha\\\/#primaryimage\"},\"image\":{\"@id\":\"https:\\\/\\\/www.notibras.com\\\/site\\\/justica-eleitoral-proibe-ataques-de-candidatos-a-parentes-na-campanha\\\/#primaryimage\"},\"thumbnailUrl\":\"https:\\\/\\\/www.notibras.com\\\/site\\\/wp-content\\\/uploads\\\/2014\\\/10\\\/size_590_ae-300x224.jpg\",\"datePublished\":\"2014-10-19T23:30:16+00:00\",\"dateModified\":\"2014-10-20T01:34:39+00:00\",\"breadcrumb\":{\"@id\":\"https:\\\/\\\/www.notibras.com\\\/site\\\/justica-eleitoral-proibe-ataques-de-candidatos-a-parentes-na-campanha\\\/#breadcrumb\"},\"inLanguage\":\"pt-BR\",\"potentialAction\":[{\"@type\":\"ReadAction\",\"target\":[\"https:\\\/\\\/www.notibras.com\\\/site\\\/justica-eleitoral-proibe-ataques-de-candidatos-a-parentes-na-campanha\\\/\"]}]},{\"@type\":\"ImageObject\",\"inLanguage\":\"pt-BR\",\"@id\":\"https:\\\/\\\/www.notibras.com\\\/site\\\/justica-eleitoral-proibe-ataques-de-candidatos-a-parentes-na-campanha\\\/#primaryimage\",\"url\":\"https:\\\/\\\/www.notibras.com\\\/site\\\/wp-content\\\/uploads\\\/2014\\\/10\\\/size_590_ae-300x224.jpg\",\"contentUrl\":\"https:\\\/\\\/www.notibras.com\\\/site\\\/wp-content\\\/uploads\\\/2014\\\/10\\\/size_590_ae-300x224.jpg\",\"width\":300,\"height\":224},{\"@type\":\"BreadcrumbList\",\"@id\":\"https:\\\/\\\/www.notibras.com\\\/site\\\/justica-eleitoral-proibe-ataques-de-candidatos-a-parentes-na-campanha\\\/#breadcrumb\",\"itemListElement\":[{\"@type\":\"ListItem\",\"position\":1,\"name\":\"In\u00edcio\",\"item\":\"https:\\\/\\\/www.notibras.com\\\/site\\\/\"},{\"@type\":\"ListItem\",\"position\":2,\"name\":\"Justi\u00e7a Eleitoral pro\u00edbe ataques de candidatos a parentes na campanha\"}]},{\"@type\":\"WebSite\",\"@id\":\"https:\\\/\\\/www.notibras.com\\\/site\\\/#website\",\"url\":\"https:\\\/\\\/www.notibras.com\\\/site\\\/\",\"name\":\"Notibras\",\"description\":\"Not\u00edcias de Bras\u00edlia, do Brasil e do Mundo\",\"publisher\":{\"@id\":\"https:\\\/\\\/www.notibras.com\\\/site\\\/#organization\"},\"potentialAction\":[{\"@type\":\"SearchAction\",\"target\":{\"@type\":\"EntryPoint\",\"urlTemplate\":\"https:\\\/\\\/www.notibras.com\\\/site\\\/?s={search_term_string}\"},\"query-input\":{\"@type\":\"PropertyValueSpecification\",\"valueRequired\":true,\"valueName\":\"search_term_string\"}}],\"inLanguage\":\"pt-BR\"},{\"@type\":\"Organization\",\"@id\":\"https:\\\/\\\/www.notibras.com\\\/site\\\/#organization\",\"name\":\"Grupo Notibras de Comunica\u00e7\u00e3o\",\"url\":\"https:\\\/\\\/www.notibras.com\\\/site\\\/\",\"logo\":{\"@type\":\"ImageObject\",\"inLanguage\":\"pt-BR\",\"@id\":\"https:\\\/\\\/www.notibras.com\\\/site\\\/#\\\/schema\\\/logo\\\/image\\\/\",\"url\":\"https:\\\/\\\/www.notibras.com\\\/site\\\/wp-content\\\/uploads\\\/2023\\\/01\\\/notibras23.png\",\"contentUrl\":\"https:\\\/\\\/www.notibras.com\\\/site\\\/wp-content\\\/uploads\\\/2023\\\/01\\\/notibras23.png\",\"width\":350,\"height\":87,\"caption\":\"Grupo Notibras de Comunica\u00e7\u00e3o\"},\"image\":{\"@id\":\"https:\\\/\\\/www.notibras.com\\\/site\\\/#\\\/schema\\\/logo\\\/image\\\/\"},\"sameAs\":[\"https:\\\/\\\/www.facebook.com\\\/notibras\\\/\",\"https:\\\/\\\/x.com\\\/Notibras\",\"https:\\\/\\\/www.instagram.com\\\/notibras\\\/\"]},{\"@type\":\"Person\",\"@id\":\"https:\\\/\\\/www.notibras.com\\\/site\\\/#\\\/schema\\\/person\\\/36ab0979449956132d3e5b517ea76ac8\",\"name\":\"Reda\u00e7\u00e3o\",\"image\":{\"@type\":\"ImageObject\",\"inLanguage\":\"pt-BR\",\"@id\":\"https:\\\/\\\/secure.gravatar.com\\\/avatar\\\/e0a867bdedb85fd243eadf09663511f96fc81e0720a4a42581f334ad4303aa6b?s=96&d=mm&r=g\",\"url\":\"https:\\\/\\\/secure.gravatar.com\\\/avatar\\\/e0a867bdedb85fd243eadf09663511f96fc81e0720a4a42581f334ad4303aa6b?s=96&d=mm&r=g\",\"contentUrl\":\"https:\\\/\\\/secure.gravatar.com\\\/avatar\\\/e0a867bdedb85fd243eadf09663511f96fc81e0720a4a42581f334ad4303aa6b?s=96&d=mm&r=g\",\"caption\":\"Reda\u00e7\u00e3o\"}}]}<\/script>\n<!-- \/ Yoast SEO plugin. -->","yoast_head_json":{"title":"Justi\u00e7a Eleitoral pro\u00edbe ataques de candidatos a parentes na campanha - Notibras","robots":{"index":"index","follow":"follow","max-snippet":"max-snippet:-1","max-image-preview":"max-image-preview:large","max-video-preview":"max-video-preview:-1"},"canonical":"https:\/\/www.notibras.com\/site\/justica-eleitoral-proibe-ataques-de-candidatos-a-parentes-na-campanha\/","og_locale":"pt_BR","og_type":"article","og_title":"Justi\u00e7a Eleitoral pro\u00edbe ataques de candidatos a parentes na campanha - Notibras","og_description":"O Tribunal Superior Eleitoral (TSE) suspendeu trechos da propaganda eleitoral de A\u00e9cio Neves (PSDB) na televis\u00e3o envolvendo Igor Rousseff, irm\u00e3o da presidente Dilma Rousseff (PT), candidata \u00e0 reelei\u00e7\u00e3o. A decis\u00e3o foi tomada pelo ministro Admar Gonzaga no s\u00e1bado (18) \u00e0 noite, informou o Estad\u00e3o Conte\u00fado. O TSE determinou ainda que trechos da campanha de Dilma [&hellip;]","og_url":"https:\/\/www.notibras.com\/site\/justica-eleitoral-proibe-ataques-de-candidatos-a-parentes-na-campanha\/","og_site_name":"Notibras","article_publisher":"https:\/\/www.facebook.com\/notibras\/","article_published_time":"2014-10-19T23:30:16+00:00","article_modified_time":"2014-10-20T01:34:39+00:00","og_image":[{"width":300,"height":224,"url":"https:\/\/www.notibras.com\/site\/wp-content\/uploads\/2014\/10\/size_590_ae-300x224.jpg","type":"image\/jpeg"}],"author":"Reda\u00e7\u00e3o","twitter_card":"summary_large_image","twitter_creator":"@Notibras","twitter_site":"@Notibras","twitter_misc":{"Escrito por":"Reda\u00e7\u00e3o","Est. tempo de leitura":"3 minutos"},"schema":{"@context":"https:\/\/schema.org","@graph":[{"@type":"Article","@id":"https:\/\/www.notibras.com\/site\/justica-eleitoral-proibe-ataques-de-candidatos-a-parentes-na-campanha\/#article","isPartOf":{"@id":"https:\/\/www.notibras.com\/site\/justica-eleitoral-proibe-ataques-de-candidatos-a-parentes-na-campanha\/"},"author":{"name":"Reda\u00e7\u00e3o","@id":"https:\/\/www.notibras.com\/site\/#\/schema\/person\/36ab0979449956132d3e5b517ea76ac8"},"headline":"Justi\u00e7a Eleitoral pro\u00edbe ataques de candidatos a parentes na campanha","datePublished":"2014-10-19T23:30:16+00:00","dateModified":"2014-10-20T01:34:39+00:00","mainEntityOfPage":{"@id":"https:\/\/www.notibras.com\/site\/justica-eleitoral-proibe-ataques-de-candidatos-a-parentes-na-campanha\/"},"wordCount":690,"commentCount":0,"publisher":{"@id":"https:\/\/www.notibras.com\/site\/#organization"},"image":{"@id":"https:\/\/www.notibras.com\/site\/justica-eleitoral-proibe-ataques-de-candidatos-a-parentes-na-campanha\/#primaryimage"},"thumbnailUrl":"https:\/\/www.notibras.com\/site\/wp-content\/uploads\/2014\/10\/size_590_ae-300x224.jpg","articleSection":["Elei\u00e7\u00f5es 2014"],"inLanguage":"pt-BR","potentialAction":[{"@type":"CommentAction","name":"Comment","target":["https:\/\/www.notibras.com\/site\/justica-eleitoral-proibe-ataques-de-candidatos-a-parentes-na-campanha\/#respond"]}]},{"@type":"WebPage","@id":"https:\/\/www.notibras.com\/site\/justica-eleitoral-proibe-ataques-de-candidatos-a-parentes-na-campanha\/","url":"https:\/\/www.notibras.com\/site\/justica-eleitoral-proibe-ataques-de-candidatos-a-parentes-na-campanha\/","name":"Justi\u00e7a Eleitoral pro\u00edbe ataques de candidatos a parentes na campanha - Notibras","isPartOf":{"@id":"https:\/\/www.notibras.com\/site\/#website"},"primaryImageOfPage":{"@id":"https:\/\/www.notibras.com\/site\/justica-eleitoral-proibe-ataques-de-candidatos-a-parentes-na-campanha\/#primaryimage"},"image":{"@id":"https:\/\/www.notibras.com\/site\/justica-eleitoral-proibe-ataques-de-candidatos-a-parentes-na-campanha\/#primaryimage"},"thumbnailUrl":"https:\/\/www.notibras.com\/site\/wp-content\/uploads\/2014\/10\/size_590_ae-300x224.jpg","datePublished":"2014-10-19T23:30:16+00:00","dateModified":"2014-10-20T01:34:39+00:00","breadcrumb":{"@id":"https:\/\/www.notibras.com\/site\/justica-eleitoral-proibe-ataques-de-candidatos-a-parentes-na-campanha\/#breadcrumb"},"inLanguage":"pt-BR","potentialAction":[{"@type":"ReadAction","target":["https:\/\/www.notibras.com\/site\/justica-eleitoral-proibe-ataques-de-candidatos-a-parentes-na-campanha\/"]}]},{"@type":"ImageObject","inLanguage":"pt-BR","@id":"https:\/\/www.notibras.com\/site\/justica-eleitoral-proibe-ataques-de-candidatos-a-parentes-na-campanha\/#primaryimage","url":"https:\/\/www.notibras.com\/site\/wp-content\/uploads\/2014\/10\/size_590_ae-300x224.jpg","contentUrl":"https:\/\/www.notibras.com\/site\/wp-content\/uploads\/2014\/10\/size_590_ae-300x224.jpg","width":300,"height":224},{"@type":"BreadcrumbList","@id":"https:\/\/www.notibras.com\/site\/justica-eleitoral-proibe-ataques-de-candidatos-a-parentes-na-campanha\/#breadcrumb","itemListElement":[{"@type":"ListItem","position":1,"name":"In\u00edcio","item":"https:\/\/www.notibras.com\/site\/"},{"@type":"ListItem","position":2,"name":"Justi\u00e7a Eleitoral pro\u00edbe ataques de candidatos a parentes na campanha"}]},{"@type":"WebSite","@id":"https:\/\/www.notibras.com\/site\/#website","url":"https:\/\/www.notibras.com\/site\/","name":"Notibras","description":"Not\u00edcias de Bras\u00edlia, do Brasil e do Mundo","publisher":{"@id":"https:\/\/www.notibras.com\/site\/#organization"},"potentialAction":[{"@type":"SearchAction","target":{"@type":"EntryPoint","urlTemplate":"https:\/\/www.notibras.com\/site\/?s={search_term_string}"},"query-input":{"@type":"PropertyValueSpecification","valueRequired":true,"valueName":"search_term_string"}}],"inLanguage":"pt-BR"},{"@type":"Organization","@id":"https:\/\/www.notibras.com\/site\/#organization","name":"Grupo Notibras de Comunica\u00e7\u00e3o","url":"https:\/\/www.notibras.com\/site\/","logo":{"@type":"ImageObject","inLanguage":"pt-BR","@id":"https:\/\/www.notibras.com\/site\/#\/schema\/logo\/image\/","url":"https:\/\/www.notibras.com\/site\/wp-content\/uploads\/2023\/01\/notibras23.png","contentUrl":"https:\/\/www.notibras.com\/site\/wp-content\/uploads\/2023\/01\/notibras23.png","width":350,"height":87,"caption":"Grupo Notibras de Comunica\u00e7\u00e3o"},"image":{"@id":"https:\/\/www.notibras.com\/site\/#\/schema\/logo\/image\/"},"sameAs":["https:\/\/www.facebook.com\/notibras\/","https:\/\/x.com\/Notibras","https:\/\/www.instagram.com\/notibras\/"]},{"@type":"Person","@id":"https:\/\/www.notibras.com\/site\/#\/schema\/person\/36ab0979449956132d3e5b517ea76ac8","name":"Reda\u00e7\u00e3o","image":{"@type":"ImageObject","inLanguage":"pt-BR","@id":"https:\/\/secure.gravatar.com\/avatar\/e0a867bdedb85fd243eadf09663511f96fc81e0720a4a42581f334ad4303aa6b?s=96&d=mm&r=g","url":"https:\/\/secure.gravatar.com\/avatar\/e0a867bdedb85fd243eadf09663511f96fc81e0720a4a42581f334ad4303aa6b?s=96&d=mm&r=g","contentUrl":"https:\/\/secure.gravatar.com\/avatar\/e0a867bdedb85fd243eadf09663511f96fc81e0720a4a42581f334ad4303aa6b?s=96&d=mm&r=g","caption":"Reda\u00e7\u00e3o"}}]}},"amp_enabled":true,"_links":{"self":[{"href":"https:\/\/www.notibras.com\/site\/wp-json\/wp\/v2\/posts\/25430","targetHints":{"allow":["GET"]}}],"collection":[{"href":"https:\/\/www.notibras.com\/site\/wp-json\/wp\/v2\/posts"}],"about":[{"href":"https:\/\/www.notibras.com\/site\/wp-json\/wp\/v2\/types\/post"}],"author":[{"embeddable":true,"href":"https:\/\/www.notibras.com\/site\/wp-json\/wp\/v2\/users\/2"}],"replies":[{"embeddable":true,"href":"https:\/\/www.notibras.com\/site\/wp-json\/wp\/v2\/comments?post=25430"}],"version-history":[{"count":0,"href":"https:\/\/www.notibras.com\/site\/wp-json\/wp\/v2\/posts\/25430\/revisions"}],"wp:featuredmedia":[{"embeddable":true,"href":"https:\/\/www.notibras.com\/site\/wp-json\/wp\/v2\/media\/25431"}],"wp:attachment":[{"href":"https:\/\/www.notibras.com\/site\/wp-json\/wp\/v2\/media?parent=25430"}],"wp:term":[{"taxonomy":"category","embeddable":true,"href":"https:\/\/www.notibras.com\/site\/wp-json\/wp\/v2\/categories?post=25430"},{"taxonomy":"post_tag","embeddable":true,"href":"https:\/\/www.notibras.com\/site\/wp-json\/wp\/v2\/tags?post=25430"}],"curies":[{"name":"wp","href":"https:\/\/api.w.org\/{rel}","templated":true}]}}