{"id":25433,"date":"2014-10-19T19:36:26","date_gmt":"2014-10-19T22:36:26","guid":{"rendered":"http:\/\/www.notibras.com\/site\/?p=25433"},"modified":"2014-10-19T22:39:31","modified_gmt":"2014-10-20T01:39:31","slug":"representantes-de-grupos-gays-aprovam-manifesto-de-apoio-a-aecio","status":"publish","type":"post","link":"https:\/\/www.notibras.com\/site\/representantes-de-grupos-gays-aprovam-manifesto-de-apoio-a-aecio\/","title":{"rendered":"Representantes de grupos gays divulgam carta de apoio a A\u00e9cio"},"content":{"rendered":"<p>Representa\u00e7\u00f5es partid\u00e1rias ligadas ao movimento LGBT (L\u00e9sbicas, Gays, Bissexuais, Travestis e Transexuais) divulgaram uma carta de apoio ao candidato do PSDB \u00e0 presid\u00eancia, A\u00e9cio Neves. As representa\u00e7\u00f5es s\u00e3o de partidos da base do tucano e do pr\u00f3prio PSDB: Diversidade Tucana (PSDB), PV Diversidade (PV), PPS Diversidade (PPS), PTB Diversidade (PTB), LGBT Socialista (PSB) e Rede Diversidade (Rede) &#8211; este \u00faltimo, do projeto de partido da ex-ministra Marina Silva.<\/p>\n<p>No documento, s\u00e3o ressaltados pontos do programa de A\u00e9cio considerados como avan\u00e7os pela comunidade LGBT, al\u00e9m de retrocessos recentes na pauta de igualdade para pessoas com diferentes orienta\u00e7\u00f5es sexuais. Apesar do apoio, as representa\u00e7\u00f5es criticam a aproxima\u00e7\u00e3o do candidato de figuras pol\u00edticas consideradas conservadoras e homof\u00f3bicas. &#8220;Gostar\u00edamos de cobrar do candidato uma posi\u00e7\u00e3o mais firme de comprometimento com nossas reivindica\u00e7\u00f5es e uma fala decisiva anti Levy Fidelix, Malafaia, Bolsonaro e Feliciano em seu poss\u00edvel governo&#8221;, disse ao Broadcast Vanderlei Fernandes, da Rede Diversidade.<\/p>\n<p>O candidato \u00e0 Presid\u00eancia derrotado em primeiro turno Levy Fidelix declarou apoio a A\u00e9cio. Em debates do primeiro turno, Levy fez declara\u00e7\u00f5es consideradas homof\u00f3bicas que geraram uma s\u00e9rie de protestos. O l\u00edder evang\u00e9lico pastor Silas Malafaia, o deputado e tamb\u00e9m pastor Marco Feliciano (PSC), representante do Minist\u00e9rio Madureira, bra\u00e7o da Assembleia de Deus, e o deputado federal Jair Bolsonaro (PP-RJ), campe\u00e3o de votos no seu Estado, tamb\u00e9m apoiam o candidato do PSDB \u00e0 Presid\u00eancia.<\/p>\n<blockquote><p>Entre os principais pontos elogiados pelas representa\u00e7\u00f5es partid\u00e1rias LGBT est\u00e3o os compromissos do programa de A\u00e9cio com a criminaliza\u00e7\u00e3o da homotransfobia e a defesa do casamento civil igualit\u00e1rio, com direito \u00e0 ado\u00e7\u00e3o por casais homoafetivos.<\/p><\/blockquote>\n<p>Em rela\u00e7\u00e3o aos retrocessos recentes, o documento cita o recuo na distribui\u00e7\u00e3o de material did\u00e1tico destinado a combater o bullying e promover o respeito \u00e0 diversidade nas escolas de ensino m\u00e9dio; o recuo na propaganda de preven\u00e7\u00e3o \u00e0 aids para casais gays, apesar de o governo atual ter registrado eleva\u00e7\u00e3o de 11% nos casos de contamina\u00e7\u00e3o; al\u00e9m do que chamam de &#8220;enterro&#8221; da lei que criminaliza a homotransfobia, por iniciativa da Secretaria de Rela\u00e7\u00f5es Institucionais.<\/p>\n<p>A carta tamb\u00e9m critica as diretrizes de governo da campanha \u00e0 reelei\u00e7\u00e3o de Dilma Rousseff (PT) por usar o termo &#8220;op\u00e7\u00e3o sexual&#8221;. &#8220;\u00c9 um claro aceno \u00e0s for\u00e7as que lutam contra os avan\u00e7os da cidadania LGBT, j\u00e1 que o termo \u00e9 notoriamente recha\u00e7ado pelos movimentos sociais&#8221;, diz a carta.<\/p>\n","protected":false},"excerpt":{"rendered":"<p>Representa\u00e7\u00f5es partid\u00e1rias ligadas ao movimento LGBT (L\u00e9sbicas, Gays, Bissexuais, Travestis e Transexuais) divulgaram uma carta de apoio ao candidato do PSDB \u00e0 presid\u00eancia, A\u00e9cio Neves. As representa\u00e7\u00f5es s\u00e3o de partidos da base do tucano e do pr\u00f3prio PSDB: Diversidade Tucana (PSDB), PV Diversidade (PV), PPS Diversidade (PPS), PTB Diversidade (PTB), LGBT Socialista (PSB) e Rede [&hellip;]<\/p>\n","protected":false},"author":2,"featured_media":25434,"comment_status":"open","ping_status":"closed","sticky":false,"template":"","format":"standard","meta":{"_acf_changed":false,"footnotes":""},"categories":[33],"tags":[],"class_list":["post-25433","post","type-post","status-publish","format-standard","has-post-thumbnail","hentry","category-eleicoes-2014"],"acf":[],"yoast_head":"<!-- This site is optimized with the Yoast SEO plugin v27.5 - https:\/\/yoast.com\/product\/yoast-seo-wordpress\/ -->\n<title>Representantes de grupos gays divulgam carta de apoio a A\u00e9cio - Notibras<\/title>\n<meta name=\"robots\" content=\"index, follow, max-snippet:-1, max-image-preview:large, max-video-preview:-1\" \/>\n<link rel=\"canonical\" href=\"https:\/\/www.notibras.com\/site\/representantes-de-grupos-gays-aprovam-manifesto-de-apoio-a-aecio\/\" \/>\n<meta property=\"og:locale\" content=\"pt_BR\" \/>\n<meta property=\"og:type\" content=\"article\" \/>\n<meta property=\"og:title\" content=\"Representantes de grupos gays divulgam carta de apoio a A\u00e9cio - Notibras\" \/>\n<meta property=\"og:description\" content=\"Representa\u00e7\u00f5es partid\u00e1rias ligadas ao movimento LGBT (L\u00e9sbicas, Gays, Bissexuais, Travestis e Transexuais) divulgaram uma carta de apoio ao candidato do PSDB \u00e0 presid\u00eancia, A\u00e9cio Neves. As representa\u00e7\u00f5es s\u00e3o de partidos da base do tucano e do pr\u00f3prio PSDB: Diversidade Tucana (PSDB), PV Diversidade (PV), PPS Diversidade (PPS), PTB Diversidade (PTB), LGBT Socialista (PSB) e Rede [&hellip;]\" \/>\n<meta property=\"og:url\" content=\"https:\/\/www.notibras.com\/site\/representantes-de-grupos-gays-aprovam-manifesto-de-apoio-a-aecio\/\" \/>\n<meta property=\"og:site_name\" content=\"Notibras\" \/>\n<meta property=\"article:publisher\" content=\"https:\/\/www.facebook.com\/notibras\/\" \/>\n<meta property=\"article:published_time\" content=\"2014-10-19T22:36:26+00:00\" \/>\n<meta property=\"article:modified_time\" content=\"2014-10-20T01:39:31+00:00\" \/>\n<meta property=\"og:image\" content=\"https:\/\/www.notibras.com\/site\/wp-content\/uploads\/2014\/10\/8c4006ec3a34df3efbfb227d286253d3.jpg\" \/>\n\t<meta property=\"og:image:width\" content=\"620\" \/>\n\t<meta property=\"og:image:height\" content=\"372\" \/>\n\t<meta property=\"og:image:type\" content=\"image\/jpeg\" \/>\n<meta name=\"author\" content=\"Reda\u00e7\u00e3o\" \/>\n<meta name=\"twitter:card\" content=\"summary_large_image\" \/>\n<meta name=\"twitter:creator\" content=\"@Notibras\" \/>\n<meta name=\"twitter:site\" content=\"@Notibras\" \/>\n<meta name=\"twitter:label1\" content=\"Escrito por\" \/>\n\t<meta name=\"twitter:data1\" content=\"Reda\u00e7\u00e3o\" \/>\n\t<meta name=\"twitter:label2\" content=\"Est. tempo de leitura\" \/>\n\t<meta name=\"twitter:data2\" content=\"2 minutos\" \/>\n<script type=\"application\/ld+json\" class=\"yoast-schema-graph\">{\"@context\":\"https:\\\/\\\/schema.org\",\"@graph\":[{\"@type\":\"Article\",\"@id\":\"https:\\\/\\\/www.notibras.com\\\/site\\\/representantes-de-grupos-gays-aprovam-manifesto-de-apoio-a-aecio\\\/#article\",\"isPartOf\":{\"@id\":\"https:\\\/\\\/www.notibras.com\\\/site\\\/representantes-de-grupos-gays-aprovam-manifesto-de-apoio-a-aecio\\\/\"},\"author\":{\"name\":\"Reda\u00e7\u00e3o\",\"@id\":\"https:\\\/\\\/www.notibras.com\\\/site\\\/#\\\/schema\\\/person\\\/36ab0979449956132d3e5b517ea76ac8\"},\"headline\":\"Representantes de grupos gays divulgam carta de apoio a A\u00e9cio\",\"datePublished\":\"2014-10-19T22:36:26+00:00\",\"dateModified\":\"2014-10-20T01:39:31+00:00\",\"mainEntityOfPage\":{\"@id\":\"https:\\\/\\\/www.notibras.com\\\/site\\\/representantes-de-grupos-gays-aprovam-manifesto-de-apoio-a-aecio\\\/\"},\"wordCount\":441,\"commentCount\":0,\"publisher\":{\"@id\":\"https:\\\/\\\/www.notibras.com\\\/site\\\/#organization\"},\"image\":{\"@id\":\"https:\\\/\\\/www.notibras.com\\\/site\\\/representantes-de-grupos-gays-aprovam-manifesto-de-apoio-a-aecio\\\/#primaryimage\"},\"thumbnailUrl\":\"https:\\\/\\\/www.notibras.com\\\/site\\\/wp-content\\\/uploads\\\/2014\\\/10\\\/8c4006ec3a34df3efbfb227d286253d3.jpg\",\"articleSection\":[\"Elei\u00e7\u00f5es 2014\"],\"inLanguage\":\"pt-BR\",\"potentialAction\":[{\"@type\":\"CommentAction\",\"name\":\"Comment\",\"target\":[\"https:\\\/\\\/www.notibras.com\\\/site\\\/representantes-de-grupos-gays-aprovam-manifesto-de-apoio-a-aecio\\\/#respond\"]}]},{\"@type\":\"WebPage\",\"@id\":\"https:\\\/\\\/www.notibras.com\\\/site\\\/representantes-de-grupos-gays-aprovam-manifesto-de-apoio-a-aecio\\\/\",\"url\":\"https:\\\/\\\/www.notibras.com\\\/site\\\/representantes-de-grupos-gays-aprovam-manifesto-de-apoio-a-aecio\\\/\",\"name\":\"Representantes de grupos gays divulgam carta de apoio a A\u00e9cio - Notibras\",\"isPartOf\":{\"@id\":\"https:\\\/\\\/www.notibras.com\\\/site\\\/#website\"},\"primaryImageOfPage\":{\"@id\":\"https:\\\/\\\/www.notibras.com\\\/site\\\/representantes-de-grupos-gays-aprovam-manifesto-de-apoio-a-aecio\\\/#primaryimage\"},\"image\":{\"@id\":\"https:\\\/\\\/www.notibras.com\\\/site\\\/representantes-de-grupos-gays-aprovam-manifesto-de-apoio-a-aecio\\\/#primaryimage\"},\"thumbnailUrl\":\"https:\\\/\\\/www.notibras.com\\\/site\\\/wp-content\\\/uploads\\\/2014\\\/10\\\/8c4006ec3a34df3efbfb227d286253d3.jpg\",\"datePublished\":\"2014-10-19T22:36:26+00:00\",\"dateModified\":\"2014-10-20T01:39:31+00:00\",\"breadcrumb\":{\"@id\":\"https:\\\/\\\/www.notibras.com\\\/site\\\/representantes-de-grupos-gays-aprovam-manifesto-de-apoio-a-aecio\\\/#breadcrumb\"},\"inLanguage\":\"pt-BR\",\"potentialAction\":[{\"@type\":\"ReadAction\",\"target\":[\"https:\\\/\\\/www.notibras.com\\\/site\\\/representantes-de-grupos-gays-aprovam-manifesto-de-apoio-a-aecio\\\/\"]}]},{\"@type\":\"ImageObject\",\"inLanguage\":\"pt-BR\",\"@id\":\"https:\\\/\\\/www.notibras.com\\\/site\\\/representantes-de-grupos-gays-aprovam-manifesto-de-apoio-a-aecio\\\/#primaryimage\",\"url\":\"https:\\\/\\\/www.notibras.com\\\/site\\\/wp-content\\\/uploads\\\/2014\\\/10\\\/8c4006ec3a34df3efbfb227d286253d3.jpg\",\"contentUrl\":\"https:\\\/\\\/www.notibras.com\\\/site\\\/wp-content\\\/uploads\\\/2014\\\/10\\\/8c4006ec3a34df3efbfb227d286253d3.jpg\",\"width\":620,\"height\":372},{\"@type\":\"BreadcrumbList\",\"@id\":\"https:\\\/\\\/www.notibras.com\\\/site\\\/representantes-de-grupos-gays-aprovam-manifesto-de-apoio-a-aecio\\\/#breadcrumb\",\"itemListElement\":[{\"@type\":\"ListItem\",\"position\":1,\"name\":\"In\u00edcio\",\"item\":\"https:\\\/\\\/www.notibras.com\\\/site\\\/\"},{\"@type\":\"ListItem\",\"position\":2,\"name\":\"Representantes de grupos gays divulgam carta de apoio a A\u00e9cio\"}]},{\"@type\":\"WebSite\",\"@id\":\"https:\\\/\\\/www.notibras.com\\\/site\\\/#website\",\"url\":\"https:\\\/\\\/www.notibras.com\\\/site\\\/\",\"name\":\"Notibras\",\"description\":\"Not\u00edcias de Bras\u00edlia, do Brasil e do Mundo\",\"publisher\":{\"@id\":\"https:\\\/\\\/www.notibras.com\\\/site\\\/#organization\"},\"potentialAction\":[{\"@type\":\"SearchAction\",\"target\":{\"@type\":\"EntryPoint\",\"urlTemplate\":\"https:\\\/\\\/www.notibras.com\\\/site\\\/?s={search_term_string}\"},\"query-input\":{\"@type\":\"PropertyValueSpecification\",\"valueRequired\":true,\"valueName\":\"search_term_string\"}}],\"inLanguage\":\"pt-BR\"},{\"@type\":\"Organization\",\"@id\":\"https:\\\/\\\/www.notibras.com\\\/site\\\/#organization\",\"name\":\"Grupo Notibras de Comunica\u00e7\u00e3o\",\"url\":\"https:\\\/\\\/www.notibras.com\\\/site\\\/\",\"logo\":{\"@type\":\"ImageObject\",\"inLanguage\":\"pt-BR\",\"@id\":\"https:\\\/\\\/www.notibras.com\\\/site\\\/#\\\/schema\\\/logo\\\/image\\\/\",\"url\":\"https:\\\/\\\/www.notibras.com\\\/site\\\/wp-content\\\/uploads\\\/2023\\\/01\\\/notibras23.png\",\"contentUrl\":\"https:\\\/\\\/www.notibras.com\\\/site\\\/wp-content\\\/uploads\\\/2023\\\/01\\\/notibras23.png\",\"width\":350,\"height\":87,\"caption\":\"Grupo Notibras de Comunica\u00e7\u00e3o\"},\"image\":{\"@id\":\"https:\\\/\\\/www.notibras.com\\\/site\\\/#\\\/schema\\\/logo\\\/image\\\/\"},\"sameAs\":[\"https:\\\/\\\/www.facebook.com\\\/notibras\\\/\",\"https:\\\/\\\/x.com\\\/Notibras\",\"https:\\\/\\\/www.instagram.com\\\/notibras\\\/\"]},{\"@type\":\"Person\",\"@id\":\"https:\\\/\\\/www.notibras.com\\\/site\\\/#\\\/schema\\\/person\\\/36ab0979449956132d3e5b517ea76ac8\",\"name\":\"Reda\u00e7\u00e3o\",\"image\":{\"@type\":\"ImageObject\",\"inLanguage\":\"pt-BR\",\"@id\":\"https:\\\/\\\/secure.gravatar.com\\\/avatar\\\/e0a867bdedb85fd243eadf09663511f96fc81e0720a4a42581f334ad4303aa6b?s=96&d=mm&r=g\",\"url\":\"https:\\\/\\\/secure.gravatar.com\\\/avatar\\\/e0a867bdedb85fd243eadf09663511f96fc81e0720a4a42581f334ad4303aa6b?s=96&d=mm&r=g\",\"contentUrl\":\"https:\\\/\\\/secure.gravatar.com\\\/avatar\\\/e0a867bdedb85fd243eadf09663511f96fc81e0720a4a42581f334ad4303aa6b?s=96&d=mm&r=g\",\"caption\":\"Reda\u00e7\u00e3o\"}}]}<\/script>\n<!-- \/ Yoast SEO plugin. -->","yoast_head_json":{"title":"Representantes de grupos gays divulgam carta de apoio a A\u00e9cio - Notibras","robots":{"index":"index","follow":"follow","max-snippet":"max-snippet:-1","max-image-preview":"max-image-preview:large","max-video-preview":"max-video-preview:-1"},"canonical":"https:\/\/www.notibras.com\/site\/representantes-de-grupos-gays-aprovam-manifesto-de-apoio-a-aecio\/","og_locale":"pt_BR","og_type":"article","og_title":"Representantes de grupos gays divulgam carta de apoio a A\u00e9cio - Notibras","og_description":"Representa\u00e7\u00f5es partid\u00e1rias ligadas ao movimento LGBT (L\u00e9sbicas, Gays, Bissexuais, Travestis e Transexuais) divulgaram uma carta de apoio ao candidato do PSDB \u00e0 presid\u00eancia, A\u00e9cio Neves. As representa\u00e7\u00f5es s\u00e3o de partidos da base do tucano e do pr\u00f3prio PSDB: Diversidade Tucana (PSDB), PV Diversidade (PV), PPS Diversidade (PPS), PTB Diversidade (PTB), LGBT Socialista (PSB) e Rede [&hellip;]","og_url":"https:\/\/www.notibras.com\/site\/representantes-de-grupos-gays-aprovam-manifesto-de-apoio-a-aecio\/","og_site_name":"Notibras","article_publisher":"https:\/\/www.facebook.com\/notibras\/","article_published_time":"2014-10-19T22:36:26+00:00","article_modified_time":"2014-10-20T01:39:31+00:00","og_image":[{"width":620,"height":372,"url":"https:\/\/www.notibras.com\/site\/wp-content\/uploads\/2014\/10\/8c4006ec3a34df3efbfb227d286253d3.jpg","type":"image\/jpeg"}],"author":"Reda\u00e7\u00e3o","twitter_card":"summary_large_image","twitter_creator":"@Notibras","twitter_site":"@Notibras","twitter_misc":{"Escrito por":"Reda\u00e7\u00e3o","Est. tempo de leitura":"2 minutos"},"schema":{"@context":"https:\/\/schema.org","@graph":[{"@type":"Article","@id":"https:\/\/www.notibras.com\/site\/representantes-de-grupos-gays-aprovam-manifesto-de-apoio-a-aecio\/#article","isPartOf":{"@id":"https:\/\/www.notibras.com\/site\/representantes-de-grupos-gays-aprovam-manifesto-de-apoio-a-aecio\/"},"author":{"name":"Reda\u00e7\u00e3o","@id":"https:\/\/www.notibras.com\/site\/#\/schema\/person\/36ab0979449956132d3e5b517ea76ac8"},"headline":"Representantes de grupos gays divulgam carta de apoio a A\u00e9cio","datePublished":"2014-10-19T22:36:26+00:00","dateModified":"2014-10-20T01:39:31+00:00","mainEntityOfPage":{"@id":"https:\/\/www.notibras.com\/site\/representantes-de-grupos-gays-aprovam-manifesto-de-apoio-a-aecio\/"},"wordCount":441,"commentCount":0,"publisher":{"@id":"https:\/\/www.notibras.com\/site\/#organization"},"image":{"@id":"https:\/\/www.notibras.com\/site\/representantes-de-grupos-gays-aprovam-manifesto-de-apoio-a-aecio\/#primaryimage"},"thumbnailUrl":"https:\/\/www.notibras.com\/site\/wp-content\/uploads\/2014\/10\/8c4006ec3a34df3efbfb227d286253d3.jpg","articleSection":["Elei\u00e7\u00f5es 2014"],"inLanguage":"pt-BR","potentialAction":[{"@type":"CommentAction","name":"Comment","target":["https:\/\/www.notibras.com\/site\/representantes-de-grupos-gays-aprovam-manifesto-de-apoio-a-aecio\/#respond"]}]},{"@type":"WebPage","@id":"https:\/\/www.notibras.com\/site\/representantes-de-grupos-gays-aprovam-manifesto-de-apoio-a-aecio\/","url":"https:\/\/www.notibras.com\/site\/representantes-de-grupos-gays-aprovam-manifesto-de-apoio-a-aecio\/","name":"Representantes de grupos gays divulgam carta de apoio a A\u00e9cio - Notibras","isPartOf":{"@id":"https:\/\/www.notibras.com\/site\/#website"},"primaryImageOfPage":{"@id":"https:\/\/www.notibras.com\/site\/representantes-de-grupos-gays-aprovam-manifesto-de-apoio-a-aecio\/#primaryimage"},"image":{"@id":"https:\/\/www.notibras.com\/site\/representantes-de-grupos-gays-aprovam-manifesto-de-apoio-a-aecio\/#primaryimage"},"thumbnailUrl":"https:\/\/www.notibras.com\/site\/wp-content\/uploads\/2014\/10\/8c4006ec3a34df3efbfb227d286253d3.jpg","datePublished":"2014-10-19T22:36:26+00:00","dateModified":"2014-10-20T01:39:31+00:00","breadcrumb":{"@id":"https:\/\/www.notibras.com\/site\/representantes-de-grupos-gays-aprovam-manifesto-de-apoio-a-aecio\/#breadcrumb"},"inLanguage":"pt-BR","potentialAction":[{"@type":"ReadAction","target":["https:\/\/www.notibras.com\/site\/representantes-de-grupos-gays-aprovam-manifesto-de-apoio-a-aecio\/"]}]},{"@type":"ImageObject","inLanguage":"pt-BR","@id":"https:\/\/www.notibras.com\/site\/representantes-de-grupos-gays-aprovam-manifesto-de-apoio-a-aecio\/#primaryimage","url":"https:\/\/www.notibras.com\/site\/wp-content\/uploads\/2014\/10\/8c4006ec3a34df3efbfb227d286253d3.jpg","contentUrl":"https:\/\/www.notibras.com\/site\/wp-content\/uploads\/2014\/10\/8c4006ec3a34df3efbfb227d286253d3.jpg","width":620,"height":372},{"@type":"BreadcrumbList","@id":"https:\/\/www.notibras.com\/site\/representantes-de-grupos-gays-aprovam-manifesto-de-apoio-a-aecio\/#breadcrumb","itemListElement":[{"@type":"ListItem","position":1,"name":"In\u00edcio","item":"https:\/\/www.notibras.com\/site\/"},{"@type":"ListItem","position":2,"name":"Representantes de grupos gays divulgam carta de apoio a A\u00e9cio"}]},{"@type":"WebSite","@id":"https:\/\/www.notibras.com\/site\/#website","url":"https:\/\/www.notibras.com\/site\/","name":"Notibras","description":"Not\u00edcias de Bras\u00edlia, do Brasil e do Mundo","publisher":{"@id":"https:\/\/www.notibras.com\/site\/#organization"},"potentialAction":[{"@type":"SearchAction","target":{"@type":"EntryPoint","urlTemplate":"https:\/\/www.notibras.com\/site\/?s={search_term_string}"},"query-input":{"@type":"PropertyValueSpecification","valueRequired":true,"valueName":"search_term_string"}}],"inLanguage":"pt-BR"},{"@type":"Organization","@id":"https:\/\/www.notibras.com\/site\/#organization","name":"Grupo Notibras de Comunica\u00e7\u00e3o","url":"https:\/\/www.notibras.com\/site\/","logo":{"@type":"ImageObject","inLanguage":"pt-BR","@id":"https:\/\/www.notibras.com\/site\/#\/schema\/logo\/image\/","url":"https:\/\/www.notibras.com\/site\/wp-content\/uploads\/2023\/01\/notibras23.png","contentUrl":"https:\/\/www.notibras.com\/site\/wp-content\/uploads\/2023\/01\/notibras23.png","width":350,"height":87,"caption":"Grupo Notibras de Comunica\u00e7\u00e3o"},"image":{"@id":"https:\/\/www.notibras.com\/site\/#\/schema\/logo\/image\/"},"sameAs":["https:\/\/www.facebook.com\/notibras\/","https:\/\/x.com\/Notibras","https:\/\/www.instagram.com\/notibras\/"]},{"@type":"Person","@id":"https:\/\/www.notibras.com\/site\/#\/schema\/person\/36ab0979449956132d3e5b517ea76ac8","name":"Reda\u00e7\u00e3o","image":{"@type":"ImageObject","inLanguage":"pt-BR","@id":"https:\/\/secure.gravatar.com\/avatar\/e0a867bdedb85fd243eadf09663511f96fc81e0720a4a42581f334ad4303aa6b?s=96&d=mm&r=g","url":"https:\/\/secure.gravatar.com\/avatar\/e0a867bdedb85fd243eadf09663511f96fc81e0720a4a42581f334ad4303aa6b?s=96&d=mm&r=g","contentUrl":"https:\/\/secure.gravatar.com\/avatar\/e0a867bdedb85fd243eadf09663511f96fc81e0720a4a42581f334ad4303aa6b?s=96&d=mm&r=g","caption":"Reda\u00e7\u00e3o"}}]}},"amp_enabled":true,"_links":{"self":[{"href":"https:\/\/www.notibras.com\/site\/wp-json\/wp\/v2\/posts\/25433","targetHints":{"allow":["GET"]}}],"collection":[{"href":"https:\/\/www.notibras.com\/site\/wp-json\/wp\/v2\/posts"}],"about":[{"href":"https:\/\/www.notibras.com\/site\/wp-json\/wp\/v2\/types\/post"}],"author":[{"embeddable":true,"href":"https:\/\/www.notibras.com\/site\/wp-json\/wp\/v2\/users\/2"}],"replies":[{"embeddable":true,"href":"https:\/\/www.notibras.com\/site\/wp-json\/wp\/v2\/comments?post=25433"}],"version-history":[{"count":0,"href":"https:\/\/www.notibras.com\/site\/wp-json\/wp\/v2\/posts\/25433\/revisions"}],"wp:featuredmedia":[{"embeddable":true,"href":"https:\/\/www.notibras.com\/site\/wp-json\/wp\/v2\/media\/25434"}],"wp:attachment":[{"href":"https:\/\/www.notibras.com\/site\/wp-json\/wp\/v2\/media?parent=25433"}],"wp:term":[{"taxonomy":"category","embeddable":true,"href":"https:\/\/www.notibras.com\/site\/wp-json\/wp\/v2\/categories?post=25433"},{"taxonomy":"post_tag","embeddable":true,"href":"https:\/\/www.notibras.com\/site\/wp-json\/wp\/v2\/tags?post=25433"}],"curies":[{"name":"wp","href":"https:\/\/api.w.org\/{rel}","templated":true}]}}