{"id":25437,"date":"2014-10-19T22:45:40","date_gmt":"2014-10-20T01:45:40","guid":{"rendered":"http:\/\/www.notibras.com\/site\/?p=25437"},"modified":"2014-10-19T22:45:40","modified_gmt":"2014-10-20T01:45:40","slug":"dilma-e-aecio-fazem-debate-mais-ameno-e-evitam-ataques-pessoais","status":"publish","type":"post","link":"https:\/\/www.notibras.com\/site\/dilma-e-aecio-fazem-debate-mais-ameno-e-evitam-ataques-pessoais\/","title":{"rendered":"Dilma e A\u00e9cio fazem debate mais ameno e evitam ataques pessoais"},"content":{"rendered":"<p>A discuss\u00e3o sobre seguran\u00e7a p\u00fablica, infla\u00e7\u00e3o e Petrobras dominou o debate entre presidenci\u00e1veis realizado pela Rede Record neste domingo (19). Ao contr\u00e1rio de encontros anteriores, n\u00e3o houve confronto nem ataques pessoais, embora os dois tenham demonstrado ironias em algumas momentos.<\/p>\n<p>A\u00e9cio Neves (PSDB) criticou a pol\u00edtica de seguran\u00e7a p\u00fablica do governo federal, o descontrole em rela\u00e7\u00e3o \u00e0 infla\u00e7\u00e3o e perguntou se a candidata \u00e0 reelei\u00e7\u00e3o Dilma Rousseff (PT) confiava no tesoureiro nacional do PT, Jo\u00e3o Vaccari Neto.<\/p>\n<p>Dilma reagiu apontando as taxas de criminalidade em Minas Gerais, voltou a dizer que a infla\u00e7\u00e3o est\u00e1 sob controle e rebatou questionando se o tucano confiava em integrantes do PSDB que teriam recebido propina para encerrar uma CPI para investigar a Petrobras.<\/p>\n<p>A\u00e9cio criticou a pol\u00edtica de seguran\u00e7a p\u00fablica do governo federal. &#8220;Onde falhou o seu governo no enfrentamento da criminalidade e do avan\u00e7o das drogas no Brasil?&#8221;, indagou.<\/p>\n<p>Dilma respondeu afirmando que a seguran\u00e7a p\u00fablica n\u00e3o \u00e9 responsabilidade do governo federal mas que, mesmo assim, investiu R$ 17,7 bilh\u00f5es no setor. &#8220;Todo mundo sabe que o governo federal n\u00e3o tem a responsabilidade constitucional da seguran\u00e7a. N\u00f3s queremos ter esta responsabilidade. Tanto \u00e9 assim, mesmo n\u00e3o tendo, gastamos do nosso or\u00e7amento R$ 17,7 bilh\u00f5es&#8221;, afirmou.<\/p>\n<p>Dilma rebateu afirmando que a criminalidade aumentou em Minas Gerais durante o per\u00edodo em que A\u00e9cio foi governador do Estado. &#8220;O mapa da viol\u00eancia demonstra que de 2002 a 2012, houve um crescimento de 52% nos homic\u00eddios em Minas Gerais, enquanto no Sudeste, como um todo, houve uma queda de 37% dos homic\u00eddios&#8221;, afirmou.<\/p>\n<blockquote><p>A\u00e9cio criticou o ritmo de crescimento da economia brasileira e a taxa de infla\u00e7\u00e3o no pa\u00eds e comparou os dados do Brasil com outros pa\u00edses latino-americanos. &#8220;Por que isso n\u00e3o acontece em pa\u00edses vizinhos nossos? Cito o exemplo do Chile, que consegue crescer bem mais do que o Brasil controlando sua infla\u00e7\u00e3o? Onde est\u00e1 o erro, candidata?&#8221;, indagou.<\/p><\/blockquote>\n<p>Dilma respondeu destacando que o Brasil tem uma taxa de 5% de desemprego, que segundo ela, \u00e9 o menor n\u00edvel da hist\u00f3ria, e disse que a proposta tucana de levar a infla\u00e7\u00e3o para 3% elevaria o desemprego para 15%. &#8220;Para ter 3% de infla\u00e7\u00e3o, o senhor vai triplicar o desemprego, ele vai para 15%, e o senhor vai elevar a taxa de juros, como j\u00e1 fizeram antes, a 25%, porque esse \u00e9 o receitu\u00e1rio.<\/p>\n<p>A corrup\u00e7\u00e3o na Petrobras voltou a a ser debatida. A\u00e9cio perguntou se Dilma confiava no tesoureiro nacional do PT, Jo\u00e3o Vaccari Neto, apontado pelo ex-diretor de Abastecimento da Petrobras, Paulo Roberto Costa, como um dos operadores do esquema de desvio de recursos da estatal. &#8220;A senhora reconhece agora que houve desvios, aquele que \u00e9 denunciado, para recebimento dessa propina, o tesoureiro Jo\u00e3o Vacari Neto, continuar\u00e1 como presidente do partido e continuar\u00e1 tamb\u00e9m como membro do Conselho de Itaip\u00fa, a senhora confia nele, candidata?&#8221;, perguntou A\u00e9cio.<\/p>\n<p>Dilma devolveu a pergunta do tucano. &#8220;O senhor confia em todos aqueles que segundo as mesmas fontes que acusam o Vaccari dizem que o seu partido, o presidente dele, que lamentavelmente est\u00e1 morto, recebeu recursos para acabar com a CPI? O senhor acredita, candidato?&#8221;.<\/p>\n<p>Na r\u00e9plica, A\u00e9cio voltou a carga. &#8220;Porque se na Petrobras, onde ele n\u00e3o tinha, pelo menos qualquer acesso formal, 2\/3 da propina segundo o delator, eram transferidas para ele, eu fico imaginando em Itaipu, onde ele tem um crach\u00e1, que assina documentos, que pode estar acontecendo l\u00e1&#8221;, disse o tucano.<\/p>\n","protected":false},"excerpt":{"rendered":"<p>A discuss\u00e3o sobre seguran\u00e7a p\u00fablica, infla\u00e7\u00e3o e Petrobras dominou o debate entre presidenci\u00e1veis realizado pela Rede Record neste domingo (19). Ao contr\u00e1rio de encontros anteriores, n\u00e3o houve confronto nem ataques pessoais, embora os dois tenham demonstrado ironias em algumas momentos. A\u00e9cio Neves (PSDB) criticou a pol\u00edtica de seguran\u00e7a p\u00fablica do governo federal, o descontrole em [&hellip;]<\/p>\n","protected":false},"author":2,"featured_media":25438,"comment_status":"open","ping_status":"closed","sticky":false,"template":"","format":"standard","meta":{"_acf_changed":false,"footnotes":""},"categories":[33],"tags":[],"class_list":["post-25437","post","type-post","status-publish","format-standard","has-post-thumbnail","hentry","category-eleicoes-2014"],"acf":[],"yoast_head":"<!-- This site is optimized with the Yoast SEO plugin v27.5 - https:\/\/yoast.com\/product\/yoast-seo-wordpress\/ -->\n<title>Dilma e A\u00e9cio fazem debate mais ameno e evitam ataques pessoais - Notibras<\/title>\n<meta name=\"robots\" content=\"index, follow, max-snippet:-1, max-image-preview:large, max-video-preview:-1\" \/>\n<link rel=\"canonical\" href=\"https:\/\/www.notibras.com\/site\/dilma-e-aecio-fazem-debate-mais-ameno-e-evitam-ataques-pessoais\/\" \/>\n<meta property=\"og:locale\" content=\"pt_BR\" \/>\n<meta property=\"og:type\" content=\"article\" \/>\n<meta property=\"og:title\" content=\"Dilma e A\u00e9cio fazem debate mais ameno e evitam ataques pessoais - Notibras\" \/>\n<meta property=\"og:description\" content=\"A discuss\u00e3o sobre seguran\u00e7a p\u00fablica, infla\u00e7\u00e3o e Petrobras dominou o debate entre presidenci\u00e1veis realizado pela Rede Record neste domingo (19). Ao contr\u00e1rio de encontros anteriores, n\u00e3o houve confronto nem ataques pessoais, embora os dois tenham demonstrado ironias em algumas momentos. A\u00e9cio Neves (PSDB) criticou a pol\u00edtica de seguran\u00e7a p\u00fablica do governo federal, o descontrole em [&hellip;]\" \/>\n<meta property=\"og:url\" content=\"https:\/\/www.notibras.com\/site\/dilma-e-aecio-fazem-debate-mais-ameno-e-evitam-ataques-pessoais\/\" \/>\n<meta property=\"og:site_name\" content=\"Notibras\" \/>\n<meta property=\"article:publisher\" content=\"https:\/\/www.facebook.com\/notibras\/\" \/>\n<meta property=\"article:published_time\" content=\"2014-10-20T01:45:40+00:00\" \/>\n<meta property=\"og:image\" content=\"https:\/\/www.notibras.com\/site\/wp-content\/uploads\/2014\/10\/DILMA-E-AECIO.jpg\" \/>\n\t<meta property=\"og:image:width\" content=\"768\" \/>\n\t<meta property=\"og:image:height\" content=\"488\" \/>\n\t<meta property=\"og:image:type\" content=\"image\/jpeg\" \/>\n<meta name=\"author\" content=\"Reda\u00e7\u00e3o\" \/>\n<meta name=\"twitter:card\" content=\"summary_large_image\" \/>\n<meta name=\"twitter:creator\" content=\"@Notibras\" \/>\n<meta name=\"twitter:site\" content=\"@Notibras\" \/>\n<meta name=\"twitter:label1\" content=\"Escrito por\" \/>\n\t<meta name=\"twitter:data1\" content=\"Reda\u00e7\u00e3o\" \/>\n\t<meta name=\"twitter:label2\" content=\"Est. tempo de leitura\" \/>\n\t<meta name=\"twitter:data2\" content=\"3 minutos\" \/>\n<script type=\"application\/ld+json\" class=\"yoast-schema-graph\">{\"@context\":\"https:\\\/\\\/schema.org\",\"@graph\":[{\"@type\":\"Article\",\"@id\":\"https:\\\/\\\/www.notibras.com\\\/site\\\/dilma-e-aecio-fazem-debate-mais-ameno-e-evitam-ataques-pessoais\\\/#article\",\"isPartOf\":{\"@id\":\"https:\\\/\\\/www.notibras.com\\\/site\\\/dilma-e-aecio-fazem-debate-mais-ameno-e-evitam-ataques-pessoais\\\/\"},\"author\":{\"name\":\"Reda\u00e7\u00e3o\",\"@id\":\"https:\\\/\\\/www.notibras.com\\\/site\\\/#\\\/schema\\\/person\\\/36ab0979449956132d3e5b517ea76ac8\"},\"headline\":\"Dilma e A\u00e9cio fazem debate mais ameno e evitam ataques pessoais\",\"datePublished\":\"2014-10-20T01:45:40+00:00\",\"mainEntityOfPage\":{\"@id\":\"https:\\\/\\\/www.notibras.com\\\/site\\\/dilma-e-aecio-fazem-debate-mais-ameno-e-evitam-ataques-pessoais\\\/\"},\"wordCount\":615,\"commentCount\":0,\"publisher\":{\"@id\":\"https:\\\/\\\/www.notibras.com\\\/site\\\/#organization\"},\"image\":{\"@id\":\"https:\\\/\\\/www.notibras.com\\\/site\\\/dilma-e-aecio-fazem-debate-mais-ameno-e-evitam-ataques-pessoais\\\/#primaryimage\"},\"thumbnailUrl\":\"https:\\\/\\\/www.notibras.com\\\/site\\\/wp-content\\\/uploads\\\/2014\\\/10\\\/DILMA-E-AECIO.jpg\",\"articleSection\":[\"Elei\u00e7\u00f5es 2014\"],\"inLanguage\":\"pt-BR\",\"potentialAction\":[{\"@type\":\"CommentAction\",\"name\":\"Comment\",\"target\":[\"https:\\\/\\\/www.notibras.com\\\/site\\\/dilma-e-aecio-fazem-debate-mais-ameno-e-evitam-ataques-pessoais\\\/#respond\"]}]},{\"@type\":\"WebPage\",\"@id\":\"https:\\\/\\\/www.notibras.com\\\/site\\\/dilma-e-aecio-fazem-debate-mais-ameno-e-evitam-ataques-pessoais\\\/\",\"url\":\"https:\\\/\\\/www.notibras.com\\\/site\\\/dilma-e-aecio-fazem-debate-mais-ameno-e-evitam-ataques-pessoais\\\/\",\"name\":\"Dilma e A\u00e9cio fazem debate mais ameno e evitam ataques pessoais - Notibras\",\"isPartOf\":{\"@id\":\"https:\\\/\\\/www.notibras.com\\\/site\\\/#website\"},\"primaryImageOfPage\":{\"@id\":\"https:\\\/\\\/www.notibras.com\\\/site\\\/dilma-e-aecio-fazem-debate-mais-ameno-e-evitam-ataques-pessoais\\\/#primaryimage\"},\"image\":{\"@id\":\"https:\\\/\\\/www.notibras.com\\\/site\\\/dilma-e-aecio-fazem-debate-mais-ameno-e-evitam-ataques-pessoais\\\/#primaryimage\"},\"thumbnailUrl\":\"https:\\\/\\\/www.notibras.com\\\/site\\\/wp-content\\\/uploads\\\/2014\\\/10\\\/DILMA-E-AECIO.jpg\",\"datePublished\":\"2014-10-20T01:45:40+00:00\",\"breadcrumb\":{\"@id\":\"https:\\\/\\\/www.notibras.com\\\/site\\\/dilma-e-aecio-fazem-debate-mais-ameno-e-evitam-ataques-pessoais\\\/#breadcrumb\"},\"inLanguage\":\"pt-BR\",\"potentialAction\":[{\"@type\":\"ReadAction\",\"target\":[\"https:\\\/\\\/www.notibras.com\\\/site\\\/dilma-e-aecio-fazem-debate-mais-ameno-e-evitam-ataques-pessoais\\\/\"]}]},{\"@type\":\"ImageObject\",\"inLanguage\":\"pt-BR\",\"@id\":\"https:\\\/\\\/www.notibras.com\\\/site\\\/dilma-e-aecio-fazem-debate-mais-ameno-e-evitam-ataques-pessoais\\\/#primaryimage\",\"url\":\"https:\\\/\\\/www.notibras.com\\\/site\\\/wp-content\\\/uploads\\\/2014\\\/10\\\/DILMA-E-AECIO.jpg\",\"contentUrl\":\"https:\\\/\\\/www.notibras.com\\\/site\\\/wp-content\\\/uploads\\\/2014\\\/10\\\/DILMA-E-AECIO.jpg\",\"width\":768,\"height\":488,\"caption\":\"Foto\\\/Arquivo Notibras\"},{\"@type\":\"BreadcrumbList\",\"@id\":\"https:\\\/\\\/www.notibras.com\\\/site\\\/dilma-e-aecio-fazem-debate-mais-ameno-e-evitam-ataques-pessoais\\\/#breadcrumb\",\"itemListElement\":[{\"@type\":\"ListItem\",\"position\":1,\"name\":\"In\u00edcio\",\"item\":\"https:\\\/\\\/www.notibras.com\\\/site\\\/\"},{\"@type\":\"ListItem\",\"position\":2,\"name\":\"Dilma e A\u00e9cio fazem debate mais ameno e evitam ataques pessoais\"}]},{\"@type\":\"WebSite\",\"@id\":\"https:\\\/\\\/www.notibras.com\\\/site\\\/#website\",\"url\":\"https:\\\/\\\/www.notibras.com\\\/site\\\/\",\"name\":\"Notibras\",\"description\":\"Not\u00edcias de Bras\u00edlia, do Brasil e do Mundo\",\"publisher\":{\"@id\":\"https:\\\/\\\/www.notibras.com\\\/site\\\/#organization\"},\"potentialAction\":[{\"@type\":\"SearchAction\",\"target\":{\"@type\":\"EntryPoint\",\"urlTemplate\":\"https:\\\/\\\/www.notibras.com\\\/site\\\/?s={search_term_string}\"},\"query-input\":{\"@type\":\"PropertyValueSpecification\",\"valueRequired\":true,\"valueName\":\"search_term_string\"}}],\"inLanguage\":\"pt-BR\"},{\"@type\":\"Organization\",\"@id\":\"https:\\\/\\\/www.notibras.com\\\/site\\\/#organization\",\"name\":\"Grupo Notibras de Comunica\u00e7\u00e3o\",\"url\":\"https:\\\/\\\/www.notibras.com\\\/site\\\/\",\"logo\":{\"@type\":\"ImageObject\",\"inLanguage\":\"pt-BR\",\"@id\":\"https:\\\/\\\/www.notibras.com\\\/site\\\/#\\\/schema\\\/logo\\\/image\\\/\",\"url\":\"https:\\\/\\\/www.notibras.com\\\/site\\\/wp-content\\\/uploads\\\/2023\\\/01\\\/notibras23.png\",\"contentUrl\":\"https:\\\/\\\/www.notibras.com\\\/site\\\/wp-content\\\/uploads\\\/2023\\\/01\\\/notibras23.png\",\"width\":350,\"height\":87,\"caption\":\"Grupo Notibras de Comunica\u00e7\u00e3o\"},\"image\":{\"@id\":\"https:\\\/\\\/www.notibras.com\\\/site\\\/#\\\/schema\\\/logo\\\/image\\\/\"},\"sameAs\":[\"https:\\\/\\\/www.facebook.com\\\/notibras\\\/\",\"https:\\\/\\\/x.com\\\/Notibras\",\"https:\\\/\\\/www.instagram.com\\\/notibras\\\/\"]},{\"@type\":\"Person\",\"@id\":\"https:\\\/\\\/www.notibras.com\\\/site\\\/#\\\/schema\\\/person\\\/36ab0979449956132d3e5b517ea76ac8\",\"name\":\"Reda\u00e7\u00e3o\",\"image\":{\"@type\":\"ImageObject\",\"inLanguage\":\"pt-BR\",\"@id\":\"https:\\\/\\\/secure.gravatar.com\\\/avatar\\\/e0a867bdedb85fd243eadf09663511f96fc81e0720a4a42581f334ad4303aa6b?s=96&d=mm&r=g\",\"url\":\"https:\\\/\\\/secure.gravatar.com\\\/avatar\\\/e0a867bdedb85fd243eadf09663511f96fc81e0720a4a42581f334ad4303aa6b?s=96&d=mm&r=g\",\"contentUrl\":\"https:\\\/\\\/secure.gravatar.com\\\/avatar\\\/e0a867bdedb85fd243eadf09663511f96fc81e0720a4a42581f334ad4303aa6b?s=96&d=mm&r=g\",\"caption\":\"Reda\u00e7\u00e3o\"}}]}<\/script>\n<!-- \/ Yoast SEO plugin. -->","yoast_head_json":{"title":"Dilma e A\u00e9cio fazem debate mais ameno e evitam ataques pessoais - Notibras","robots":{"index":"index","follow":"follow","max-snippet":"max-snippet:-1","max-image-preview":"max-image-preview:large","max-video-preview":"max-video-preview:-1"},"canonical":"https:\/\/www.notibras.com\/site\/dilma-e-aecio-fazem-debate-mais-ameno-e-evitam-ataques-pessoais\/","og_locale":"pt_BR","og_type":"article","og_title":"Dilma e A\u00e9cio fazem debate mais ameno e evitam ataques pessoais - Notibras","og_description":"A discuss\u00e3o sobre seguran\u00e7a p\u00fablica, infla\u00e7\u00e3o e Petrobras dominou o debate entre presidenci\u00e1veis realizado pela Rede Record neste domingo (19). Ao contr\u00e1rio de encontros anteriores, n\u00e3o houve confronto nem ataques pessoais, embora os dois tenham demonstrado ironias em algumas momentos. A\u00e9cio Neves (PSDB) criticou a pol\u00edtica de seguran\u00e7a p\u00fablica do governo federal, o descontrole em [&hellip;]","og_url":"https:\/\/www.notibras.com\/site\/dilma-e-aecio-fazem-debate-mais-ameno-e-evitam-ataques-pessoais\/","og_site_name":"Notibras","article_publisher":"https:\/\/www.facebook.com\/notibras\/","article_published_time":"2014-10-20T01:45:40+00:00","og_image":[{"width":768,"height":488,"url":"https:\/\/www.notibras.com\/site\/wp-content\/uploads\/2014\/10\/DILMA-E-AECIO.jpg","type":"image\/jpeg"}],"author":"Reda\u00e7\u00e3o","twitter_card":"summary_large_image","twitter_creator":"@Notibras","twitter_site":"@Notibras","twitter_misc":{"Escrito por":"Reda\u00e7\u00e3o","Est. tempo de leitura":"3 minutos"},"schema":{"@context":"https:\/\/schema.org","@graph":[{"@type":"Article","@id":"https:\/\/www.notibras.com\/site\/dilma-e-aecio-fazem-debate-mais-ameno-e-evitam-ataques-pessoais\/#article","isPartOf":{"@id":"https:\/\/www.notibras.com\/site\/dilma-e-aecio-fazem-debate-mais-ameno-e-evitam-ataques-pessoais\/"},"author":{"name":"Reda\u00e7\u00e3o","@id":"https:\/\/www.notibras.com\/site\/#\/schema\/person\/36ab0979449956132d3e5b517ea76ac8"},"headline":"Dilma e A\u00e9cio fazem debate mais ameno e evitam ataques pessoais","datePublished":"2014-10-20T01:45:40+00:00","mainEntityOfPage":{"@id":"https:\/\/www.notibras.com\/site\/dilma-e-aecio-fazem-debate-mais-ameno-e-evitam-ataques-pessoais\/"},"wordCount":615,"commentCount":0,"publisher":{"@id":"https:\/\/www.notibras.com\/site\/#organization"},"image":{"@id":"https:\/\/www.notibras.com\/site\/dilma-e-aecio-fazem-debate-mais-ameno-e-evitam-ataques-pessoais\/#primaryimage"},"thumbnailUrl":"https:\/\/www.notibras.com\/site\/wp-content\/uploads\/2014\/10\/DILMA-E-AECIO.jpg","articleSection":["Elei\u00e7\u00f5es 2014"],"inLanguage":"pt-BR","potentialAction":[{"@type":"CommentAction","name":"Comment","target":["https:\/\/www.notibras.com\/site\/dilma-e-aecio-fazem-debate-mais-ameno-e-evitam-ataques-pessoais\/#respond"]}]},{"@type":"WebPage","@id":"https:\/\/www.notibras.com\/site\/dilma-e-aecio-fazem-debate-mais-ameno-e-evitam-ataques-pessoais\/","url":"https:\/\/www.notibras.com\/site\/dilma-e-aecio-fazem-debate-mais-ameno-e-evitam-ataques-pessoais\/","name":"Dilma e A\u00e9cio fazem debate mais ameno e evitam ataques pessoais - Notibras","isPartOf":{"@id":"https:\/\/www.notibras.com\/site\/#website"},"primaryImageOfPage":{"@id":"https:\/\/www.notibras.com\/site\/dilma-e-aecio-fazem-debate-mais-ameno-e-evitam-ataques-pessoais\/#primaryimage"},"image":{"@id":"https:\/\/www.notibras.com\/site\/dilma-e-aecio-fazem-debate-mais-ameno-e-evitam-ataques-pessoais\/#primaryimage"},"thumbnailUrl":"https:\/\/www.notibras.com\/site\/wp-content\/uploads\/2014\/10\/DILMA-E-AECIO.jpg","datePublished":"2014-10-20T01:45:40+00:00","breadcrumb":{"@id":"https:\/\/www.notibras.com\/site\/dilma-e-aecio-fazem-debate-mais-ameno-e-evitam-ataques-pessoais\/#breadcrumb"},"inLanguage":"pt-BR","potentialAction":[{"@type":"ReadAction","target":["https:\/\/www.notibras.com\/site\/dilma-e-aecio-fazem-debate-mais-ameno-e-evitam-ataques-pessoais\/"]}]},{"@type":"ImageObject","inLanguage":"pt-BR","@id":"https:\/\/www.notibras.com\/site\/dilma-e-aecio-fazem-debate-mais-ameno-e-evitam-ataques-pessoais\/#primaryimage","url":"https:\/\/www.notibras.com\/site\/wp-content\/uploads\/2014\/10\/DILMA-E-AECIO.jpg","contentUrl":"https:\/\/www.notibras.com\/site\/wp-content\/uploads\/2014\/10\/DILMA-E-AECIO.jpg","width":768,"height":488,"caption":"Foto\/Arquivo Notibras"},{"@type":"BreadcrumbList","@id":"https:\/\/www.notibras.com\/site\/dilma-e-aecio-fazem-debate-mais-ameno-e-evitam-ataques-pessoais\/#breadcrumb","itemListElement":[{"@type":"ListItem","position":1,"name":"In\u00edcio","item":"https:\/\/www.notibras.com\/site\/"},{"@type":"ListItem","position":2,"name":"Dilma e A\u00e9cio fazem debate mais ameno e evitam ataques pessoais"}]},{"@type":"WebSite","@id":"https:\/\/www.notibras.com\/site\/#website","url":"https:\/\/www.notibras.com\/site\/","name":"Notibras","description":"Not\u00edcias de Bras\u00edlia, do Brasil e do Mundo","publisher":{"@id":"https:\/\/www.notibras.com\/site\/#organization"},"potentialAction":[{"@type":"SearchAction","target":{"@type":"EntryPoint","urlTemplate":"https:\/\/www.notibras.com\/site\/?s={search_term_string}"},"query-input":{"@type":"PropertyValueSpecification","valueRequired":true,"valueName":"search_term_string"}}],"inLanguage":"pt-BR"},{"@type":"Organization","@id":"https:\/\/www.notibras.com\/site\/#organization","name":"Grupo Notibras de Comunica\u00e7\u00e3o","url":"https:\/\/www.notibras.com\/site\/","logo":{"@type":"ImageObject","inLanguage":"pt-BR","@id":"https:\/\/www.notibras.com\/site\/#\/schema\/logo\/image\/","url":"https:\/\/www.notibras.com\/site\/wp-content\/uploads\/2023\/01\/notibras23.png","contentUrl":"https:\/\/www.notibras.com\/site\/wp-content\/uploads\/2023\/01\/notibras23.png","width":350,"height":87,"caption":"Grupo Notibras de Comunica\u00e7\u00e3o"},"image":{"@id":"https:\/\/www.notibras.com\/site\/#\/schema\/logo\/image\/"},"sameAs":["https:\/\/www.facebook.com\/notibras\/","https:\/\/x.com\/Notibras","https:\/\/www.instagram.com\/notibras\/"]},{"@type":"Person","@id":"https:\/\/www.notibras.com\/site\/#\/schema\/person\/36ab0979449956132d3e5b517ea76ac8","name":"Reda\u00e7\u00e3o","image":{"@type":"ImageObject","inLanguage":"pt-BR","@id":"https:\/\/secure.gravatar.com\/avatar\/e0a867bdedb85fd243eadf09663511f96fc81e0720a4a42581f334ad4303aa6b?s=96&d=mm&r=g","url":"https:\/\/secure.gravatar.com\/avatar\/e0a867bdedb85fd243eadf09663511f96fc81e0720a4a42581f334ad4303aa6b?s=96&d=mm&r=g","contentUrl":"https:\/\/secure.gravatar.com\/avatar\/e0a867bdedb85fd243eadf09663511f96fc81e0720a4a42581f334ad4303aa6b?s=96&d=mm&r=g","caption":"Reda\u00e7\u00e3o"}}]}},"amp_enabled":true,"_links":{"self":[{"href":"https:\/\/www.notibras.com\/site\/wp-json\/wp\/v2\/posts\/25437","targetHints":{"allow":["GET"]}}],"collection":[{"href":"https:\/\/www.notibras.com\/site\/wp-json\/wp\/v2\/posts"}],"about":[{"href":"https:\/\/www.notibras.com\/site\/wp-json\/wp\/v2\/types\/post"}],"author":[{"embeddable":true,"href":"https:\/\/www.notibras.com\/site\/wp-json\/wp\/v2\/users\/2"}],"replies":[{"embeddable":true,"href":"https:\/\/www.notibras.com\/site\/wp-json\/wp\/v2\/comments?post=25437"}],"version-history":[{"count":0,"href":"https:\/\/www.notibras.com\/site\/wp-json\/wp\/v2\/posts\/25437\/revisions"}],"wp:featuredmedia":[{"embeddable":true,"href":"https:\/\/www.notibras.com\/site\/wp-json\/wp\/v2\/media\/25438"}],"wp:attachment":[{"href":"https:\/\/www.notibras.com\/site\/wp-json\/wp\/v2\/media?parent=25437"}],"wp:term":[{"taxonomy":"category","embeddable":true,"href":"https:\/\/www.notibras.com\/site\/wp-json\/wp\/v2\/categories?post=25437"},{"taxonomy":"post_tag","embeddable":true,"href":"https:\/\/www.notibras.com\/site\/wp-json\/wp\/v2\/tags?post=25437"}],"curies":[{"name":"wp","href":"https:\/\/api.w.org\/{rel}","templated":true}]}}