{"id":25440,"date":"2014-10-20T08:18:20","date_gmt":"2014-10-20T11:18:20","guid":{"rendered":"http:\/\/www.notibras.com\/site\/?p=25440"},"modified":"2016-07-30T16:58:03","modified_gmt":"2016-07-30T19:58:03","slug":"osteoporose-muda-o-alvo-livra-a-mulher-e-ataca-mais-homens-contra-sequelas-calcio-e-vitamina-d","status":"publish","type":"post","link":"https:\/\/www.notibras.com\/site\/osteoporose-muda-o-alvo-livra-a-mulher-e-ataca-mais-homens-contra-sequelas-calcio-e-vitamina-d\/","title":{"rendered":"Osteoporose muda o alvo; livra a mulher e ataca mais os homens"},"content":{"rendered":"<div class=\"content\">\n<p>Para combater o subdiagn\u00f3stico da osteoporose no sexo masculino, os homens s\u00e3o o foco da campanha internacional \u201cAme seus ossos&#8221;, pelo Dia Mundial da Osteoporose, nesta segunda-feira (20). A doen\u00e7a se caracteriza pelo enfraquecimento dos ossos e acomete principalmente os mais velhos. Essa \u00e9 uma iniciativa da Funda\u00e7\u00e3o Nacional de Osteoporose (IOF em ingl\u00eas), que conta com o apoio global de diversas institui\u00e7\u00f5es.<\/p>\n<p>A funda\u00e7\u00e3o divulgou, em outubro, dados que mostram que um ter\u00e7o de todas as fraturas de quadril no mundo ocorrem em homens, com taxa de mortalidade at\u00e9 37% no primeiro ano ap\u00f3s a fratura, o que significa duas vezes mais que a de mulheres. Isso ocorre, mesmo com uma propor\u00e7\u00e3o de incid\u00eancia de casos em mulheres superior \u00e0 dos homens &#8211;\u00a0 um em cada tr\u00eas casos, a partir dos 50 anos.<\/p>\n<blockquote><p>Entre o sexo masculino, a propor\u00e7\u00e3o \u00e9 de um homem em cada cinco casos. O relat\u00f3rio do IOF mostra ainda que de 1950 a 2050, o n\u00famero de homens com 60 anos ou mais \u2013 o grupo et\u00e1rio de maior risco de osteoporose \u2013 deve aumentar dez vezes.<\/p><\/blockquote>\n<p>Para o chefe do Departamento de Medicina Interna do Instituto Nacional do C\u00e2ncer, Salo Buksman, que atende muitos casos de homens em est\u00e1gio avan\u00e7ado da doen\u00e7a, a campanha \u00e9 muito relevante para garantir o tratamento antes da primeira fratura.<\/p>\n<p>\u201cOs homens, a sociedade em geral e mesmo os m\u00e9dicos t\u00eam um conceito equivocado de que a osteoporose \u00e9 uma doen\u00e7a feminina. H\u00e1 muitos homens com osteoporose, sobretudo depois dos 70 anos\u201d, comentou. \u201cComo o indiv\u00edduo n\u00e3o \u00e9 ciente desse fato, n\u00e3o busca o diagn\u00f3stico e s\u00f3 fica sabendo que tem a doen\u00e7a depois da primeira fratura\u201d, destacou Buksman, ao lembrar que a osteoporose \u00e9 uma das principais causas de quedas e fraturas em idosos.<\/p>\n<p>O ortopedista esclareceu que homens com mais de 70 anos devem fazer o exame de densitometria \u00f3ssea, que detecta a osteoporose, pelo menos uma vez. \u201cMesmo os homens mais jovens devem fazer o exame se tiverem determinados fatores de risco, como o uso de cortisona, determinados horm\u00f4nios, rem\u00e9dios anticonvulsivantes\u201d, comentou. O tratamento consiste basicamente em ingest\u00e3o de c\u00e1lcio, vitamina D e outros rem\u00e9dios de combate \u00e0 doen\u00e7a.<\/p>\n<blockquote><p>De acordo com o presidente da Sociedade Brasileira de Geriatria e Gerontologia, Jo\u00e3o Bastos, o risco de osteoporose em homens \u00e9 27%, enquanto o de c\u00e2ncer de pr\u00f3stata \u00e9 11%, doen\u00e7a mais alardeada em campanhas voltadas para os homens. As formas de preven\u00e7\u00e3o valem para ambos os sexos.<\/p><\/blockquote>\n<p>\u201cA atividade f\u00edsica, alimenta\u00e7\u00e3o adequada na inf\u00e2ncia e adolesc\u00eancia, evitar o tabagismo e a ingest\u00e3o excessiva de bebida alco\u00f3lica s\u00e3o alguns dos fatores importantes para a qualidade do osso formado ao longo da vida, o que contribui para diminuir o risco de osteoporose na vida adulta e velhice \u201d, destacou o m\u00e9dico.<\/p>\n<header>\n<div class=\"node-info\"><strong>Flavia Villela, ABr<\/strong><strong><br \/>\n<\/strong><\/div>\n<\/header>\n<\/div>\n","protected":false},"excerpt":{"rendered":"<p>Para combater o subdiagn\u00f3stico da osteoporose no sexo masculino, os homens s\u00e3o o foco da campanha internacional \u201cAme seus ossos&#8221;, pelo Dia Mundial da Osteoporose, nesta segunda-feira (20). A doen\u00e7a se caracteriza pelo enfraquecimento dos ossos e acomete principalmente os mais velhos. Essa \u00e9 uma iniciativa da Funda\u00e7\u00e3o Nacional de Osteoporose (IOF em ingl\u00eas), que [&hellip;]<\/p>\n","protected":false},"author":2,"featured_media":25441,"comment_status":"open","ping_status":"closed","sticky":false,"template":"","format":"standard","meta":{"_acf_changed":false,"footnotes":""},"categories":[71],"tags":[],"class_list":["post-25440","post","type-post","status-publish","format-standard","has-post-thumbnail","hentry","category-curiosidades"],"acf":[],"yoast_head":"<!-- This site is optimized with the Yoast SEO plugin v27.5 - https:\/\/yoast.com\/product\/yoast-seo-wordpress\/ -->\n<title>Osteoporose muda o alvo; livra a mulher e ataca mais os homens - Notibras<\/title>\n<meta name=\"robots\" content=\"index, follow, max-snippet:-1, max-image-preview:large, max-video-preview:-1\" \/>\n<link rel=\"canonical\" href=\"https:\/\/www.notibras.com\/site\/osteoporose-muda-o-alvo-livra-a-mulher-e-ataca-mais-homens-contra-sequelas-calcio-e-vitamina-d\/\" \/>\n<meta property=\"og:locale\" content=\"pt_BR\" \/>\n<meta property=\"og:type\" content=\"article\" \/>\n<meta property=\"og:title\" content=\"Osteoporose muda o alvo; livra a mulher e ataca mais os homens - Notibras\" \/>\n<meta property=\"og:description\" content=\"Para combater o subdiagn\u00f3stico da osteoporose no sexo masculino, os homens s\u00e3o o foco da campanha internacional \u201cAme seus ossos&#8221;, pelo Dia Mundial da Osteoporose, nesta segunda-feira (20). A doen\u00e7a se caracteriza pelo enfraquecimento dos ossos e acomete principalmente os mais velhos. Essa \u00e9 uma iniciativa da Funda\u00e7\u00e3o Nacional de Osteoporose (IOF em ingl\u00eas), que [&hellip;]\" \/>\n<meta property=\"og:url\" content=\"https:\/\/www.notibras.com\/site\/osteoporose-muda-o-alvo-livra-a-mulher-e-ataca-mais-homens-contra-sequelas-calcio-e-vitamina-d\/\" \/>\n<meta property=\"og:site_name\" content=\"Notibras\" \/>\n<meta property=\"article:publisher\" content=\"https:\/\/www.facebook.com\/notibras\/\" \/>\n<meta property=\"article:published_time\" content=\"2014-10-20T11:18:20+00:00\" \/>\n<meta property=\"article:modified_time\" content=\"2016-07-30T19:58:03+00:00\" \/>\n<meta property=\"og:image\" content=\"https:\/\/www.notibras.com\/site\/wp-content\/uploads\/2014\/10\/ossos.jpg\" \/>\n\t<meta property=\"og:image:width\" content=\"400\" \/>\n\t<meta property=\"og:image:height\" content=\"486\" \/>\n\t<meta property=\"og:image:type\" content=\"image\/jpeg\" \/>\n<meta name=\"author\" content=\"Reda\u00e7\u00e3o\" \/>\n<meta name=\"twitter:card\" content=\"summary_large_image\" \/>\n<meta name=\"twitter:creator\" content=\"@Notibras\" \/>\n<meta name=\"twitter:site\" content=\"@Notibras\" \/>\n<meta name=\"twitter:label1\" content=\"Escrito por\" \/>\n\t<meta name=\"twitter:data1\" content=\"Reda\u00e7\u00e3o\" \/>\n\t<meta name=\"twitter:label2\" content=\"Est. tempo de leitura\" \/>\n\t<meta name=\"twitter:data2\" content=\"2 minutos\" \/>\n<script type=\"application\/ld+json\" class=\"yoast-schema-graph\">{\"@context\":\"https:\\\/\\\/schema.org\",\"@graph\":[{\"@type\":\"Article\",\"@id\":\"https:\\\/\\\/www.notibras.com\\\/site\\\/osteoporose-muda-o-alvo-livra-a-mulher-e-ataca-mais-homens-contra-sequelas-calcio-e-vitamina-d\\\/#article\",\"isPartOf\":{\"@id\":\"https:\\\/\\\/www.notibras.com\\\/site\\\/osteoporose-muda-o-alvo-livra-a-mulher-e-ataca-mais-homens-contra-sequelas-calcio-e-vitamina-d\\\/\"},\"author\":{\"name\":\"Reda\u00e7\u00e3o\",\"@id\":\"https:\\\/\\\/www.notibras.com\\\/site\\\/#\\\/schema\\\/person\\\/36ab0979449956132d3e5b517ea76ac8\"},\"headline\":\"Osteoporose muda o alvo; livra a mulher e ataca mais os homens\",\"datePublished\":\"2014-10-20T11:18:20+00:00\",\"dateModified\":\"2016-07-30T19:58:03+00:00\",\"mainEntityOfPage\":{\"@id\":\"https:\\\/\\\/www.notibras.com\\\/site\\\/osteoporose-muda-o-alvo-livra-a-mulher-e-ataca-mais-homens-contra-sequelas-calcio-e-vitamina-d\\\/\"},\"wordCount\":502,\"commentCount\":0,\"publisher\":{\"@id\":\"https:\\\/\\\/www.notibras.com\\\/site\\\/#organization\"},\"image\":{\"@id\":\"https:\\\/\\\/www.notibras.com\\\/site\\\/osteoporose-muda-o-alvo-livra-a-mulher-e-ataca-mais-homens-contra-sequelas-calcio-e-vitamina-d\\\/#primaryimage\"},\"thumbnailUrl\":\"https:\\\/\\\/www.notibras.com\\\/site\\\/wp-content\\\/uploads\\\/2014\\\/10\\\/ossos.jpg\",\"articleSection\":[\"Curiosidades\"],\"inLanguage\":\"pt-BR\",\"potentialAction\":[{\"@type\":\"CommentAction\",\"name\":\"Comment\",\"target\":[\"https:\\\/\\\/www.notibras.com\\\/site\\\/osteoporose-muda-o-alvo-livra-a-mulher-e-ataca-mais-homens-contra-sequelas-calcio-e-vitamina-d\\\/#respond\"]}]},{\"@type\":\"WebPage\",\"@id\":\"https:\\\/\\\/www.notibras.com\\\/site\\\/osteoporose-muda-o-alvo-livra-a-mulher-e-ataca-mais-homens-contra-sequelas-calcio-e-vitamina-d\\\/\",\"url\":\"https:\\\/\\\/www.notibras.com\\\/site\\\/osteoporose-muda-o-alvo-livra-a-mulher-e-ataca-mais-homens-contra-sequelas-calcio-e-vitamina-d\\\/\",\"name\":\"Osteoporose muda o alvo; livra a mulher e ataca mais os homens - Notibras\",\"isPartOf\":{\"@id\":\"https:\\\/\\\/www.notibras.com\\\/site\\\/#website\"},\"primaryImageOfPage\":{\"@id\":\"https:\\\/\\\/www.notibras.com\\\/site\\\/osteoporose-muda-o-alvo-livra-a-mulher-e-ataca-mais-homens-contra-sequelas-calcio-e-vitamina-d\\\/#primaryimage\"},\"image\":{\"@id\":\"https:\\\/\\\/www.notibras.com\\\/site\\\/osteoporose-muda-o-alvo-livra-a-mulher-e-ataca-mais-homens-contra-sequelas-calcio-e-vitamina-d\\\/#primaryimage\"},\"thumbnailUrl\":\"https:\\\/\\\/www.notibras.com\\\/site\\\/wp-content\\\/uploads\\\/2014\\\/10\\\/ossos.jpg\",\"datePublished\":\"2014-10-20T11:18:20+00:00\",\"dateModified\":\"2016-07-30T19:58:03+00:00\",\"breadcrumb\":{\"@id\":\"https:\\\/\\\/www.notibras.com\\\/site\\\/osteoporose-muda-o-alvo-livra-a-mulher-e-ataca-mais-homens-contra-sequelas-calcio-e-vitamina-d\\\/#breadcrumb\"},\"inLanguage\":\"pt-BR\",\"potentialAction\":[{\"@type\":\"ReadAction\",\"target\":[\"https:\\\/\\\/www.notibras.com\\\/site\\\/osteoporose-muda-o-alvo-livra-a-mulher-e-ataca-mais-homens-contra-sequelas-calcio-e-vitamina-d\\\/\"]}]},{\"@type\":\"ImageObject\",\"inLanguage\":\"pt-BR\",\"@id\":\"https:\\\/\\\/www.notibras.com\\\/site\\\/osteoporose-muda-o-alvo-livra-a-mulher-e-ataca-mais-homens-contra-sequelas-calcio-e-vitamina-d\\\/#primaryimage\",\"url\":\"https:\\\/\\\/www.notibras.com\\\/site\\\/wp-content\\\/uploads\\\/2014\\\/10\\\/ossos.jpg\",\"contentUrl\":\"https:\\\/\\\/www.notibras.com\\\/site\\\/wp-content\\\/uploads\\\/2014\\\/10\\\/ossos.jpg\",\"width\":400,\"height\":486},{\"@type\":\"BreadcrumbList\",\"@id\":\"https:\\\/\\\/www.notibras.com\\\/site\\\/osteoporose-muda-o-alvo-livra-a-mulher-e-ataca-mais-homens-contra-sequelas-calcio-e-vitamina-d\\\/#breadcrumb\",\"itemListElement\":[{\"@type\":\"ListItem\",\"position\":1,\"name\":\"In\u00edcio\",\"item\":\"https:\\\/\\\/www.notibras.com\\\/site\\\/\"},{\"@type\":\"ListItem\",\"position\":2,\"name\":\"Osteoporose muda o alvo; livra a mulher e ataca mais os homens\"}]},{\"@type\":\"WebSite\",\"@id\":\"https:\\\/\\\/www.notibras.com\\\/site\\\/#website\",\"url\":\"https:\\\/\\\/www.notibras.com\\\/site\\\/\",\"name\":\"Notibras\",\"description\":\"Not\u00edcias de Bras\u00edlia, do Brasil e do Mundo\",\"publisher\":{\"@id\":\"https:\\\/\\\/www.notibras.com\\\/site\\\/#organization\"},\"potentialAction\":[{\"@type\":\"SearchAction\",\"target\":{\"@type\":\"EntryPoint\",\"urlTemplate\":\"https:\\\/\\\/www.notibras.com\\\/site\\\/?s={search_term_string}\"},\"query-input\":{\"@type\":\"PropertyValueSpecification\",\"valueRequired\":true,\"valueName\":\"search_term_string\"}}],\"inLanguage\":\"pt-BR\"},{\"@type\":\"Organization\",\"@id\":\"https:\\\/\\\/www.notibras.com\\\/site\\\/#organization\",\"name\":\"Grupo Notibras de Comunica\u00e7\u00e3o\",\"url\":\"https:\\\/\\\/www.notibras.com\\\/site\\\/\",\"logo\":{\"@type\":\"ImageObject\",\"inLanguage\":\"pt-BR\",\"@id\":\"https:\\\/\\\/www.notibras.com\\\/site\\\/#\\\/schema\\\/logo\\\/image\\\/\",\"url\":\"https:\\\/\\\/www.notibras.com\\\/site\\\/wp-content\\\/uploads\\\/2023\\\/01\\\/notibras23.png\",\"contentUrl\":\"https:\\\/\\\/www.notibras.com\\\/site\\\/wp-content\\\/uploads\\\/2023\\\/01\\\/notibras23.png\",\"width\":350,\"height\":87,\"caption\":\"Grupo Notibras de Comunica\u00e7\u00e3o\"},\"image\":{\"@id\":\"https:\\\/\\\/www.notibras.com\\\/site\\\/#\\\/schema\\\/logo\\\/image\\\/\"},\"sameAs\":[\"https:\\\/\\\/www.facebook.com\\\/notibras\\\/\",\"https:\\\/\\\/x.com\\\/Notibras\",\"https:\\\/\\\/www.instagram.com\\\/notibras\\\/\"]},{\"@type\":\"Person\",\"@id\":\"https:\\\/\\\/www.notibras.com\\\/site\\\/#\\\/schema\\\/person\\\/36ab0979449956132d3e5b517ea76ac8\",\"name\":\"Reda\u00e7\u00e3o\",\"image\":{\"@type\":\"ImageObject\",\"inLanguage\":\"pt-BR\",\"@id\":\"https:\\\/\\\/secure.gravatar.com\\\/avatar\\\/e0a867bdedb85fd243eadf09663511f96fc81e0720a4a42581f334ad4303aa6b?s=96&d=mm&r=g\",\"url\":\"https:\\\/\\\/secure.gravatar.com\\\/avatar\\\/e0a867bdedb85fd243eadf09663511f96fc81e0720a4a42581f334ad4303aa6b?s=96&d=mm&r=g\",\"contentUrl\":\"https:\\\/\\\/secure.gravatar.com\\\/avatar\\\/e0a867bdedb85fd243eadf09663511f96fc81e0720a4a42581f334ad4303aa6b?s=96&d=mm&r=g\",\"caption\":\"Reda\u00e7\u00e3o\"}}]}<\/script>\n<!-- \/ Yoast SEO plugin. -->","yoast_head_json":{"title":"Osteoporose muda o alvo; livra a mulher e ataca mais os homens - Notibras","robots":{"index":"index","follow":"follow","max-snippet":"max-snippet:-1","max-image-preview":"max-image-preview:large","max-video-preview":"max-video-preview:-1"},"canonical":"https:\/\/www.notibras.com\/site\/osteoporose-muda-o-alvo-livra-a-mulher-e-ataca-mais-homens-contra-sequelas-calcio-e-vitamina-d\/","og_locale":"pt_BR","og_type":"article","og_title":"Osteoporose muda o alvo; livra a mulher e ataca mais os homens - Notibras","og_description":"Para combater o subdiagn\u00f3stico da osteoporose no sexo masculino, os homens s\u00e3o o foco da campanha internacional \u201cAme seus ossos&#8221;, pelo Dia Mundial da Osteoporose, nesta segunda-feira (20). A doen\u00e7a se caracteriza pelo enfraquecimento dos ossos e acomete principalmente os mais velhos. Essa \u00e9 uma iniciativa da Funda\u00e7\u00e3o Nacional de Osteoporose (IOF em ingl\u00eas), que [&hellip;]","og_url":"https:\/\/www.notibras.com\/site\/osteoporose-muda-o-alvo-livra-a-mulher-e-ataca-mais-homens-contra-sequelas-calcio-e-vitamina-d\/","og_site_name":"Notibras","article_publisher":"https:\/\/www.facebook.com\/notibras\/","article_published_time":"2014-10-20T11:18:20+00:00","article_modified_time":"2016-07-30T19:58:03+00:00","og_image":[{"width":400,"height":486,"url":"https:\/\/www.notibras.com\/site\/wp-content\/uploads\/2014\/10\/ossos.jpg","type":"image\/jpeg"}],"author":"Reda\u00e7\u00e3o","twitter_card":"summary_large_image","twitter_creator":"@Notibras","twitter_site":"@Notibras","twitter_misc":{"Escrito por":"Reda\u00e7\u00e3o","Est. tempo de leitura":"2 minutos"},"schema":{"@context":"https:\/\/schema.org","@graph":[{"@type":"Article","@id":"https:\/\/www.notibras.com\/site\/osteoporose-muda-o-alvo-livra-a-mulher-e-ataca-mais-homens-contra-sequelas-calcio-e-vitamina-d\/#article","isPartOf":{"@id":"https:\/\/www.notibras.com\/site\/osteoporose-muda-o-alvo-livra-a-mulher-e-ataca-mais-homens-contra-sequelas-calcio-e-vitamina-d\/"},"author":{"name":"Reda\u00e7\u00e3o","@id":"https:\/\/www.notibras.com\/site\/#\/schema\/person\/36ab0979449956132d3e5b517ea76ac8"},"headline":"Osteoporose muda o alvo; livra a mulher e ataca mais os homens","datePublished":"2014-10-20T11:18:20+00:00","dateModified":"2016-07-30T19:58:03+00:00","mainEntityOfPage":{"@id":"https:\/\/www.notibras.com\/site\/osteoporose-muda-o-alvo-livra-a-mulher-e-ataca-mais-homens-contra-sequelas-calcio-e-vitamina-d\/"},"wordCount":502,"commentCount":0,"publisher":{"@id":"https:\/\/www.notibras.com\/site\/#organization"},"image":{"@id":"https:\/\/www.notibras.com\/site\/osteoporose-muda-o-alvo-livra-a-mulher-e-ataca-mais-homens-contra-sequelas-calcio-e-vitamina-d\/#primaryimage"},"thumbnailUrl":"https:\/\/www.notibras.com\/site\/wp-content\/uploads\/2014\/10\/ossos.jpg","articleSection":["Curiosidades"],"inLanguage":"pt-BR","potentialAction":[{"@type":"CommentAction","name":"Comment","target":["https:\/\/www.notibras.com\/site\/osteoporose-muda-o-alvo-livra-a-mulher-e-ataca-mais-homens-contra-sequelas-calcio-e-vitamina-d\/#respond"]}]},{"@type":"WebPage","@id":"https:\/\/www.notibras.com\/site\/osteoporose-muda-o-alvo-livra-a-mulher-e-ataca-mais-homens-contra-sequelas-calcio-e-vitamina-d\/","url":"https:\/\/www.notibras.com\/site\/osteoporose-muda-o-alvo-livra-a-mulher-e-ataca-mais-homens-contra-sequelas-calcio-e-vitamina-d\/","name":"Osteoporose muda o alvo; livra a mulher e ataca mais os homens - Notibras","isPartOf":{"@id":"https:\/\/www.notibras.com\/site\/#website"},"primaryImageOfPage":{"@id":"https:\/\/www.notibras.com\/site\/osteoporose-muda-o-alvo-livra-a-mulher-e-ataca-mais-homens-contra-sequelas-calcio-e-vitamina-d\/#primaryimage"},"image":{"@id":"https:\/\/www.notibras.com\/site\/osteoporose-muda-o-alvo-livra-a-mulher-e-ataca-mais-homens-contra-sequelas-calcio-e-vitamina-d\/#primaryimage"},"thumbnailUrl":"https:\/\/www.notibras.com\/site\/wp-content\/uploads\/2014\/10\/ossos.jpg","datePublished":"2014-10-20T11:18:20+00:00","dateModified":"2016-07-30T19:58:03+00:00","breadcrumb":{"@id":"https:\/\/www.notibras.com\/site\/osteoporose-muda-o-alvo-livra-a-mulher-e-ataca-mais-homens-contra-sequelas-calcio-e-vitamina-d\/#breadcrumb"},"inLanguage":"pt-BR","potentialAction":[{"@type":"ReadAction","target":["https:\/\/www.notibras.com\/site\/osteoporose-muda-o-alvo-livra-a-mulher-e-ataca-mais-homens-contra-sequelas-calcio-e-vitamina-d\/"]}]},{"@type":"ImageObject","inLanguage":"pt-BR","@id":"https:\/\/www.notibras.com\/site\/osteoporose-muda-o-alvo-livra-a-mulher-e-ataca-mais-homens-contra-sequelas-calcio-e-vitamina-d\/#primaryimage","url":"https:\/\/www.notibras.com\/site\/wp-content\/uploads\/2014\/10\/ossos.jpg","contentUrl":"https:\/\/www.notibras.com\/site\/wp-content\/uploads\/2014\/10\/ossos.jpg","width":400,"height":486},{"@type":"BreadcrumbList","@id":"https:\/\/www.notibras.com\/site\/osteoporose-muda-o-alvo-livra-a-mulher-e-ataca-mais-homens-contra-sequelas-calcio-e-vitamina-d\/#breadcrumb","itemListElement":[{"@type":"ListItem","position":1,"name":"In\u00edcio","item":"https:\/\/www.notibras.com\/site\/"},{"@type":"ListItem","position":2,"name":"Osteoporose muda o alvo; livra a mulher e ataca mais os homens"}]},{"@type":"WebSite","@id":"https:\/\/www.notibras.com\/site\/#website","url":"https:\/\/www.notibras.com\/site\/","name":"Notibras","description":"Not\u00edcias de Bras\u00edlia, do Brasil e do Mundo","publisher":{"@id":"https:\/\/www.notibras.com\/site\/#organization"},"potentialAction":[{"@type":"SearchAction","target":{"@type":"EntryPoint","urlTemplate":"https:\/\/www.notibras.com\/site\/?s={search_term_string}"},"query-input":{"@type":"PropertyValueSpecification","valueRequired":true,"valueName":"search_term_string"}}],"inLanguage":"pt-BR"},{"@type":"Organization","@id":"https:\/\/www.notibras.com\/site\/#organization","name":"Grupo Notibras de Comunica\u00e7\u00e3o","url":"https:\/\/www.notibras.com\/site\/","logo":{"@type":"ImageObject","inLanguage":"pt-BR","@id":"https:\/\/www.notibras.com\/site\/#\/schema\/logo\/image\/","url":"https:\/\/www.notibras.com\/site\/wp-content\/uploads\/2023\/01\/notibras23.png","contentUrl":"https:\/\/www.notibras.com\/site\/wp-content\/uploads\/2023\/01\/notibras23.png","width":350,"height":87,"caption":"Grupo Notibras de Comunica\u00e7\u00e3o"},"image":{"@id":"https:\/\/www.notibras.com\/site\/#\/schema\/logo\/image\/"},"sameAs":["https:\/\/www.facebook.com\/notibras\/","https:\/\/x.com\/Notibras","https:\/\/www.instagram.com\/notibras\/"]},{"@type":"Person","@id":"https:\/\/www.notibras.com\/site\/#\/schema\/person\/36ab0979449956132d3e5b517ea76ac8","name":"Reda\u00e7\u00e3o","image":{"@type":"ImageObject","inLanguage":"pt-BR","@id":"https:\/\/secure.gravatar.com\/avatar\/e0a867bdedb85fd243eadf09663511f96fc81e0720a4a42581f334ad4303aa6b?s=96&d=mm&r=g","url":"https:\/\/secure.gravatar.com\/avatar\/e0a867bdedb85fd243eadf09663511f96fc81e0720a4a42581f334ad4303aa6b?s=96&d=mm&r=g","contentUrl":"https:\/\/secure.gravatar.com\/avatar\/e0a867bdedb85fd243eadf09663511f96fc81e0720a4a42581f334ad4303aa6b?s=96&d=mm&r=g","caption":"Reda\u00e7\u00e3o"}}]}},"amp_enabled":true,"_links":{"self":[{"href":"https:\/\/www.notibras.com\/site\/wp-json\/wp\/v2\/posts\/25440","targetHints":{"allow":["GET"]}}],"collection":[{"href":"https:\/\/www.notibras.com\/site\/wp-json\/wp\/v2\/posts"}],"about":[{"href":"https:\/\/www.notibras.com\/site\/wp-json\/wp\/v2\/types\/post"}],"author":[{"embeddable":true,"href":"https:\/\/www.notibras.com\/site\/wp-json\/wp\/v2\/users\/2"}],"replies":[{"embeddable":true,"href":"https:\/\/www.notibras.com\/site\/wp-json\/wp\/v2\/comments?post=25440"}],"version-history":[{"count":1,"href":"https:\/\/www.notibras.com\/site\/wp-json\/wp\/v2\/posts\/25440\/revisions"}],"predecessor-version":[{"id":109984,"href":"https:\/\/www.notibras.com\/site\/wp-json\/wp\/v2\/posts\/25440\/revisions\/109984"}],"wp:featuredmedia":[{"embeddable":true,"href":"https:\/\/www.notibras.com\/site\/wp-json\/wp\/v2\/media\/25441"}],"wp:attachment":[{"href":"https:\/\/www.notibras.com\/site\/wp-json\/wp\/v2\/media?parent=25440"}],"wp:term":[{"taxonomy":"category","embeddable":true,"href":"https:\/\/www.notibras.com\/site\/wp-json\/wp\/v2\/categories?post=25440"},{"taxonomy":"post_tag","embeddable":true,"href":"https:\/\/www.notibras.com\/site\/wp-json\/wp\/v2\/tags?post=25440"}],"curies":[{"name":"wp","href":"https:\/\/api.w.org\/{rel}","templated":true}]}}