{"id":25474,"date":"2014-10-20T09:13:55","date_gmt":"2014-10-20T12:13:55","guid":{"rendered":"http:\/\/www.notibras.com\/site\/?p=25474"},"modified":"2014-10-20T12:16:30","modified_gmt":"2014-10-20T15:16:30","slug":"dilma-vai-ao-rio-de-janeiro-para-conquistar-votos-dos-eleitores-indecisos","status":"publish","type":"post","link":"https:\/\/www.notibras.com\/site\/dilma-vai-ao-rio-de-janeiro-para-conquistar-votos-dos-eleitores-indecisos\/","title":{"rendered":"Dilma vai ao Rio de Janeiro para conquistar votos dos indecisos"},"content":{"rendered":"<p>A presidente e candidata \u00e0 reelei\u00e7\u00e3o pelo PT, Dilma Rousseff, escolheu o Rio de Janeiro &#8211; Estado em que aparece na frente do advers\u00e1rio tucano nas pesquisas de inten\u00e7\u00e3o de voto &#8211; para iniciar a \u00faltima semana de campanha eleitoral. A petista participa de duas carreatas, uma em Nova Igua\u00e7u e a outra em Padre Miguel.<\/p>\n<p>A petista chegou ao Rio um dia depois de participar do terceiro debate do segundo turno. Dilma Rousseff e A\u00e9cio Neves (PSDB) diminu\u00edram o tom no duelo da noite de domingo, promovido pela tv Record. Eles n\u00e3o trocaram ofensas, como vinha acontecendo nos debates anteriores, mas fizeram acusa\u00e7\u00f5es quando o assunto foi corrup\u00e7\u00e3o.<\/p>\n<blockquote><p>Dilma Rousseff foi questionada sobre o esquema envolvendo a Petrobras e contra-atacou ao lembrar casos de corrup\u00e7\u00e3o envolvendo o PSDB. Segundo a petista, mais de 200 processos foram esquecidos pelo partido tucano.<\/p><\/blockquote>\n","protected":false},"excerpt":{"rendered":"<p>A presidente e candidata \u00e0 reelei\u00e7\u00e3o pelo PT, Dilma Rousseff, escolheu o Rio de Janeiro &#8211; Estado em que aparece na frente do advers\u00e1rio tucano nas pesquisas de inten\u00e7\u00e3o de voto &#8211; para iniciar a \u00faltima semana de campanha eleitoral. A petista participa de duas carreatas, uma em Nova Igua\u00e7u e a outra em Padre [&hellip;]<\/p>\n","protected":false},"author":2,"featured_media":25475,"comment_status":"open","ping_status":"closed","sticky":false,"template":"","format":"standard","meta":{"_acf_changed":false,"footnotes":""},"categories":[33],"tags":[],"class_list":["post-25474","post","type-post","status-publish","format-standard","has-post-thumbnail","hentry","category-eleicoes-2014"],"acf":[],"yoast_head":"<!-- This site is optimized with the Yoast SEO plugin v27.5 - https:\/\/yoast.com\/product\/yoast-seo-wordpress\/ -->\n<title>Dilma vai ao Rio de Janeiro para conquistar votos dos indecisos - Notibras<\/title>\n<meta name=\"robots\" content=\"index, follow, max-snippet:-1, max-image-preview:large, max-video-preview:-1\" \/>\n<link rel=\"canonical\" href=\"https:\/\/www.notibras.com\/site\/dilma-vai-ao-rio-de-janeiro-para-conquistar-votos-dos-eleitores-indecisos\/\" \/>\n<meta property=\"og:locale\" content=\"pt_BR\" \/>\n<meta property=\"og:type\" content=\"article\" \/>\n<meta property=\"og:title\" content=\"Dilma vai ao Rio de Janeiro para conquistar votos dos indecisos - Notibras\" \/>\n<meta property=\"og:description\" content=\"A presidente e candidata \u00e0 reelei\u00e7\u00e3o pelo PT, Dilma Rousseff, escolheu o Rio de Janeiro &#8211; Estado em que aparece na frente do advers\u00e1rio tucano nas pesquisas de inten\u00e7\u00e3o de voto &#8211; para iniciar a \u00faltima semana de campanha eleitoral. A petista participa de duas carreatas, uma em Nova Igua\u00e7u e a outra em Padre [&hellip;]\" \/>\n<meta property=\"og:url\" content=\"https:\/\/www.notibras.com\/site\/dilma-vai-ao-rio-de-janeiro-para-conquistar-votos-dos-eleitores-indecisos\/\" \/>\n<meta property=\"og:site_name\" content=\"Notibras\" \/>\n<meta property=\"article:publisher\" content=\"https:\/\/www.facebook.com\/notibras\/\" \/>\n<meta property=\"article:published_time\" content=\"2014-10-20T12:13:55+00:00\" \/>\n<meta property=\"article:modified_time\" content=\"2014-10-20T15:16:30+00:00\" \/>\n<meta property=\"og:image\" content=\"https:\/\/www.notibras.com\/site\/wp-content\/uploads\/2014\/10\/f_273471.jpg\" \/>\n\t<meta property=\"og:image:width\" content=\"640\" \/>\n\t<meta property=\"og:image:height\" content=\"427\" \/>\n\t<meta property=\"og:image:type\" content=\"image\/jpeg\" \/>\n<meta name=\"author\" content=\"Reda\u00e7\u00e3o\" \/>\n<meta name=\"twitter:card\" content=\"summary_large_image\" \/>\n<meta name=\"twitter:creator\" content=\"@Notibras\" \/>\n<meta name=\"twitter:site\" content=\"@Notibras\" \/>\n<meta name=\"twitter:label1\" content=\"Escrito por\" \/>\n\t<meta name=\"twitter:data1\" content=\"Reda\u00e7\u00e3o\" \/>\n\t<meta name=\"twitter:label2\" content=\"Est. tempo de leitura\" \/>\n\t<meta name=\"twitter:data2\" content=\"1 minuto\" \/>\n<script type=\"application\/ld+json\" class=\"yoast-schema-graph\">{\"@context\":\"https:\\\/\\\/schema.org\",\"@graph\":[{\"@type\":\"Article\",\"@id\":\"https:\\\/\\\/www.notibras.com\\\/site\\\/dilma-vai-ao-rio-de-janeiro-para-conquistar-votos-dos-eleitores-indecisos\\\/#article\",\"isPartOf\":{\"@id\":\"https:\\\/\\\/www.notibras.com\\\/site\\\/dilma-vai-ao-rio-de-janeiro-para-conquistar-votos-dos-eleitores-indecisos\\\/\"},\"author\":{\"name\":\"Reda\u00e7\u00e3o\",\"@id\":\"https:\\\/\\\/www.notibras.com\\\/site\\\/#\\\/schema\\\/person\\\/36ab0979449956132d3e5b517ea76ac8\"},\"headline\":\"Dilma vai ao Rio de Janeiro para conquistar votos dos indecisos\",\"datePublished\":\"2014-10-20T12:13:55+00:00\",\"dateModified\":\"2014-10-20T15:16:30+00:00\",\"mainEntityOfPage\":{\"@id\":\"https:\\\/\\\/www.notibras.com\\\/site\\\/dilma-vai-ao-rio-de-janeiro-para-conquistar-votos-dos-eleitores-indecisos\\\/\"},\"wordCount\":160,\"commentCount\":0,\"publisher\":{\"@id\":\"https:\\\/\\\/www.notibras.com\\\/site\\\/#organization\"},\"image\":{\"@id\":\"https:\\\/\\\/www.notibras.com\\\/site\\\/dilma-vai-ao-rio-de-janeiro-para-conquistar-votos-dos-eleitores-indecisos\\\/#primaryimage\"},\"thumbnailUrl\":\"https:\\\/\\\/www.notibras.com\\\/site\\\/wp-content\\\/uploads\\\/2014\\\/10\\\/f_273471.jpg\",\"articleSection\":[\"Elei\u00e7\u00f5es 2014\"],\"inLanguage\":\"pt-BR\",\"potentialAction\":[{\"@type\":\"CommentAction\",\"name\":\"Comment\",\"target\":[\"https:\\\/\\\/www.notibras.com\\\/site\\\/dilma-vai-ao-rio-de-janeiro-para-conquistar-votos-dos-eleitores-indecisos\\\/#respond\"]}]},{\"@type\":\"WebPage\",\"@id\":\"https:\\\/\\\/www.notibras.com\\\/site\\\/dilma-vai-ao-rio-de-janeiro-para-conquistar-votos-dos-eleitores-indecisos\\\/\",\"url\":\"https:\\\/\\\/www.notibras.com\\\/site\\\/dilma-vai-ao-rio-de-janeiro-para-conquistar-votos-dos-eleitores-indecisos\\\/\",\"name\":\"Dilma vai ao Rio de Janeiro para conquistar votos dos indecisos - Notibras\",\"isPartOf\":{\"@id\":\"https:\\\/\\\/www.notibras.com\\\/site\\\/#website\"},\"primaryImageOfPage\":{\"@id\":\"https:\\\/\\\/www.notibras.com\\\/site\\\/dilma-vai-ao-rio-de-janeiro-para-conquistar-votos-dos-eleitores-indecisos\\\/#primaryimage\"},\"image\":{\"@id\":\"https:\\\/\\\/www.notibras.com\\\/site\\\/dilma-vai-ao-rio-de-janeiro-para-conquistar-votos-dos-eleitores-indecisos\\\/#primaryimage\"},\"thumbnailUrl\":\"https:\\\/\\\/www.notibras.com\\\/site\\\/wp-content\\\/uploads\\\/2014\\\/10\\\/f_273471.jpg\",\"datePublished\":\"2014-10-20T12:13:55+00:00\",\"dateModified\":\"2014-10-20T15:16:30+00:00\",\"breadcrumb\":{\"@id\":\"https:\\\/\\\/www.notibras.com\\\/site\\\/dilma-vai-ao-rio-de-janeiro-para-conquistar-votos-dos-eleitores-indecisos\\\/#breadcrumb\"},\"inLanguage\":\"pt-BR\",\"potentialAction\":[{\"@type\":\"ReadAction\",\"target\":[\"https:\\\/\\\/www.notibras.com\\\/site\\\/dilma-vai-ao-rio-de-janeiro-para-conquistar-votos-dos-eleitores-indecisos\\\/\"]}]},{\"@type\":\"ImageObject\",\"inLanguage\":\"pt-BR\",\"@id\":\"https:\\\/\\\/www.notibras.com\\\/site\\\/dilma-vai-ao-rio-de-janeiro-para-conquistar-votos-dos-eleitores-indecisos\\\/#primaryimage\",\"url\":\"https:\\\/\\\/www.notibras.com\\\/site\\\/wp-content\\\/uploads\\\/2014\\\/10\\\/f_273471.jpg\",\"contentUrl\":\"https:\\\/\\\/www.notibras.com\\\/site\\\/wp-content\\\/uploads\\\/2014\\\/10\\\/f_273471.jpg\",\"width\":640,\"height\":427},{\"@type\":\"BreadcrumbList\",\"@id\":\"https:\\\/\\\/www.notibras.com\\\/site\\\/dilma-vai-ao-rio-de-janeiro-para-conquistar-votos-dos-eleitores-indecisos\\\/#breadcrumb\",\"itemListElement\":[{\"@type\":\"ListItem\",\"position\":1,\"name\":\"In\u00edcio\",\"item\":\"https:\\\/\\\/www.notibras.com\\\/site\\\/\"},{\"@type\":\"ListItem\",\"position\":2,\"name\":\"Dilma vai ao Rio de Janeiro para conquistar votos dos indecisos\"}]},{\"@type\":\"WebSite\",\"@id\":\"https:\\\/\\\/www.notibras.com\\\/site\\\/#website\",\"url\":\"https:\\\/\\\/www.notibras.com\\\/site\\\/\",\"name\":\"Notibras\",\"description\":\"Not\u00edcias de Bras\u00edlia, do Brasil e do Mundo\",\"publisher\":{\"@id\":\"https:\\\/\\\/www.notibras.com\\\/site\\\/#organization\"},\"potentialAction\":[{\"@type\":\"SearchAction\",\"target\":{\"@type\":\"EntryPoint\",\"urlTemplate\":\"https:\\\/\\\/www.notibras.com\\\/site\\\/?s={search_term_string}\"},\"query-input\":{\"@type\":\"PropertyValueSpecification\",\"valueRequired\":true,\"valueName\":\"search_term_string\"}}],\"inLanguage\":\"pt-BR\"},{\"@type\":\"Organization\",\"@id\":\"https:\\\/\\\/www.notibras.com\\\/site\\\/#organization\",\"name\":\"Grupo Notibras de Comunica\u00e7\u00e3o\",\"url\":\"https:\\\/\\\/www.notibras.com\\\/site\\\/\",\"logo\":{\"@type\":\"ImageObject\",\"inLanguage\":\"pt-BR\",\"@id\":\"https:\\\/\\\/www.notibras.com\\\/site\\\/#\\\/schema\\\/logo\\\/image\\\/\",\"url\":\"https:\\\/\\\/www.notibras.com\\\/site\\\/wp-content\\\/uploads\\\/2023\\\/01\\\/notibras23.png\",\"contentUrl\":\"https:\\\/\\\/www.notibras.com\\\/site\\\/wp-content\\\/uploads\\\/2023\\\/01\\\/notibras23.png\",\"width\":350,\"height\":87,\"caption\":\"Grupo Notibras de Comunica\u00e7\u00e3o\"},\"image\":{\"@id\":\"https:\\\/\\\/www.notibras.com\\\/site\\\/#\\\/schema\\\/logo\\\/image\\\/\"},\"sameAs\":[\"https:\\\/\\\/www.facebook.com\\\/notibras\\\/\",\"https:\\\/\\\/x.com\\\/Notibras\",\"https:\\\/\\\/www.instagram.com\\\/notibras\\\/\"]},{\"@type\":\"Person\",\"@id\":\"https:\\\/\\\/www.notibras.com\\\/site\\\/#\\\/schema\\\/person\\\/36ab0979449956132d3e5b517ea76ac8\",\"name\":\"Reda\u00e7\u00e3o\",\"image\":{\"@type\":\"ImageObject\",\"inLanguage\":\"pt-BR\",\"@id\":\"https:\\\/\\\/secure.gravatar.com\\\/avatar\\\/e0a867bdedb85fd243eadf09663511f96fc81e0720a4a42581f334ad4303aa6b?s=96&d=mm&r=g\",\"url\":\"https:\\\/\\\/secure.gravatar.com\\\/avatar\\\/e0a867bdedb85fd243eadf09663511f96fc81e0720a4a42581f334ad4303aa6b?s=96&d=mm&r=g\",\"contentUrl\":\"https:\\\/\\\/secure.gravatar.com\\\/avatar\\\/e0a867bdedb85fd243eadf09663511f96fc81e0720a4a42581f334ad4303aa6b?s=96&d=mm&r=g\",\"caption\":\"Reda\u00e7\u00e3o\"}}]}<\/script>\n<!-- \/ Yoast SEO plugin. -->","yoast_head_json":{"title":"Dilma vai ao Rio de Janeiro para conquistar votos dos indecisos - Notibras","robots":{"index":"index","follow":"follow","max-snippet":"max-snippet:-1","max-image-preview":"max-image-preview:large","max-video-preview":"max-video-preview:-1"},"canonical":"https:\/\/www.notibras.com\/site\/dilma-vai-ao-rio-de-janeiro-para-conquistar-votos-dos-eleitores-indecisos\/","og_locale":"pt_BR","og_type":"article","og_title":"Dilma vai ao Rio de Janeiro para conquistar votos dos indecisos - Notibras","og_description":"A presidente e candidata \u00e0 reelei\u00e7\u00e3o pelo PT, Dilma Rousseff, escolheu o Rio de Janeiro &#8211; Estado em que aparece na frente do advers\u00e1rio tucano nas pesquisas de inten\u00e7\u00e3o de voto &#8211; para iniciar a \u00faltima semana de campanha eleitoral. A petista participa de duas carreatas, uma em Nova Igua\u00e7u e a outra em Padre [&hellip;]","og_url":"https:\/\/www.notibras.com\/site\/dilma-vai-ao-rio-de-janeiro-para-conquistar-votos-dos-eleitores-indecisos\/","og_site_name":"Notibras","article_publisher":"https:\/\/www.facebook.com\/notibras\/","article_published_time":"2014-10-20T12:13:55+00:00","article_modified_time":"2014-10-20T15:16:30+00:00","og_image":[{"width":640,"height":427,"url":"https:\/\/www.notibras.com\/site\/wp-content\/uploads\/2014\/10\/f_273471.jpg","type":"image\/jpeg"}],"author":"Reda\u00e7\u00e3o","twitter_card":"summary_large_image","twitter_creator":"@Notibras","twitter_site":"@Notibras","twitter_misc":{"Escrito por":"Reda\u00e7\u00e3o","Est. tempo de leitura":"1 minuto"},"schema":{"@context":"https:\/\/schema.org","@graph":[{"@type":"Article","@id":"https:\/\/www.notibras.com\/site\/dilma-vai-ao-rio-de-janeiro-para-conquistar-votos-dos-eleitores-indecisos\/#article","isPartOf":{"@id":"https:\/\/www.notibras.com\/site\/dilma-vai-ao-rio-de-janeiro-para-conquistar-votos-dos-eleitores-indecisos\/"},"author":{"name":"Reda\u00e7\u00e3o","@id":"https:\/\/www.notibras.com\/site\/#\/schema\/person\/36ab0979449956132d3e5b517ea76ac8"},"headline":"Dilma vai ao Rio de Janeiro para conquistar votos dos indecisos","datePublished":"2014-10-20T12:13:55+00:00","dateModified":"2014-10-20T15:16:30+00:00","mainEntityOfPage":{"@id":"https:\/\/www.notibras.com\/site\/dilma-vai-ao-rio-de-janeiro-para-conquistar-votos-dos-eleitores-indecisos\/"},"wordCount":160,"commentCount":0,"publisher":{"@id":"https:\/\/www.notibras.com\/site\/#organization"},"image":{"@id":"https:\/\/www.notibras.com\/site\/dilma-vai-ao-rio-de-janeiro-para-conquistar-votos-dos-eleitores-indecisos\/#primaryimage"},"thumbnailUrl":"https:\/\/www.notibras.com\/site\/wp-content\/uploads\/2014\/10\/f_273471.jpg","articleSection":["Elei\u00e7\u00f5es 2014"],"inLanguage":"pt-BR","potentialAction":[{"@type":"CommentAction","name":"Comment","target":["https:\/\/www.notibras.com\/site\/dilma-vai-ao-rio-de-janeiro-para-conquistar-votos-dos-eleitores-indecisos\/#respond"]}]},{"@type":"WebPage","@id":"https:\/\/www.notibras.com\/site\/dilma-vai-ao-rio-de-janeiro-para-conquistar-votos-dos-eleitores-indecisos\/","url":"https:\/\/www.notibras.com\/site\/dilma-vai-ao-rio-de-janeiro-para-conquistar-votos-dos-eleitores-indecisos\/","name":"Dilma vai ao Rio de Janeiro para conquistar votos dos indecisos - Notibras","isPartOf":{"@id":"https:\/\/www.notibras.com\/site\/#website"},"primaryImageOfPage":{"@id":"https:\/\/www.notibras.com\/site\/dilma-vai-ao-rio-de-janeiro-para-conquistar-votos-dos-eleitores-indecisos\/#primaryimage"},"image":{"@id":"https:\/\/www.notibras.com\/site\/dilma-vai-ao-rio-de-janeiro-para-conquistar-votos-dos-eleitores-indecisos\/#primaryimage"},"thumbnailUrl":"https:\/\/www.notibras.com\/site\/wp-content\/uploads\/2014\/10\/f_273471.jpg","datePublished":"2014-10-20T12:13:55+00:00","dateModified":"2014-10-20T15:16:30+00:00","breadcrumb":{"@id":"https:\/\/www.notibras.com\/site\/dilma-vai-ao-rio-de-janeiro-para-conquistar-votos-dos-eleitores-indecisos\/#breadcrumb"},"inLanguage":"pt-BR","potentialAction":[{"@type":"ReadAction","target":["https:\/\/www.notibras.com\/site\/dilma-vai-ao-rio-de-janeiro-para-conquistar-votos-dos-eleitores-indecisos\/"]}]},{"@type":"ImageObject","inLanguage":"pt-BR","@id":"https:\/\/www.notibras.com\/site\/dilma-vai-ao-rio-de-janeiro-para-conquistar-votos-dos-eleitores-indecisos\/#primaryimage","url":"https:\/\/www.notibras.com\/site\/wp-content\/uploads\/2014\/10\/f_273471.jpg","contentUrl":"https:\/\/www.notibras.com\/site\/wp-content\/uploads\/2014\/10\/f_273471.jpg","width":640,"height":427},{"@type":"BreadcrumbList","@id":"https:\/\/www.notibras.com\/site\/dilma-vai-ao-rio-de-janeiro-para-conquistar-votos-dos-eleitores-indecisos\/#breadcrumb","itemListElement":[{"@type":"ListItem","position":1,"name":"In\u00edcio","item":"https:\/\/www.notibras.com\/site\/"},{"@type":"ListItem","position":2,"name":"Dilma vai ao Rio de Janeiro para conquistar votos dos indecisos"}]},{"@type":"WebSite","@id":"https:\/\/www.notibras.com\/site\/#website","url":"https:\/\/www.notibras.com\/site\/","name":"Notibras","description":"Not\u00edcias de Bras\u00edlia, do Brasil e do Mundo","publisher":{"@id":"https:\/\/www.notibras.com\/site\/#organization"},"potentialAction":[{"@type":"SearchAction","target":{"@type":"EntryPoint","urlTemplate":"https:\/\/www.notibras.com\/site\/?s={search_term_string}"},"query-input":{"@type":"PropertyValueSpecification","valueRequired":true,"valueName":"search_term_string"}}],"inLanguage":"pt-BR"},{"@type":"Organization","@id":"https:\/\/www.notibras.com\/site\/#organization","name":"Grupo Notibras de Comunica\u00e7\u00e3o","url":"https:\/\/www.notibras.com\/site\/","logo":{"@type":"ImageObject","inLanguage":"pt-BR","@id":"https:\/\/www.notibras.com\/site\/#\/schema\/logo\/image\/","url":"https:\/\/www.notibras.com\/site\/wp-content\/uploads\/2023\/01\/notibras23.png","contentUrl":"https:\/\/www.notibras.com\/site\/wp-content\/uploads\/2023\/01\/notibras23.png","width":350,"height":87,"caption":"Grupo Notibras de Comunica\u00e7\u00e3o"},"image":{"@id":"https:\/\/www.notibras.com\/site\/#\/schema\/logo\/image\/"},"sameAs":["https:\/\/www.facebook.com\/notibras\/","https:\/\/x.com\/Notibras","https:\/\/www.instagram.com\/notibras\/"]},{"@type":"Person","@id":"https:\/\/www.notibras.com\/site\/#\/schema\/person\/36ab0979449956132d3e5b517ea76ac8","name":"Reda\u00e7\u00e3o","image":{"@type":"ImageObject","inLanguage":"pt-BR","@id":"https:\/\/secure.gravatar.com\/avatar\/e0a867bdedb85fd243eadf09663511f96fc81e0720a4a42581f334ad4303aa6b?s=96&d=mm&r=g","url":"https:\/\/secure.gravatar.com\/avatar\/e0a867bdedb85fd243eadf09663511f96fc81e0720a4a42581f334ad4303aa6b?s=96&d=mm&r=g","contentUrl":"https:\/\/secure.gravatar.com\/avatar\/e0a867bdedb85fd243eadf09663511f96fc81e0720a4a42581f334ad4303aa6b?s=96&d=mm&r=g","caption":"Reda\u00e7\u00e3o"}}]}},"amp_enabled":true,"_links":{"self":[{"href":"https:\/\/www.notibras.com\/site\/wp-json\/wp\/v2\/posts\/25474","targetHints":{"allow":["GET"]}}],"collection":[{"href":"https:\/\/www.notibras.com\/site\/wp-json\/wp\/v2\/posts"}],"about":[{"href":"https:\/\/www.notibras.com\/site\/wp-json\/wp\/v2\/types\/post"}],"author":[{"embeddable":true,"href":"https:\/\/www.notibras.com\/site\/wp-json\/wp\/v2\/users\/2"}],"replies":[{"embeddable":true,"href":"https:\/\/www.notibras.com\/site\/wp-json\/wp\/v2\/comments?post=25474"}],"version-history":[{"count":0,"href":"https:\/\/www.notibras.com\/site\/wp-json\/wp\/v2\/posts\/25474\/revisions"}],"wp:featuredmedia":[{"embeddable":true,"href":"https:\/\/www.notibras.com\/site\/wp-json\/wp\/v2\/media\/25475"}],"wp:attachment":[{"href":"https:\/\/www.notibras.com\/site\/wp-json\/wp\/v2\/media?parent=25474"}],"wp:term":[{"taxonomy":"category","embeddable":true,"href":"https:\/\/www.notibras.com\/site\/wp-json\/wp\/v2\/categories?post=25474"},{"taxonomy":"post_tag","embeddable":true,"href":"https:\/\/www.notibras.com\/site\/wp-json\/wp\/v2\/tags?post=25474"}],"curies":[{"name":"wp","href":"https:\/\/api.w.org\/{rel}","templated":true}]}}