{"id":25501,"date":"2014-10-20T19:11:10","date_gmt":"2014-10-20T22:11:10","guid":{"rendered":"http:\/\/www.notibras.com\/site\/?p=25501"},"modified":"2014-10-20T19:12:02","modified_gmt":"2014-10-20T22:12:02","slug":"dilma-52-ultrapassa-pela-primeira-vez-aecio-48-diz-datafolha","status":"publish","type":"post","link":"https:\/\/www.notibras.com\/site\/dilma-52-ultrapassa-pela-primeira-vez-aecio-48-diz-datafolha\/","title":{"rendered":"Dilma (52%) ultrapassa A\u00e9cio (48%) pela primeira vez, diz Datafolha"},"content":{"rendered":"<p>Uma reviravolta na disputa pela Presid\u00eancia da Rep\u00fablica no segundo turno. Pesquisa Datafolha divulgada nesta segunda-feira (20) aponta os seguintes percentuais de votos v\u00e1lidos no segundo turno da corrida para a Presid\u00eancia da Rep\u00fablica:<\/p>\n<blockquote><p>&#8211; Dilma Rousseff (PT): 52%<br \/>\n&#8211; A\u00e9cio Neves (PSDB): 48%<\/p><\/blockquote>\n<p>Para calcular esses votos, s\u00e3o exclu\u00eddos da amostra os votos brancos, os nulos e os eleitores que se declaram indecisos. O procedimento \u00e9 o mesmo utilizado pela Justi\u00e7a Eleitoral para divulgar o resultado oficial da elei\u00e7\u00e3o.<\/p>\n<p>pesquisa foi encomendada pela TV Globo e pelo jornal &#8220;Folha de S.Paulo&#8221;.<\/p>\n<p>De acordo como Datafolha, na reta final da elei\u00e7\u00e3o, os candidatos continuam empatados, no limite da margem de erro, de dois pontos percentuais para mais ou para menos, mas Dilma aparece pela primeira vez numericamente \u00e0 frente de A\u00e9cio em um levantamento feito ap\u00f3s o primeiro turno.<\/p>\n<p>Na pesquisa anterior divulgada no dia 15, A\u00e9cio tinha 51% e Dilma, 49%.<\/p>\n<p><strong>Votos totais<\/strong><br \/>\nSe forem inclu\u00eddos os votos brancos e nulos e dos eleitores que se declaram indecisos, os votos totais da pesquisa estimulada s\u00e3o:<\/p>\n<blockquote><p>&#8211; A\u00e9cio Neves (PSDB): 46%<br \/>\n&#8211; Dilma Rousseff (PT): 43%<br \/>\n&#8211; Em branco\/nulo\/nenhum: 5%<br \/>\n&#8211; N\u00e3o sabe: 6%<\/p><\/blockquote>\n<p>Na margem de erro, os candidatos est\u00e3o empatados tecnicamente.<\/p>\n<p>O Datafolha ouviu 4.389 eleitores no dias 20 de outubro. A margem de erro \u00e9 de dois pontos percentuais para mais ou para menos. O n\u00edvel de confian\u00e7a \u00e9 de 95%. Isso significa que, se forem realizados 100 levantamentos, em 95 deles os resultados estariam dentro da margem de erro de dois pontos prevista. A pesquisa est\u00e1 registrada no Tribunal Superior Eleitoral (TSE) sob o n\u00famero BR-01140\/2014.<\/p>\n","protected":false},"excerpt":{"rendered":"<p>Uma reviravolta na disputa pela Presid\u00eancia da Rep\u00fablica no segundo turno. Pesquisa Datafolha divulgada nesta segunda-feira (20) aponta os seguintes percentuais de votos v\u00e1lidos no segundo turno da corrida para a Presid\u00eancia da Rep\u00fablica: &#8211; Dilma Rousseff (PT): 52% &#8211; A\u00e9cio Neves (PSDB): 48% Para calcular esses votos, s\u00e3o exclu\u00eddos da amostra os votos brancos, [&hellip;]<\/p>\n","protected":false},"author":2,"featured_media":25502,"comment_status":"open","ping_status":"closed","sticky":false,"template":"","format":"standard","meta":{"_acf_changed":false,"footnotes":""},"categories":[33],"tags":[],"class_list":["post-25501","post","type-post","status-publish","format-standard","has-post-thumbnail","hentry","category-eleicoes-2014"],"acf":[],"yoast_head":"<!-- This site is optimized with the Yoast SEO plugin v27.5 - https:\/\/yoast.com\/product\/yoast-seo-wordpress\/ -->\n<title>Dilma (52%) ultrapassa A\u00e9cio (48%) pela primeira vez, diz Datafolha - Notibras<\/title>\n<meta name=\"robots\" content=\"index, follow, max-snippet:-1, max-image-preview:large, max-video-preview:-1\" \/>\n<link rel=\"canonical\" href=\"https:\/\/www.notibras.com\/site\/dilma-52-ultrapassa-pela-primeira-vez-aecio-48-diz-datafolha\/\" \/>\n<meta property=\"og:locale\" content=\"pt_BR\" \/>\n<meta property=\"og:type\" content=\"article\" \/>\n<meta property=\"og:title\" content=\"Dilma (52%) ultrapassa A\u00e9cio (48%) pela primeira vez, diz Datafolha - Notibras\" \/>\n<meta property=\"og:description\" content=\"Uma reviravolta na disputa pela Presid\u00eancia da Rep\u00fablica no segundo turno. Pesquisa Datafolha divulgada nesta segunda-feira (20) aponta os seguintes percentuais de votos v\u00e1lidos no segundo turno da corrida para a Presid\u00eancia da Rep\u00fablica: &#8211; Dilma Rousseff (PT): 52% &#8211; A\u00e9cio Neves (PSDB): 48% Para calcular esses votos, s\u00e3o exclu\u00eddos da amostra os votos brancos, [&hellip;]\" \/>\n<meta property=\"og:url\" content=\"https:\/\/www.notibras.com\/site\/dilma-52-ultrapassa-pela-primeira-vez-aecio-48-diz-datafolha\/\" \/>\n<meta property=\"og:site_name\" content=\"Notibras\" \/>\n<meta property=\"article:publisher\" content=\"https:\/\/www.facebook.com\/notibras\/\" \/>\n<meta property=\"article:published_time\" content=\"2014-10-20T22:11:10+00:00\" \/>\n<meta property=\"article:modified_time\" content=\"2014-10-20T22:12:02+00:00\" \/>\n<meta property=\"og:image\" content=\"https:\/\/www.notibras.com\/site\/wp-content\/uploads\/2014\/10\/20out2014-marcelo-crivella-candidato-ao-governo-do-rio-de-janeiro-pelo-prb-participa-de-carreata-ao-lado-da-presidente-e-candidata-a-reeleicao-pelo-pt-dilma-rousseff-em-nova-iguacu-1413810919599_615x300.jpg\" \/>\n\t<meta property=\"og:image:width\" content=\"615\" \/>\n\t<meta property=\"og:image:height\" content=\"300\" \/>\n\t<meta property=\"og:image:type\" content=\"image\/jpeg\" \/>\n<meta name=\"author\" content=\"Reda\u00e7\u00e3o\" \/>\n<meta name=\"twitter:card\" content=\"summary_large_image\" \/>\n<meta name=\"twitter:creator\" content=\"@Notibras\" \/>\n<meta name=\"twitter:site\" content=\"@Notibras\" \/>\n<meta name=\"twitter:label1\" content=\"Escrito por\" \/>\n\t<meta name=\"twitter:data1\" content=\"Reda\u00e7\u00e3o\" \/>\n\t<meta name=\"twitter:label2\" content=\"Est. tempo de leitura\" \/>\n\t<meta name=\"twitter:data2\" content=\"1 minuto\" \/>\n<script type=\"application\/ld+json\" class=\"yoast-schema-graph\">{\"@context\":\"https:\\\/\\\/schema.org\",\"@graph\":[{\"@type\":\"Article\",\"@id\":\"https:\\\/\\\/www.notibras.com\\\/site\\\/dilma-52-ultrapassa-pela-primeira-vez-aecio-48-diz-datafolha\\\/#article\",\"isPartOf\":{\"@id\":\"https:\\\/\\\/www.notibras.com\\\/site\\\/dilma-52-ultrapassa-pela-primeira-vez-aecio-48-diz-datafolha\\\/\"},\"author\":{\"name\":\"Reda\u00e7\u00e3o\",\"@id\":\"https:\\\/\\\/www.notibras.com\\\/site\\\/#\\\/schema\\\/person\\\/36ab0979449956132d3e5b517ea76ac8\"},\"headline\":\"Dilma (52%) ultrapassa A\u00e9cio (48%) pela primeira vez, diz Datafolha\",\"datePublished\":\"2014-10-20T22:11:10+00:00\",\"dateModified\":\"2014-10-20T22:12:02+00:00\",\"mainEntityOfPage\":{\"@id\":\"https:\\\/\\\/www.notibras.com\\\/site\\\/dilma-52-ultrapassa-pela-primeira-vez-aecio-48-diz-datafolha\\\/\"},\"wordCount\":285,\"commentCount\":0,\"publisher\":{\"@id\":\"https:\\\/\\\/www.notibras.com\\\/site\\\/#organization\"},\"image\":{\"@id\":\"https:\\\/\\\/www.notibras.com\\\/site\\\/dilma-52-ultrapassa-pela-primeira-vez-aecio-48-diz-datafolha\\\/#primaryimage\"},\"thumbnailUrl\":\"https:\\\/\\\/www.notibras.com\\\/site\\\/wp-content\\\/uploads\\\/2014\\\/10\\\/20out2014-marcelo-crivella-candidato-ao-governo-do-rio-de-janeiro-pelo-prb-participa-de-carreata-ao-lado-da-presidente-e-candidata-a-reeleicao-pelo-pt-dilma-rousseff-em-nova-iguacu-1413810919599_615x300.jpg\",\"articleSection\":[\"Elei\u00e7\u00f5es 2014\"],\"inLanguage\":\"pt-BR\",\"potentialAction\":[{\"@type\":\"CommentAction\",\"name\":\"Comment\",\"target\":[\"https:\\\/\\\/www.notibras.com\\\/site\\\/dilma-52-ultrapassa-pela-primeira-vez-aecio-48-diz-datafolha\\\/#respond\"]}]},{\"@type\":\"WebPage\",\"@id\":\"https:\\\/\\\/www.notibras.com\\\/site\\\/dilma-52-ultrapassa-pela-primeira-vez-aecio-48-diz-datafolha\\\/\",\"url\":\"https:\\\/\\\/www.notibras.com\\\/site\\\/dilma-52-ultrapassa-pela-primeira-vez-aecio-48-diz-datafolha\\\/\",\"name\":\"Dilma (52%) ultrapassa A\u00e9cio (48%) pela primeira vez, diz Datafolha - Notibras\",\"isPartOf\":{\"@id\":\"https:\\\/\\\/www.notibras.com\\\/site\\\/#website\"},\"primaryImageOfPage\":{\"@id\":\"https:\\\/\\\/www.notibras.com\\\/site\\\/dilma-52-ultrapassa-pela-primeira-vez-aecio-48-diz-datafolha\\\/#primaryimage\"},\"image\":{\"@id\":\"https:\\\/\\\/www.notibras.com\\\/site\\\/dilma-52-ultrapassa-pela-primeira-vez-aecio-48-diz-datafolha\\\/#primaryimage\"},\"thumbnailUrl\":\"https:\\\/\\\/www.notibras.com\\\/site\\\/wp-content\\\/uploads\\\/2014\\\/10\\\/20out2014-marcelo-crivella-candidato-ao-governo-do-rio-de-janeiro-pelo-prb-participa-de-carreata-ao-lado-da-presidente-e-candidata-a-reeleicao-pelo-pt-dilma-rousseff-em-nova-iguacu-1413810919599_615x300.jpg\",\"datePublished\":\"2014-10-20T22:11:10+00:00\",\"dateModified\":\"2014-10-20T22:12:02+00:00\",\"breadcrumb\":{\"@id\":\"https:\\\/\\\/www.notibras.com\\\/site\\\/dilma-52-ultrapassa-pela-primeira-vez-aecio-48-diz-datafolha\\\/#breadcrumb\"},\"inLanguage\":\"pt-BR\",\"potentialAction\":[{\"@type\":\"ReadAction\",\"target\":[\"https:\\\/\\\/www.notibras.com\\\/site\\\/dilma-52-ultrapassa-pela-primeira-vez-aecio-48-diz-datafolha\\\/\"]}]},{\"@type\":\"ImageObject\",\"inLanguage\":\"pt-BR\",\"@id\":\"https:\\\/\\\/www.notibras.com\\\/site\\\/dilma-52-ultrapassa-pela-primeira-vez-aecio-48-diz-datafolha\\\/#primaryimage\",\"url\":\"https:\\\/\\\/www.notibras.com\\\/site\\\/wp-content\\\/uploads\\\/2014\\\/10\\\/20out2014-marcelo-crivella-candidato-ao-governo-do-rio-de-janeiro-pelo-prb-participa-de-carreata-ao-lado-da-presidente-e-candidata-a-reeleicao-pelo-pt-dilma-rousseff-em-nova-iguacu-1413810919599_615x300.jpg\",\"contentUrl\":\"https:\\\/\\\/www.notibras.com\\\/site\\\/wp-content\\\/uploads\\\/2014\\\/10\\\/20out2014-marcelo-crivella-candidato-ao-governo-do-rio-de-janeiro-pelo-prb-participa-de-carreata-ao-lado-da-presidente-e-candidata-a-reeleicao-pelo-pt-dilma-rousseff-em-nova-iguacu-1413810919599_615x300.jpg\",\"width\":615,\"height\":300},{\"@type\":\"BreadcrumbList\",\"@id\":\"https:\\\/\\\/www.notibras.com\\\/site\\\/dilma-52-ultrapassa-pela-primeira-vez-aecio-48-diz-datafolha\\\/#breadcrumb\",\"itemListElement\":[{\"@type\":\"ListItem\",\"position\":1,\"name\":\"In\u00edcio\",\"item\":\"https:\\\/\\\/www.notibras.com\\\/site\\\/\"},{\"@type\":\"ListItem\",\"position\":2,\"name\":\"Dilma (52%) ultrapassa A\u00e9cio (48%) pela primeira vez, diz Datafolha\"}]},{\"@type\":\"WebSite\",\"@id\":\"https:\\\/\\\/www.notibras.com\\\/site\\\/#website\",\"url\":\"https:\\\/\\\/www.notibras.com\\\/site\\\/\",\"name\":\"Notibras\",\"description\":\"Not\u00edcias de Bras\u00edlia, do Brasil e do Mundo\",\"publisher\":{\"@id\":\"https:\\\/\\\/www.notibras.com\\\/site\\\/#organization\"},\"potentialAction\":[{\"@type\":\"SearchAction\",\"target\":{\"@type\":\"EntryPoint\",\"urlTemplate\":\"https:\\\/\\\/www.notibras.com\\\/site\\\/?s={search_term_string}\"},\"query-input\":{\"@type\":\"PropertyValueSpecification\",\"valueRequired\":true,\"valueName\":\"search_term_string\"}}],\"inLanguage\":\"pt-BR\"},{\"@type\":\"Organization\",\"@id\":\"https:\\\/\\\/www.notibras.com\\\/site\\\/#organization\",\"name\":\"Grupo Notibras de Comunica\u00e7\u00e3o\",\"url\":\"https:\\\/\\\/www.notibras.com\\\/site\\\/\",\"logo\":{\"@type\":\"ImageObject\",\"inLanguage\":\"pt-BR\",\"@id\":\"https:\\\/\\\/www.notibras.com\\\/site\\\/#\\\/schema\\\/logo\\\/image\\\/\",\"url\":\"https:\\\/\\\/www.notibras.com\\\/site\\\/wp-content\\\/uploads\\\/2023\\\/01\\\/notibras23.png\",\"contentUrl\":\"https:\\\/\\\/www.notibras.com\\\/site\\\/wp-content\\\/uploads\\\/2023\\\/01\\\/notibras23.png\",\"width\":350,\"height\":87,\"caption\":\"Grupo Notibras de Comunica\u00e7\u00e3o\"},\"image\":{\"@id\":\"https:\\\/\\\/www.notibras.com\\\/site\\\/#\\\/schema\\\/logo\\\/image\\\/\"},\"sameAs\":[\"https:\\\/\\\/www.facebook.com\\\/notibras\\\/\",\"https:\\\/\\\/x.com\\\/Notibras\",\"https:\\\/\\\/www.instagram.com\\\/notibras\\\/\"]},{\"@type\":\"Person\",\"@id\":\"https:\\\/\\\/www.notibras.com\\\/site\\\/#\\\/schema\\\/person\\\/36ab0979449956132d3e5b517ea76ac8\",\"name\":\"Reda\u00e7\u00e3o\",\"image\":{\"@type\":\"ImageObject\",\"inLanguage\":\"pt-BR\",\"@id\":\"https:\\\/\\\/secure.gravatar.com\\\/avatar\\\/e0a867bdedb85fd243eadf09663511f96fc81e0720a4a42581f334ad4303aa6b?s=96&d=mm&r=g\",\"url\":\"https:\\\/\\\/secure.gravatar.com\\\/avatar\\\/e0a867bdedb85fd243eadf09663511f96fc81e0720a4a42581f334ad4303aa6b?s=96&d=mm&r=g\",\"contentUrl\":\"https:\\\/\\\/secure.gravatar.com\\\/avatar\\\/e0a867bdedb85fd243eadf09663511f96fc81e0720a4a42581f334ad4303aa6b?s=96&d=mm&r=g\",\"caption\":\"Reda\u00e7\u00e3o\"}}]}<\/script>\n<!-- \/ Yoast SEO plugin. -->","yoast_head_json":{"title":"Dilma (52%) ultrapassa A\u00e9cio (48%) pela primeira vez, diz Datafolha - Notibras","robots":{"index":"index","follow":"follow","max-snippet":"max-snippet:-1","max-image-preview":"max-image-preview:large","max-video-preview":"max-video-preview:-1"},"canonical":"https:\/\/www.notibras.com\/site\/dilma-52-ultrapassa-pela-primeira-vez-aecio-48-diz-datafolha\/","og_locale":"pt_BR","og_type":"article","og_title":"Dilma (52%) ultrapassa A\u00e9cio (48%) pela primeira vez, diz Datafolha - Notibras","og_description":"Uma reviravolta na disputa pela Presid\u00eancia da Rep\u00fablica no segundo turno. Pesquisa Datafolha divulgada nesta segunda-feira (20) aponta os seguintes percentuais de votos v\u00e1lidos no segundo turno da corrida para a Presid\u00eancia da Rep\u00fablica: &#8211; Dilma Rousseff (PT): 52% &#8211; A\u00e9cio Neves (PSDB): 48% Para calcular esses votos, s\u00e3o exclu\u00eddos da amostra os votos brancos, [&hellip;]","og_url":"https:\/\/www.notibras.com\/site\/dilma-52-ultrapassa-pela-primeira-vez-aecio-48-diz-datafolha\/","og_site_name":"Notibras","article_publisher":"https:\/\/www.facebook.com\/notibras\/","article_published_time":"2014-10-20T22:11:10+00:00","article_modified_time":"2014-10-20T22:12:02+00:00","og_image":[{"width":615,"height":300,"url":"https:\/\/www.notibras.com\/site\/wp-content\/uploads\/2014\/10\/20out2014-marcelo-crivella-candidato-ao-governo-do-rio-de-janeiro-pelo-prb-participa-de-carreata-ao-lado-da-presidente-e-candidata-a-reeleicao-pelo-pt-dilma-rousseff-em-nova-iguacu-1413810919599_615x300.jpg","type":"image\/jpeg"}],"author":"Reda\u00e7\u00e3o","twitter_card":"summary_large_image","twitter_creator":"@Notibras","twitter_site":"@Notibras","twitter_misc":{"Escrito por":"Reda\u00e7\u00e3o","Est. tempo de leitura":"1 minuto"},"schema":{"@context":"https:\/\/schema.org","@graph":[{"@type":"Article","@id":"https:\/\/www.notibras.com\/site\/dilma-52-ultrapassa-pela-primeira-vez-aecio-48-diz-datafolha\/#article","isPartOf":{"@id":"https:\/\/www.notibras.com\/site\/dilma-52-ultrapassa-pela-primeira-vez-aecio-48-diz-datafolha\/"},"author":{"name":"Reda\u00e7\u00e3o","@id":"https:\/\/www.notibras.com\/site\/#\/schema\/person\/36ab0979449956132d3e5b517ea76ac8"},"headline":"Dilma (52%) ultrapassa A\u00e9cio (48%) pela primeira vez, diz Datafolha","datePublished":"2014-10-20T22:11:10+00:00","dateModified":"2014-10-20T22:12:02+00:00","mainEntityOfPage":{"@id":"https:\/\/www.notibras.com\/site\/dilma-52-ultrapassa-pela-primeira-vez-aecio-48-diz-datafolha\/"},"wordCount":285,"commentCount":0,"publisher":{"@id":"https:\/\/www.notibras.com\/site\/#organization"},"image":{"@id":"https:\/\/www.notibras.com\/site\/dilma-52-ultrapassa-pela-primeira-vez-aecio-48-diz-datafolha\/#primaryimage"},"thumbnailUrl":"https:\/\/www.notibras.com\/site\/wp-content\/uploads\/2014\/10\/20out2014-marcelo-crivella-candidato-ao-governo-do-rio-de-janeiro-pelo-prb-participa-de-carreata-ao-lado-da-presidente-e-candidata-a-reeleicao-pelo-pt-dilma-rousseff-em-nova-iguacu-1413810919599_615x300.jpg","articleSection":["Elei\u00e7\u00f5es 2014"],"inLanguage":"pt-BR","potentialAction":[{"@type":"CommentAction","name":"Comment","target":["https:\/\/www.notibras.com\/site\/dilma-52-ultrapassa-pela-primeira-vez-aecio-48-diz-datafolha\/#respond"]}]},{"@type":"WebPage","@id":"https:\/\/www.notibras.com\/site\/dilma-52-ultrapassa-pela-primeira-vez-aecio-48-diz-datafolha\/","url":"https:\/\/www.notibras.com\/site\/dilma-52-ultrapassa-pela-primeira-vez-aecio-48-diz-datafolha\/","name":"Dilma (52%) ultrapassa A\u00e9cio (48%) pela primeira vez, diz Datafolha - Notibras","isPartOf":{"@id":"https:\/\/www.notibras.com\/site\/#website"},"primaryImageOfPage":{"@id":"https:\/\/www.notibras.com\/site\/dilma-52-ultrapassa-pela-primeira-vez-aecio-48-diz-datafolha\/#primaryimage"},"image":{"@id":"https:\/\/www.notibras.com\/site\/dilma-52-ultrapassa-pela-primeira-vez-aecio-48-diz-datafolha\/#primaryimage"},"thumbnailUrl":"https:\/\/www.notibras.com\/site\/wp-content\/uploads\/2014\/10\/20out2014-marcelo-crivella-candidato-ao-governo-do-rio-de-janeiro-pelo-prb-participa-de-carreata-ao-lado-da-presidente-e-candidata-a-reeleicao-pelo-pt-dilma-rousseff-em-nova-iguacu-1413810919599_615x300.jpg","datePublished":"2014-10-20T22:11:10+00:00","dateModified":"2014-10-20T22:12:02+00:00","breadcrumb":{"@id":"https:\/\/www.notibras.com\/site\/dilma-52-ultrapassa-pela-primeira-vez-aecio-48-diz-datafolha\/#breadcrumb"},"inLanguage":"pt-BR","potentialAction":[{"@type":"ReadAction","target":["https:\/\/www.notibras.com\/site\/dilma-52-ultrapassa-pela-primeira-vez-aecio-48-diz-datafolha\/"]}]},{"@type":"ImageObject","inLanguage":"pt-BR","@id":"https:\/\/www.notibras.com\/site\/dilma-52-ultrapassa-pela-primeira-vez-aecio-48-diz-datafolha\/#primaryimage","url":"https:\/\/www.notibras.com\/site\/wp-content\/uploads\/2014\/10\/20out2014-marcelo-crivella-candidato-ao-governo-do-rio-de-janeiro-pelo-prb-participa-de-carreata-ao-lado-da-presidente-e-candidata-a-reeleicao-pelo-pt-dilma-rousseff-em-nova-iguacu-1413810919599_615x300.jpg","contentUrl":"https:\/\/www.notibras.com\/site\/wp-content\/uploads\/2014\/10\/20out2014-marcelo-crivella-candidato-ao-governo-do-rio-de-janeiro-pelo-prb-participa-de-carreata-ao-lado-da-presidente-e-candidata-a-reeleicao-pelo-pt-dilma-rousseff-em-nova-iguacu-1413810919599_615x300.jpg","width":615,"height":300},{"@type":"BreadcrumbList","@id":"https:\/\/www.notibras.com\/site\/dilma-52-ultrapassa-pela-primeira-vez-aecio-48-diz-datafolha\/#breadcrumb","itemListElement":[{"@type":"ListItem","position":1,"name":"In\u00edcio","item":"https:\/\/www.notibras.com\/site\/"},{"@type":"ListItem","position":2,"name":"Dilma (52%) ultrapassa A\u00e9cio (48%) pela primeira vez, diz Datafolha"}]},{"@type":"WebSite","@id":"https:\/\/www.notibras.com\/site\/#website","url":"https:\/\/www.notibras.com\/site\/","name":"Notibras","description":"Not\u00edcias de Bras\u00edlia, do Brasil e do Mundo","publisher":{"@id":"https:\/\/www.notibras.com\/site\/#organization"},"potentialAction":[{"@type":"SearchAction","target":{"@type":"EntryPoint","urlTemplate":"https:\/\/www.notibras.com\/site\/?s={search_term_string}"},"query-input":{"@type":"PropertyValueSpecification","valueRequired":true,"valueName":"search_term_string"}}],"inLanguage":"pt-BR"},{"@type":"Organization","@id":"https:\/\/www.notibras.com\/site\/#organization","name":"Grupo Notibras de Comunica\u00e7\u00e3o","url":"https:\/\/www.notibras.com\/site\/","logo":{"@type":"ImageObject","inLanguage":"pt-BR","@id":"https:\/\/www.notibras.com\/site\/#\/schema\/logo\/image\/","url":"https:\/\/www.notibras.com\/site\/wp-content\/uploads\/2023\/01\/notibras23.png","contentUrl":"https:\/\/www.notibras.com\/site\/wp-content\/uploads\/2023\/01\/notibras23.png","width":350,"height":87,"caption":"Grupo Notibras de Comunica\u00e7\u00e3o"},"image":{"@id":"https:\/\/www.notibras.com\/site\/#\/schema\/logo\/image\/"},"sameAs":["https:\/\/www.facebook.com\/notibras\/","https:\/\/x.com\/Notibras","https:\/\/www.instagram.com\/notibras\/"]},{"@type":"Person","@id":"https:\/\/www.notibras.com\/site\/#\/schema\/person\/36ab0979449956132d3e5b517ea76ac8","name":"Reda\u00e7\u00e3o","image":{"@type":"ImageObject","inLanguage":"pt-BR","@id":"https:\/\/secure.gravatar.com\/avatar\/e0a867bdedb85fd243eadf09663511f96fc81e0720a4a42581f334ad4303aa6b?s=96&d=mm&r=g","url":"https:\/\/secure.gravatar.com\/avatar\/e0a867bdedb85fd243eadf09663511f96fc81e0720a4a42581f334ad4303aa6b?s=96&d=mm&r=g","contentUrl":"https:\/\/secure.gravatar.com\/avatar\/e0a867bdedb85fd243eadf09663511f96fc81e0720a4a42581f334ad4303aa6b?s=96&d=mm&r=g","caption":"Reda\u00e7\u00e3o"}}]}},"amp_enabled":true,"_links":{"self":[{"href":"https:\/\/www.notibras.com\/site\/wp-json\/wp\/v2\/posts\/25501","targetHints":{"allow":["GET"]}}],"collection":[{"href":"https:\/\/www.notibras.com\/site\/wp-json\/wp\/v2\/posts"}],"about":[{"href":"https:\/\/www.notibras.com\/site\/wp-json\/wp\/v2\/types\/post"}],"author":[{"embeddable":true,"href":"https:\/\/www.notibras.com\/site\/wp-json\/wp\/v2\/users\/2"}],"replies":[{"embeddable":true,"href":"https:\/\/www.notibras.com\/site\/wp-json\/wp\/v2\/comments?post=25501"}],"version-history":[{"count":0,"href":"https:\/\/www.notibras.com\/site\/wp-json\/wp\/v2\/posts\/25501\/revisions"}],"wp:featuredmedia":[{"embeddable":true,"href":"https:\/\/www.notibras.com\/site\/wp-json\/wp\/v2\/media\/25502"}],"wp:attachment":[{"href":"https:\/\/www.notibras.com\/site\/wp-json\/wp\/v2\/media?parent=25501"}],"wp:term":[{"taxonomy":"category","embeddable":true,"href":"https:\/\/www.notibras.com\/site\/wp-json\/wp\/v2\/categories?post=25501"},{"taxonomy":"post_tag","embeddable":true,"href":"https:\/\/www.notibras.com\/site\/wp-json\/wp\/v2\/tags?post=25501"}],"curies":[{"name":"wp","href":"https:\/\/api.w.org\/{rel}","templated":true}]}}