{"id":25554,"date":"2014-10-21T09:59:17","date_gmt":"2014-10-21T12:59:17","guid":{"rendered":"http:\/\/www.notibras.com\/site\/?p=25554"},"modified":"2014-10-21T09:59:17","modified_gmt":"2014-10-21T12:59:17","slug":"o-brasil-mudou-um-pouco-pode-ou-nao-mudar-mais","status":"publish","type":"post","link":"https:\/\/www.notibras.com\/site\/o-brasil-mudou-um-pouco-pode-ou-nao-mudar-mais\/","title":{"rendered":"O Brasil mudou um pouco. Pode (ou n\u00e3o) mudar mais"},"content":{"rendered":"<p>Na avalia\u00e7\u00e3o de Montenegro, o Brasil mudou um pouco depois das manifesta\u00e7\u00f5es do ano passado, depois das redes sociais, que est\u00e3o muito mais ativas que em 2010. Esta \u00e9 uma elei\u00e7\u00e3o plebiscit\u00e1ria. De um lado voc\u00ea tem um pessoal muito grato \u00e0 Dilma. Uma grande parte da popula\u00e7\u00e3o \u00e9 grata pelos avan\u00e7os sociais, e a outra metade da popula\u00e7\u00e3o vem com uma rejei\u00e7\u00e3o muito forte \u00e0 Dilma, ao PT, ao Lula e a uma s\u00e9rie de coisas que aconteceram, especialmente esse caso da Petrobras. Por um lado voc\u00ea tem a gratid\u00e3o, o pessoal que realmente melhorou a vida, que subiu um degrau, e por outro lado voc\u00ea tem um pessoal cansado desses 12 anos de poder do PT como um todo. Um pouco de fadiga de material. E \u00e9 a turma dos desgostosos que correu para o lado do A\u00e9cio, afirma o presidente do Ibope.<\/p>\n","protected":false},"excerpt":{"rendered":"<p>Na avalia\u00e7\u00e3o de Montenegro, o Brasil mudou um pouco depois das manifesta\u00e7\u00f5es do ano passado, depois das redes sociais, que est\u00e3o muito mais ativas que em 2010. Esta \u00e9 uma elei\u00e7\u00e3o plebiscit\u00e1ria. De um lado voc\u00ea tem um pessoal muito grato \u00e0 Dilma. Uma grande parte da popula\u00e7\u00e3o \u00e9 grata pelos avan\u00e7os sociais, e a [&hellip;]<\/p>\n","protected":false},"author":2,"featured_media":25555,"comment_status":"open","ping_status":"closed","sticky":false,"template":"","format":"standard","meta":{"_acf_changed":false,"footnotes":""},"categories":[26],"tags":[],"class_list":["post-25554","post","type-post","status-publish","format-standard","has-post-thumbnail","hentry","category-eleicoes-2022"],"acf":[],"yoast_head":"<!-- This site is optimized with the Yoast SEO plugin v27.5 - https:\/\/yoast.com\/product\/yoast-seo-wordpress\/ -->\n<title>O Brasil mudou um pouco. Pode (ou n\u00e3o) mudar mais - Notibras<\/title>\n<meta name=\"robots\" content=\"index, follow, max-snippet:-1, max-image-preview:large, max-video-preview:-1\" \/>\n<link rel=\"canonical\" href=\"https:\/\/www.notibras.com\/site\/o-brasil-mudou-um-pouco-pode-ou-nao-mudar-mais\/\" \/>\n<meta property=\"og:locale\" content=\"pt_BR\" \/>\n<meta property=\"og:type\" content=\"article\" \/>\n<meta property=\"og:title\" content=\"O Brasil mudou um pouco. Pode (ou n\u00e3o) mudar mais - Notibras\" \/>\n<meta property=\"og:description\" content=\"Na avalia\u00e7\u00e3o de Montenegro, o Brasil mudou um pouco depois das manifesta\u00e7\u00f5es do ano passado, depois das redes sociais, que est\u00e3o muito mais ativas que em 2010. Esta \u00e9 uma elei\u00e7\u00e3o plebiscit\u00e1ria. De um lado voc\u00ea tem um pessoal muito grato \u00e0 Dilma. Uma grande parte da popula\u00e7\u00e3o \u00e9 grata pelos avan\u00e7os sociais, e a [&hellip;]\" \/>\n<meta property=\"og:url\" content=\"https:\/\/www.notibras.com\/site\/o-brasil-mudou-um-pouco-pode-ou-nao-mudar-mais\/\" \/>\n<meta property=\"og:site_name\" content=\"Notibras\" \/>\n<meta property=\"article:publisher\" content=\"https:\/\/www.facebook.com\/notibras\/\" \/>\n<meta property=\"article:published_time\" content=\"2014-10-21T12:59:17+00:00\" \/>\n<meta property=\"og:image\" content=\"https:\/\/www.notibras.com\/site\/wp-content\/uploads\/2014\/10\/p24.jpg\" \/>\n\t<meta property=\"og:image:width\" content=\"597\" \/>\n\t<meta property=\"og:image:height\" content=\"336\" \/>\n\t<meta property=\"og:image:type\" content=\"image\/jpeg\" \/>\n<meta name=\"author\" content=\"Reda\u00e7\u00e3o\" \/>\n<meta name=\"twitter:card\" content=\"summary_large_image\" \/>\n<meta name=\"twitter:creator\" content=\"@Notibras\" \/>\n<meta name=\"twitter:site\" content=\"@Notibras\" \/>\n<meta name=\"twitter:label1\" content=\"Escrito por\" \/>\n\t<meta name=\"twitter:data1\" content=\"Reda\u00e7\u00e3o\" \/>\n\t<meta name=\"twitter:label2\" content=\"Est. tempo de leitura\" \/>\n\t<meta name=\"twitter:data2\" content=\"1 minuto\" \/>\n<script type=\"application\/ld+json\" class=\"yoast-schema-graph\">{\"@context\":\"https:\\\/\\\/schema.org\",\"@graph\":[{\"@type\":\"Article\",\"@id\":\"https:\\\/\\\/www.notibras.com\\\/site\\\/o-brasil-mudou-um-pouco-pode-ou-nao-mudar-mais\\\/#article\",\"isPartOf\":{\"@id\":\"https:\\\/\\\/www.notibras.com\\\/site\\\/o-brasil-mudou-um-pouco-pode-ou-nao-mudar-mais\\\/\"},\"author\":{\"name\":\"Reda\u00e7\u00e3o\",\"@id\":\"https:\\\/\\\/www.notibras.com\\\/site\\\/#\\\/schema\\\/person\\\/36ab0979449956132d3e5b517ea76ac8\"},\"headline\":\"O Brasil mudou um pouco. Pode (ou n\u00e3o) mudar mais\",\"datePublished\":\"2014-10-21T12:59:17+00:00\",\"mainEntityOfPage\":{\"@id\":\"https:\\\/\\\/www.notibras.com\\\/site\\\/o-brasil-mudou-um-pouco-pode-ou-nao-mudar-mais\\\/\"},\"wordCount\":161,\"commentCount\":0,\"publisher\":{\"@id\":\"https:\\\/\\\/www.notibras.com\\\/site\\\/#organization\"},\"image\":{\"@id\":\"https:\\\/\\\/www.notibras.com\\\/site\\\/o-brasil-mudou-um-pouco-pode-ou-nao-mudar-mais\\\/#primaryimage\"},\"thumbnailUrl\":\"https:\\\/\\\/www.notibras.com\\\/site\\\/wp-content\\\/uploads\\\/2014\\\/10\\\/p24.jpg\",\"articleSection\":[\"Elei\u00e7\u00f5es 2022\"],\"inLanguage\":\"pt-BR\",\"potentialAction\":[{\"@type\":\"CommentAction\",\"name\":\"Comment\",\"target\":[\"https:\\\/\\\/www.notibras.com\\\/site\\\/o-brasil-mudou-um-pouco-pode-ou-nao-mudar-mais\\\/#respond\"]}]},{\"@type\":\"WebPage\",\"@id\":\"https:\\\/\\\/www.notibras.com\\\/site\\\/o-brasil-mudou-um-pouco-pode-ou-nao-mudar-mais\\\/\",\"url\":\"https:\\\/\\\/www.notibras.com\\\/site\\\/o-brasil-mudou-um-pouco-pode-ou-nao-mudar-mais\\\/\",\"name\":\"O Brasil mudou um pouco. Pode (ou n\u00e3o) mudar mais - Notibras\",\"isPartOf\":{\"@id\":\"https:\\\/\\\/www.notibras.com\\\/site\\\/#website\"},\"primaryImageOfPage\":{\"@id\":\"https:\\\/\\\/www.notibras.com\\\/site\\\/o-brasil-mudou-um-pouco-pode-ou-nao-mudar-mais\\\/#primaryimage\"},\"image\":{\"@id\":\"https:\\\/\\\/www.notibras.com\\\/site\\\/o-brasil-mudou-um-pouco-pode-ou-nao-mudar-mais\\\/#primaryimage\"},\"thumbnailUrl\":\"https:\\\/\\\/www.notibras.com\\\/site\\\/wp-content\\\/uploads\\\/2014\\\/10\\\/p24.jpg\",\"datePublished\":\"2014-10-21T12:59:17+00:00\",\"breadcrumb\":{\"@id\":\"https:\\\/\\\/www.notibras.com\\\/site\\\/o-brasil-mudou-um-pouco-pode-ou-nao-mudar-mais\\\/#breadcrumb\"},\"inLanguage\":\"pt-BR\",\"potentialAction\":[{\"@type\":\"ReadAction\",\"target\":[\"https:\\\/\\\/www.notibras.com\\\/site\\\/o-brasil-mudou-um-pouco-pode-ou-nao-mudar-mais\\\/\"]}]},{\"@type\":\"ImageObject\",\"inLanguage\":\"pt-BR\",\"@id\":\"https:\\\/\\\/www.notibras.com\\\/site\\\/o-brasil-mudou-um-pouco-pode-ou-nao-mudar-mais\\\/#primaryimage\",\"url\":\"https:\\\/\\\/www.notibras.com\\\/site\\\/wp-content\\\/uploads\\\/2014\\\/10\\\/p24.jpg\",\"contentUrl\":\"https:\\\/\\\/www.notibras.com\\\/site\\\/wp-content\\\/uploads\\\/2014\\\/10\\\/p24.jpg\",\"width\":597,\"height\":336},{\"@type\":\"BreadcrumbList\",\"@id\":\"https:\\\/\\\/www.notibras.com\\\/site\\\/o-brasil-mudou-um-pouco-pode-ou-nao-mudar-mais\\\/#breadcrumb\",\"itemListElement\":[{\"@type\":\"ListItem\",\"position\":1,\"name\":\"In\u00edcio\",\"item\":\"https:\\\/\\\/www.notibras.com\\\/site\\\/\"},{\"@type\":\"ListItem\",\"position\":2,\"name\":\"O Brasil mudou um pouco. Pode (ou n\u00e3o) mudar mais\"}]},{\"@type\":\"WebSite\",\"@id\":\"https:\\\/\\\/www.notibras.com\\\/site\\\/#website\",\"url\":\"https:\\\/\\\/www.notibras.com\\\/site\\\/\",\"name\":\"Notibras\",\"description\":\"Not\u00edcias de Bras\u00edlia, do Brasil e do Mundo\",\"publisher\":{\"@id\":\"https:\\\/\\\/www.notibras.com\\\/site\\\/#organization\"},\"potentialAction\":[{\"@type\":\"SearchAction\",\"target\":{\"@type\":\"EntryPoint\",\"urlTemplate\":\"https:\\\/\\\/www.notibras.com\\\/site\\\/?s={search_term_string}\"},\"query-input\":{\"@type\":\"PropertyValueSpecification\",\"valueRequired\":true,\"valueName\":\"search_term_string\"}}],\"inLanguage\":\"pt-BR\"},{\"@type\":\"Organization\",\"@id\":\"https:\\\/\\\/www.notibras.com\\\/site\\\/#organization\",\"name\":\"Grupo Notibras de Comunica\u00e7\u00e3o\",\"url\":\"https:\\\/\\\/www.notibras.com\\\/site\\\/\",\"logo\":{\"@type\":\"ImageObject\",\"inLanguage\":\"pt-BR\",\"@id\":\"https:\\\/\\\/www.notibras.com\\\/site\\\/#\\\/schema\\\/logo\\\/image\\\/\",\"url\":\"https:\\\/\\\/www.notibras.com\\\/site\\\/wp-content\\\/uploads\\\/2023\\\/01\\\/notibras23.png\",\"contentUrl\":\"https:\\\/\\\/www.notibras.com\\\/site\\\/wp-content\\\/uploads\\\/2023\\\/01\\\/notibras23.png\",\"width\":350,\"height\":87,\"caption\":\"Grupo Notibras de Comunica\u00e7\u00e3o\"},\"image\":{\"@id\":\"https:\\\/\\\/www.notibras.com\\\/site\\\/#\\\/schema\\\/logo\\\/image\\\/\"},\"sameAs\":[\"https:\\\/\\\/www.facebook.com\\\/notibras\\\/\",\"https:\\\/\\\/x.com\\\/Notibras\",\"https:\\\/\\\/www.instagram.com\\\/notibras\\\/\"]},{\"@type\":\"Person\",\"@id\":\"https:\\\/\\\/www.notibras.com\\\/site\\\/#\\\/schema\\\/person\\\/36ab0979449956132d3e5b517ea76ac8\",\"name\":\"Reda\u00e7\u00e3o\",\"image\":{\"@type\":\"ImageObject\",\"inLanguage\":\"pt-BR\",\"@id\":\"https:\\\/\\\/secure.gravatar.com\\\/avatar\\\/e0a867bdedb85fd243eadf09663511f96fc81e0720a4a42581f334ad4303aa6b?s=96&d=mm&r=g\",\"url\":\"https:\\\/\\\/secure.gravatar.com\\\/avatar\\\/e0a867bdedb85fd243eadf09663511f96fc81e0720a4a42581f334ad4303aa6b?s=96&d=mm&r=g\",\"contentUrl\":\"https:\\\/\\\/secure.gravatar.com\\\/avatar\\\/e0a867bdedb85fd243eadf09663511f96fc81e0720a4a42581f334ad4303aa6b?s=96&d=mm&r=g\",\"caption\":\"Reda\u00e7\u00e3o\"}}]}<\/script>\n<!-- \/ Yoast SEO plugin. -->","yoast_head_json":{"title":"O Brasil mudou um pouco. Pode (ou n\u00e3o) mudar mais - Notibras","robots":{"index":"index","follow":"follow","max-snippet":"max-snippet:-1","max-image-preview":"max-image-preview:large","max-video-preview":"max-video-preview:-1"},"canonical":"https:\/\/www.notibras.com\/site\/o-brasil-mudou-um-pouco-pode-ou-nao-mudar-mais\/","og_locale":"pt_BR","og_type":"article","og_title":"O Brasil mudou um pouco. Pode (ou n\u00e3o) mudar mais - Notibras","og_description":"Na avalia\u00e7\u00e3o de Montenegro, o Brasil mudou um pouco depois das manifesta\u00e7\u00f5es do ano passado, depois das redes sociais, que est\u00e3o muito mais ativas que em 2010. Esta \u00e9 uma elei\u00e7\u00e3o plebiscit\u00e1ria. De um lado voc\u00ea tem um pessoal muito grato \u00e0 Dilma. Uma grande parte da popula\u00e7\u00e3o \u00e9 grata pelos avan\u00e7os sociais, e a [&hellip;]","og_url":"https:\/\/www.notibras.com\/site\/o-brasil-mudou-um-pouco-pode-ou-nao-mudar-mais\/","og_site_name":"Notibras","article_publisher":"https:\/\/www.facebook.com\/notibras\/","article_published_time":"2014-10-21T12:59:17+00:00","og_image":[{"width":597,"height":336,"url":"https:\/\/www.notibras.com\/site\/wp-content\/uploads\/2014\/10\/p24.jpg","type":"image\/jpeg"}],"author":"Reda\u00e7\u00e3o","twitter_card":"summary_large_image","twitter_creator":"@Notibras","twitter_site":"@Notibras","twitter_misc":{"Escrito por":"Reda\u00e7\u00e3o","Est. tempo de leitura":"1 minuto"},"schema":{"@context":"https:\/\/schema.org","@graph":[{"@type":"Article","@id":"https:\/\/www.notibras.com\/site\/o-brasil-mudou-um-pouco-pode-ou-nao-mudar-mais\/#article","isPartOf":{"@id":"https:\/\/www.notibras.com\/site\/o-brasil-mudou-um-pouco-pode-ou-nao-mudar-mais\/"},"author":{"name":"Reda\u00e7\u00e3o","@id":"https:\/\/www.notibras.com\/site\/#\/schema\/person\/36ab0979449956132d3e5b517ea76ac8"},"headline":"O Brasil mudou um pouco. Pode (ou n\u00e3o) mudar mais","datePublished":"2014-10-21T12:59:17+00:00","mainEntityOfPage":{"@id":"https:\/\/www.notibras.com\/site\/o-brasil-mudou-um-pouco-pode-ou-nao-mudar-mais\/"},"wordCount":161,"commentCount":0,"publisher":{"@id":"https:\/\/www.notibras.com\/site\/#organization"},"image":{"@id":"https:\/\/www.notibras.com\/site\/o-brasil-mudou-um-pouco-pode-ou-nao-mudar-mais\/#primaryimage"},"thumbnailUrl":"https:\/\/www.notibras.com\/site\/wp-content\/uploads\/2014\/10\/p24.jpg","articleSection":["Elei\u00e7\u00f5es 2022"],"inLanguage":"pt-BR","potentialAction":[{"@type":"CommentAction","name":"Comment","target":["https:\/\/www.notibras.com\/site\/o-brasil-mudou-um-pouco-pode-ou-nao-mudar-mais\/#respond"]}]},{"@type":"WebPage","@id":"https:\/\/www.notibras.com\/site\/o-brasil-mudou-um-pouco-pode-ou-nao-mudar-mais\/","url":"https:\/\/www.notibras.com\/site\/o-brasil-mudou-um-pouco-pode-ou-nao-mudar-mais\/","name":"O Brasil mudou um pouco. Pode (ou n\u00e3o) mudar mais - Notibras","isPartOf":{"@id":"https:\/\/www.notibras.com\/site\/#website"},"primaryImageOfPage":{"@id":"https:\/\/www.notibras.com\/site\/o-brasil-mudou-um-pouco-pode-ou-nao-mudar-mais\/#primaryimage"},"image":{"@id":"https:\/\/www.notibras.com\/site\/o-brasil-mudou-um-pouco-pode-ou-nao-mudar-mais\/#primaryimage"},"thumbnailUrl":"https:\/\/www.notibras.com\/site\/wp-content\/uploads\/2014\/10\/p24.jpg","datePublished":"2014-10-21T12:59:17+00:00","breadcrumb":{"@id":"https:\/\/www.notibras.com\/site\/o-brasil-mudou-um-pouco-pode-ou-nao-mudar-mais\/#breadcrumb"},"inLanguage":"pt-BR","potentialAction":[{"@type":"ReadAction","target":["https:\/\/www.notibras.com\/site\/o-brasil-mudou-um-pouco-pode-ou-nao-mudar-mais\/"]}]},{"@type":"ImageObject","inLanguage":"pt-BR","@id":"https:\/\/www.notibras.com\/site\/o-brasil-mudou-um-pouco-pode-ou-nao-mudar-mais\/#primaryimage","url":"https:\/\/www.notibras.com\/site\/wp-content\/uploads\/2014\/10\/p24.jpg","contentUrl":"https:\/\/www.notibras.com\/site\/wp-content\/uploads\/2014\/10\/p24.jpg","width":597,"height":336},{"@type":"BreadcrumbList","@id":"https:\/\/www.notibras.com\/site\/o-brasil-mudou-um-pouco-pode-ou-nao-mudar-mais\/#breadcrumb","itemListElement":[{"@type":"ListItem","position":1,"name":"In\u00edcio","item":"https:\/\/www.notibras.com\/site\/"},{"@type":"ListItem","position":2,"name":"O Brasil mudou um pouco. Pode (ou n\u00e3o) mudar mais"}]},{"@type":"WebSite","@id":"https:\/\/www.notibras.com\/site\/#website","url":"https:\/\/www.notibras.com\/site\/","name":"Notibras","description":"Not\u00edcias de Bras\u00edlia, do Brasil e do Mundo","publisher":{"@id":"https:\/\/www.notibras.com\/site\/#organization"},"potentialAction":[{"@type":"SearchAction","target":{"@type":"EntryPoint","urlTemplate":"https:\/\/www.notibras.com\/site\/?s={search_term_string}"},"query-input":{"@type":"PropertyValueSpecification","valueRequired":true,"valueName":"search_term_string"}}],"inLanguage":"pt-BR"},{"@type":"Organization","@id":"https:\/\/www.notibras.com\/site\/#organization","name":"Grupo Notibras de Comunica\u00e7\u00e3o","url":"https:\/\/www.notibras.com\/site\/","logo":{"@type":"ImageObject","inLanguage":"pt-BR","@id":"https:\/\/www.notibras.com\/site\/#\/schema\/logo\/image\/","url":"https:\/\/www.notibras.com\/site\/wp-content\/uploads\/2023\/01\/notibras23.png","contentUrl":"https:\/\/www.notibras.com\/site\/wp-content\/uploads\/2023\/01\/notibras23.png","width":350,"height":87,"caption":"Grupo Notibras de Comunica\u00e7\u00e3o"},"image":{"@id":"https:\/\/www.notibras.com\/site\/#\/schema\/logo\/image\/"},"sameAs":["https:\/\/www.facebook.com\/notibras\/","https:\/\/x.com\/Notibras","https:\/\/www.instagram.com\/notibras\/"]},{"@type":"Person","@id":"https:\/\/www.notibras.com\/site\/#\/schema\/person\/36ab0979449956132d3e5b517ea76ac8","name":"Reda\u00e7\u00e3o","image":{"@type":"ImageObject","inLanguage":"pt-BR","@id":"https:\/\/secure.gravatar.com\/avatar\/e0a867bdedb85fd243eadf09663511f96fc81e0720a4a42581f334ad4303aa6b?s=96&d=mm&r=g","url":"https:\/\/secure.gravatar.com\/avatar\/e0a867bdedb85fd243eadf09663511f96fc81e0720a4a42581f334ad4303aa6b?s=96&d=mm&r=g","contentUrl":"https:\/\/secure.gravatar.com\/avatar\/e0a867bdedb85fd243eadf09663511f96fc81e0720a4a42581f334ad4303aa6b?s=96&d=mm&r=g","caption":"Reda\u00e7\u00e3o"}}]}},"amp_enabled":true,"_links":{"self":[{"href":"https:\/\/www.notibras.com\/site\/wp-json\/wp\/v2\/posts\/25554","targetHints":{"allow":["GET"]}}],"collection":[{"href":"https:\/\/www.notibras.com\/site\/wp-json\/wp\/v2\/posts"}],"about":[{"href":"https:\/\/www.notibras.com\/site\/wp-json\/wp\/v2\/types\/post"}],"author":[{"embeddable":true,"href":"https:\/\/www.notibras.com\/site\/wp-json\/wp\/v2\/users\/2"}],"replies":[{"embeddable":true,"href":"https:\/\/www.notibras.com\/site\/wp-json\/wp\/v2\/comments?post=25554"}],"version-history":[{"count":0,"href":"https:\/\/www.notibras.com\/site\/wp-json\/wp\/v2\/posts\/25554\/revisions"}],"wp:featuredmedia":[{"embeddable":true,"href":"https:\/\/www.notibras.com\/site\/wp-json\/wp\/v2\/media\/25555"}],"wp:attachment":[{"href":"https:\/\/www.notibras.com\/site\/wp-json\/wp\/v2\/media?parent=25554"}],"wp:term":[{"taxonomy":"category","embeddable":true,"href":"https:\/\/www.notibras.com\/site\/wp-json\/wp\/v2\/categories?post=25554"},{"taxonomy":"post_tag","embeddable":true,"href":"https:\/\/www.notibras.com\/site\/wp-json\/wp\/v2\/tags?post=25554"}],"curies":[{"name":"wp","href":"https:\/\/api.w.org\/{rel}","templated":true}]}}