{"id":25564,"date":"2014-10-21T12:19:08","date_gmt":"2014-10-21T15:19:08","guid":{"rendered":"http:\/\/www.notibras.com\/site\/?p=25564"},"modified":"2014-10-21T22:04:54","modified_gmt":"2014-10-22T01:04:54","slug":"policia-federal-acusa-dilma-de-descumprir-acordo-e-anuncia-greve-geral-de-72-horas","status":"publish","type":"post","link":"https:\/\/www.notibras.com\/site\/policia-federal-acusa-dilma-de-descumprir-acordo-e-anuncia-greve-geral-de-72-horas\/","title":{"rendered":"PF acusa Dilma de descumprir acordo e inicia greve geral"},"content":{"rendered":"<p>A Federa\u00e7\u00e3o Nacional dos Policiais Federais anunciou nesta ter\u00e7a-feira (21) uma paralisa\u00e7\u00e3o de 72 horas. A greve come\u00e7a na quarta-feira 22 e se estende at\u00e9 a sexta 24. De acordo com a entidade, policiais de todos os Estados v\u00e3o participar do protesto.<\/p>\n<p>Segundo documento divulgado pela Federa\u00e7\u00e3o, a paralisa\u00e7\u00e3o foi motivada pelo n\u00e3o cumprimento pelo governo federal de &#8220;um acordo assinado no final da greve de 2012, no qual foi prometida a moderniza\u00e7\u00e3o da carreira na PF e o reconhecimento das atividades realizadas por todos servidores&#8221;.<\/p>\n<blockquote><p>Em nota, a Fenapej afirma que os agentes, escriv\u00e3es e papiloscopistas federais &#8220;reclamam do tratamento recebido depois das opera\u00e7\u00f5es anticorrup\u00e7\u00e3o da d\u00e9cada passada, pois s\u00e3o os \u00fanicos servidores federais com sal\u00e1rios congelados desde 2009, com uma perda de poder aquisitivo estimada em 45%, segundo o IPCA&#8221;.<\/p><\/blockquote>\n<p>Jones Borges Leal, presidente da entidade, afirmou que o estopim da paralisa\u00e7\u00e3o foi a\u00a0Medida Provis\u00f3ria 657: &#8220;Essa MP, ao inv\u00e9s de reconhecer os avan\u00e7os da PF dos \u00faltimos anos, volta no tempo para criar um cargo pol\u00edtico dentro da pol\u00edcia, tornando o \u00f3rg\u00e3o mais dividido e burocr\u00e1tico. Est\u00e3o recriando a pol\u00edcia fascista da ditadura militar&#8221;.<\/p>\n","protected":false},"excerpt":{"rendered":"<p>A Federa\u00e7\u00e3o Nacional dos Policiais Federais anunciou nesta ter\u00e7a-feira (21) uma paralisa\u00e7\u00e3o de 72 horas. A greve come\u00e7a na quarta-feira 22 e se estende at\u00e9 a sexta 24. De acordo com a entidade, policiais de todos os Estados v\u00e3o participar do protesto. Segundo documento divulgado pela Federa\u00e7\u00e3o, a paralisa\u00e7\u00e3o foi motivada pelo n\u00e3o cumprimento pelo [&hellip;]<\/p>\n","protected":false},"author":2,"featured_media":25565,"comment_status":"open","ping_status":"closed","sticky":false,"template":"","format":"standard","meta":{"_acf_changed":false,"footnotes":""},"categories":[16],"tags":[],"class_list":["post-25564","post","type-post","status-publish","format-standard","has-post-thumbnail","hentry","category-brasil"],"acf":[],"yoast_head":"<!-- This site is optimized with the Yoast SEO plugin v27.5 - https:\/\/yoast.com\/product\/yoast-seo-wordpress\/ -->\n<title>PF acusa Dilma de descumprir acordo e inicia greve geral - Notibras<\/title>\n<meta name=\"robots\" content=\"index, follow, max-snippet:-1, max-image-preview:large, max-video-preview:-1\" \/>\n<link rel=\"canonical\" href=\"https:\/\/www.notibras.com\/site\/policia-federal-acusa-dilma-de-descumprir-acordo-e-anuncia-greve-geral-de-72-horas\/\" \/>\n<meta property=\"og:locale\" content=\"pt_BR\" \/>\n<meta property=\"og:type\" content=\"article\" \/>\n<meta property=\"og:title\" content=\"PF acusa Dilma de descumprir acordo e inicia greve geral - Notibras\" \/>\n<meta property=\"og:description\" content=\"A Federa\u00e7\u00e3o Nacional dos Policiais Federais anunciou nesta ter\u00e7a-feira (21) uma paralisa\u00e7\u00e3o de 72 horas. A greve come\u00e7a na quarta-feira 22 e se estende at\u00e9 a sexta 24. De acordo com a entidade, policiais de todos os Estados v\u00e3o participar do protesto. Segundo documento divulgado pela Federa\u00e7\u00e3o, a paralisa\u00e7\u00e3o foi motivada pelo n\u00e3o cumprimento pelo [&hellip;]\" \/>\n<meta property=\"og:url\" content=\"https:\/\/www.notibras.com\/site\/policia-federal-acusa-dilma-de-descumprir-acordo-e-anuncia-greve-geral-de-72-horas\/\" \/>\n<meta property=\"og:site_name\" content=\"Notibras\" \/>\n<meta property=\"article:publisher\" content=\"https:\/\/www.facebook.com\/notibras\/\" \/>\n<meta property=\"article:published_time\" content=\"2014-10-21T15:19:08+00:00\" \/>\n<meta property=\"article:modified_time\" content=\"2014-10-22T01:04:54+00:00\" \/>\n<meta property=\"og:image\" content=\"https:\/\/www.notibras.com\/site\/wp-content\/uploads\/2014\/10\/972nfnln4ezufjhzl98xpkgwj.jpg\" \/>\n\t<meta property=\"og:image:width\" content=\"652\" \/>\n\t<meta property=\"og:image:height\" content=\"408\" \/>\n\t<meta property=\"og:image:type\" content=\"image\/jpeg\" \/>\n<meta name=\"author\" content=\"Reda\u00e7\u00e3o\" \/>\n<meta name=\"twitter:card\" content=\"summary_large_image\" \/>\n<meta name=\"twitter:creator\" content=\"@Notibras\" \/>\n<meta name=\"twitter:site\" content=\"@Notibras\" \/>\n<meta name=\"twitter:label1\" content=\"Escrito por\" \/>\n\t<meta name=\"twitter:data1\" content=\"Reda\u00e7\u00e3o\" \/>\n\t<meta name=\"twitter:label2\" content=\"Est. tempo de leitura\" \/>\n\t<meta name=\"twitter:data2\" content=\"1 minuto\" \/>\n<script type=\"application\/ld+json\" class=\"yoast-schema-graph\">{\"@context\":\"https:\\\/\\\/schema.org\",\"@graph\":[{\"@type\":\"Article\",\"@id\":\"https:\\\/\\\/www.notibras.com\\\/site\\\/policia-federal-acusa-dilma-de-descumprir-acordo-e-anuncia-greve-geral-de-72-horas\\\/#article\",\"isPartOf\":{\"@id\":\"https:\\\/\\\/www.notibras.com\\\/site\\\/policia-federal-acusa-dilma-de-descumprir-acordo-e-anuncia-greve-geral-de-72-horas\\\/\"},\"author\":{\"name\":\"Reda\u00e7\u00e3o\",\"@id\":\"https:\\\/\\\/www.notibras.com\\\/site\\\/#\\\/schema\\\/person\\\/36ab0979449956132d3e5b517ea76ac8\"},\"headline\":\"PF acusa Dilma de descumprir acordo e inicia greve geral\",\"datePublished\":\"2014-10-21T15:19:08+00:00\",\"dateModified\":\"2014-10-22T01:04:54+00:00\",\"mainEntityOfPage\":{\"@id\":\"https:\\\/\\\/www.notibras.com\\\/site\\\/policia-federal-acusa-dilma-de-descumprir-acordo-e-anuncia-greve-geral-de-72-horas\\\/\"},\"wordCount\":215,\"commentCount\":0,\"publisher\":{\"@id\":\"https:\\\/\\\/www.notibras.com\\\/site\\\/#organization\"},\"image\":{\"@id\":\"https:\\\/\\\/www.notibras.com\\\/site\\\/policia-federal-acusa-dilma-de-descumprir-acordo-e-anuncia-greve-geral-de-72-horas\\\/#primaryimage\"},\"thumbnailUrl\":\"https:\\\/\\\/www.notibras.com\\\/site\\\/wp-content\\\/uploads\\\/2014\\\/10\\\/972nfnln4ezufjhzl98xpkgwj.jpg\",\"articleSection\":[\"Brasil\"],\"inLanguage\":\"pt-BR\",\"potentialAction\":[{\"@type\":\"CommentAction\",\"name\":\"Comment\",\"target\":[\"https:\\\/\\\/www.notibras.com\\\/site\\\/policia-federal-acusa-dilma-de-descumprir-acordo-e-anuncia-greve-geral-de-72-horas\\\/#respond\"]}]},{\"@type\":\"WebPage\",\"@id\":\"https:\\\/\\\/www.notibras.com\\\/site\\\/policia-federal-acusa-dilma-de-descumprir-acordo-e-anuncia-greve-geral-de-72-horas\\\/\",\"url\":\"https:\\\/\\\/www.notibras.com\\\/site\\\/policia-federal-acusa-dilma-de-descumprir-acordo-e-anuncia-greve-geral-de-72-horas\\\/\",\"name\":\"PF acusa Dilma de descumprir acordo e inicia greve geral - Notibras\",\"isPartOf\":{\"@id\":\"https:\\\/\\\/www.notibras.com\\\/site\\\/#website\"},\"primaryImageOfPage\":{\"@id\":\"https:\\\/\\\/www.notibras.com\\\/site\\\/policia-federal-acusa-dilma-de-descumprir-acordo-e-anuncia-greve-geral-de-72-horas\\\/#primaryimage\"},\"image\":{\"@id\":\"https:\\\/\\\/www.notibras.com\\\/site\\\/policia-federal-acusa-dilma-de-descumprir-acordo-e-anuncia-greve-geral-de-72-horas\\\/#primaryimage\"},\"thumbnailUrl\":\"https:\\\/\\\/www.notibras.com\\\/site\\\/wp-content\\\/uploads\\\/2014\\\/10\\\/972nfnln4ezufjhzl98xpkgwj.jpg\",\"datePublished\":\"2014-10-21T15:19:08+00:00\",\"dateModified\":\"2014-10-22T01:04:54+00:00\",\"breadcrumb\":{\"@id\":\"https:\\\/\\\/www.notibras.com\\\/site\\\/policia-federal-acusa-dilma-de-descumprir-acordo-e-anuncia-greve-geral-de-72-horas\\\/#breadcrumb\"},\"inLanguage\":\"pt-BR\",\"potentialAction\":[{\"@type\":\"ReadAction\",\"target\":[\"https:\\\/\\\/www.notibras.com\\\/site\\\/policia-federal-acusa-dilma-de-descumprir-acordo-e-anuncia-greve-geral-de-72-horas\\\/\"]}]},{\"@type\":\"ImageObject\",\"inLanguage\":\"pt-BR\",\"@id\":\"https:\\\/\\\/www.notibras.com\\\/site\\\/policia-federal-acusa-dilma-de-descumprir-acordo-e-anuncia-greve-geral-de-72-horas\\\/#primaryimage\",\"url\":\"https:\\\/\\\/www.notibras.com\\\/site\\\/wp-content\\\/uploads\\\/2014\\\/10\\\/972nfnln4ezufjhzl98xpkgwj.jpg\",\"contentUrl\":\"https:\\\/\\\/www.notibras.com\\\/site\\\/wp-content\\\/uploads\\\/2014\\\/10\\\/972nfnln4ezufjhzl98xpkgwj.jpg\",\"width\":652,\"height\":408},{\"@type\":\"BreadcrumbList\",\"@id\":\"https:\\\/\\\/www.notibras.com\\\/site\\\/policia-federal-acusa-dilma-de-descumprir-acordo-e-anuncia-greve-geral-de-72-horas\\\/#breadcrumb\",\"itemListElement\":[{\"@type\":\"ListItem\",\"position\":1,\"name\":\"In\u00edcio\",\"item\":\"https:\\\/\\\/www.notibras.com\\\/site\\\/\"},{\"@type\":\"ListItem\",\"position\":2,\"name\":\"PF acusa Dilma de descumprir acordo e inicia greve geral\"}]},{\"@type\":\"WebSite\",\"@id\":\"https:\\\/\\\/www.notibras.com\\\/site\\\/#website\",\"url\":\"https:\\\/\\\/www.notibras.com\\\/site\\\/\",\"name\":\"Notibras\",\"description\":\"Not\u00edcias de Bras\u00edlia, do Brasil e do Mundo\",\"publisher\":{\"@id\":\"https:\\\/\\\/www.notibras.com\\\/site\\\/#organization\"},\"potentialAction\":[{\"@type\":\"SearchAction\",\"target\":{\"@type\":\"EntryPoint\",\"urlTemplate\":\"https:\\\/\\\/www.notibras.com\\\/site\\\/?s={search_term_string}\"},\"query-input\":{\"@type\":\"PropertyValueSpecification\",\"valueRequired\":true,\"valueName\":\"search_term_string\"}}],\"inLanguage\":\"pt-BR\"},{\"@type\":\"Organization\",\"@id\":\"https:\\\/\\\/www.notibras.com\\\/site\\\/#organization\",\"name\":\"Grupo Notibras de Comunica\u00e7\u00e3o\",\"url\":\"https:\\\/\\\/www.notibras.com\\\/site\\\/\",\"logo\":{\"@type\":\"ImageObject\",\"inLanguage\":\"pt-BR\",\"@id\":\"https:\\\/\\\/www.notibras.com\\\/site\\\/#\\\/schema\\\/logo\\\/image\\\/\",\"url\":\"https:\\\/\\\/www.notibras.com\\\/site\\\/wp-content\\\/uploads\\\/2023\\\/01\\\/notibras23.png\",\"contentUrl\":\"https:\\\/\\\/www.notibras.com\\\/site\\\/wp-content\\\/uploads\\\/2023\\\/01\\\/notibras23.png\",\"width\":350,\"height\":87,\"caption\":\"Grupo Notibras de Comunica\u00e7\u00e3o\"},\"image\":{\"@id\":\"https:\\\/\\\/www.notibras.com\\\/site\\\/#\\\/schema\\\/logo\\\/image\\\/\"},\"sameAs\":[\"https:\\\/\\\/www.facebook.com\\\/notibras\\\/\",\"https:\\\/\\\/x.com\\\/Notibras\",\"https:\\\/\\\/www.instagram.com\\\/notibras\\\/\"]},{\"@type\":\"Person\",\"@id\":\"https:\\\/\\\/www.notibras.com\\\/site\\\/#\\\/schema\\\/person\\\/36ab0979449956132d3e5b517ea76ac8\",\"name\":\"Reda\u00e7\u00e3o\",\"image\":{\"@type\":\"ImageObject\",\"inLanguage\":\"pt-BR\",\"@id\":\"https:\\\/\\\/secure.gravatar.com\\\/avatar\\\/e0a867bdedb85fd243eadf09663511f96fc81e0720a4a42581f334ad4303aa6b?s=96&d=mm&r=g\",\"url\":\"https:\\\/\\\/secure.gravatar.com\\\/avatar\\\/e0a867bdedb85fd243eadf09663511f96fc81e0720a4a42581f334ad4303aa6b?s=96&d=mm&r=g\",\"contentUrl\":\"https:\\\/\\\/secure.gravatar.com\\\/avatar\\\/e0a867bdedb85fd243eadf09663511f96fc81e0720a4a42581f334ad4303aa6b?s=96&d=mm&r=g\",\"caption\":\"Reda\u00e7\u00e3o\"}}]}<\/script>\n<!-- \/ Yoast SEO plugin. -->","yoast_head_json":{"title":"PF acusa Dilma de descumprir acordo e inicia greve geral - Notibras","robots":{"index":"index","follow":"follow","max-snippet":"max-snippet:-1","max-image-preview":"max-image-preview:large","max-video-preview":"max-video-preview:-1"},"canonical":"https:\/\/www.notibras.com\/site\/policia-federal-acusa-dilma-de-descumprir-acordo-e-anuncia-greve-geral-de-72-horas\/","og_locale":"pt_BR","og_type":"article","og_title":"PF acusa Dilma de descumprir acordo e inicia greve geral - Notibras","og_description":"A Federa\u00e7\u00e3o Nacional dos Policiais Federais anunciou nesta ter\u00e7a-feira (21) uma paralisa\u00e7\u00e3o de 72 horas. A greve come\u00e7a na quarta-feira 22 e se estende at\u00e9 a sexta 24. De acordo com a entidade, policiais de todos os Estados v\u00e3o participar do protesto. Segundo documento divulgado pela Federa\u00e7\u00e3o, a paralisa\u00e7\u00e3o foi motivada pelo n\u00e3o cumprimento pelo [&hellip;]","og_url":"https:\/\/www.notibras.com\/site\/policia-federal-acusa-dilma-de-descumprir-acordo-e-anuncia-greve-geral-de-72-horas\/","og_site_name":"Notibras","article_publisher":"https:\/\/www.facebook.com\/notibras\/","article_published_time":"2014-10-21T15:19:08+00:00","article_modified_time":"2014-10-22T01:04:54+00:00","og_image":[{"width":652,"height":408,"url":"https:\/\/www.notibras.com\/site\/wp-content\/uploads\/2014\/10\/972nfnln4ezufjhzl98xpkgwj.jpg","type":"image\/jpeg"}],"author":"Reda\u00e7\u00e3o","twitter_card":"summary_large_image","twitter_creator":"@Notibras","twitter_site":"@Notibras","twitter_misc":{"Escrito por":"Reda\u00e7\u00e3o","Est. tempo de leitura":"1 minuto"},"schema":{"@context":"https:\/\/schema.org","@graph":[{"@type":"Article","@id":"https:\/\/www.notibras.com\/site\/policia-federal-acusa-dilma-de-descumprir-acordo-e-anuncia-greve-geral-de-72-horas\/#article","isPartOf":{"@id":"https:\/\/www.notibras.com\/site\/policia-federal-acusa-dilma-de-descumprir-acordo-e-anuncia-greve-geral-de-72-horas\/"},"author":{"name":"Reda\u00e7\u00e3o","@id":"https:\/\/www.notibras.com\/site\/#\/schema\/person\/36ab0979449956132d3e5b517ea76ac8"},"headline":"PF acusa Dilma de descumprir acordo e inicia greve geral","datePublished":"2014-10-21T15:19:08+00:00","dateModified":"2014-10-22T01:04:54+00:00","mainEntityOfPage":{"@id":"https:\/\/www.notibras.com\/site\/policia-federal-acusa-dilma-de-descumprir-acordo-e-anuncia-greve-geral-de-72-horas\/"},"wordCount":215,"commentCount":0,"publisher":{"@id":"https:\/\/www.notibras.com\/site\/#organization"},"image":{"@id":"https:\/\/www.notibras.com\/site\/policia-federal-acusa-dilma-de-descumprir-acordo-e-anuncia-greve-geral-de-72-horas\/#primaryimage"},"thumbnailUrl":"https:\/\/www.notibras.com\/site\/wp-content\/uploads\/2014\/10\/972nfnln4ezufjhzl98xpkgwj.jpg","articleSection":["Brasil"],"inLanguage":"pt-BR","potentialAction":[{"@type":"CommentAction","name":"Comment","target":["https:\/\/www.notibras.com\/site\/policia-federal-acusa-dilma-de-descumprir-acordo-e-anuncia-greve-geral-de-72-horas\/#respond"]}]},{"@type":"WebPage","@id":"https:\/\/www.notibras.com\/site\/policia-federal-acusa-dilma-de-descumprir-acordo-e-anuncia-greve-geral-de-72-horas\/","url":"https:\/\/www.notibras.com\/site\/policia-federal-acusa-dilma-de-descumprir-acordo-e-anuncia-greve-geral-de-72-horas\/","name":"PF acusa Dilma de descumprir acordo e inicia greve geral - Notibras","isPartOf":{"@id":"https:\/\/www.notibras.com\/site\/#website"},"primaryImageOfPage":{"@id":"https:\/\/www.notibras.com\/site\/policia-federal-acusa-dilma-de-descumprir-acordo-e-anuncia-greve-geral-de-72-horas\/#primaryimage"},"image":{"@id":"https:\/\/www.notibras.com\/site\/policia-federal-acusa-dilma-de-descumprir-acordo-e-anuncia-greve-geral-de-72-horas\/#primaryimage"},"thumbnailUrl":"https:\/\/www.notibras.com\/site\/wp-content\/uploads\/2014\/10\/972nfnln4ezufjhzl98xpkgwj.jpg","datePublished":"2014-10-21T15:19:08+00:00","dateModified":"2014-10-22T01:04:54+00:00","breadcrumb":{"@id":"https:\/\/www.notibras.com\/site\/policia-federal-acusa-dilma-de-descumprir-acordo-e-anuncia-greve-geral-de-72-horas\/#breadcrumb"},"inLanguage":"pt-BR","potentialAction":[{"@type":"ReadAction","target":["https:\/\/www.notibras.com\/site\/policia-federal-acusa-dilma-de-descumprir-acordo-e-anuncia-greve-geral-de-72-horas\/"]}]},{"@type":"ImageObject","inLanguage":"pt-BR","@id":"https:\/\/www.notibras.com\/site\/policia-federal-acusa-dilma-de-descumprir-acordo-e-anuncia-greve-geral-de-72-horas\/#primaryimage","url":"https:\/\/www.notibras.com\/site\/wp-content\/uploads\/2014\/10\/972nfnln4ezufjhzl98xpkgwj.jpg","contentUrl":"https:\/\/www.notibras.com\/site\/wp-content\/uploads\/2014\/10\/972nfnln4ezufjhzl98xpkgwj.jpg","width":652,"height":408},{"@type":"BreadcrumbList","@id":"https:\/\/www.notibras.com\/site\/policia-federal-acusa-dilma-de-descumprir-acordo-e-anuncia-greve-geral-de-72-horas\/#breadcrumb","itemListElement":[{"@type":"ListItem","position":1,"name":"In\u00edcio","item":"https:\/\/www.notibras.com\/site\/"},{"@type":"ListItem","position":2,"name":"PF acusa Dilma de descumprir acordo e inicia greve geral"}]},{"@type":"WebSite","@id":"https:\/\/www.notibras.com\/site\/#website","url":"https:\/\/www.notibras.com\/site\/","name":"Notibras","description":"Not\u00edcias de Bras\u00edlia, do Brasil e do Mundo","publisher":{"@id":"https:\/\/www.notibras.com\/site\/#organization"},"potentialAction":[{"@type":"SearchAction","target":{"@type":"EntryPoint","urlTemplate":"https:\/\/www.notibras.com\/site\/?s={search_term_string}"},"query-input":{"@type":"PropertyValueSpecification","valueRequired":true,"valueName":"search_term_string"}}],"inLanguage":"pt-BR"},{"@type":"Organization","@id":"https:\/\/www.notibras.com\/site\/#organization","name":"Grupo Notibras de Comunica\u00e7\u00e3o","url":"https:\/\/www.notibras.com\/site\/","logo":{"@type":"ImageObject","inLanguage":"pt-BR","@id":"https:\/\/www.notibras.com\/site\/#\/schema\/logo\/image\/","url":"https:\/\/www.notibras.com\/site\/wp-content\/uploads\/2023\/01\/notibras23.png","contentUrl":"https:\/\/www.notibras.com\/site\/wp-content\/uploads\/2023\/01\/notibras23.png","width":350,"height":87,"caption":"Grupo Notibras de Comunica\u00e7\u00e3o"},"image":{"@id":"https:\/\/www.notibras.com\/site\/#\/schema\/logo\/image\/"},"sameAs":["https:\/\/www.facebook.com\/notibras\/","https:\/\/x.com\/Notibras","https:\/\/www.instagram.com\/notibras\/"]},{"@type":"Person","@id":"https:\/\/www.notibras.com\/site\/#\/schema\/person\/36ab0979449956132d3e5b517ea76ac8","name":"Reda\u00e7\u00e3o","image":{"@type":"ImageObject","inLanguage":"pt-BR","@id":"https:\/\/secure.gravatar.com\/avatar\/e0a867bdedb85fd243eadf09663511f96fc81e0720a4a42581f334ad4303aa6b?s=96&d=mm&r=g","url":"https:\/\/secure.gravatar.com\/avatar\/e0a867bdedb85fd243eadf09663511f96fc81e0720a4a42581f334ad4303aa6b?s=96&d=mm&r=g","contentUrl":"https:\/\/secure.gravatar.com\/avatar\/e0a867bdedb85fd243eadf09663511f96fc81e0720a4a42581f334ad4303aa6b?s=96&d=mm&r=g","caption":"Reda\u00e7\u00e3o"}}]}},"amp_enabled":true,"_links":{"self":[{"href":"https:\/\/www.notibras.com\/site\/wp-json\/wp\/v2\/posts\/25564","targetHints":{"allow":["GET"]}}],"collection":[{"href":"https:\/\/www.notibras.com\/site\/wp-json\/wp\/v2\/posts"}],"about":[{"href":"https:\/\/www.notibras.com\/site\/wp-json\/wp\/v2\/types\/post"}],"author":[{"embeddable":true,"href":"https:\/\/www.notibras.com\/site\/wp-json\/wp\/v2\/users\/2"}],"replies":[{"embeddable":true,"href":"https:\/\/www.notibras.com\/site\/wp-json\/wp\/v2\/comments?post=25564"}],"version-history":[{"count":0,"href":"https:\/\/www.notibras.com\/site\/wp-json\/wp\/v2\/posts\/25564\/revisions"}],"wp:featuredmedia":[{"embeddable":true,"href":"https:\/\/www.notibras.com\/site\/wp-json\/wp\/v2\/media\/25565"}],"wp:attachment":[{"href":"https:\/\/www.notibras.com\/site\/wp-json\/wp\/v2\/media?parent=25564"}],"wp:term":[{"taxonomy":"category","embeddable":true,"href":"https:\/\/www.notibras.com\/site\/wp-json\/wp\/v2\/categories?post=25564"},{"taxonomy":"post_tag","embeddable":true,"href":"https:\/\/www.notibras.com\/site\/wp-json\/wp\/v2\/tags?post=25564"}],"curies":[{"name":"wp","href":"https:\/\/api.w.org\/{rel}","templated":true}]}}