{"id":25580,"date":"2014-10-21T20:18:59","date_gmt":"2014-10-21T23:18:59","guid":{"rendered":"http:\/\/www.notibras.com\/site\/?p=25580"},"modified":"2014-10-21T20:21:21","modified_gmt":"2014-10-21T23:21:21","slug":"eleicoes-2014-o-desmanche-dos-candidatos-de-laboratorio","status":"publish","type":"post","link":"https:\/\/www.notibras.com\/site\/eleicoes-2014-o-desmanche-dos-candidatos-de-laboratorio\/","title":{"rendered":"Elei\u00e7\u00f5es 2014 &#8211; o desmanche dos candidatos de laborat\u00f3rio"},"content":{"rendered":"<p>As elei\u00e7\u00f5es s\u00e3o democr\u00e1ticas n\u00e3o propriamente pelo que produzem, mas pelo que revelam. Examinemos o caso deste pol\u00edtico mineiro ungido como rapaz maravilha e defensor da moralidade e da \u00e9tica, e o da l\u00edder ecol\u00f3gica paladina da nova pol\u00edtica. Apenas alguns dias de debates na TV, de hor\u00e1rio eleitoral e de intera\u00e7\u00e3o nas redes sociais foram suficientes para que eles mesmos se desnudassem diante de um eleitorado estarrecido e indignado.<\/p>\n<p>O primeiro admitiu ter sido funcion\u00e1rio fantasma desde quando mal tinha sa\u00eddo da adolesc\u00eancia e, j\u00e1 como governador de seu Estado, ter constru\u00eddo aeroportos nas terras de parentes, onde costuma passar f\u00e9rias. A segunda, que costuma alardear sua origem sofrida no Acre, n\u00e3o conseguiu explicar porque n\u00e3o declarou ao Imposto de Renda os financiamentos internacionais que recebeu para as suas ONGs e sua conta banc\u00e1ria, nem que tipo de neopol\u00edtica \u00e9 essa que a levou a fazer acordos com o que h\u00e1 de mais retr\u00f3grado na pol\u00edtica brasileira.<\/p>\n<blockquote><p>E dizer que nossos filhos costumam surfar nessas ondas midi\u00e1ticas.\u00a0 Pequena dose de reflex\u00e3o \u00e9 suficiente para entender\u00a0 a g\u00eanese desses fen\u00f4menos que surgem a cada elei\u00e7\u00e3o presidencial. Beneficiados com gordos espa\u00e7os nos meios de comunica\u00e7\u00e3o, sobretudo de TV, esses tipos se infiltram no imagin\u00e1rio popular como portadores de poderes m\u00e1gicos capazes de acabar com a corrup\u00e7\u00e3o, a criminalidade e a infla\u00e7\u00e3o, males cr\u00f4nicos que todos abominamos.<\/p><\/blockquote>\n<p>Ningu\u00e9m at\u00e9 h\u00e1 pouco podia question\u00e1-los, porque todas as TVs, r\u00e1dios e jornais, proclamam em un\u00edssono suas qualidades, enquanto desmontam eventuais advers\u00e1rios com doses cavalares de den\u00fancias de corrup\u00e7\u00e3o, mal feitos e at\u00e9 de\u00a0 falta de honradez pessoal. Como esses advers\u00e1rios jamais conseguiriam espa\u00e7os para projetar-se defender-se da ub\u00edqua m\u00eddia, eles logo tendem a cair na descren\u00e7a e na m\u00e1 vontade da grande maioria das pessoas. J\u00e1 os elegidos pelos deuses se arvoram em l\u00edderes impolutos, com assento garantido nos primeiros lugares das pesquisas de opini\u00e3o, outro aparato midi\u00e1tico de igual caracter\u00edstica manipulat\u00f3ria.<\/p>\n<p>A\u00e9cio Neves e Marina Silva tendiam a repetir com \u00eaxito o papel de seus antecessores na nossa hist\u00f3ria pol\u00edtica. Antigamente, o monop\u00f3lio da informa\u00e7\u00e3o exercido pelos grandes ve\u00edculos conseguia derrubar presidentes em pleno exerc\u00edcio do mandato constitucional (casos de Get\u00falio, em 1954, e\u00a0 de Jango, em 1964), pelo golpe armado, ou ou por manobras legais e eleitorais, impingindo a bel prazer seus candidatos. Get\u00falio foi levado ao suic\u00eddio, no \u00faltimo ano de governo, em 1954, devido a uma campanha de desmoraliza\u00e7\u00e3o liderada pelo jornalista Carlos Lacerda, tendo como sustent\u00e1culo as grandes cadeias de comunica\u00e7\u00e3o da \u00e9poca \u2013\u00a0 Di\u00e1rios Associados, O Globo e O Estado de S. Paulo. O mesmo Lacerda, os mesmos ve\u00edculos de comunica\u00e7\u00e3o e a mesma mensagem reacion\u00e1ria depuseram Jo\u00e3o Goulart, no meio do governo, e instauraram uma ditadura c\u00edvico-militar de 22 anos.<\/p>\n<blockquote><p>Mais recentemente, tivemos os golpes eleitorais que propulsionaram Fernando Collor (1989) e Fernando Henrique Cardoso, o FHC, este \u00faltimo ganhando duas vezes a presid\u00eancia de virada a elei\u00e7\u00e3o de primeiro turno, em 1994 e 1998. Na rabeira ficavam os candidatos aut\u00eanticos de movimentos populares e nacionalistas Leonel Brizola e Lu\u00eds In\u00e1cio Lula da Silva.<\/p><\/blockquote>\n<p>Nesta elei\u00e7\u00e3o de 2014, contudo, as novas ferramentas de comunica\u00e7\u00e3o tiveram um papel mais decisivo. Elas propiciaram o revigoramento do hor\u00e1rio eleitoral em cadeia nacional de r\u00e1dio e televis\u00e3o, com\u00a0 os partidos pol\u00edticos recebendo espa\u00e7o proporcional \u00e0s suas for\u00e7as no Congresso, e o desenvolvimento das redes sociais na internet. Dessa forma, os candidatos n\u00e3o bafejados pela m\u00eddia tiveram algum espa\u00e7o de comunica\u00e7\u00e3o para, n\u00e3o s\u00f3 apresentar seus programas alternativos de governo, como mostrar a face verdadeira de seus advers\u00e1rios. E tamb\u00e9m for\u00e7aram as grandes redes de TV, pelo receio de perder audi\u00eancia, a fazer debates mais equitativos.<\/p>\n<p>Tudo dentro das regras da transpar\u00eancia, com o saud\u00e1vel confronto de ideias, curr\u00edculos e vida pregressa, com cada lado tendo igual espa\u00e7o e tempo para defender-se. A m\u00eddia hegem\u00f4nica, por ter perdido seu poder absoluto de monop\u00f3lio da verdade e da opini\u00e3o, tenta agora rotular de \u201cbaixaria\u201d e \u201cjogo de vale-tudo\u201d a saud\u00e1vel pr\u00e1tica, quando viu de repente desmontadas suas manobras de desinforma\u00e7\u00e3o e de manipula\u00e7\u00e3o, no seu af\u00e3 de continuar mandando e ditando regras para os tr\u00eas poderes da Rep\u00fablica.<\/p>\n<p>Se a verdade eleitoral prevalecer e n\u00e3o for v\u00edtima da reedi\u00e7\u00e3o de um esc\u00e2ndalo Proconsult, como ocorreu em 1982, poderemos ter as primeiras elei\u00e7\u00f5es verdadeiramente democr\u00e1ticas no Brasil, desde 1950. Mas o perigo da fraude da urna eletr\u00f4nica ainda persiste, sobretudo porque conhecemos a hist\u00f3ria de elei\u00e7\u00f5es roubadas com o maior descaramento no M\u00e9xico e mesmo nos Estados Unidos. De qualquer maneira, valeu a experi\u00eancia de fazer prevalecer a verdade sobre os novos fariseus.<\/p>\n<p>Leite Filho (<a title=\"Este link externo ir\u00e1 abrir em nova janela\" href=\"http:\/\/cafenapolitica.com.br\" target=\"_blank\">http:\/\/cafenapolitica.com.br<\/a>)<\/p>\n","protected":false},"excerpt":{"rendered":"<p>As elei\u00e7\u00f5es s\u00e3o democr\u00e1ticas n\u00e3o propriamente pelo que produzem, mas pelo que revelam. Examinemos o caso deste pol\u00edtico mineiro ungido como rapaz maravilha e defensor da moralidade e da \u00e9tica, e o da l\u00edder ecol\u00f3gica paladina da nova pol\u00edtica. Apenas alguns dias de debates na TV, de hor\u00e1rio eleitoral e de intera\u00e7\u00e3o nas redes sociais [&hellip;]<\/p>\n","protected":false},"author":2,"featured_media":25583,"comment_status":"open","ping_status":"closed","sticky":false,"template":"","format":"standard","meta":{"_acf_changed":false,"footnotes":""},"categories":[25],"tags":[],"class_list":["post-25580","post","type-post","status-publish","format-standard","has-post-thumbnail","hentry","category-opina-ai"],"acf":[],"yoast_head":"<!-- This site is optimized with the Yoast SEO plugin v27.5 - https:\/\/yoast.com\/product\/yoast-seo-wordpress\/ -->\n<title>Elei\u00e7\u00f5es 2014 - o desmanche dos candidatos de laborat\u00f3rio - Notibras<\/title>\n<meta name=\"robots\" content=\"index, follow, max-snippet:-1, max-image-preview:large, max-video-preview:-1\" \/>\n<link rel=\"canonical\" href=\"https:\/\/www.notibras.com\/site\/eleicoes-2014-o-desmanche-dos-candidatos-de-laboratorio\/\" \/>\n<meta property=\"og:locale\" content=\"pt_BR\" \/>\n<meta property=\"og:type\" content=\"article\" \/>\n<meta property=\"og:title\" content=\"Elei\u00e7\u00f5es 2014 - o desmanche dos candidatos de laborat\u00f3rio - Notibras\" \/>\n<meta property=\"og:description\" content=\"As elei\u00e7\u00f5es s\u00e3o democr\u00e1ticas n\u00e3o propriamente pelo que produzem, mas pelo que revelam. Examinemos o caso deste pol\u00edtico mineiro ungido como rapaz maravilha e defensor da moralidade e da \u00e9tica, e o da l\u00edder ecol\u00f3gica paladina da nova pol\u00edtica. Apenas alguns dias de debates na TV, de hor\u00e1rio eleitoral e de intera\u00e7\u00e3o nas redes sociais [&hellip;]\" \/>\n<meta property=\"og:url\" content=\"https:\/\/www.notibras.com\/site\/eleicoes-2014-o-desmanche-dos-candidatos-de-laboratorio\/\" \/>\n<meta property=\"og:site_name\" content=\"Notibras\" \/>\n<meta property=\"article:publisher\" content=\"https:\/\/www.facebook.com\/notibras\/\" \/>\n<meta property=\"article:published_time\" content=\"2014-10-21T23:18:59+00:00\" \/>\n<meta property=\"article:modified_time\" content=\"2014-10-21T23:21:21+00:00\" \/>\n<meta property=\"og:image\" content=\"https:\/\/www.notibras.com\/site\/wp-content\/uploads\/2014\/10\/447222-970x600-1.jpeg\" \/>\n\t<meta property=\"og:image:width\" content=\"970\" \/>\n\t<meta property=\"og:image:height\" content=\"600\" \/>\n\t<meta property=\"og:image:type\" content=\"image\/jpeg\" \/>\n<meta name=\"author\" content=\"Reda\u00e7\u00e3o\" \/>\n<meta name=\"twitter:card\" content=\"summary_large_image\" \/>\n<meta name=\"twitter:creator\" content=\"@Notibras\" \/>\n<meta name=\"twitter:site\" content=\"@Notibras\" \/>\n<meta name=\"twitter:label1\" content=\"Escrito por\" \/>\n\t<meta name=\"twitter:data1\" content=\"Reda\u00e7\u00e3o\" \/>\n\t<meta name=\"twitter:label2\" content=\"Est. tempo de leitura\" \/>\n\t<meta name=\"twitter:data2\" content=\"4 minutos\" \/>\n<script type=\"application\/ld+json\" class=\"yoast-schema-graph\">{\"@context\":\"https:\\\/\\\/schema.org\",\"@graph\":[{\"@type\":\"Article\",\"@id\":\"https:\\\/\\\/www.notibras.com\\\/site\\\/eleicoes-2014-o-desmanche-dos-candidatos-de-laboratorio\\\/#article\",\"isPartOf\":{\"@id\":\"https:\\\/\\\/www.notibras.com\\\/site\\\/eleicoes-2014-o-desmanche-dos-candidatos-de-laboratorio\\\/\"},\"author\":{\"name\":\"Reda\u00e7\u00e3o\",\"@id\":\"https:\\\/\\\/www.notibras.com\\\/site\\\/#\\\/schema\\\/person\\\/36ab0979449956132d3e5b517ea76ac8\"},\"headline\":\"Elei\u00e7\u00f5es 2014 &#8211; o desmanche dos candidatos de laborat\u00f3rio\",\"datePublished\":\"2014-10-21T23:18:59+00:00\",\"dateModified\":\"2014-10-21T23:21:21+00:00\",\"mainEntityOfPage\":{\"@id\":\"https:\\\/\\\/www.notibras.com\\\/site\\\/eleicoes-2014-o-desmanche-dos-candidatos-de-laboratorio\\\/\"},\"wordCount\":878,\"commentCount\":0,\"publisher\":{\"@id\":\"https:\\\/\\\/www.notibras.com\\\/site\\\/#organization\"},\"image\":{\"@id\":\"https:\\\/\\\/www.notibras.com\\\/site\\\/eleicoes-2014-o-desmanche-dos-candidatos-de-laboratorio\\\/#primaryimage\"},\"thumbnailUrl\":\"https:\\\/\\\/www.notibras.com\\\/site\\\/wp-content\\\/uploads\\\/2014\\\/10\\\/447222-970x600-1.jpeg\",\"articleSection\":[\"Opina a\u00ed\"],\"inLanguage\":\"pt-BR\",\"potentialAction\":[{\"@type\":\"CommentAction\",\"name\":\"Comment\",\"target\":[\"https:\\\/\\\/www.notibras.com\\\/site\\\/eleicoes-2014-o-desmanche-dos-candidatos-de-laboratorio\\\/#respond\"]}]},{\"@type\":\"WebPage\",\"@id\":\"https:\\\/\\\/www.notibras.com\\\/site\\\/eleicoes-2014-o-desmanche-dos-candidatos-de-laboratorio\\\/\",\"url\":\"https:\\\/\\\/www.notibras.com\\\/site\\\/eleicoes-2014-o-desmanche-dos-candidatos-de-laboratorio\\\/\",\"name\":\"Elei\u00e7\u00f5es 2014 - o desmanche dos candidatos de laborat\u00f3rio - Notibras\",\"isPartOf\":{\"@id\":\"https:\\\/\\\/www.notibras.com\\\/site\\\/#website\"},\"primaryImageOfPage\":{\"@id\":\"https:\\\/\\\/www.notibras.com\\\/site\\\/eleicoes-2014-o-desmanche-dos-candidatos-de-laboratorio\\\/#primaryimage\"},\"image\":{\"@id\":\"https:\\\/\\\/www.notibras.com\\\/site\\\/eleicoes-2014-o-desmanche-dos-candidatos-de-laboratorio\\\/#primaryimage\"},\"thumbnailUrl\":\"https:\\\/\\\/www.notibras.com\\\/site\\\/wp-content\\\/uploads\\\/2014\\\/10\\\/447222-970x600-1.jpeg\",\"datePublished\":\"2014-10-21T23:18:59+00:00\",\"dateModified\":\"2014-10-21T23:21:21+00:00\",\"breadcrumb\":{\"@id\":\"https:\\\/\\\/www.notibras.com\\\/site\\\/eleicoes-2014-o-desmanche-dos-candidatos-de-laboratorio\\\/#breadcrumb\"},\"inLanguage\":\"pt-BR\",\"potentialAction\":[{\"@type\":\"ReadAction\",\"target\":[\"https:\\\/\\\/www.notibras.com\\\/site\\\/eleicoes-2014-o-desmanche-dos-candidatos-de-laboratorio\\\/\"]}]},{\"@type\":\"ImageObject\",\"inLanguage\":\"pt-BR\",\"@id\":\"https:\\\/\\\/www.notibras.com\\\/site\\\/eleicoes-2014-o-desmanche-dos-candidatos-de-laboratorio\\\/#primaryimage\",\"url\":\"https:\\\/\\\/www.notibras.com\\\/site\\\/wp-content\\\/uploads\\\/2014\\\/10\\\/447222-970x600-1.jpeg\",\"contentUrl\":\"https:\\\/\\\/www.notibras.com\\\/site\\\/wp-content\\\/uploads\\\/2014\\\/10\\\/447222-970x600-1.jpeg\",\"width\":970,\"height\":600},{\"@type\":\"BreadcrumbList\",\"@id\":\"https:\\\/\\\/www.notibras.com\\\/site\\\/eleicoes-2014-o-desmanche-dos-candidatos-de-laboratorio\\\/#breadcrumb\",\"itemListElement\":[{\"@type\":\"ListItem\",\"position\":1,\"name\":\"In\u00edcio\",\"item\":\"https:\\\/\\\/www.notibras.com\\\/site\\\/\"},{\"@type\":\"ListItem\",\"position\":2,\"name\":\"Elei\u00e7\u00f5es 2014 &#8211; o desmanche dos candidatos de laborat\u00f3rio\"}]},{\"@type\":\"WebSite\",\"@id\":\"https:\\\/\\\/www.notibras.com\\\/site\\\/#website\",\"url\":\"https:\\\/\\\/www.notibras.com\\\/site\\\/\",\"name\":\"Notibras\",\"description\":\"Not\u00edcias de Bras\u00edlia, do Brasil e do Mundo\",\"publisher\":{\"@id\":\"https:\\\/\\\/www.notibras.com\\\/site\\\/#organization\"},\"potentialAction\":[{\"@type\":\"SearchAction\",\"target\":{\"@type\":\"EntryPoint\",\"urlTemplate\":\"https:\\\/\\\/www.notibras.com\\\/site\\\/?s={search_term_string}\"},\"query-input\":{\"@type\":\"PropertyValueSpecification\",\"valueRequired\":true,\"valueName\":\"search_term_string\"}}],\"inLanguage\":\"pt-BR\"},{\"@type\":\"Organization\",\"@id\":\"https:\\\/\\\/www.notibras.com\\\/site\\\/#organization\",\"name\":\"Grupo Notibras de Comunica\u00e7\u00e3o\",\"url\":\"https:\\\/\\\/www.notibras.com\\\/site\\\/\",\"logo\":{\"@type\":\"ImageObject\",\"inLanguage\":\"pt-BR\",\"@id\":\"https:\\\/\\\/www.notibras.com\\\/site\\\/#\\\/schema\\\/logo\\\/image\\\/\",\"url\":\"https:\\\/\\\/www.notibras.com\\\/site\\\/wp-content\\\/uploads\\\/2023\\\/01\\\/notibras23.png\",\"contentUrl\":\"https:\\\/\\\/www.notibras.com\\\/site\\\/wp-content\\\/uploads\\\/2023\\\/01\\\/notibras23.png\",\"width\":350,\"height\":87,\"caption\":\"Grupo Notibras de Comunica\u00e7\u00e3o\"},\"image\":{\"@id\":\"https:\\\/\\\/www.notibras.com\\\/site\\\/#\\\/schema\\\/logo\\\/image\\\/\"},\"sameAs\":[\"https:\\\/\\\/www.facebook.com\\\/notibras\\\/\",\"https:\\\/\\\/x.com\\\/Notibras\",\"https:\\\/\\\/www.instagram.com\\\/notibras\\\/\"]},{\"@type\":\"Person\",\"@id\":\"https:\\\/\\\/www.notibras.com\\\/site\\\/#\\\/schema\\\/person\\\/36ab0979449956132d3e5b517ea76ac8\",\"name\":\"Reda\u00e7\u00e3o\",\"image\":{\"@type\":\"ImageObject\",\"inLanguage\":\"pt-BR\",\"@id\":\"https:\\\/\\\/secure.gravatar.com\\\/avatar\\\/e0a867bdedb85fd243eadf09663511f96fc81e0720a4a42581f334ad4303aa6b?s=96&d=mm&r=g\",\"url\":\"https:\\\/\\\/secure.gravatar.com\\\/avatar\\\/e0a867bdedb85fd243eadf09663511f96fc81e0720a4a42581f334ad4303aa6b?s=96&d=mm&r=g\",\"contentUrl\":\"https:\\\/\\\/secure.gravatar.com\\\/avatar\\\/e0a867bdedb85fd243eadf09663511f96fc81e0720a4a42581f334ad4303aa6b?s=96&d=mm&r=g\",\"caption\":\"Reda\u00e7\u00e3o\"}}]}<\/script>\n<!-- \/ Yoast SEO plugin. -->","yoast_head_json":{"title":"Elei\u00e7\u00f5es 2014 - o desmanche dos candidatos de laborat\u00f3rio - Notibras","robots":{"index":"index","follow":"follow","max-snippet":"max-snippet:-1","max-image-preview":"max-image-preview:large","max-video-preview":"max-video-preview:-1"},"canonical":"https:\/\/www.notibras.com\/site\/eleicoes-2014-o-desmanche-dos-candidatos-de-laboratorio\/","og_locale":"pt_BR","og_type":"article","og_title":"Elei\u00e7\u00f5es 2014 - o desmanche dos candidatos de laborat\u00f3rio - Notibras","og_description":"As elei\u00e7\u00f5es s\u00e3o democr\u00e1ticas n\u00e3o propriamente pelo que produzem, mas pelo que revelam. Examinemos o caso deste pol\u00edtico mineiro ungido como rapaz maravilha e defensor da moralidade e da \u00e9tica, e o da l\u00edder ecol\u00f3gica paladina da nova pol\u00edtica. Apenas alguns dias de debates na TV, de hor\u00e1rio eleitoral e de intera\u00e7\u00e3o nas redes sociais [&hellip;]","og_url":"https:\/\/www.notibras.com\/site\/eleicoes-2014-o-desmanche-dos-candidatos-de-laboratorio\/","og_site_name":"Notibras","article_publisher":"https:\/\/www.facebook.com\/notibras\/","article_published_time":"2014-10-21T23:18:59+00:00","article_modified_time":"2014-10-21T23:21:21+00:00","og_image":[{"width":970,"height":600,"url":"https:\/\/www.notibras.com\/site\/wp-content\/uploads\/2014\/10\/447222-970x600-1.jpeg","type":"image\/jpeg"}],"author":"Reda\u00e7\u00e3o","twitter_card":"summary_large_image","twitter_creator":"@Notibras","twitter_site":"@Notibras","twitter_misc":{"Escrito por":"Reda\u00e7\u00e3o","Est. tempo de leitura":"4 minutos"},"schema":{"@context":"https:\/\/schema.org","@graph":[{"@type":"Article","@id":"https:\/\/www.notibras.com\/site\/eleicoes-2014-o-desmanche-dos-candidatos-de-laboratorio\/#article","isPartOf":{"@id":"https:\/\/www.notibras.com\/site\/eleicoes-2014-o-desmanche-dos-candidatos-de-laboratorio\/"},"author":{"name":"Reda\u00e7\u00e3o","@id":"https:\/\/www.notibras.com\/site\/#\/schema\/person\/36ab0979449956132d3e5b517ea76ac8"},"headline":"Elei\u00e7\u00f5es 2014 &#8211; o desmanche dos candidatos de laborat\u00f3rio","datePublished":"2014-10-21T23:18:59+00:00","dateModified":"2014-10-21T23:21:21+00:00","mainEntityOfPage":{"@id":"https:\/\/www.notibras.com\/site\/eleicoes-2014-o-desmanche-dos-candidatos-de-laboratorio\/"},"wordCount":878,"commentCount":0,"publisher":{"@id":"https:\/\/www.notibras.com\/site\/#organization"},"image":{"@id":"https:\/\/www.notibras.com\/site\/eleicoes-2014-o-desmanche-dos-candidatos-de-laboratorio\/#primaryimage"},"thumbnailUrl":"https:\/\/www.notibras.com\/site\/wp-content\/uploads\/2014\/10\/447222-970x600-1.jpeg","articleSection":["Opina a\u00ed"],"inLanguage":"pt-BR","potentialAction":[{"@type":"CommentAction","name":"Comment","target":["https:\/\/www.notibras.com\/site\/eleicoes-2014-o-desmanche-dos-candidatos-de-laboratorio\/#respond"]}]},{"@type":"WebPage","@id":"https:\/\/www.notibras.com\/site\/eleicoes-2014-o-desmanche-dos-candidatos-de-laboratorio\/","url":"https:\/\/www.notibras.com\/site\/eleicoes-2014-o-desmanche-dos-candidatos-de-laboratorio\/","name":"Elei\u00e7\u00f5es 2014 - o desmanche dos candidatos de laborat\u00f3rio - Notibras","isPartOf":{"@id":"https:\/\/www.notibras.com\/site\/#website"},"primaryImageOfPage":{"@id":"https:\/\/www.notibras.com\/site\/eleicoes-2014-o-desmanche-dos-candidatos-de-laboratorio\/#primaryimage"},"image":{"@id":"https:\/\/www.notibras.com\/site\/eleicoes-2014-o-desmanche-dos-candidatos-de-laboratorio\/#primaryimage"},"thumbnailUrl":"https:\/\/www.notibras.com\/site\/wp-content\/uploads\/2014\/10\/447222-970x600-1.jpeg","datePublished":"2014-10-21T23:18:59+00:00","dateModified":"2014-10-21T23:21:21+00:00","breadcrumb":{"@id":"https:\/\/www.notibras.com\/site\/eleicoes-2014-o-desmanche-dos-candidatos-de-laboratorio\/#breadcrumb"},"inLanguage":"pt-BR","potentialAction":[{"@type":"ReadAction","target":["https:\/\/www.notibras.com\/site\/eleicoes-2014-o-desmanche-dos-candidatos-de-laboratorio\/"]}]},{"@type":"ImageObject","inLanguage":"pt-BR","@id":"https:\/\/www.notibras.com\/site\/eleicoes-2014-o-desmanche-dos-candidatos-de-laboratorio\/#primaryimage","url":"https:\/\/www.notibras.com\/site\/wp-content\/uploads\/2014\/10\/447222-970x600-1.jpeg","contentUrl":"https:\/\/www.notibras.com\/site\/wp-content\/uploads\/2014\/10\/447222-970x600-1.jpeg","width":970,"height":600},{"@type":"BreadcrumbList","@id":"https:\/\/www.notibras.com\/site\/eleicoes-2014-o-desmanche-dos-candidatos-de-laboratorio\/#breadcrumb","itemListElement":[{"@type":"ListItem","position":1,"name":"In\u00edcio","item":"https:\/\/www.notibras.com\/site\/"},{"@type":"ListItem","position":2,"name":"Elei\u00e7\u00f5es 2014 &#8211; o desmanche dos candidatos de laborat\u00f3rio"}]},{"@type":"WebSite","@id":"https:\/\/www.notibras.com\/site\/#website","url":"https:\/\/www.notibras.com\/site\/","name":"Notibras","description":"Not\u00edcias de Bras\u00edlia, do Brasil e do Mundo","publisher":{"@id":"https:\/\/www.notibras.com\/site\/#organization"},"potentialAction":[{"@type":"SearchAction","target":{"@type":"EntryPoint","urlTemplate":"https:\/\/www.notibras.com\/site\/?s={search_term_string}"},"query-input":{"@type":"PropertyValueSpecification","valueRequired":true,"valueName":"search_term_string"}}],"inLanguage":"pt-BR"},{"@type":"Organization","@id":"https:\/\/www.notibras.com\/site\/#organization","name":"Grupo Notibras de Comunica\u00e7\u00e3o","url":"https:\/\/www.notibras.com\/site\/","logo":{"@type":"ImageObject","inLanguage":"pt-BR","@id":"https:\/\/www.notibras.com\/site\/#\/schema\/logo\/image\/","url":"https:\/\/www.notibras.com\/site\/wp-content\/uploads\/2023\/01\/notibras23.png","contentUrl":"https:\/\/www.notibras.com\/site\/wp-content\/uploads\/2023\/01\/notibras23.png","width":350,"height":87,"caption":"Grupo Notibras de Comunica\u00e7\u00e3o"},"image":{"@id":"https:\/\/www.notibras.com\/site\/#\/schema\/logo\/image\/"},"sameAs":["https:\/\/www.facebook.com\/notibras\/","https:\/\/x.com\/Notibras","https:\/\/www.instagram.com\/notibras\/"]},{"@type":"Person","@id":"https:\/\/www.notibras.com\/site\/#\/schema\/person\/36ab0979449956132d3e5b517ea76ac8","name":"Reda\u00e7\u00e3o","image":{"@type":"ImageObject","inLanguage":"pt-BR","@id":"https:\/\/secure.gravatar.com\/avatar\/e0a867bdedb85fd243eadf09663511f96fc81e0720a4a42581f334ad4303aa6b?s=96&d=mm&r=g","url":"https:\/\/secure.gravatar.com\/avatar\/e0a867bdedb85fd243eadf09663511f96fc81e0720a4a42581f334ad4303aa6b?s=96&d=mm&r=g","contentUrl":"https:\/\/secure.gravatar.com\/avatar\/e0a867bdedb85fd243eadf09663511f96fc81e0720a4a42581f334ad4303aa6b?s=96&d=mm&r=g","caption":"Reda\u00e7\u00e3o"}}]}},"amp_enabled":true,"_links":{"self":[{"href":"https:\/\/www.notibras.com\/site\/wp-json\/wp\/v2\/posts\/25580","targetHints":{"allow":["GET"]}}],"collection":[{"href":"https:\/\/www.notibras.com\/site\/wp-json\/wp\/v2\/posts"}],"about":[{"href":"https:\/\/www.notibras.com\/site\/wp-json\/wp\/v2\/types\/post"}],"author":[{"embeddable":true,"href":"https:\/\/www.notibras.com\/site\/wp-json\/wp\/v2\/users\/2"}],"replies":[{"embeddable":true,"href":"https:\/\/www.notibras.com\/site\/wp-json\/wp\/v2\/comments?post=25580"}],"version-history":[{"count":0,"href":"https:\/\/www.notibras.com\/site\/wp-json\/wp\/v2\/posts\/25580\/revisions"}],"wp:featuredmedia":[{"embeddable":true,"href":"https:\/\/www.notibras.com\/site\/wp-json\/wp\/v2\/media\/25583"}],"wp:attachment":[{"href":"https:\/\/www.notibras.com\/site\/wp-json\/wp\/v2\/media?parent=25580"}],"wp:term":[{"taxonomy":"category","embeddable":true,"href":"https:\/\/www.notibras.com\/site\/wp-json\/wp\/v2\/categories?post=25580"},{"taxonomy":"post_tag","embeddable":true,"href":"https:\/\/www.notibras.com\/site\/wp-json\/wp\/v2\/tags?post=25580"}],"curies":[{"name":"wp","href":"https:\/\/api.w.org\/{rel}","templated":true}]}}